{"id":956085,"date":"2025-10-06T09:30:44","date_gmt":"2025-10-06T07:30:44","guid":{"rendered":"https:\/\/dmcsrb.com\/uncategorized\/nikolic-doci-ce-do-privodjenja-opozicionih-lidera-urednika-medija-i-predstavnika-civilnog-sektora\/"},"modified":"2025-10-06T09:30:44","modified_gmt":"2025-10-06T07:30:44","slug":"nikolic-doci-ce-do-privodjenja-opozicionih-lidera-urednika-medija-i-predstavnika-civilnog-sektora","status":"publish","type":"post","link":"https:\/\/dmcsrb.com\/en\/politika\/nikolic-doci-ce-do-privodjenja-opozicionih-lidera-urednika-medija-i-predstavnika-civilnog-sektora\/","title":{"rendered":"Nikoli\u0107: Do\u0107i \u0107e do privo\u0111enja opozicionih lidera, urednika medija i predstavnika civilnog sektora"},"content":{"rendered":"<p><\/p>\n\n\n\n<p><\/p>\n\n\n\n<p>&#8220;Jasno je da se parlamentarna ve\u0107ina raspada i ovo je poku\u0161aj da se sprije\u010di opozicija u namjeri da smijeni nesposobnu vlast&#8221;, naveo je on.<\/p>\n\n\n\n<p>Kako ka\u017ee Nikoli\u0107, tu\u017eila\u0161tvo je &#8220;preuzelo zadatak da se razra\u010dunava sa politi\u010dkim protivnicima&#8221;.<\/p>\n\n\n\n<p>&#8220;O saznanjima koja imamo, upozna\u0107emo Delegaciju EU u Crnoj Gori i nadle\u017ene institucije u Briselu. Pozivamo tu\u017eila\u0161tvo da ne zloupotrebljava nadle\u017enosti koje im daje Ustav i da se ne stavljaju na stranu vlasti. To im ne\u0107emo dozvoliti&#8221;, dodao je on.<\/p>\n\n\n\n<p>Nikoli\u0107 nagla\u0161ava kako je osnovni cilj teku\u0107ih akcija da se obori rastu\u0107i rejting DPS-a, prenosi Portal analitika.&nbsp;<\/p>\n\n\n\n<p>&#8220;Vlast je u rasulu i ove ishitrene reakcije njihov su poku\u0161aj da zaustave taj raspad. Od apostolske Vlade pa na ovamo, sve izvr\u0161ne vlasti poku\u0161ale su da optu\u017ee Bo\u0161kovi\u0107a za razna krivi\u010dna djela, ali nije im uspjelo. Ovo sada je i poku\u0161aj da se skrene pa\u017enja sa rasula u bezbjednosnom sektoru&#8221;, dodao je Nikoli\u0107.<\/p>\n\n\n\n<p>Pojedinim medijima, ka\u017ee Nikoli\u0107, ekskluzivno se dostavljaju tajne informacije.<\/p>\n\n\n\n<p>&#8220;Imamo situaciju da ljudi iz medija saznaju da \u0107e biti uhap\u0161eni prije nego \u0161to ih uop\u0161te i uhapse&#8221;, naveo je on.<\/p>\n\n\n\n<p>Nikoli\u0107 isti\u010de kako imaju saznanja da \u0107e do\u0107i do privo\u0111enja opozicionih lidera, urednika medija i predstavnika civilnog sektora.<\/p>\n\n\n\n<p>&#8220;Otvoren je lov na kriti\u010dare vlasti, \u0161to zna\u010di da svako mo\u017ee biti meta. To pokazuje da je ova vlast u svojoj terminalnoj fazi. Pozivamo tu\u017eila\u0161tvo da se zaustavi i vrati u okvire nadle\u017enosti, a ne da servilno slu\u017ei vlasti i lovi politi\u010dke neistomi\u0161ljenike&#8221;, naglasio je on.<\/p>\n\n\n\n<p>Kako je ocijenio, najte\u017ei oblik tiranije dolazi pred pad vlasti.<\/p>\n\n\n\n<p>&#8220;Ovo su o\u010dajni\u010dki trzaji pred gubitak izbora&#8221;, zaklju\u010dio je Nikoli\u0107.<\/p>\n\n\n\n<p><a target=\"_blank\" href=\"https:\/\/play.google.com\/store\/apps\/details?id=me.rtcg\" rel=\"noreferrer noopener\"><\/a><\/p>","protected":false},"excerpt":{"rendered":"<p>\u0160ef poslani\u010dkog kluba te stranke Andrija Nikoli\u0107 kazao je kako jutro\u0161nje privo\u0111enje nekada\u0161njeg ministra i biv\u0161eg poslanika te stranke Predraga Bo\u0161kovi\u0107a ukazuje na to da je po\u010dela nova faza progona politi\u010dkih neistomi\u0161ljenika.<\/p>","protected":false},"author":1,"featured_media":956086,"comment_status":"open","ping_status":"open","sticky":false,"template":"","format":"standard","meta":{"_acf_changed":false,"footnotes":""},"categories":[12],"tags":[63,8107,10405],"naslovna":[],"class_list":["post-956085","post","type-post","status-publish","format-standard","has-post-thumbnail","hentry","category-politika","tag-dps","tag-nikolic","tag-pres"],"acf":[],"yoast_head":"<!-- This site is optimized with the Yoast SEO plugin v27.4 - https:\/\/yoast.com\/product\/yoast-seo-wordpress\/ -->\n<title>Nikoli\u0107: Do\u0107i \u0107e do privo\u0111enja opozicionih lidera, urednika medija i predstavnika civilnog sektora - dmcsrb.com<\/title>\n<meta name=\"robots\" content=\"index, follow, max-snippet:-1, max-image-preview:large, max-video-preview:-1\" \/>\n<link rel=\"canonical\" href=\"https:\/\/dmcsrb.com\/en\/politika\/nikolic-doci-ce-do-privodjenja-opozicionih-lidera-urednika-medija-i-predstavnika-civilnog-sektora\/\" \/>\n<meta property=\"og:locale\" content=\"en_GB\" \/>\n<meta property=\"og:type\" content=\"article\" \/>\n<meta property=\"og:title\" content=\"Nikoli\u0107: Do\u0107i \u0107e do privo\u0111enja opozicionih lidera, urednika medija i predstavnika civilnog sektora - dmcsrb.com\" \/>\n<meta property=\"og:description\" content=\"\u0160ef poslani\u010dkog kluba te stranke Andrija Nikoli\u0107 kazao je kako jutro\u0161nje privo\u0111enje nekada\u0161njeg ministra i biv\u0161eg poslanika te stranke Predraga Bo\u0161kovi\u0107a ukazuje na to da je po\u010dela nova faza progona politi\u010dkih neistomi\u0161ljenika.\" \/>\n<meta property=\"og:url\" content=\"https:\/\/dmcsrb.com\/en\/politika\/nikolic-doci-ce-do-privodjenja-opozicionih-lidera-urednika-medija-i-predstavnika-civilnog-sektora\/\" \/>\n<meta property=\"og:site_name\" content=\"dmcsrb.com\" \/>\n<meta property=\"article:published_time\" content=\"2025-10-06T07:30:44+00:00\" \/>\n<meta property=\"og:image\" content=\"https:\/\/dmcsrb.com\/wp-content\/uploads\/2026\/01\/Nikolic-Andrija-dps-foto-dps-768x5121-1.webp\" \/>\n\t<meta property=\"og:image:width\" content=\"768\" \/>\n\t<meta property=\"og:image:height\" content=\"512\" \/>\n\t<meta property=\"og:image:type\" content=\"image\/jpeg\" \/>\n<meta name=\"author\" content=\"dmcsrbija.com@gmail.com\" \/>\n<meta name=\"twitter:card\" content=\"summary_large_image\" \/>\n<meta name=\"twitter:label1\" content=\"Written by\" \/>\n\t<meta name=\"twitter:data1\" content=\"dmcsrbija.com@gmail.com\" \/>\n\t<meta name=\"twitter:label2\" content=\"Estimated reading time\" \/>\n\t<meta name=\"twitter:data2\" content=\"2 minutes\" \/>\n<script type=\"application\/ld+json\" class=\"yoast-schema-graph\">{\"@context\":\"https:\\\/\\\/schema.org\",\"@graph\":[{\"@type\":\"Article\",\"@id\":\"https:\\\/\\\/dmcsrb.com\\\/politika\\\/nikolic-doci-ce-do-privodjenja-opozicionih-lidera-urednika-medija-i-predstavnika-civilnog-sektora\\\/#article\",\"isPartOf\":{\"@id\":\"https:\\\/\\\/dmcsrb.com\\\/politika\\\/nikolic-doci-ce-do-privodjenja-opozicionih-lidera-urednika-medija-i-predstavnika-civilnog-sektora\\\/\"},\"author\":{\"name\":\"dmcsrbija.com@gmail.com\",\"@id\":\"https:\\\/\\\/dmcsrb.com\\\/#\\\/schema\\\/person\\\/5c39170f12db1b8b457732d0b5c854e2\"},\"headline\":\"Nikoli\u0107: Do\u0107i \u0107e do privo\u0111enja opozicionih lidera, urednika medija i predstavnika civilnog sektora\",\"datePublished\":\"2025-10-06T07:30:44+00:00\",\"mainEntityOfPage\":{\"@id\":\"https:\\\/\\\/dmcsrb.com\\\/politika\\\/nikolic-doci-ce-do-privodjenja-opozicionih-lidera-urednika-medija-i-predstavnika-civilnog-sektora\\\/\"},\"wordCount\":323,\"commentCount\":0,\"image\":{\"@id\":\"https:\\\/\\\/dmcsrb.com\\\/politika\\\/nikolic-doci-ce-do-privodjenja-opozicionih-lidera-urednika-medija-i-predstavnika-civilnog-sektora\\\/#primaryimage\"},\"thumbnailUrl\":\"https:\\\/\\\/dmcsrb.com\\\/wp-content\\\/uploads\\\/2026\\\/01\\\/Nikolic-Andrija-dps-foto-dps-768x5121-1.webp\",\"keywords\":[\"DPS\",\"nikoli\u0107\",\"pres\"],\"articleSection\":[\"Politika\"],\"inLanguage\":\"en-GB\",\"potentialAction\":[{\"@type\":\"CommentAction\",\"name\":\"Comment\",\"target\":[\"https:\\\/\\\/dmcsrb.com\\\/politika\\\/nikolic-doci-ce-do-privodjenja-opozicionih-lidera-urednika-medija-i-predstavnika-civilnog-sektora\\\/#respond\"]}]},{\"@type\":\"WebPage\",\"@id\":\"https:\\\/\\\/dmcsrb.com\\\/politika\\\/nikolic-doci-ce-do-privodjenja-opozicionih-lidera-urednika-medija-i-predstavnika-civilnog-sektora\\\/\",\"url\":\"https:\\\/\\\/dmcsrb.com\\\/politika\\\/nikolic-doci-ce-do-privodjenja-opozicionih-lidera-urednika-medija-i-predstavnika-civilnog-sektora\\\/\",\"name\":\"Nikoli\u0107: Do\u0107i \u0107e do privo\u0111enja opozicionih lidera, urednika medija i predstavnika civilnog sektora - dmcsrb.com\",\"isPartOf\":{\"@id\":\"https:\\\/\\\/dmcsrb.com\\\/#website\"},\"primaryImageOfPage\":{\"@id\":\"https:\\\/\\\/dmcsrb.com\\\/politika\\\/nikolic-doci-ce-do-privodjenja-opozicionih-lidera-urednika-medija-i-predstavnika-civilnog-sektora\\\/#primaryimage\"},\"image\":{\"@id\":\"https:\\\/\\\/dmcsrb.com\\\/politika\\\/nikolic-doci-ce-do-privodjenja-opozicionih-lidera-urednika-medija-i-predstavnika-civilnog-sektora\\\/#primaryimage\"},\"thumbnailUrl\":\"https:\\\/\\\/dmcsrb.com\\\/wp-content\\\/uploads\\\/2026\\\/01\\\/Nikolic-Andrija-dps-foto-dps-768x5121-1.webp\",\"datePublished\":\"2025-10-06T07:30:44+00:00\",\"author\":{\"@id\":\"https:\\\/\\\/dmcsrb.com\\\/#\\\/schema\\\/person\\\/5c39170f12db1b8b457732d0b5c854e2\"},\"breadcrumb\":{\"@id\":\"https:\\\/\\\/dmcsrb.com\\\/politika\\\/nikolic-doci-ce-do-privodjenja-opozicionih-lidera-urednika-medija-i-predstavnika-civilnog-sektora\\\/#breadcrumb\"},\"inLanguage\":\"en-GB\",\"potentialAction\":[{\"@type\":\"ReadAction\",\"target\":[\"https:\\\/\\\/dmcsrb.com\\\/politika\\\/nikolic-doci-ce-do-privodjenja-opozicionih-lidera-urednika-medija-i-predstavnika-civilnog-sektora\\\/\"]}]},{\"@type\":\"ImageObject\",\"inLanguage\":\"en-GB\",\"@id\":\"https:\\\/\\\/dmcsrb.com\\\/politika\\\/nikolic-doci-ce-do-privodjenja-opozicionih-lidera-urednika-medija-i-predstavnika-civilnog-sektora\\\/#primaryimage\",\"url\":\"https:\\\/\\\/dmcsrb.com\\\/wp-content\\\/uploads\\\/2026\\\/01\\\/Nikolic-Andrija-dps-foto-dps-768x5121-1.webp\",\"contentUrl\":\"https:\\\/\\\/dmcsrb.com\\\/wp-content\\\/uploads\\\/2026\\\/01\\\/Nikolic-Andrija-dps-foto-dps-768x5121-1.webp\",\"width\":768,\"height\":512},{\"@type\":\"BreadcrumbList\",\"@id\":\"https:\\\/\\\/dmcsrb.com\\\/politika\\\/nikolic-doci-ce-do-privodjenja-opozicionih-lidera-urednika-medija-i-predstavnika-civilnog-sektora\\\/#breadcrumb\",\"itemListElement\":[{\"@type\":\"ListItem\",\"position\":1,\"name\":\"Home\",\"item\":\"https:\\\/\\\/dmcsrb.com\\\/\"},{\"@type\":\"ListItem\",\"position\":2,\"name\":\"Nikoli\u0107: Do\u0107i \u0107e do privo\u0111enja opozicionih lidera, urednika medija i predstavnika civilnog sektora\"}]},{\"@type\":\"WebSite\",\"@id\":\"https:\\\/\\\/dmcsrb.com\\\/#website\",\"url\":\"https:\\\/\\\/dmcsrb.com\\\/\",\"name\":\"dmcsrb.com\",\"description\":\"\",\"potentialAction\":[{\"@type\":\"SearchAction\",\"target\":{\"@type\":\"EntryPoint\",\"urlTemplate\":\"https:\\\/\\\/dmcsrb.com\\\/?s={search_term_string}\"},\"query-input\":{\"@type\":\"PropertyValueSpecification\",\"valueRequired\":true,\"valueName\":\"search_term_string\"}}],\"inLanguage\":\"en-GB\"},{\"@type\":\"Person\",\"@id\":\"https:\\\/\\\/dmcsrb.com\\\/#\\\/schema\\\/person\\\/5c39170f12db1b8b457732d0b5c854e2\",\"name\":\"dmcsrbija.com@gmail.com\",\"image\":{\"@type\":\"ImageObject\",\"inLanguage\":\"en-GB\",\"@id\":\"https:\\\/\\\/secure.gravatar.com\\\/avatar\\\/68592660ad6347fad0fb587f8d5d8f1a7b44961362f56e4f2cd524feb87e9069?s=96&d=mm&r=g\",\"url\":\"https:\\\/\\\/secure.gravatar.com\\\/avatar\\\/68592660ad6347fad0fb587f8d5d8f1a7b44961362f56e4f2cd524feb87e9069?s=96&d=mm&r=g\",\"contentUrl\":\"https:\\\/\\\/secure.gravatar.com\\\/avatar\\\/68592660ad6347fad0fb587f8d5d8f1a7b44961362f56e4f2cd524feb87e9069?s=96&d=mm&r=g\",\"caption\":\"dmcsrbija.com@gmail.com\"},\"sameAs\":[\"https:\\\/\\\/dmcsrb.com\"],\"url\":\"https:\\\/\\\/dmcsrb.com\\\/en\\\/author\\\/dmcsrbija-comgmail-com\\\/\"}]}<\/script>\n<!-- \/ Yoast SEO plugin. -->","yoast_head_json":{"title":"Nikoli\u0107: Do\u0107i \u0107e do privo\u0111enja opozicionih lidera, urednika medija i predstavnika civilnog sektora - dmcsrb.com","robots":{"index":"index","follow":"follow","max-snippet":"max-snippet:-1","max-image-preview":"max-image-preview:large","max-video-preview":"max-video-preview:-1"},"canonical":"https:\/\/dmcsrb.com\/en\/politika\/nikolic-doci-ce-do-privodjenja-opozicionih-lidera-urednika-medija-i-predstavnika-civilnog-sektora\/","og_locale":"en_GB","og_type":"article","og_title":"Nikoli\u0107: Do\u0107i \u0107e do privo\u0111enja opozicionih lidera, urednika medija i predstavnika civilnog sektora - dmcsrb.com","og_description":"\u0160ef poslani\u010dkog kluba te stranke Andrija Nikoli\u0107 kazao je kako jutro\u0161nje privo\u0111enje nekada\u0161njeg ministra i biv\u0161eg poslanika te stranke Predraga Bo\u0161kovi\u0107a ukazuje na to da je po\u010dela nova faza progona politi\u010dkih neistomi\u0161ljenika.","og_url":"https:\/\/dmcsrb.com\/en\/politika\/nikolic-doci-ce-do-privodjenja-opozicionih-lidera-urednika-medija-i-predstavnika-civilnog-sektora\/","og_site_name":"dmcsrb.com","article_published_time":"2025-10-06T07:30:44+00:00","og_image":[{"width":768,"height":512,"url":"https:\/\/dmcsrb.com\/wp-content\/uploads\/2026\/01\/Nikolic-Andrija-dps-foto-dps-768x5121-1.webp","type":"image\/jpeg"}],"author":"dmcsrbija.com@gmail.com","twitter_card":"summary_large_image","twitter_misc":{"Written by":"dmcsrbija.com@gmail.com","Estimated reading time":"2 minutes"},"schema":{"@context":"https:\/\/schema.org","@graph":[{"@type":"Article","@id":"https:\/\/dmcsrb.com\/politika\/nikolic-doci-ce-do-privodjenja-opozicionih-lidera-urednika-medija-i-predstavnika-civilnog-sektora\/#article","isPartOf":{"@id":"https:\/\/dmcsrb.com\/politika\/nikolic-doci-ce-do-privodjenja-opozicionih-lidera-urednika-medija-i-predstavnika-civilnog-sektora\/"},"author":{"name":"dmcsrbija.com@gmail.com","@id":"https:\/\/dmcsrb.com\/#\/schema\/person\/5c39170f12db1b8b457732d0b5c854e2"},"headline":"Nikoli\u0107: Do\u0107i \u0107e do privo\u0111enja opozicionih lidera, urednika medija i predstavnika civilnog sektora","datePublished":"2025-10-06T07:30:44+00:00","mainEntityOfPage":{"@id":"https:\/\/dmcsrb.com\/politika\/nikolic-doci-ce-do-privodjenja-opozicionih-lidera-urednika-medija-i-predstavnika-civilnog-sektora\/"},"wordCount":323,"commentCount":0,"image":{"@id":"https:\/\/dmcsrb.com\/politika\/nikolic-doci-ce-do-privodjenja-opozicionih-lidera-urednika-medija-i-predstavnika-civilnog-sektora\/#primaryimage"},"thumbnailUrl":"https:\/\/dmcsrb.com\/wp-content\/uploads\/2026\/01\/Nikolic-Andrija-dps-foto-dps-768x5121-1.webp","keywords":["DPS","nikoli\u0107","pres"],"articleSection":["Politika"],"inLanguage":"en-GB","potentialAction":[{"@type":"CommentAction","name":"Comment","target":["https:\/\/dmcsrb.com\/politika\/nikolic-doci-ce-do-privodjenja-opozicionih-lidera-urednika-medija-i-predstavnika-civilnog-sektora\/#respond"]}]},{"@type":"WebPage","@id":"https:\/\/dmcsrb.com\/politika\/nikolic-doci-ce-do-privodjenja-opozicionih-lidera-urednika-medija-i-predstavnika-civilnog-sektora\/","url":"https:\/\/dmcsrb.com\/politika\/nikolic-doci-ce-do-privodjenja-opozicionih-lidera-urednika-medija-i-predstavnika-civilnog-sektora\/","name":"Nikoli\u0107: Do\u0107i \u0107e do privo\u0111enja opozicionih lidera, urednika medija i predstavnika civilnog sektora - dmcsrb.com","isPartOf":{"@id":"https:\/\/dmcsrb.com\/#website"},"primaryImageOfPage":{"@id":"https:\/\/dmcsrb.com\/politika\/nikolic-doci-ce-do-privodjenja-opozicionih-lidera-urednika-medija-i-predstavnika-civilnog-sektora\/#primaryimage"},"image":{"@id":"https:\/\/dmcsrb.com\/politika\/nikolic-doci-ce-do-privodjenja-opozicionih-lidera-urednika-medija-i-predstavnika-civilnog-sektora\/#primaryimage"},"thumbnailUrl":"https:\/\/dmcsrb.com\/wp-content\/uploads\/2026\/01\/Nikolic-Andrija-dps-foto-dps-768x5121-1.webp","datePublished":"2025-10-06T07:30:44+00:00","author":{"@id":"https:\/\/dmcsrb.com\/#\/schema\/person\/5c39170f12db1b8b457732d0b5c854e2"},"breadcrumb":{"@id":"https:\/\/dmcsrb.com\/politika\/nikolic-doci-ce-do-privodjenja-opozicionih-lidera-urednika-medija-i-predstavnika-civilnog-sektora\/#breadcrumb"},"inLanguage":"en-GB","potentialAction":[{"@type":"ReadAction","target":["https:\/\/dmcsrb.com\/politika\/nikolic-doci-ce-do-privodjenja-opozicionih-lidera-urednika-medija-i-predstavnika-civilnog-sektora\/"]}]},{"@type":"ImageObject","inLanguage":"en-GB","@id":"https:\/\/dmcsrb.com\/politika\/nikolic-doci-ce-do-privodjenja-opozicionih-lidera-urednika-medija-i-predstavnika-civilnog-sektora\/#primaryimage","url":"https:\/\/dmcsrb.com\/wp-content\/uploads\/2026\/01\/Nikolic-Andrija-dps-foto-dps-768x5121-1.webp","contentUrl":"https:\/\/dmcsrb.com\/wp-content\/uploads\/2026\/01\/Nikolic-Andrija-dps-foto-dps-768x5121-1.webp","width":768,"height":512},{"@type":"BreadcrumbList","@id":"https:\/\/dmcsrb.com\/politika\/nikolic-doci-ce-do-privodjenja-opozicionih-lidera-urednika-medija-i-predstavnika-civilnog-sektora\/#breadcrumb","itemListElement":[{"@type":"ListItem","position":1,"name":"Home","item":"https:\/\/dmcsrb.com\/"},{"@type":"ListItem","position":2,"name":"Nikoli\u0107: Do\u0107i \u0107e do privo\u0111enja opozicionih lidera, urednika medija i predstavnika civilnog sektora"}]},{"@type":"WebSite","@id":"https:\/\/dmcsrb.com\/#website","url":"https:\/\/dmcsrb.com\/","name":"dmcsrb.com","description":"","potentialAction":[{"@type":"SearchAction","target":{"@type":"EntryPoint","urlTemplate":"https:\/\/dmcsrb.com\/?s={search_term_string}"},"query-input":{"@type":"PropertyValueSpecification","valueRequired":true,"valueName":"search_term_string"}}],"inLanguage":"en-GB"},{"@type":"Person","@id":"https:\/\/dmcsrb.com\/#\/schema\/person\/5c39170f12db1b8b457732d0b5c854e2","name":"dmcsrbija.com@gmail.com","image":{"@type":"ImageObject","inLanguage":"en-GB","@id":"https:\/\/secure.gravatar.com\/avatar\/68592660ad6347fad0fb587f8d5d8f1a7b44961362f56e4f2cd524feb87e9069?s=96&d=mm&r=g","url":"https:\/\/secure.gravatar.com\/avatar\/68592660ad6347fad0fb587f8d5d8f1a7b44961362f56e4f2cd524feb87e9069?s=96&d=mm&r=g","contentUrl":"https:\/\/secure.gravatar.com\/avatar\/68592660ad6347fad0fb587f8d5d8f1a7b44961362f56e4f2cd524feb87e9069?s=96&d=mm&r=g","caption":"dmcsrbija.com@gmail.com"},"sameAs":["https:\/\/dmcsrb.com"],"url":"https:\/\/dmcsrb.com\/en\/author\/dmcsrbija-comgmail-com\/"}]}},"_links":{"self":[{"href":"https:\/\/dmcsrb.com\/en\/wp-json\/wp\/v2\/posts\/956085","targetHints":{"allow":["GET"]}}],"collection":[{"href":"https:\/\/dmcsrb.com\/en\/wp-json\/wp\/v2\/posts"}],"about":[{"href":"https:\/\/dmcsrb.com\/en\/wp-json\/wp\/v2\/types\/post"}],"author":[{"embeddable":true,"href":"https:\/\/dmcsrb.com\/en\/wp-json\/wp\/v2\/users\/1"}],"replies":[{"embeddable":true,"href":"https:\/\/dmcsrb.com\/en\/wp-json\/wp\/v2\/comments?post=956085"}],"version-history":[{"count":0,"href":"https:\/\/dmcsrb.com\/en\/wp-json\/wp\/v2\/posts\/956085\/revisions"}],"wp:featuredmedia":[{"embeddable":true,"href":"https:\/\/dmcsrb.com\/en\/wp-json\/wp\/v2\/media\/956086"}],"wp:attachment":[{"href":"https:\/\/dmcsrb.com\/en\/wp-json\/wp\/v2\/media?parent=956085"}],"wp:term":[{"taxonomy":"category","embeddable":true,"href":"https:\/\/dmcsrb.com\/en\/wp-json\/wp\/v2\/categories?post=956085"},{"taxonomy":"post_tag","embeddable":true,"href":"https:\/\/dmcsrb.com\/en\/wp-json\/wp\/v2\/tags?post=956085"},{"taxonomy":"naslovna","embeddable":true,"href":"https:\/\/dmcsrb.com\/en\/wp-json\/wp\/v2\/naslovna?post=956085"}],"curies":[{"name":"wp","href":"https:\/\/api.w.org\/{rel}","templated":true}]}}