{"id":956078,"date":"2025-10-06T08:55:00","date_gmt":"2025-10-06T06:55:00","guid":{"rendered":"https:\/\/dmcsrb.com\/uncategorized\/saslusace-markovica-i-novovica-20-oktobra-o-telekomu\/"},"modified":"2025-10-06T08:55:00","modified_gmt":"2025-10-06T06:55:00","slug":"saslusace-markovica-i-novovica-20-oktobra-o-telekomu","status":"publish","type":"post","link":"https:\/\/dmcsrb.com\/en\/drustvo\/saslusace-markovica-i-novovica-20-oktobra-o-telekomu\/","title":{"rendered":"Saslu\u0161a\u0107e Markovi\u0107a i Novovi\u0107a 20. oktobra o &#8220;Telekomu&#8221;"},"content":{"rendered":"<p><\/p>\n\n\n\n<p>Incijativu su podnijeli poslanici PES-a Vasilije \u010carapi\u0107, Darko Dragovi\u0107 i Dra\u017een Petri\u0107.<\/p>\n\n\n\n<p>Predlo\u017eili su saslu\u0161anje Markovi\u0107a i Novovi\u0107a. Prihva\u0107eno je da bude saslu\u0161ana i postupaju\u0107a tu\u017eiteljka, Ana Perovi\u0107 Vojinovi\u0107.&nbsp;<\/p>\n\n\n\n<p>\u010carapi\u0107 je rekao da \u0161efovi tu\u017eila\u0161tva treba da poslanicima i javnosti odgovore na pitanja o odbacivanju prijave u slu\u010daju &#8220;Telekom&#8221;. On je rekao da aktuelne \u010delnike tu\u017eila\u0161tva ne smatraju odgovornim za epilog ovog slu\u0107aja, ali da imaju sve informacije i da treba da pojasne okolnosti koje su dovele do zastare.<\/p>\n\n\n\n<p>Specijalno dr\u017eavno tu\u017eila\u0161tvo Crne Gore, po\u010detkom avgusta, zbog zastare odbacilo je krivi\u010dnu prijavu protiv biv\u0161eg predsjednika dr\u017eave Mila \u0110ukanovi\u0107a, njegove sestre Ane i vi\u0161e drugih osoba.Vrhovno dr\u017eavno tu\u017eila\u0161tvo je 23. septembra saop\u0161tilo da je ova odluka pravilna i zakonita.<\/p>\n\n\n\n<p>\u010carapi\u0107 je naveo da je prijava odba\u010dena, pa nema prepreka da se Markovi\u0107 i Novovi\u0107 saslu\u0161aju.<\/p>\n\n\n\n<p><\/p>","protected":false},"excerpt":{"rendered":"<p>Odbor za politi\u010dki sistem, pravosu\u0111e i upravu Skup\u0161tine Crne Gore zakazao je za 20. oktobar kontrolno saslu\u0161anje vrhovnog dr\u017eavnog tu\u017eioca Milorada Markovi\u0107a, glavnog specijalnog tu\u017eioca Vladimira Novovi\u0107a i tu\u017eiteljke Ane Perovi\u0107 Vojinovi\u0107 na temu: &#8220;Aktivnosti tu\u017eila\u0161tva koje su dovele do odbacivanja krivi\u010dne prijave za zloupotrebu slu\u017ebenog polo\u017eaja, primanje mita i stvaranje kriminalne organizacije tokom prodaje biv\u0161eg dr\u017eavnog preduze\u0107a &#8220;Telekom&#8221;.<\/p>","protected":false},"author":1,"featured_media":956079,"comment_status":"open","ping_status":"open","sticky":false,"template":"","format":"standard","meta":{"_acf_changed":false,"footnotes":""},"categories":[2],"tags":[2181,4342,6879],"naslovna":[],"class_list":["post-956078","post","type-post","status-publish","format-standard","has-post-thumbnail","hentry","category-drustvo","tag-milorad-markovic","tag-saslusanje","tag-vladimir-novovic"],"acf":[],"yoast_head":"<!-- This site is optimized with the Yoast SEO plugin v27.4 - https:\/\/yoast.com\/product\/yoast-seo-wordpress\/ -->\n<title>Saslu\u0161a\u0107e Markovi\u0107a i Novovi\u0107a 20. oktobra o &quot;Telekomu&quot; - dmcsrb.com<\/title>\n<meta name=\"robots\" content=\"index, follow, max-snippet:-1, max-image-preview:large, max-video-preview:-1\" \/>\n<link rel=\"canonical\" href=\"https:\/\/dmcsrb.com\/en\/drustvo\/saslusace-markovica-i-novovica-20-oktobra-o-telekomu\/\" \/>\n<meta property=\"og:locale\" content=\"en_GB\" \/>\n<meta property=\"og:type\" content=\"article\" \/>\n<meta property=\"og:title\" content=\"Saslu\u0161a\u0107e Markovi\u0107a i Novovi\u0107a 20. oktobra o &quot;Telekomu&quot; - dmcsrb.com\" \/>\n<meta property=\"og:description\" content=\"Odbor za politi\u010dki sistem, pravosu\u0111e i upravu Skup\u0161tine Crne Gore zakazao je za 20. oktobar kontrolno saslu\u0161anje vrhovnog dr\u017eavnog tu\u017eioca Milorada Markovi\u0107a, glavnog specijalnog tu\u017eioca Vladimira Novovi\u0107a i tu\u017eiteljke Ane Perovi\u0107 Vojinovi\u0107 na temu: &quot;Aktivnosti tu\u017eila\u0161tva koje su dovele do odbacivanja krivi\u010dne prijave za zloupotrebu slu\u017ebenog polo\u017eaja, primanje mita i stvaranje kriminalne organizacije tokom prodaje biv\u0161eg dr\u017eavnog preduze\u0107a &quot;Telekom&#039;&#039;.\" \/>\n<meta property=\"og:url\" content=\"https:\/\/dmcsrb.com\/en\/drustvo\/saslusace-markovica-i-novovica-20-oktobra-o-telekomu\/\" \/>\n<meta property=\"og:site_name\" content=\"dmcsrb.com\" \/>\n<meta property=\"article:published_time\" content=\"2025-10-06T06:55:00+00:00\" \/>\n<meta property=\"og:image\" content=\"https:\/\/dmcsrb.com\/wp-content\/uploads\/2026\/01\/5622297_476062067-950328730550181-1042755907697450672-n_ls_599x900_599x900.webp\" \/>\n\t<meta property=\"og:image:width\" content=\"899\" \/>\n\t<meta property=\"og:image:height\" content=\"599\" \/>\n\t<meta property=\"og:image:type\" content=\"image\/jpeg\" \/>\n<meta name=\"author\" content=\"dmcsrbija.com@gmail.com\" \/>\n<meta name=\"twitter:card\" content=\"summary_large_image\" \/>\n<meta name=\"twitter:label1\" content=\"Written by\" \/>\n\t<meta name=\"twitter:data1\" content=\"dmcsrbija.com@gmail.com\" \/>\n\t<meta name=\"twitter:label2\" content=\"Estimated reading time\" \/>\n\t<meta name=\"twitter:data2\" content=\"1 minute\" \/>\n<script type=\"application\/ld+json\" class=\"yoast-schema-graph\">{\"@context\":\"https:\\\/\\\/schema.org\",\"@graph\":[{\"@type\":\"Article\",\"@id\":\"https:\\\/\\\/dmcsrb.com\\\/drustvo\\\/saslusace-markovica-i-novovica-20-oktobra-o-telekomu\\\/#article\",\"isPartOf\":{\"@id\":\"https:\\\/\\\/dmcsrb.com\\\/drustvo\\\/saslusace-markovica-i-novovica-20-oktobra-o-telekomu\\\/\"},\"author\":{\"name\":\"dmcsrbija.com@gmail.com\",\"@id\":\"https:\\\/\\\/dmcsrb.com\\\/#\\\/schema\\\/person\\\/5c39170f12db1b8b457732d0b5c854e2\"},\"headline\":\"Saslu\u0161a\u0107e Markovi\u0107a i Novovi\u0107a 20. oktobra o &#8220;Telekomu&#8221;\",\"datePublished\":\"2025-10-06T06:55:00+00:00\",\"mainEntityOfPage\":{\"@id\":\"https:\\\/\\\/dmcsrb.com\\\/drustvo\\\/saslusace-markovica-i-novovica-20-oktobra-o-telekomu\\\/\"},\"wordCount\":176,\"commentCount\":0,\"image\":{\"@id\":\"https:\\\/\\\/dmcsrb.com\\\/drustvo\\\/saslusace-markovica-i-novovica-20-oktobra-o-telekomu\\\/#primaryimage\"},\"thumbnailUrl\":\"https:\\\/\\\/dmcsrb.com\\\/wp-content\\\/uploads\\\/2026\\\/01\\\/5622297_476062067-950328730550181-1042755907697450672-n_ls_599x900_599x900.webp\",\"keywords\":[\"Milorad Markovi\u0107\",\"saslu\u0161anje\",\"Vladimir Novovi\u0107\"],\"articleSection\":[\"Dru\u0161tvo\"],\"inLanguage\":\"en-GB\",\"potentialAction\":[{\"@type\":\"CommentAction\",\"name\":\"Comment\",\"target\":[\"https:\\\/\\\/dmcsrb.com\\\/drustvo\\\/saslusace-markovica-i-novovica-20-oktobra-o-telekomu\\\/#respond\"]}]},{\"@type\":\"WebPage\",\"@id\":\"https:\\\/\\\/dmcsrb.com\\\/drustvo\\\/saslusace-markovica-i-novovica-20-oktobra-o-telekomu\\\/\",\"url\":\"https:\\\/\\\/dmcsrb.com\\\/drustvo\\\/saslusace-markovica-i-novovica-20-oktobra-o-telekomu\\\/\",\"name\":\"Saslu\u0161a\u0107e Markovi\u0107a i Novovi\u0107a 20. oktobra o \\\"Telekomu\\\" - dmcsrb.com\",\"isPartOf\":{\"@id\":\"https:\\\/\\\/dmcsrb.com\\\/#website\"},\"primaryImageOfPage\":{\"@id\":\"https:\\\/\\\/dmcsrb.com\\\/drustvo\\\/saslusace-markovica-i-novovica-20-oktobra-o-telekomu\\\/#primaryimage\"},\"image\":{\"@id\":\"https:\\\/\\\/dmcsrb.com\\\/drustvo\\\/saslusace-markovica-i-novovica-20-oktobra-o-telekomu\\\/#primaryimage\"},\"thumbnailUrl\":\"https:\\\/\\\/dmcsrb.com\\\/wp-content\\\/uploads\\\/2026\\\/01\\\/5622297_476062067-950328730550181-1042755907697450672-n_ls_599x900_599x900.webp\",\"datePublished\":\"2025-10-06T06:55:00+00:00\",\"author\":{\"@id\":\"https:\\\/\\\/dmcsrb.com\\\/#\\\/schema\\\/person\\\/5c39170f12db1b8b457732d0b5c854e2\"},\"breadcrumb\":{\"@id\":\"https:\\\/\\\/dmcsrb.com\\\/drustvo\\\/saslusace-markovica-i-novovica-20-oktobra-o-telekomu\\\/#breadcrumb\"},\"inLanguage\":\"en-GB\",\"potentialAction\":[{\"@type\":\"ReadAction\",\"target\":[\"https:\\\/\\\/dmcsrb.com\\\/drustvo\\\/saslusace-markovica-i-novovica-20-oktobra-o-telekomu\\\/\"]}]},{\"@type\":\"ImageObject\",\"inLanguage\":\"en-GB\",\"@id\":\"https:\\\/\\\/dmcsrb.com\\\/drustvo\\\/saslusace-markovica-i-novovica-20-oktobra-o-telekomu\\\/#primaryimage\",\"url\":\"https:\\\/\\\/dmcsrb.com\\\/wp-content\\\/uploads\\\/2026\\\/01\\\/5622297_476062067-950328730550181-1042755907697450672-n_ls_599x900_599x900.webp\",\"contentUrl\":\"https:\\\/\\\/dmcsrb.com\\\/wp-content\\\/uploads\\\/2026\\\/01\\\/5622297_476062067-950328730550181-1042755907697450672-n_ls_599x900_599x900.webp\",\"width\":899,\"height\":599},{\"@type\":\"BreadcrumbList\",\"@id\":\"https:\\\/\\\/dmcsrb.com\\\/drustvo\\\/saslusace-markovica-i-novovica-20-oktobra-o-telekomu\\\/#breadcrumb\",\"itemListElement\":[{\"@type\":\"ListItem\",\"position\":1,\"name\":\"Home\",\"item\":\"https:\\\/\\\/dmcsrb.com\\\/\"},{\"@type\":\"ListItem\",\"position\":2,\"name\":\"Saslu\u0161a\u0107e Markovi\u0107a i Novovi\u0107a 20. oktobra o &#8220;Telekomu&#8221;\"}]},{\"@type\":\"WebSite\",\"@id\":\"https:\\\/\\\/dmcsrb.com\\\/#website\",\"url\":\"https:\\\/\\\/dmcsrb.com\\\/\",\"name\":\"dmcsrb.com\",\"description\":\"\",\"potentialAction\":[{\"@type\":\"SearchAction\",\"target\":{\"@type\":\"EntryPoint\",\"urlTemplate\":\"https:\\\/\\\/dmcsrb.com\\\/?s={search_term_string}\"},\"query-input\":{\"@type\":\"PropertyValueSpecification\",\"valueRequired\":true,\"valueName\":\"search_term_string\"}}],\"inLanguage\":\"en-GB\"},{\"@type\":\"Person\",\"@id\":\"https:\\\/\\\/dmcsrb.com\\\/#\\\/schema\\\/person\\\/5c39170f12db1b8b457732d0b5c854e2\",\"name\":\"dmcsrbija.com@gmail.com\",\"image\":{\"@type\":\"ImageObject\",\"inLanguage\":\"en-GB\",\"@id\":\"https:\\\/\\\/secure.gravatar.com\\\/avatar\\\/68592660ad6347fad0fb587f8d5d8f1a7b44961362f56e4f2cd524feb87e9069?s=96&d=mm&r=g\",\"url\":\"https:\\\/\\\/secure.gravatar.com\\\/avatar\\\/68592660ad6347fad0fb587f8d5d8f1a7b44961362f56e4f2cd524feb87e9069?s=96&d=mm&r=g\",\"contentUrl\":\"https:\\\/\\\/secure.gravatar.com\\\/avatar\\\/68592660ad6347fad0fb587f8d5d8f1a7b44961362f56e4f2cd524feb87e9069?s=96&d=mm&r=g\",\"caption\":\"dmcsrbija.com@gmail.com\"},\"sameAs\":[\"https:\\\/\\\/dmcsrb.com\"],\"url\":\"https:\\\/\\\/dmcsrb.com\\\/en\\\/author\\\/dmcsrbija-comgmail-com\\\/\"}]}<\/script>\n<!-- \/ Yoast SEO plugin. -->","yoast_head_json":{"title":"Saslu\u0161a\u0107e Markovi\u0107a i Novovi\u0107a 20. oktobra o \"Telekomu\" - dmcsrb.com","robots":{"index":"index","follow":"follow","max-snippet":"max-snippet:-1","max-image-preview":"max-image-preview:large","max-video-preview":"max-video-preview:-1"},"canonical":"https:\/\/dmcsrb.com\/en\/drustvo\/saslusace-markovica-i-novovica-20-oktobra-o-telekomu\/","og_locale":"en_GB","og_type":"article","og_title":"Saslu\u0161a\u0107e Markovi\u0107a i Novovi\u0107a 20. oktobra o \"Telekomu\" - dmcsrb.com","og_description":"Odbor za politi\u010dki sistem, pravosu\u0111e i upravu Skup\u0161tine Crne Gore zakazao je za 20. oktobar kontrolno saslu\u0161anje vrhovnog dr\u017eavnog tu\u017eioca Milorada Markovi\u0107a, glavnog specijalnog tu\u017eioca Vladimira Novovi\u0107a i tu\u017eiteljke Ane Perovi\u0107 Vojinovi\u0107 na temu: \"Aktivnosti tu\u017eila\u0161tva koje su dovele do odbacivanja krivi\u010dne prijave za zloupotrebu slu\u017ebenog polo\u017eaja, primanje mita i stvaranje kriminalne organizacije tokom prodaje biv\u0161eg dr\u017eavnog preduze\u0107a \"Telekom''.","og_url":"https:\/\/dmcsrb.com\/en\/drustvo\/saslusace-markovica-i-novovica-20-oktobra-o-telekomu\/","og_site_name":"dmcsrb.com","article_published_time":"2025-10-06T06:55:00+00:00","og_image":[{"width":899,"height":599,"url":"https:\/\/dmcsrb.com\/wp-content\/uploads\/2026\/01\/5622297_476062067-950328730550181-1042755907697450672-n_ls_599x900_599x900.webp","type":"image\/jpeg"}],"author":"dmcsrbija.com@gmail.com","twitter_card":"summary_large_image","twitter_misc":{"Written by":"dmcsrbija.com@gmail.com","Estimated reading time":"1 minute"},"schema":{"@context":"https:\/\/schema.org","@graph":[{"@type":"Article","@id":"https:\/\/dmcsrb.com\/drustvo\/saslusace-markovica-i-novovica-20-oktobra-o-telekomu\/#article","isPartOf":{"@id":"https:\/\/dmcsrb.com\/drustvo\/saslusace-markovica-i-novovica-20-oktobra-o-telekomu\/"},"author":{"name":"dmcsrbija.com@gmail.com","@id":"https:\/\/dmcsrb.com\/#\/schema\/person\/5c39170f12db1b8b457732d0b5c854e2"},"headline":"Saslu\u0161a\u0107e Markovi\u0107a i Novovi\u0107a 20. oktobra o &#8220;Telekomu&#8221;","datePublished":"2025-10-06T06:55:00+00:00","mainEntityOfPage":{"@id":"https:\/\/dmcsrb.com\/drustvo\/saslusace-markovica-i-novovica-20-oktobra-o-telekomu\/"},"wordCount":176,"commentCount":0,"image":{"@id":"https:\/\/dmcsrb.com\/drustvo\/saslusace-markovica-i-novovica-20-oktobra-o-telekomu\/#primaryimage"},"thumbnailUrl":"https:\/\/dmcsrb.com\/wp-content\/uploads\/2026\/01\/5622297_476062067-950328730550181-1042755907697450672-n_ls_599x900_599x900.webp","keywords":["Milorad Markovi\u0107","saslu\u0161anje","Vladimir Novovi\u0107"],"articleSection":["Dru\u0161tvo"],"inLanguage":"en-GB","potentialAction":[{"@type":"CommentAction","name":"Comment","target":["https:\/\/dmcsrb.com\/drustvo\/saslusace-markovica-i-novovica-20-oktobra-o-telekomu\/#respond"]}]},{"@type":"WebPage","@id":"https:\/\/dmcsrb.com\/drustvo\/saslusace-markovica-i-novovica-20-oktobra-o-telekomu\/","url":"https:\/\/dmcsrb.com\/drustvo\/saslusace-markovica-i-novovica-20-oktobra-o-telekomu\/","name":"Saslu\u0161a\u0107e Markovi\u0107a i Novovi\u0107a 20. oktobra o \"Telekomu\" - dmcsrb.com","isPartOf":{"@id":"https:\/\/dmcsrb.com\/#website"},"primaryImageOfPage":{"@id":"https:\/\/dmcsrb.com\/drustvo\/saslusace-markovica-i-novovica-20-oktobra-o-telekomu\/#primaryimage"},"image":{"@id":"https:\/\/dmcsrb.com\/drustvo\/saslusace-markovica-i-novovica-20-oktobra-o-telekomu\/#primaryimage"},"thumbnailUrl":"https:\/\/dmcsrb.com\/wp-content\/uploads\/2026\/01\/5622297_476062067-950328730550181-1042755907697450672-n_ls_599x900_599x900.webp","datePublished":"2025-10-06T06:55:00+00:00","author":{"@id":"https:\/\/dmcsrb.com\/#\/schema\/person\/5c39170f12db1b8b457732d0b5c854e2"},"breadcrumb":{"@id":"https:\/\/dmcsrb.com\/drustvo\/saslusace-markovica-i-novovica-20-oktobra-o-telekomu\/#breadcrumb"},"inLanguage":"en-GB","potentialAction":[{"@type":"ReadAction","target":["https:\/\/dmcsrb.com\/drustvo\/saslusace-markovica-i-novovica-20-oktobra-o-telekomu\/"]}]},{"@type":"ImageObject","inLanguage":"en-GB","@id":"https:\/\/dmcsrb.com\/drustvo\/saslusace-markovica-i-novovica-20-oktobra-o-telekomu\/#primaryimage","url":"https:\/\/dmcsrb.com\/wp-content\/uploads\/2026\/01\/5622297_476062067-950328730550181-1042755907697450672-n_ls_599x900_599x900.webp","contentUrl":"https:\/\/dmcsrb.com\/wp-content\/uploads\/2026\/01\/5622297_476062067-950328730550181-1042755907697450672-n_ls_599x900_599x900.webp","width":899,"height":599},{"@type":"BreadcrumbList","@id":"https:\/\/dmcsrb.com\/drustvo\/saslusace-markovica-i-novovica-20-oktobra-o-telekomu\/#breadcrumb","itemListElement":[{"@type":"ListItem","position":1,"name":"Home","item":"https:\/\/dmcsrb.com\/"},{"@type":"ListItem","position":2,"name":"Saslu\u0161a\u0107e Markovi\u0107a i Novovi\u0107a 20. oktobra o &#8220;Telekomu&#8221;"}]},{"@type":"WebSite","@id":"https:\/\/dmcsrb.com\/#website","url":"https:\/\/dmcsrb.com\/","name":"dmcsrb.com","description":"","potentialAction":[{"@type":"SearchAction","target":{"@type":"EntryPoint","urlTemplate":"https:\/\/dmcsrb.com\/?s={search_term_string}"},"query-input":{"@type":"PropertyValueSpecification","valueRequired":true,"valueName":"search_term_string"}}],"inLanguage":"en-GB"},{"@type":"Person","@id":"https:\/\/dmcsrb.com\/#\/schema\/person\/5c39170f12db1b8b457732d0b5c854e2","name":"dmcsrbija.com@gmail.com","image":{"@type":"ImageObject","inLanguage":"en-GB","@id":"https:\/\/secure.gravatar.com\/avatar\/68592660ad6347fad0fb587f8d5d8f1a7b44961362f56e4f2cd524feb87e9069?s=96&d=mm&r=g","url":"https:\/\/secure.gravatar.com\/avatar\/68592660ad6347fad0fb587f8d5d8f1a7b44961362f56e4f2cd524feb87e9069?s=96&d=mm&r=g","contentUrl":"https:\/\/secure.gravatar.com\/avatar\/68592660ad6347fad0fb587f8d5d8f1a7b44961362f56e4f2cd524feb87e9069?s=96&d=mm&r=g","caption":"dmcsrbija.com@gmail.com"},"sameAs":["https:\/\/dmcsrb.com"],"url":"https:\/\/dmcsrb.com\/en\/author\/dmcsrbija-comgmail-com\/"}]}},"_links":{"self":[{"href":"https:\/\/dmcsrb.com\/en\/wp-json\/wp\/v2\/posts\/956078","targetHints":{"allow":["GET"]}}],"collection":[{"href":"https:\/\/dmcsrb.com\/en\/wp-json\/wp\/v2\/posts"}],"about":[{"href":"https:\/\/dmcsrb.com\/en\/wp-json\/wp\/v2\/types\/post"}],"author":[{"embeddable":true,"href":"https:\/\/dmcsrb.com\/en\/wp-json\/wp\/v2\/users\/1"}],"replies":[{"embeddable":true,"href":"https:\/\/dmcsrb.com\/en\/wp-json\/wp\/v2\/comments?post=956078"}],"version-history":[{"count":0,"href":"https:\/\/dmcsrb.com\/en\/wp-json\/wp\/v2\/posts\/956078\/revisions"}],"wp:featuredmedia":[{"embeddable":true,"href":"https:\/\/dmcsrb.com\/en\/wp-json\/wp\/v2\/media\/956079"}],"wp:attachment":[{"href":"https:\/\/dmcsrb.com\/en\/wp-json\/wp\/v2\/media?parent=956078"}],"wp:term":[{"taxonomy":"category","embeddable":true,"href":"https:\/\/dmcsrb.com\/en\/wp-json\/wp\/v2\/categories?post=956078"},{"taxonomy":"post_tag","embeddable":true,"href":"https:\/\/dmcsrb.com\/en\/wp-json\/wp\/v2\/tags?post=956078"},{"taxonomy":"naslovna","embeddable":true,"href":"https:\/\/dmcsrb.com\/en\/wp-json\/wp\/v2\/naslovna?post=956078"}],"curies":[{"name":"wp","href":"https:\/\/api.w.org\/{rel}","templated":true}]}}