{"id":956070,"date":"2025-10-06T10:06:00","date_gmt":"2025-10-06T08:06:00","guid":{"rendered":"https:\/\/dmcsrb.com\/uncategorized\/rakocevic-na-kljucnim-funkcijama-u-up-su-profesionalci-bez-mrlje-u-karijeri\/"},"modified":"2025-10-06T10:06:00","modified_gmt":"2025-10-06T08:06:00","slug":"rakocevic-na-kljucnim-funkcijama-u-up-su-profesionalci-bez-mrlje-u-karijeri","status":"publish","type":"post","link":"https:\/\/dmcsrb.com\/en\/hronika\/rakocevic-na-kljucnim-funkcijama-u-up-su-profesionalci-bez-mrlje-u-karijeri\/","title":{"rendered":"Rako\u010devi\u0107: Na klju\u010dnim funkcijama u UP su profesionalci, bez mrlje u karijeri"},"content":{"rendered":"<p><\/p>\n\n\n\n<p>\u201cNije prijatno. Ubistvo je najve\u0107i zlo\u010din agresije. To sjeme zla nije od ju\u010de i ovo su samo posljedice onoga \u0161to zapu\u0161tenost problema u du\u017eem vremenskom problemu\u201d, rekao je Rako\u010devi\u0107<\/p>\n\n\n\n<p>Posebno zabrinjava, kako ka\u017ee, planetarna povezanost kriminalnih organizacija.<\/p>\n\n\n\n<p>\u201cPove\u0107anje organizovanog kriminala evidentno je svuda u svijetu. Sve dr\u017eave u svijetu su prijavile porast najte\u017eih oblikala kriminala \u2013 pranje novca, korupcija, te\u0161ka ubistva, finansiranje terorizma\u2026 Bez obzira koliko dr\u017eave same u\u010destvuju u preveniranju ovih formi kriminala, ipak ne uspjevaju u tome. Ne postavlja se pitanje da li smo u stanju da u korijenu sasije\u010demo ovo dru\u0161veno zlo, ve\u0107 postavlja se pitanje kontrole i da se ti faktori rizika smanje i da se protektivni faktori poja\u010daju\u201d, naveo je on.<\/p>\n\n\n\n<p>Poru\u010duje da je ta\u010dno da \u010delni ljudi bezbjednosnog sektora moraju biti iz struke, ali dodaje da je ministar klasi\u010dna politi\u010dka funkcija.<\/p>\n\n\n\n<p>\u201cKada govorimo o UP, na klju\u010dnim pozicijama su profesionalci od karijere. Bez mrlje u karijeri, neki su sa mnom radili. Vrhunski poznaju svoj posao \u2013 govorim kao njihov profesor. Od Nove godine do danas gotovo sto procentno su svi najte\u017ei zlo\u010dini rije\u0161eni. Dok god policija rasvetljavala ove slu\u010dajeve, ne mo\u017eemo re\u0107i da se tu ni\u0161ta ne radi\u201d, smatra Rako\u010devi\u0107.<\/p>\n\n\n\n<p>Kako ka\u017ee, dilema je da li da razoru\u017eamo po\u0161tene gra\u0111ane, ako \u0107e kriminalci nastaviti da nose oru\u017eje.<\/p>\n\n\n\n<p>\u201cPostavlja se klju\u010dno pitanje, kao \u0161to rade moderne dr\u017eave, da smanjimo dostupnost oru\u017eja. Do sada najuspje\u0161nija akcija vra\u0107anja oru\u017eja desila se u proteklih godinu\u201d, podsje\u0107a on.<\/p>\n\n\n\n<p><strong>Pepi\u0107: \u0160aranovi\u0107, Ad\u017ei\u0107 i oni prije njega nijesu imali veze sa bezbjednosnim sektorom<\/strong><\/p>\n\n\n\n<p>Kako ka\u017ee analiti\u010dar D\u017eevdet Pepi\u0107, ne postoji idealno dru\u0161tvo, ove i ovakve stvari \u0107e se uvijek de\u0161avati, ali se ne mo\u017eemo oslanjati na stare prakse.<\/p>\n\n\n\n<figure class=\"wp-block-image\" id=\"attachment_559077\"><img decoding=\"async\" src=\"https:\/\/www.adria.tv\/wp-content\/uploads\/2025\/10\/68935a3f-4288-4c47-8f0e-4b8cf86adc08-1024x583.jpg\" alt=\"\" class=\"wp-image-559077\"\/><figcaption class=\"wp-element-caption\">Foto: Adria<\/figcaption><\/figure>\n\n\n\n<p>\u201cAli u svakom dru\u0161tvu postoji onaj ko \u0107e da napravi zlo i oni koji \u0107e kontrolisati da tog zla ne bude toliko. Ta\u010dno je, ovo nije od ju\u010de. Ipak, imam utisak da se oslanjamo na onu staru praksu. Crnu Goru \u0107e da ubije nezanjane i nestru\u010dnost. U tom bezbjednosnom sektoru ima sjajnih ljudi. Ali ako nesposobnog postavite da vodi neki centar bezbjednosti ili zbog partijskih zasluga, mi imamo problem sa samim sobom. Ho\u0107emo da budemo stru\u010dnjaci za sve\u201d, smatra on.<\/p>\n\n\n\n<p>Objketivmo, kako ka\u017ee Danilo \u0160aranovi\u0107, Filip Ad\u017ei\u0107 i ministri prije njega nijesu imali veze sa bezbjednosnim sektorom.<\/p>\n\n\n\n<p>\u201cNe samo on, nego bilo ko ko do\u0111e na mjesto a nema osnovno predzanje, napravi\u0107e veliku \u0161tetu. \u0160aranovi\u0107 je ekonomista, politi\u010dki je do\u0161ao tu. Onda nemojmo da se \u010dudimo kada do\u0111e do problema\u201d, poru\u010duje Pepi\u0107.<\/p>\n\n\n\n<p>On smatra da je prevencija u zlo\u010dinima klju\u010dna i pita za\u0161to se na to ne obrati pa\u017enja.<\/p>\n\n\n\n<p>\u201cProblem je \u0161to idemo od slu\u010daja do slu\u010daja. O po\u017earima pri\u010damo ljeti, o ubistivima kada se dese. Ima ljudi koji su dosta dobri u policiji, ima koji su zlopotrijebili poziciju, ali ima i onih sjajnih ljudi koji su rizikovali svoje \u017eivote. Nevjerovatno je da su Cetinjanina Mila Beladu poku\u0161ali da ubiju, pa su u tome su uspjeli nakon samo 15 dana. Mi se bavimo posljedicama, ne uzrocima\u201d, ka\u017ee on.<\/p>","protected":false},"excerpt":{"rendered":"<p>Trenutna bezbjednosna situacija u Crnoj Gori izaziva zabrinutost kod gra\u0111ana, ugro\u017eava individualnu i kolektivnu sigurnost i pove\u0107ava negativnu emociju- strah, kazao je u emisiji &#8220;Zorom&#8221; na ADRIA TV kriminolog Velimir Rako\u010devi\u0107. Ipak, on je kazao da se na klju\u010dnim pozicijama u Upravi policije nalaze profesionalci, bez mrlje u karijeri, koji vrhunski poznaju svoj posao.<\/p>","protected":false},"author":1,"featured_media":956071,"comment_status":"open","ping_status":"open","sticky":false,"template":"","format":"standard","meta":{"_acf_changed":false,"footnotes":""},"categories":[17],"tags":[4937,2253,10392,429,6258],"naslovna":[],"class_list":["post-956070","post","type-post","status-publish","format-standard","has-post-thumbnail","hentry","category-hronika","tag-karijera","tag-kljucne-funkcije","tag-profesionalci","tag-up","tag-velimir-rakocevic"],"acf":[],"yoast_head":"<!-- This site is optimized with the Yoast SEO plugin v27.4 - https:\/\/yoast.com\/product\/yoast-seo-wordpress\/ -->\n<title>Rako\u010devi\u0107: Na klju\u010dnim funkcijama u UP su profesionalci, bez mrlje u karijeri - dmcsrb.com<\/title>\n<meta name=\"robots\" content=\"index, follow, max-snippet:-1, max-image-preview:large, max-video-preview:-1\" \/>\n<link rel=\"canonical\" href=\"https:\/\/dmcsrb.com\/en\/hronika\/rakocevic-na-kljucnim-funkcijama-u-up-su-profesionalci-bez-mrlje-u-karijeri\/\" \/>\n<meta property=\"og:locale\" content=\"en_GB\" \/>\n<meta property=\"og:type\" content=\"article\" \/>\n<meta property=\"og:title\" content=\"Rako\u010devi\u0107: Na klju\u010dnim funkcijama u UP su profesionalci, bez mrlje u karijeri - dmcsrb.com\" \/>\n<meta property=\"og:description\" content=\"Trenutna bezbjednosna situacija u Crnoj Gori izaziva zabrinutost kod gra\u0111ana, ugro\u017eava individualnu i kolektivnu sigurnost i pove\u0107ava negativnu emociju- strah, kazao je u emisiji &quot;Zorom&quot; na ADRIA TV kriminolog Velimir Rako\u010devi\u0107. Ipak, on je kazao da se na klju\u010dnim pozicijama u Upravi policije nalaze profesionalci, bez mrlje u karijeri, koji vrhunski poznaju svoj posao.\" \/>\n<meta property=\"og:url\" content=\"https:\/\/dmcsrb.com\/en\/hronika\/rakocevic-na-kljucnim-funkcijama-u-up-su-profesionalci-bez-mrlje-u-karijeri\/\" \/>\n<meta property=\"og:site_name\" content=\"dmcsrb.com\" \/>\n<meta property=\"article:published_time\" content=\"2025-10-06T08:06:00+00:00\" \/>\n<meta property=\"og:image\" content=\"https:\/\/dmcsrb.com\/wp-content\/uploads\/2026\/01\/Rakocevic-1.webp\" \/>\n\t<meta property=\"og:image:width\" content=\"855\" \/>\n\t<meta property=\"og:image:height\" content=\"439\" \/>\n\t<meta property=\"og:image:type\" content=\"image\/jpeg\" \/>\n<meta name=\"author\" content=\"dmcsrbija.com@gmail.com\" \/>\n<meta name=\"twitter:card\" content=\"summary_large_image\" \/>\n<meta name=\"twitter:label1\" content=\"Written by\" \/>\n\t<meta name=\"twitter:data1\" content=\"dmcsrbija.com@gmail.com\" \/>\n\t<meta name=\"twitter:label2\" content=\"Estimated reading time\" \/>\n\t<meta name=\"twitter:data2\" content=\"3 minutes\" \/>\n<script type=\"application\/ld+json\" class=\"yoast-schema-graph\">{\"@context\":\"https:\\\/\\\/schema.org\",\"@graph\":[{\"@type\":\"Article\",\"@id\":\"https:\\\/\\\/dmcsrb.com\\\/hronika\\\/rakocevic-na-kljucnim-funkcijama-u-up-su-profesionalci-bez-mrlje-u-karijeri\\\/#article\",\"isPartOf\":{\"@id\":\"https:\\\/\\\/dmcsrb.com\\\/hronika\\\/rakocevic-na-kljucnim-funkcijama-u-up-su-profesionalci-bez-mrlje-u-karijeri\\\/\"},\"author\":{\"name\":\"dmcsrbija.com@gmail.com\",\"@id\":\"https:\\\/\\\/dmcsrb.com\\\/#\\\/schema\\\/person\\\/5c39170f12db1b8b457732d0b5c854e2\"},\"headline\":\"Rako\u010devi\u0107: Na klju\u010dnim funkcijama u UP su profesionalci, bez mrlje u karijeri\",\"datePublished\":\"2025-10-06T08:06:00+00:00\",\"mainEntityOfPage\":{\"@id\":\"https:\\\/\\\/dmcsrb.com\\\/hronika\\\/rakocevic-na-kljucnim-funkcijama-u-up-su-profesionalci-bez-mrlje-u-karijeri\\\/\"},\"wordCount\":580,\"commentCount\":0,\"image\":{\"@id\":\"https:\\\/\\\/dmcsrb.com\\\/hronika\\\/rakocevic-na-kljucnim-funkcijama-u-up-su-profesionalci-bez-mrlje-u-karijeri\\\/#primaryimage\"},\"thumbnailUrl\":\"https:\\\/\\\/dmcsrb.com\\\/wp-content\\\/uploads\\\/2026\\\/01\\\/Rakocevic-1.webp\",\"keywords\":[\"Karijera\",\"Klju\u010dne funkcije\",\"profesionalci\",\"UP\",\"Velimir Rako\u010devi\u0107\"],\"articleSection\":[\"Hronika\"],\"inLanguage\":\"en-GB\",\"potentialAction\":[{\"@type\":\"CommentAction\",\"name\":\"Comment\",\"target\":[\"https:\\\/\\\/dmcsrb.com\\\/hronika\\\/rakocevic-na-kljucnim-funkcijama-u-up-su-profesionalci-bez-mrlje-u-karijeri\\\/#respond\"]}]},{\"@type\":\"WebPage\",\"@id\":\"https:\\\/\\\/dmcsrb.com\\\/hronika\\\/rakocevic-na-kljucnim-funkcijama-u-up-su-profesionalci-bez-mrlje-u-karijeri\\\/\",\"url\":\"https:\\\/\\\/dmcsrb.com\\\/hronika\\\/rakocevic-na-kljucnim-funkcijama-u-up-su-profesionalci-bez-mrlje-u-karijeri\\\/\",\"name\":\"Rako\u010devi\u0107: Na klju\u010dnim funkcijama u UP su profesionalci, bez mrlje u karijeri - dmcsrb.com\",\"isPartOf\":{\"@id\":\"https:\\\/\\\/dmcsrb.com\\\/#website\"},\"primaryImageOfPage\":{\"@id\":\"https:\\\/\\\/dmcsrb.com\\\/hronika\\\/rakocevic-na-kljucnim-funkcijama-u-up-su-profesionalci-bez-mrlje-u-karijeri\\\/#primaryimage\"},\"image\":{\"@id\":\"https:\\\/\\\/dmcsrb.com\\\/hronika\\\/rakocevic-na-kljucnim-funkcijama-u-up-su-profesionalci-bez-mrlje-u-karijeri\\\/#primaryimage\"},\"thumbnailUrl\":\"https:\\\/\\\/dmcsrb.com\\\/wp-content\\\/uploads\\\/2026\\\/01\\\/Rakocevic-1.webp\",\"datePublished\":\"2025-10-06T08:06:00+00:00\",\"author\":{\"@id\":\"https:\\\/\\\/dmcsrb.com\\\/#\\\/schema\\\/person\\\/5c39170f12db1b8b457732d0b5c854e2\"},\"breadcrumb\":{\"@id\":\"https:\\\/\\\/dmcsrb.com\\\/hronika\\\/rakocevic-na-kljucnim-funkcijama-u-up-su-profesionalci-bez-mrlje-u-karijeri\\\/#breadcrumb\"},\"inLanguage\":\"en-GB\",\"potentialAction\":[{\"@type\":\"ReadAction\",\"target\":[\"https:\\\/\\\/dmcsrb.com\\\/hronika\\\/rakocevic-na-kljucnim-funkcijama-u-up-su-profesionalci-bez-mrlje-u-karijeri\\\/\"]}]},{\"@type\":\"ImageObject\",\"inLanguage\":\"en-GB\",\"@id\":\"https:\\\/\\\/dmcsrb.com\\\/hronika\\\/rakocevic-na-kljucnim-funkcijama-u-up-su-profesionalci-bez-mrlje-u-karijeri\\\/#primaryimage\",\"url\":\"https:\\\/\\\/dmcsrb.com\\\/wp-content\\\/uploads\\\/2026\\\/01\\\/Rakocevic-1.webp\",\"contentUrl\":\"https:\\\/\\\/dmcsrb.com\\\/wp-content\\\/uploads\\\/2026\\\/01\\\/Rakocevic-1.webp\",\"width\":855,\"height\":439},{\"@type\":\"BreadcrumbList\",\"@id\":\"https:\\\/\\\/dmcsrb.com\\\/hronika\\\/rakocevic-na-kljucnim-funkcijama-u-up-su-profesionalci-bez-mrlje-u-karijeri\\\/#breadcrumb\",\"itemListElement\":[{\"@type\":\"ListItem\",\"position\":1,\"name\":\"Home\",\"item\":\"https:\\\/\\\/dmcsrb.com\\\/\"},{\"@type\":\"ListItem\",\"position\":2,\"name\":\"Rako\u010devi\u0107: Na klju\u010dnim funkcijama u UP su profesionalci, bez mrlje u karijeri\"}]},{\"@type\":\"WebSite\",\"@id\":\"https:\\\/\\\/dmcsrb.com\\\/#website\",\"url\":\"https:\\\/\\\/dmcsrb.com\\\/\",\"name\":\"dmcsrb.com\",\"description\":\"\",\"potentialAction\":[{\"@type\":\"SearchAction\",\"target\":{\"@type\":\"EntryPoint\",\"urlTemplate\":\"https:\\\/\\\/dmcsrb.com\\\/?s={search_term_string}\"},\"query-input\":{\"@type\":\"PropertyValueSpecification\",\"valueRequired\":true,\"valueName\":\"search_term_string\"}}],\"inLanguage\":\"en-GB\"},{\"@type\":\"Person\",\"@id\":\"https:\\\/\\\/dmcsrb.com\\\/#\\\/schema\\\/person\\\/5c39170f12db1b8b457732d0b5c854e2\",\"name\":\"dmcsrbija.com@gmail.com\",\"image\":{\"@type\":\"ImageObject\",\"inLanguage\":\"en-GB\",\"@id\":\"https:\\\/\\\/secure.gravatar.com\\\/avatar\\\/68592660ad6347fad0fb587f8d5d8f1a7b44961362f56e4f2cd524feb87e9069?s=96&d=mm&r=g\",\"url\":\"https:\\\/\\\/secure.gravatar.com\\\/avatar\\\/68592660ad6347fad0fb587f8d5d8f1a7b44961362f56e4f2cd524feb87e9069?s=96&d=mm&r=g\",\"contentUrl\":\"https:\\\/\\\/secure.gravatar.com\\\/avatar\\\/68592660ad6347fad0fb587f8d5d8f1a7b44961362f56e4f2cd524feb87e9069?s=96&d=mm&r=g\",\"caption\":\"dmcsrbija.com@gmail.com\"},\"sameAs\":[\"https:\\\/\\\/dmcsrb.com\"],\"url\":\"https:\\\/\\\/dmcsrb.com\\\/en\\\/author\\\/dmcsrbija-comgmail-com\\\/\"}]}<\/script>\n<!-- \/ Yoast SEO plugin. -->","yoast_head_json":{"title":"Rako\u010devi\u0107: Na klju\u010dnim funkcijama u UP su profesionalci, bez mrlje u karijeri - dmcsrb.com","robots":{"index":"index","follow":"follow","max-snippet":"max-snippet:-1","max-image-preview":"max-image-preview:large","max-video-preview":"max-video-preview:-1"},"canonical":"https:\/\/dmcsrb.com\/en\/hronika\/rakocevic-na-kljucnim-funkcijama-u-up-su-profesionalci-bez-mrlje-u-karijeri\/","og_locale":"en_GB","og_type":"article","og_title":"Rako\u010devi\u0107: Na klju\u010dnim funkcijama u UP su profesionalci, bez mrlje u karijeri - dmcsrb.com","og_description":"Trenutna bezbjednosna situacija u Crnoj Gori izaziva zabrinutost kod gra\u0111ana, ugro\u017eava individualnu i kolektivnu sigurnost i pove\u0107ava negativnu emociju- strah, kazao je u emisiji \"Zorom\" na ADRIA TV kriminolog Velimir Rako\u010devi\u0107. Ipak, on je kazao da se na klju\u010dnim pozicijama u Upravi policije nalaze profesionalci, bez mrlje u karijeri, koji vrhunski poznaju svoj posao.","og_url":"https:\/\/dmcsrb.com\/en\/hronika\/rakocevic-na-kljucnim-funkcijama-u-up-su-profesionalci-bez-mrlje-u-karijeri\/","og_site_name":"dmcsrb.com","article_published_time":"2025-10-06T08:06:00+00:00","og_image":[{"width":855,"height":439,"url":"https:\/\/dmcsrb.com\/wp-content\/uploads\/2026\/01\/Rakocevic-1.webp","type":"image\/jpeg"}],"author":"dmcsrbija.com@gmail.com","twitter_card":"summary_large_image","twitter_misc":{"Written by":"dmcsrbija.com@gmail.com","Estimated reading time":"3 minutes"},"schema":{"@context":"https:\/\/schema.org","@graph":[{"@type":"Article","@id":"https:\/\/dmcsrb.com\/hronika\/rakocevic-na-kljucnim-funkcijama-u-up-su-profesionalci-bez-mrlje-u-karijeri\/#article","isPartOf":{"@id":"https:\/\/dmcsrb.com\/hronika\/rakocevic-na-kljucnim-funkcijama-u-up-su-profesionalci-bez-mrlje-u-karijeri\/"},"author":{"name":"dmcsrbija.com@gmail.com","@id":"https:\/\/dmcsrb.com\/#\/schema\/person\/5c39170f12db1b8b457732d0b5c854e2"},"headline":"Rako\u010devi\u0107: Na klju\u010dnim funkcijama u UP su profesionalci, bez mrlje u karijeri","datePublished":"2025-10-06T08:06:00+00:00","mainEntityOfPage":{"@id":"https:\/\/dmcsrb.com\/hronika\/rakocevic-na-kljucnim-funkcijama-u-up-su-profesionalci-bez-mrlje-u-karijeri\/"},"wordCount":580,"commentCount":0,"image":{"@id":"https:\/\/dmcsrb.com\/hronika\/rakocevic-na-kljucnim-funkcijama-u-up-su-profesionalci-bez-mrlje-u-karijeri\/#primaryimage"},"thumbnailUrl":"https:\/\/dmcsrb.com\/wp-content\/uploads\/2026\/01\/Rakocevic-1.webp","keywords":["Karijera","Klju\u010dne funkcije","profesionalci","UP","Velimir Rako\u010devi\u0107"],"articleSection":["Hronika"],"inLanguage":"en-GB","potentialAction":[{"@type":"CommentAction","name":"Comment","target":["https:\/\/dmcsrb.com\/hronika\/rakocevic-na-kljucnim-funkcijama-u-up-su-profesionalci-bez-mrlje-u-karijeri\/#respond"]}]},{"@type":"WebPage","@id":"https:\/\/dmcsrb.com\/hronika\/rakocevic-na-kljucnim-funkcijama-u-up-su-profesionalci-bez-mrlje-u-karijeri\/","url":"https:\/\/dmcsrb.com\/hronika\/rakocevic-na-kljucnim-funkcijama-u-up-su-profesionalci-bez-mrlje-u-karijeri\/","name":"Rako\u010devi\u0107: Na klju\u010dnim funkcijama u UP su profesionalci, bez mrlje u karijeri - dmcsrb.com","isPartOf":{"@id":"https:\/\/dmcsrb.com\/#website"},"primaryImageOfPage":{"@id":"https:\/\/dmcsrb.com\/hronika\/rakocevic-na-kljucnim-funkcijama-u-up-su-profesionalci-bez-mrlje-u-karijeri\/#primaryimage"},"image":{"@id":"https:\/\/dmcsrb.com\/hronika\/rakocevic-na-kljucnim-funkcijama-u-up-su-profesionalci-bez-mrlje-u-karijeri\/#primaryimage"},"thumbnailUrl":"https:\/\/dmcsrb.com\/wp-content\/uploads\/2026\/01\/Rakocevic-1.webp","datePublished":"2025-10-06T08:06:00+00:00","author":{"@id":"https:\/\/dmcsrb.com\/#\/schema\/person\/5c39170f12db1b8b457732d0b5c854e2"},"breadcrumb":{"@id":"https:\/\/dmcsrb.com\/hronika\/rakocevic-na-kljucnim-funkcijama-u-up-su-profesionalci-bez-mrlje-u-karijeri\/#breadcrumb"},"inLanguage":"en-GB","potentialAction":[{"@type":"ReadAction","target":["https:\/\/dmcsrb.com\/hronika\/rakocevic-na-kljucnim-funkcijama-u-up-su-profesionalci-bez-mrlje-u-karijeri\/"]}]},{"@type":"ImageObject","inLanguage":"en-GB","@id":"https:\/\/dmcsrb.com\/hronika\/rakocevic-na-kljucnim-funkcijama-u-up-su-profesionalci-bez-mrlje-u-karijeri\/#primaryimage","url":"https:\/\/dmcsrb.com\/wp-content\/uploads\/2026\/01\/Rakocevic-1.webp","contentUrl":"https:\/\/dmcsrb.com\/wp-content\/uploads\/2026\/01\/Rakocevic-1.webp","width":855,"height":439},{"@type":"BreadcrumbList","@id":"https:\/\/dmcsrb.com\/hronika\/rakocevic-na-kljucnim-funkcijama-u-up-su-profesionalci-bez-mrlje-u-karijeri\/#breadcrumb","itemListElement":[{"@type":"ListItem","position":1,"name":"Home","item":"https:\/\/dmcsrb.com\/"},{"@type":"ListItem","position":2,"name":"Rako\u010devi\u0107: Na klju\u010dnim funkcijama u UP su profesionalci, bez mrlje u karijeri"}]},{"@type":"WebSite","@id":"https:\/\/dmcsrb.com\/#website","url":"https:\/\/dmcsrb.com\/","name":"dmcsrb.com","description":"","potentialAction":[{"@type":"SearchAction","target":{"@type":"EntryPoint","urlTemplate":"https:\/\/dmcsrb.com\/?s={search_term_string}"},"query-input":{"@type":"PropertyValueSpecification","valueRequired":true,"valueName":"search_term_string"}}],"inLanguage":"en-GB"},{"@type":"Person","@id":"https:\/\/dmcsrb.com\/#\/schema\/person\/5c39170f12db1b8b457732d0b5c854e2","name":"dmcsrbija.com@gmail.com","image":{"@type":"ImageObject","inLanguage":"en-GB","@id":"https:\/\/secure.gravatar.com\/avatar\/68592660ad6347fad0fb587f8d5d8f1a7b44961362f56e4f2cd524feb87e9069?s=96&d=mm&r=g","url":"https:\/\/secure.gravatar.com\/avatar\/68592660ad6347fad0fb587f8d5d8f1a7b44961362f56e4f2cd524feb87e9069?s=96&d=mm&r=g","contentUrl":"https:\/\/secure.gravatar.com\/avatar\/68592660ad6347fad0fb587f8d5d8f1a7b44961362f56e4f2cd524feb87e9069?s=96&d=mm&r=g","caption":"dmcsrbija.com@gmail.com"},"sameAs":["https:\/\/dmcsrb.com"],"url":"https:\/\/dmcsrb.com\/en\/author\/dmcsrbija-comgmail-com\/"}]}},"_links":{"self":[{"href":"https:\/\/dmcsrb.com\/en\/wp-json\/wp\/v2\/posts\/956070","targetHints":{"allow":["GET"]}}],"collection":[{"href":"https:\/\/dmcsrb.com\/en\/wp-json\/wp\/v2\/posts"}],"about":[{"href":"https:\/\/dmcsrb.com\/en\/wp-json\/wp\/v2\/types\/post"}],"author":[{"embeddable":true,"href":"https:\/\/dmcsrb.com\/en\/wp-json\/wp\/v2\/users\/1"}],"replies":[{"embeddable":true,"href":"https:\/\/dmcsrb.com\/en\/wp-json\/wp\/v2\/comments?post=956070"}],"version-history":[{"count":0,"href":"https:\/\/dmcsrb.com\/en\/wp-json\/wp\/v2\/posts\/956070\/revisions"}],"wp:featuredmedia":[{"embeddable":true,"href":"https:\/\/dmcsrb.com\/en\/wp-json\/wp\/v2\/media\/956071"}],"wp:attachment":[{"href":"https:\/\/dmcsrb.com\/en\/wp-json\/wp\/v2\/media?parent=956070"}],"wp:term":[{"taxonomy":"category","embeddable":true,"href":"https:\/\/dmcsrb.com\/en\/wp-json\/wp\/v2\/categories?post=956070"},{"taxonomy":"post_tag","embeddable":true,"href":"https:\/\/dmcsrb.com\/en\/wp-json\/wp\/v2\/tags?post=956070"},{"taxonomy":"naslovna","embeddable":true,"href":"https:\/\/dmcsrb.com\/en\/wp-json\/wp\/v2\/naslovna?post=956070"}],"curies":[{"name":"wp","href":"https:\/\/api.w.org\/{rel}","templated":true}]}}