{"id":956058,"date":"2025-10-06T10:25:00","date_gmt":"2025-10-06T08:25:00","guid":{"rendered":"https:\/\/dmcsrb.com\/uncategorized\/uhapsen-predrag-boskovic-saslusan-u-spo-u\/"},"modified":"2025-10-06T10:25:00","modified_gmt":"2025-10-06T08:25:00","slug":"uhapsen-predrag-boskovic-saslusan-u-spo-u","status":"publish","type":"post","link":"https:\/\/dmcsrb.com\/en\/hronika\/uhapsen-predrag-boskovic-saslusan-u-spo-u\/","title":{"rendered":"Uhap\u0161en Predrag Bo\u0161kovi\u0107, saslu\u0161an u SPO-u"},"content":{"rendered":"<p><\/p>\n\n\n\n<p>On je uhap\u0161en u okviru istrage protiv biznismena Aleksandra Mijajlovi\u0107a.&nbsp;<\/p>\n\n\n\n<p>Bo\u0161kovi\u010d je uhap\u0161en jutros na podgori\u010dkom aerodromu.&nbsp;<\/p>\n\n\n\n<p>Odlukom sudije za istragu biznismenu Aleksandru Mijajlovi\u0107u i biv\u0161em oficiru policije Dragu Spi\u010danovi\u0107u odre\u0111en je pritvor do 30 dana, tu\u017eiteljki Andrijani Nasti\u0107 oduzete su putne isprave, a policajcu Vladanu Lazovi\u0107u i biv\u0161em funkcioneru policije Milovanu Pavi\u0107evi\u0107u odre\u0111ena je mjera zadr\u017eavanja u stanu. To je za RTCG saop\u0161tila savjetnica za odnose sa javno\u0161\u0107u Vi\u0161eg suda, Ivana Vukmirovi\u0107.<\/p>\n\n\n\n<p>Nezvani\u010dno, njih SDT tereti da su radili protiv bezbjednosnog sistema i stvarali kriminalnu organizaciju.<\/p>\n\n\n\n<p>SDT se povodom ovog pitanja jo\u0161 nije ogla\u0161avalo.<\/p>\n\n\n\n<p>Na pitanje za \u0161ta se okrivljeni zvani\u010dno terete, advokat Marko Radovi\u0107 za TVCG ka\u017ee da se radi o optu\u017ebama za stvaranje kriminalne organizacije.<\/p>\n\n\n\n<p>&#8220;Okrivljeni se terete za krivi\u010dno djelo stvaranje kriminalne organizacije, iz \u010dlana 401 a, stav 2 uvezi stava 1. Konkretno moj branjenik Vladan Lazovi\u0107 za krivi\u010dno djelo iz stava 2, dakle kao pripadnik kriminalne organizacije i stavljaju mu se na teret jo\u0161 dva krivi\u010dna djela &#8211; odavanje tajnih podataka iz \u010dlana 369 Krivi\u010dnog zakonika. S obzirom da je istraga tajna, ne mogu vam re\u0107i vi\u0161e, osim ovih pravnih kvalifikacija&#8221;, naveo je Radovi\u0107 za TVCG.<\/p>\n\n\n\n<p>Kako je istakao, mo\u017ee se re\u0107i da se radi o jednom vrlo specifi\u010dnom predmetu.<\/p>\n\n\n\n<p>&#8220;Formalno-pravno gledano, u smislu pravnih kvalifikacija i visine zaprije\u0107enih kazni za ta krivi\u010dna djela, odnosno pravne kvalifikacije, mogu re\u0107i da se radi o relativno ozbilnjim optu\u017ebama, ali, gledaju\u0107i \u017eivotno i \u010dinjeni\u010dno, bez namjere da zvu\u010dim pocjenjiva\u010dki ili pretenciozno, kako god ho\u0107ete, radi se o bizarnim optu\u017ebama. U tom smislu mogu re\u0107i da se radi o jednom od najspecifi\u010dnijih predmeta u kojima sam ja do sada postupao. Takvoga stava su bile i kolege sa mnogo du\u017eim sta\u017eom u advokaturi. Radi se o, mogu slobodno re\u0107i, jednom eksperimentu koji, nadam se da ne\u0107e do\u017eivjeti svoju afirmaciju u vidu optu\u017enog akta, a da ne govorimo, osu\u0111uju\u0107e presude&#8221;, istakao je Radovi\u0107.<\/p>\n\n\n\n<p><\/p>","protected":false},"excerpt":{"rendered":"<p>Biv\u0161i ministar odbrane i nekada\u0161nji poslanik Demokratske partije socijalista Predrag Bo\u0161kovi\u0107 uhap\u0161en je jutros po nalogu Specijalnog dr\u017eavnog tu\u017eila\u0161tva.<\/p>","protected":false},"author":1,"featured_media":956059,"comment_status":"open","ping_status":"open","sticky":false,"template":"","format":"standard","meta":{"_acf_changed":false,"footnotes":""},"categories":[17],"tags":[82,10387,779,2203],"naslovna":[],"class_list":["post-956058","post","type-post","status-publish","format-standard","has-post-thumbnail","hentry","category-hronika","tag-hapsenje","tag-predrag-boskovic","tag-sdt","tag-spo"],"acf":[],"yoast_head":"<!-- This site is optimized with the Yoast SEO plugin v27.4 - https:\/\/yoast.com\/product\/yoast-seo-wordpress\/ -->\n<title>Uhap\u0161en Predrag Bo\u0161kovi\u0107, saslu\u0161an u SPO-u - dmcsrb.com<\/title>\n<meta name=\"robots\" content=\"index, follow, max-snippet:-1, max-image-preview:large, max-video-preview:-1\" \/>\n<link rel=\"canonical\" href=\"https:\/\/dmcsrb.com\/en\/hronika\/uhapsen-predrag-boskovic-saslusan-u-spo-u\/\" \/>\n<meta property=\"og:locale\" content=\"en_GB\" \/>\n<meta property=\"og:type\" content=\"article\" \/>\n<meta property=\"og:title\" content=\"Uhap\u0161en Predrag Bo\u0161kovi\u0107, saslu\u0161an u SPO-u - dmcsrb.com\" \/>\n<meta property=\"og:description\" content=\"Biv\u0161i ministar odbrane i nekada\u0161nji poslanik Demokratske partije socijalista Predrag Bo\u0161kovi\u0107 uhap\u0161en je jutros po nalogu Specijalnog dr\u017eavnog tu\u017eila\u0161tva.\" \/>\n<meta property=\"og:url\" content=\"https:\/\/dmcsrb.com\/en\/hronika\/uhapsen-predrag-boskovic-saslusan-u-spo-u\/\" \/>\n<meta property=\"og:site_name\" content=\"dmcsrb.com\" \/>\n<meta property=\"article:published_time\" content=\"2025-10-06T08:25:00+00:00\" \/>\n<meta property=\"og:image\" content=\"https:\/\/dmcsrb.com\/wp-content\/uploads\/2026\/01\/0-02-05-7c2c87544d031b23e6ba20f8aaf29a6fa64d1fc7b757ed837bcd568012a67544_4cf45f10a486c1ed_675x900.webp\" \/>\n\t<meta property=\"og:image:width\" content=\"900\" \/>\n\t<meta property=\"og:image:height\" content=\"675\" \/>\n\t<meta property=\"og:image:type\" content=\"image\/jpeg\" \/>\n<meta name=\"author\" content=\"dmcsrbija.com@gmail.com\" \/>\n<meta name=\"twitter:card\" content=\"summary_large_image\" \/>\n<meta name=\"twitter:label1\" content=\"Written by\" \/>\n\t<meta name=\"twitter:data1\" content=\"dmcsrbija.com@gmail.com\" \/>\n\t<meta name=\"twitter:label2\" content=\"Estimated reading time\" \/>\n\t<meta name=\"twitter:data2\" content=\"2 minutes\" \/>\n<script type=\"application\/ld+json\" class=\"yoast-schema-graph\">{\"@context\":\"https:\\\/\\\/schema.org\",\"@graph\":[{\"@type\":\"Article\",\"@id\":\"https:\\\/\\\/dmcsrb.com\\\/hronika\\\/uhapsen-predrag-boskovic-saslusan-u-spo-u\\\/#article\",\"isPartOf\":{\"@id\":\"https:\\\/\\\/dmcsrb.com\\\/hronika\\\/uhapsen-predrag-boskovic-saslusan-u-spo-u\\\/\"},\"author\":{\"name\":\"dmcsrbija.com@gmail.com\",\"@id\":\"https:\\\/\\\/dmcsrb.com\\\/#\\\/schema\\\/person\\\/5c39170f12db1b8b457732d0b5c854e2\"},\"headline\":\"Uhap\u0161en Predrag Bo\u0161kovi\u0107, saslu\u0161an u SPO-u\",\"datePublished\":\"2025-10-06T08:25:00+00:00\",\"mainEntityOfPage\":{\"@id\":\"https:\\\/\\\/dmcsrb.com\\\/hronika\\\/uhapsen-predrag-boskovic-saslusan-u-spo-u\\\/\"},\"wordCount\":371,\"commentCount\":0,\"image\":{\"@id\":\"https:\\\/\\\/dmcsrb.com\\\/hronika\\\/uhapsen-predrag-boskovic-saslusan-u-spo-u\\\/#primaryimage\"},\"thumbnailUrl\":\"https:\\\/\\\/dmcsrb.com\\\/wp-content\\\/uploads\\\/2026\\\/01\\\/0-02-05-7c2c87544d031b23e6ba20f8aaf29a6fa64d1fc7b757ed837bcd568012a67544_4cf45f10a486c1ed_675x900.webp\",\"keywords\":[\"hap\u0161enje\",\"Predrag Bo\u0161kovi\u0107\",\"SDT\",\"SPO\"],\"articleSection\":[\"Hronika\"],\"inLanguage\":\"en-GB\",\"potentialAction\":[{\"@type\":\"CommentAction\",\"name\":\"Comment\",\"target\":[\"https:\\\/\\\/dmcsrb.com\\\/hronika\\\/uhapsen-predrag-boskovic-saslusan-u-spo-u\\\/#respond\"]}]},{\"@type\":\"WebPage\",\"@id\":\"https:\\\/\\\/dmcsrb.com\\\/hronika\\\/uhapsen-predrag-boskovic-saslusan-u-spo-u\\\/\",\"url\":\"https:\\\/\\\/dmcsrb.com\\\/hronika\\\/uhapsen-predrag-boskovic-saslusan-u-spo-u\\\/\",\"name\":\"Uhap\u0161en Predrag Bo\u0161kovi\u0107, saslu\u0161an u SPO-u - dmcsrb.com\",\"isPartOf\":{\"@id\":\"https:\\\/\\\/dmcsrb.com\\\/#website\"},\"primaryImageOfPage\":{\"@id\":\"https:\\\/\\\/dmcsrb.com\\\/hronika\\\/uhapsen-predrag-boskovic-saslusan-u-spo-u\\\/#primaryimage\"},\"image\":{\"@id\":\"https:\\\/\\\/dmcsrb.com\\\/hronika\\\/uhapsen-predrag-boskovic-saslusan-u-spo-u\\\/#primaryimage\"},\"thumbnailUrl\":\"https:\\\/\\\/dmcsrb.com\\\/wp-content\\\/uploads\\\/2026\\\/01\\\/0-02-05-7c2c87544d031b23e6ba20f8aaf29a6fa64d1fc7b757ed837bcd568012a67544_4cf45f10a486c1ed_675x900.webp\",\"datePublished\":\"2025-10-06T08:25:00+00:00\",\"author\":{\"@id\":\"https:\\\/\\\/dmcsrb.com\\\/#\\\/schema\\\/person\\\/5c39170f12db1b8b457732d0b5c854e2\"},\"breadcrumb\":{\"@id\":\"https:\\\/\\\/dmcsrb.com\\\/hronika\\\/uhapsen-predrag-boskovic-saslusan-u-spo-u\\\/#breadcrumb\"},\"inLanguage\":\"en-GB\",\"potentialAction\":[{\"@type\":\"ReadAction\",\"target\":[\"https:\\\/\\\/dmcsrb.com\\\/hronika\\\/uhapsen-predrag-boskovic-saslusan-u-spo-u\\\/\"]}]},{\"@type\":\"ImageObject\",\"inLanguage\":\"en-GB\",\"@id\":\"https:\\\/\\\/dmcsrb.com\\\/hronika\\\/uhapsen-predrag-boskovic-saslusan-u-spo-u\\\/#primaryimage\",\"url\":\"https:\\\/\\\/dmcsrb.com\\\/wp-content\\\/uploads\\\/2026\\\/01\\\/0-02-05-7c2c87544d031b23e6ba20f8aaf29a6fa64d1fc7b757ed837bcd568012a67544_4cf45f10a486c1ed_675x900.webp\",\"contentUrl\":\"https:\\\/\\\/dmcsrb.com\\\/wp-content\\\/uploads\\\/2026\\\/01\\\/0-02-05-7c2c87544d031b23e6ba20f8aaf29a6fa64d1fc7b757ed837bcd568012a67544_4cf45f10a486c1ed_675x900.webp\",\"width\":900,\"height\":675},{\"@type\":\"BreadcrumbList\",\"@id\":\"https:\\\/\\\/dmcsrb.com\\\/hronika\\\/uhapsen-predrag-boskovic-saslusan-u-spo-u\\\/#breadcrumb\",\"itemListElement\":[{\"@type\":\"ListItem\",\"position\":1,\"name\":\"Home\",\"item\":\"https:\\\/\\\/dmcsrb.com\\\/\"},{\"@type\":\"ListItem\",\"position\":2,\"name\":\"Uhap\u0161en Predrag Bo\u0161kovi\u0107, saslu\u0161an u SPO-u\"}]},{\"@type\":\"WebSite\",\"@id\":\"https:\\\/\\\/dmcsrb.com\\\/#website\",\"url\":\"https:\\\/\\\/dmcsrb.com\\\/\",\"name\":\"dmcsrb.com\",\"description\":\"\",\"potentialAction\":[{\"@type\":\"SearchAction\",\"target\":{\"@type\":\"EntryPoint\",\"urlTemplate\":\"https:\\\/\\\/dmcsrb.com\\\/?s={search_term_string}\"},\"query-input\":{\"@type\":\"PropertyValueSpecification\",\"valueRequired\":true,\"valueName\":\"search_term_string\"}}],\"inLanguage\":\"en-GB\"},{\"@type\":\"Person\",\"@id\":\"https:\\\/\\\/dmcsrb.com\\\/#\\\/schema\\\/person\\\/5c39170f12db1b8b457732d0b5c854e2\",\"name\":\"dmcsrbija.com@gmail.com\",\"image\":{\"@type\":\"ImageObject\",\"inLanguage\":\"en-GB\",\"@id\":\"https:\\\/\\\/secure.gravatar.com\\\/avatar\\\/68592660ad6347fad0fb587f8d5d8f1a7b44961362f56e4f2cd524feb87e9069?s=96&d=mm&r=g\",\"url\":\"https:\\\/\\\/secure.gravatar.com\\\/avatar\\\/68592660ad6347fad0fb587f8d5d8f1a7b44961362f56e4f2cd524feb87e9069?s=96&d=mm&r=g\",\"contentUrl\":\"https:\\\/\\\/secure.gravatar.com\\\/avatar\\\/68592660ad6347fad0fb587f8d5d8f1a7b44961362f56e4f2cd524feb87e9069?s=96&d=mm&r=g\",\"caption\":\"dmcsrbija.com@gmail.com\"},\"sameAs\":[\"https:\\\/\\\/dmcsrb.com\"],\"url\":\"https:\\\/\\\/dmcsrb.com\\\/en\\\/author\\\/dmcsrbija-comgmail-com\\\/\"}]}<\/script>\n<!-- \/ Yoast SEO plugin. -->","yoast_head_json":{"title":"Uhap\u0161en Predrag Bo\u0161kovi\u0107, saslu\u0161an u SPO-u - dmcsrb.com","robots":{"index":"index","follow":"follow","max-snippet":"max-snippet:-1","max-image-preview":"max-image-preview:large","max-video-preview":"max-video-preview:-1"},"canonical":"https:\/\/dmcsrb.com\/en\/hronika\/uhapsen-predrag-boskovic-saslusan-u-spo-u\/","og_locale":"en_GB","og_type":"article","og_title":"Uhap\u0161en Predrag Bo\u0161kovi\u0107, saslu\u0161an u SPO-u - dmcsrb.com","og_description":"Biv\u0161i ministar odbrane i nekada\u0161nji poslanik Demokratske partije socijalista Predrag Bo\u0161kovi\u0107 uhap\u0161en je jutros po nalogu Specijalnog dr\u017eavnog tu\u017eila\u0161tva.","og_url":"https:\/\/dmcsrb.com\/en\/hronika\/uhapsen-predrag-boskovic-saslusan-u-spo-u\/","og_site_name":"dmcsrb.com","article_published_time":"2025-10-06T08:25:00+00:00","og_image":[{"width":900,"height":675,"url":"https:\/\/dmcsrb.com\/wp-content\/uploads\/2026\/01\/0-02-05-7c2c87544d031b23e6ba20f8aaf29a6fa64d1fc7b757ed837bcd568012a67544_4cf45f10a486c1ed_675x900.webp","type":"image\/jpeg"}],"author":"dmcsrbija.com@gmail.com","twitter_card":"summary_large_image","twitter_misc":{"Written by":"dmcsrbija.com@gmail.com","Estimated reading time":"2 minutes"},"schema":{"@context":"https:\/\/schema.org","@graph":[{"@type":"Article","@id":"https:\/\/dmcsrb.com\/hronika\/uhapsen-predrag-boskovic-saslusan-u-spo-u\/#article","isPartOf":{"@id":"https:\/\/dmcsrb.com\/hronika\/uhapsen-predrag-boskovic-saslusan-u-spo-u\/"},"author":{"name":"dmcsrbija.com@gmail.com","@id":"https:\/\/dmcsrb.com\/#\/schema\/person\/5c39170f12db1b8b457732d0b5c854e2"},"headline":"Uhap\u0161en Predrag Bo\u0161kovi\u0107, saslu\u0161an u SPO-u","datePublished":"2025-10-06T08:25:00+00:00","mainEntityOfPage":{"@id":"https:\/\/dmcsrb.com\/hronika\/uhapsen-predrag-boskovic-saslusan-u-spo-u\/"},"wordCount":371,"commentCount":0,"image":{"@id":"https:\/\/dmcsrb.com\/hronika\/uhapsen-predrag-boskovic-saslusan-u-spo-u\/#primaryimage"},"thumbnailUrl":"https:\/\/dmcsrb.com\/wp-content\/uploads\/2026\/01\/0-02-05-7c2c87544d031b23e6ba20f8aaf29a6fa64d1fc7b757ed837bcd568012a67544_4cf45f10a486c1ed_675x900.webp","keywords":["hap\u0161enje","Predrag Bo\u0161kovi\u0107","SDT","SPO"],"articleSection":["Hronika"],"inLanguage":"en-GB","potentialAction":[{"@type":"CommentAction","name":"Comment","target":["https:\/\/dmcsrb.com\/hronika\/uhapsen-predrag-boskovic-saslusan-u-spo-u\/#respond"]}]},{"@type":"WebPage","@id":"https:\/\/dmcsrb.com\/hronika\/uhapsen-predrag-boskovic-saslusan-u-spo-u\/","url":"https:\/\/dmcsrb.com\/hronika\/uhapsen-predrag-boskovic-saslusan-u-spo-u\/","name":"Uhap\u0161en Predrag Bo\u0161kovi\u0107, saslu\u0161an u SPO-u - dmcsrb.com","isPartOf":{"@id":"https:\/\/dmcsrb.com\/#website"},"primaryImageOfPage":{"@id":"https:\/\/dmcsrb.com\/hronika\/uhapsen-predrag-boskovic-saslusan-u-spo-u\/#primaryimage"},"image":{"@id":"https:\/\/dmcsrb.com\/hronika\/uhapsen-predrag-boskovic-saslusan-u-spo-u\/#primaryimage"},"thumbnailUrl":"https:\/\/dmcsrb.com\/wp-content\/uploads\/2026\/01\/0-02-05-7c2c87544d031b23e6ba20f8aaf29a6fa64d1fc7b757ed837bcd568012a67544_4cf45f10a486c1ed_675x900.webp","datePublished":"2025-10-06T08:25:00+00:00","author":{"@id":"https:\/\/dmcsrb.com\/#\/schema\/person\/5c39170f12db1b8b457732d0b5c854e2"},"breadcrumb":{"@id":"https:\/\/dmcsrb.com\/hronika\/uhapsen-predrag-boskovic-saslusan-u-spo-u\/#breadcrumb"},"inLanguage":"en-GB","potentialAction":[{"@type":"ReadAction","target":["https:\/\/dmcsrb.com\/hronika\/uhapsen-predrag-boskovic-saslusan-u-spo-u\/"]}]},{"@type":"ImageObject","inLanguage":"en-GB","@id":"https:\/\/dmcsrb.com\/hronika\/uhapsen-predrag-boskovic-saslusan-u-spo-u\/#primaryimage","url":"https:\/\/dmcsrb.com\/wp-content\/uploads\/2026\/01\/0-02-05-7c2c87544d031b23e6ba20f8aaf29a6fa64d1fc7b757ed837bcd568012a67544_4cf45f10a486c1ed_675x900.webp","contentUrl":"https:\/\/dmcsrb.com\/wp-content\/uploads\/2026\/01\/0-02-05-7c2c87544d031b23e6ba20f8aaf29a6fa64d1fc7b757ed837bcd568012a67544_4cf45f10a486c1ed_675x900.webp","width":900,"height":675},{"@type":"BreadcrumbList","@id":"https:\/\/dmcsrb.com\/hronika\/uhapsen-predrag-boskovic-saslusan-u-spo-u\/#breadcrumb","itemListElement":[{"@type":"ListItem","position":1,"name":"Home","item":"https:\/\/dmcsrb.com\/"},{"@type":"ListItem","position":2,"name":"Uhap\u0161en Predrag Bo\u0161kovi\u0107, saslu\u0161an u SPO-u"}]},{"@type":"WebSite","@id":"https:\/\/dmcsrb.com\/#website","url":"https:\/\/dmcsrb.com\/","name":"dmcsrb.com","description":"","potentialAction":[{"@type":"SearchAction","target":{"@type":"EntryPoint","urlTemplate":"https:\/\/dmcsrb.com\/?s={search_term_string}"},"query-input":{"@type":"PropertyValueSpecification","valueRequired":true,"valueName":"search_term_string"}}],"inLanguage":"en-GB"},{"@type":"Person","@id":"https:\/\/dmcsrb.com\/#\/schema\/person\/5c39170f12db1b8b457732d0b5c854e2","name":"dmcsrbija.com@gmail.com","image":{"@type":"ImageObject","inLanguage":"en-GB","@id":"https:\/\/secure.gravatar.com\/avatar\/68592660ad6347fad0fb587f8d5d8f1a7b44961362f56e4f2cd524feb87e9069?s=96&d=mm&r=g","url":"https:\/\/secure.gravatar.com\/avatar\/68592660ad6347fad0fb587f8d5d8f1a7b44961362f56e4f2cd524feb87e9069?s=96&d=mm&r=g","contentUrl":"https:\/\/secure.gravatar.com\/avatar\/68592660ad6347fad0fb587f8d5d8f1a7b44961362f56e4f2cd524feb87e9069?s=96&d=mm&r=g","caption":"dmcsrbija.com@gmail.com"},"sameAs":["https:\/\/dmcsrb.com"],"url":"https:\/\/dmcsrb.com\/en\/author\/dmcsrbija-comgmail-com\/"}]}},"_links":{"self":[{"href":"https:\/\/dmcsrb.com\/en\/wp-json\/wp\/v2\/posts\/956058","targetHints":{"allow":["GET"]}}],"collection":[{"href":"https:\/\/dmcsrb.com\/en\/wp-json\/wp\/v2\/posts"}],"about":[{"href":"https:\/\/dmcsrb.com\/en\/wp-json\/wp\/v2\/types\/post"}],"author":[{"embeddable":true,"href":"https:\/\/dmcsrb.com\/en\/wp-json\/wp\/v2\/users\/1"}],"replies":[{"embeddable":true,"href":"https:\/\/dmcsrb.com\/en\/wp-json\/wp\/v2\/comments?post=956058"}],"version-history":[{"count":0,"href":"https:\/\/dmcsrb.com\/en\/wp-json\/wp\/v2\/posts\/956058\/revisions"}],"wp:featuredmedia":[{"embeddable":true,"href":"https:\/\/dmcsrb.com\/en\/wp-json\/wp\/v2\/media\/956059"}],"wp:attachment":[{"href":"https:\/\/dmcsrb.com\/en\/wp-json\/wp\/v2\/media?parent=956058"}],"wp:term":[{"taxonomy":"category","embeddable":true,"href":"https:\/\/dmcsrb.com\/en\/wp-json\/wp\/v2\/categories?post=956058"},{"taxonomy":"post_tag","embeddable":true,"href":"https:\/\/dmcsrb.com\/en\/wp-json\/wp\/v2\/tags?post=956058"},{"taxonomy":"naslovna","embeddable":true,"href":"https:\/\/dmcsrb.com\/en\/wp-json\/wp\/v2\/naslovna?post=956058"}],"curies":[{"name":"wp","href":"https:\/\/api.w.org\/{rel}","templated":true}]}}