{"id":956047,"date":"2025-10-06T09:00:00","date_gmt":"2025-10-06T07:00:00","guid":{"rendered":"https:\/\/dmcsrb.com\/uncategorized\/nacionalni-parkovi-crne-gore-ogranicena-nadleznost-u-slucajevima-nelegalne-gradnje\/"},"modified":"2025-10-06T09:00:00","modified_gmt":"2025-10-06T07:00:00","slug":"nacionalni-parkovi-crne-gore-ogranicena-nadleznost-u-slucajevima-nelegalne-gradnje","status":"publish","type":"post","link":"https:\/\/dmcsrb.com\/en\/drustvo\/nacionalni-parkovi-crne-gore-ogranicena-nadleznost-u-slucajevima-nelegalne-gradnje\/","title":{"rendered":"Nacionalni parkovi Crne Gore: Ograni\u010dena nadle\u017enost u slu\u010dajevima nelegalne gradnje"},"content":{"rendered":"<p>Panel diskusija posve\u0107ena o\u010duvanju Nacionalnog parka Durmitor i rijeke Tare organizovana je na \u017dabljaku uz prisustvo brojnih predstavnika dr\u017eavnih instuticija, organa i pojedinaca, a poseban akcenat stavljen je na nelegalnu gradnju kao jednu od trenutno najve\u0107ih prijetnji o\u010duvanju za\u0161ti\u0107enih podru\u010dja.<\/p>\n\n\n\n<p>Durmitor i Tara nijesu samo prirodna dobra, ve\u0107 simboli Crne Gore. Njihovo o\u010duvanje je i moralna i razvojna obaveza \u2013 jer od toga kako danas upravljamo ovim prostorima zavisi kakve \u0107emo ih ostaviti budu\u0107im generacijama \u0161to nije obaveza samo jedne institucije, ve\u0107 svih u dru\u0161tvu, poru\u010deno je sa panela.<\/p>\n\n\n\n<p>\u201eSvjesni smo da otvaranje ovakvih tema nije lako. Nerijetko one dodiruju osjetljiva pitanja \u2013 od bespravne gradnje i pritisaka investicija, do potrebe da lokalne zajednice imaju podr\u0161ku i alternativne izvore prihoda. Ali vjerujem da je snaga upravo u tome \u0161to ne bje\u017eimo od problema, ve\u0107 ih hrabro stavljamo na sto i zajedno tra\u017eimo rje\u0161enja. To je obaveza JPNPCG, ali i svih nas \u2013 da budemo glas prirode koja se sama ne mo\u017ee odbraniti. Svi znamo da je pritisak na prirodu sve ve\u0107i \u2013 od prekomjernog kori\u0161\u0107enja resursa, do izazova koje donose klimatske promjene. Zato je na\u0161 zadatak ne samo da ukazujemo na ove izazove, ve\u0107 i da zajedni\u010dki pronalazimo odr\u017eiva i realna rje\u0161enja, uva\u017eavaju\u0107i i potrebe ljudi i zahtjeve prirode\u201c, kazala je direktorica JPNPCG <strong>Marinela \u0110ureti\u0107<\/strong>.<\/p>\n\n\n\n<p>Ona je istakla da je velika odgovornost govoriti unutar sistema gdje je Nacionalnim parkovima Crne Gore veoma ograni\u010dene nadle\u017enosti u postupanju u slu\u010dajevima divlje gradnje, te je zbog toga ovo preduze\u0107e u nezavidnoj poziciji.<\/p>\n\n\n\n<p>\u201eMoram ista\u0107i da JPNPCG \u010deka ve\u0107 10 godina transformaciju preduze\u0107a, zato nam je posebno zadovoljstvo \u0161to se i legislativa po\u010dela mijenjati. Na\u0161a borba protiv nelegalnih aktivnosti nije laka i svodi se naj\u010de\u0161\u0107e na poku\u0161aje bez mogu\u0107nosti konkretnog djelovanja. Mi nemamo nadle\u017enost uklanjanja objekata ili stopiranja gradnje, a nema ni adekvatnog odgovora nadle\u017enih institucija i sistemskog djelovanja \u0161to dodatno ote\u017eava posao za\u0161tite prirode. Zato smo danas tu da uka\u017eemo na ove izazove, jer na\u0161e djelovanje zavisi upravo od nadle\u017enih dr\u017eavnih organa\u201c, objasnila je ona.<\/p>\n\n\n\n<p>U\u010desnici panela, kako su naveli, ostali su uskra\u0107eni za prave informacije kada je nelegalna gradnja u parkovima u pitanju, jer se predstavnici Ministarstva prostornog planiranja i urbanizma, iako su prethodno potvrdili svoje u\u010de\u0161\u0107e na panelu, na samom doga\u0111aju nijesu pojavili.<\/p>\n\n\n\n<p>Predstavnik Agencije za za\u0161titu \u017eivotne sredine <strong>Zlatko Buli\u0107<\/strong> podsjetio je i na to da su granice NP Durmitor, koji je UNESCO za\u0161ti\u0107eno podru\u010dje, upravo mijenjane zbog prekomjerne nelegalne gradnje \u010ditavih naselja. On je istakao da se ova pojava u poslednjih deset godina intenzivirala, te je do\u0161lo do velike ekspanzije i stihijske gradnje i devastacije terena koja je neuskla\u0111ena sa prostorom.<\/p>\n\n\n\n<p>\u201eNisam \u010duo jo\u0161 da je neko ka\u017enjen zbog nelegalne gradnje ili da je neki objekat zbog toga sru\u0161en. \u010cesto se \u017eeli ugoditi famoznim investitorima, pa se nekad \u010dudim kako pristupni put ka nekom selu ne dobije saglasnost nadle\u017enih organa, a projekat solitera na pjeni od mora pro\u0111e\u201c, dodao je on.<\/p>\n\n\n\n<p>Koordinatorka ekolo\u0161ke inspekcije <strong>Vesna Bigovi\u0107<\/strong> istakla je da se veoma \u010desto nadle\u017eni organi za nelegalnu gradnju proglase nenadle\u017enim, kao \u0161to je to bio slu\u010daj sa plutaju\u0107im objektom na Karu\u010du i da u tim situacijama reaguje Ekolo\u0161ka inspekcija kako bi podru\u010dje nacionalnih parkova za\u0161titili. Kao neke od izazova Bigovi\u0107 je navela manjak kadra, jer teren Crne Gore pokriva svega 8 inspektora. &nbsp;<\/p>\n\n\n\n<p>Da i druge insitucije sistema imaju iste probleme kada je u pitaju ljudstvo i tehnolo\u0161ka opremljenost potvrdio je i predstavnik Zavoda za hidrometeorologiju i seizmologiju <strong>Golub \u0106ulafi\u0107.<\/strong><\/p>\n\n\n\n<p>\u201eVeoma je nezahvalan na\u0161 polo\u017eaj kada moramo da dr\u017eavi obja\u0161njavamo zbog \u010dega su na\u0161e institucije i njihovo funkcionisanje bitno &#8211; da imamo jako slo\u017een sistem nadle\u017enosti i poslova. I za nas je neplanska i divlja gradnja problem kada je u pitanju za\u0161tita voda. Ministarstvo prostornog planiranja i urbanizma ne prepoznaje problem vodosnabdijevanja i o njemu se ne razmi\u0161lja prije davanja dozvola za gradnju i ne procjenjuje se da li su vodoizvori\u0161ta dovoljna za toliki broj objekata i stanovnika\u201c, objasnio je on.<\/p>\n\n\n\n<p>Prekomjerna i nelegalna gradnja, kako su istakli u\u010desnici panela, je i bezbjedonosno pitanja jer ve\u0107ina ovih objekat je sagra\u0111ena van standarda, u blizini \u0161uma i sa velikim rizikom po ljudske \u017eivote u slu\u010daju po\u017eara ili zemljotresa.<\/p>\n\n\n\n<p>Govore\u0107i o novim zakonskim rje\u0161enjima generalna direktorica Direktorata za za\u0161titu prirode u Ministarstvu ekologije, odr\u017eivog razvoja i razvoja sjevera <strong>Ilinka Alori\u0107<\/strong> istakla je da je nova legislativa predvidjela ve\u0107e kazne, ali da je sprovo\u0111enje zakona izazov zbog nedostatka kapaciteta nadle\u017enih inspekcija. Tako\u0111e, kao jedan od izazova navela je i komunikaciju sa gra\u0111anima i lokalnim samoupravama, te da Ministarstvo sprovodi kampanje koje imaju za cilj informisanje gra\u0111ana i podizanje svijesti o za\u0161ti\u0107enim podru\u010djima i projektima koji donose dobrobit i ovim podru\u010djima i mje\u0161tanima.<\/p>\n\n\n\n<p>Da je saradnja sa lokalnim stanovni\u0161tvom veoma va\u017ena potvrdila je i \u0110ureti\u0107 navode\u0107i da je u planovima upravljanja za naredni period ona jedna od strate\u0161kih obaveza Nacionalnih parkova, a organizovani su i participativni sastanci sa ciljem uklju\u010divanja lokalne zajednice u izradu ovih va\u017enih dokumenata.<\/p>\n\n\n\n<p>Tako\u0111e, na panelu je posebnan akcenat stavljen i na rad Slu\u017ebi za\u0161tite nacionalnih parkova koje su na terenu 24 \u010dasa i koje se susrije\u0107u sa velikim izazovima, a sa veoma oskudnom opremom i ograni\u010denim nadle\u017enostima. Poru\u010deno je i da na dr\u017eavnom nivou nije prepoznata potreba za finansijskom podr\u0161kom kada je za\u0161tita prirode i nacionalnih parkova u pitanju, a posebno imaju\u0107i u vidu da je poglavlje 27 jedno od najskupljih na putu ka EU.&nbsp; O iskustvima i primjerima dobre prakse u za\u0161titi prirode govorili su <strong>Hrvoje Mikul\u010di\u0107<\/strong> sa Fakulteta strojarstva i brodogradnje Univerziteta u Zagrebu i <strong>Dra\u0161ko Boljevi\u0107 &#8211;<\/strong> direktor Eko Fonda Crne Gore.<\/p>\n\n\n\n<p>Mikuli\u010di\u0107 je istakao da kroz projekat Horizont upravo podsti\u010du komunikaciju sa razli\u010ditim akterima, kako bi potrebe zajednice bile obuhva\u0107ene i na najbolji na\u010din se na\u0161la rje\u0161enja za su\u017eivot. Koliko je va\u017eno osvje\u0161\u0107avanje gra\u0111ana kada je u pitanju odnos prema prirodi i energetska efikasnost istakao je u svom izlaganju direktor Eko Fonda Dra\u0161ko Boljevi\u0107. On je iznio podatak da su kroz razli\u010dite projekte energetske efikasnosti u\u0161li u preko 15 hiljada doma\u0107instava, te najavio projekat u saradnji sa resornim Ministarstvom i GEF-om koji ima za cilj kreiranje mjera za sanaciju pritoka rijeke Tare u kojem u\u010destvuje vi\u0161e op\u0161tina i okviru kojeg \u0107e biti opredijeljenje subvencije za biopre\u010di\u0161\u0107iva\u010de za doma\u0107instva. &nbsp;<\/p>\n\n\n\n<p>Upravljanje nacionalnim parkovima zahtijeva sna\u017enu saradnju svih aktera \u2013 od dr\u017eavnih institucija i nau\u010dne zajednice, do lokalnih zajednica i me\u0111unarodnih partnera, a JPNPCG aktivno u\u010destvuje na me\u0111unarodnim projektima kao partner, me\u0111u kojima su EcoDaLLi i SWIM \u2013 projektima koji povezuju Crnu Goru sa evropskim i regionalnim partnerima u oblasti o\u010duvanja prirode i odr\u017eivog razvoja. S tim u vezi predstavnici sa Fakulteta strojarstva i brodogradnje sa Univerziteta u Zagrebu <strong>Filip Juri\u0107<\/strong> i <strong>Stela Perkovi\u0107 <\/strong>predstavili su prisutnima EcoDaLLi i SWIM projekat koji ima za cilj da kroz inovacije i mapiranje problema prona\u0111e najbolje rje\u0161enje za prirodu, \u0161to je za Crnu Goru posebno zna\u010dajno u susret poglavlju 27.<\/p>\n\n\n\n<p>O\u010duvanje nacionalnih parkova predstavlja temelj odr\u017eivog razvoja Crne Gore, a cilj JPNPCG nije zaustavljanje razvoja ve\u0107 njegovo usmjeravanje u skladu sa principima za\u0161tite prirode i odr\u017eivog kori\u0161\u0107enja resursa. Sa panela je poslata poruka da samo kroz odgovoran i koordinisan pristup svih nadle\u017enih institucija, lokalnih zajednica i partnera mogu\u0107e je sa\u010duvati Durmitor, Taru i ostale nacionalne parkove.<\/p>","protected":false},"excerpt":{"rendered":"<p>Panel diskusija posve\u0107ena o\u010duvanju Nacionalnog parka Durmitor i rijeke Tare organizovana je na \u017dabljaku uz prisustvo brojnih predstavnika dr\u017eavnih instuticija, organa i pojedinaca, a poseban akcenat stavljen je na nelegalnu gradnju kao jednu od trenutno najve\u0107ih prijetnji o\u010duvanju za\u0161ti\u0107enih podru\u010dja. Durmitor i Tara nijesu samo prirodna dobra, ve\u0107 simboli Crne Gore. Njihovo o\u010duvanje je i [&hellip;]<\/p>\n","protected":false},"author":1,"featured_media":956048,"comment_status":"open","ping_status":"open","sticky":false,"template":"","format":"standard","meta":{"_acf_changed":false,"footnotes":""},"categories":[2],"tags":[95,286,4028,1624,9209],"naslovna":[],"class_list":["post-956047","post","type-post","status-publish","format-standard","has-post-thumbnail","hentry","category-drustvo","tag-crna-gora","tag-drzava","tag-nelegalna-gradnja","tag-np","tag-priroda"],"acf":[],"yoast_head":"<!-- This site is optimized with the Yoast SEO plugin v27.4 - https:\/\/yoast.com\/product\/yoast-seo-wordpress\/ -->\n<title>Nacionalni parkovi Crne Gore: Ograni\u010dena nadle\u017enost u slu\u010dajevima nelegalne gradnje - dmcsrb.com<\/title>\n<meta name=\"robots\" content=\"index, follow, max-snippet:-1, max-image-preview:large, max-video-preview:-1\" \/>\n<link rel=\"canonical\" href=\"https:\/\/dmcsrb.com\/en\/drustvo\/nacionalni-parkovi-crne-gore-ogranicena-nadleznost-u-slucajevima-nelegalne-gradnje\/\" \/>\n<meta property=\"og:locale\" content=\"en_GB\" \/>\n<meta property=\"og:type\" content=\"article\" \/>\n<meta property=\"og:title\" content=\"Nacionalni parkovi Crne Gore: Ograni\u010dena nadle\u017enost u slu\u010dajevima nelegalne gradnje - dmcsrb.com\" \/>\n<meta property=\"og:description\" content=\"Panel diskusija posve\u0107ena o\u010duvanju Nacionalnog parka Durmitor i rijeke Tare organizovana je na \u017dabljaku uz prisustvo brojnih predstavnika dr\u017eavnih instuticija, organa i pojedinaca, a poseban akcenat stavljen je na nelegalnu gradnju kao jednu od trenutno najve\u0107ih prijetnji o\u010duvanju za\u0161ti\u0107enih podru\u010dja. Durmitor i Tara nijesu samo prirodna dobra, ve\u0107 simboli Crne Gore. Njihovo o\u010duvanje je i [&hellip;]\" \/>\n<meta property=\"og:url\" content=\"https:\/\/dmcsrb.com\/en\/drustvo\/nacionalni-parkovi-crne-gore-ogranicena-nadleznost-u-slucajevima-nelegalne-gradnje\/\" \/>\n<meta property=\"og:site_name\" content=\"dmcsrb.com\" \/>\n<meta property=\"article:published_time\" content=\"2025-10-06T07:00:00+00:00\" \/>\n<meta property=\"og:image\" content=\"https:\/\/dmcsrb.com\/wp-content\/uploads\/2026\/01\/Panel-NP-Durmitor-scaled-1.webp\" \/>\n\t<meta property=\"og:image:width\" content=\"2560\" \/>\n\t<meta property=\"og:image:height\" content=\"1703\" \/>\n\t<meta property=\"og:image:type\" content=\"image\/jpeg\" \/>\n<meta name=\"author\" content=\"dmcsrbija.com@gmail.com\" \/>\n<meta name=\"twitter:card\" content=\"summary_large_image\" \/>\n<meta name=\"twitter:label1\" content=\"Written by\" \/>\n\t<meta name=\"twitter:data1\" content=\"dmcsrbija.com@gmail.com\" \/>\n\t<meta name=\"twitter:label2\" content=\"Estimated reading time\" \/>\n\t<meta name=\"twitter:data2\" content=\"7 minutes\" \/>\n<script type=\"application\/ld+json\" class=\"yoast-schema-graph\">{\"@context\":\"https:\\\/\\\/schema.org\",\"@graph\":[{\"@type\":\"Article\",\"@id\":\"https:\\\/\\\/dmcsrb.com\\\/drustvo\\\/nacionalni-parkovi-crne-gore-ogranicena-nadleznost-u-slucajevima-nelegalne-gradnje\\\/#article\",\"isPartOf\":{\"@id\":\"https:\\\/\\\/dmcsrb.com\\\/drustvo\\\/nacionalni-parkovi-crne-gore-ogranicena-nadleznost-u-slucajevima-nelegalne-gradnje\\\/\"},\"author\":{\"name\":\"dmcsrbija.com@gmail.com\",\"@id\":\"https:\\\/\\\/dmcsrb.com\\\/#\\\/schema\\\/person\\\/5c39170f12db1b8b457732d0b5c854e2\"},\"headline\":\"Nacionalni parkovi Crne Gore: Ograni\u010dena nadle\u017enost u slu\u010dajevima nelegalne gradnje\",\"datePublished\":\"2025-10-06T07:00:00+00:00\",\"mainEntityOfPage\":{\"@id\":\"https:\\\/\\\/dmcsrb.com\\\/drustvo\\\/nacionalni-parkovi-crne-gore-ogranicena-nadleznost-u-slucajevima-nelegalne-gradnje\\\/\"},\"wordCount\":1348,\"commentCount\":0,\"image\":{\"@id\":\"https:\\\/\\\/dmcsrb.com\\\/drustvo\\\/nacionalni-parkovi-crne-gore-ogranicena-nadleznost-u-slucajevima-nelegalne-gradnje\\\/#primaryimage\"},\"thumbnailUrl\":\"https:\\\/\\\/dmcsrb.com\\\/wp-content\\\/uploads\\\/2026\\\/01\\\/Panel-NP-Durmitor-scaled-1.webp\",\"keywords\":[\"Crna Gora\",\"dr\u017eava\",\"nelegalna gradnja\",\"np\",\"Priroda\"],\"articleSection\":[\"Dru\u0161tvo\"],\"inLanguage\":\"en-GB\",\"potentialAction\":[{\"@type\":\"CommentAction\",\"name\":\"Comment\",\"target\":[\"https:\\\/\\\/dmcsrb.com\\\/drustvo\\\/nacionalni-parkovi-crne-gore-ogranicena-nadleznost-u-slucajevima-nelegalne-gradnje\\\/#respond\"]}]},{\"@type\":\"WebPage\",\"@id\":\"https:\\\/\\\/dmcsrb.com\\\/drustvo\\\/nacionalni-parkovi-crne-gore-ogranicena-nadleznost-u-slucajevima-nelegalne-gradnje\\\/\",\"url\":\"https:\\\/\\\/dmcsrb.com\\\/drustvo\\\/nacionalni-parkovi-crne-gore-ogranicena-nadleznost-u-slucajevima-nelegalne-gradnje\\\/\",\"name\":\"Nacionalni parkovi Crne Gore: Ograni\u010dena nadle\u017enost u slu\u010dajevima nelegalne gradnje - dmcsrb.com\",\"isPartOf\":{\"@id\":\"https:\\\/\\\/dmcsrb.com\\\/#website\"},\"primaryImageOfPage\":{\"@id\":\"https:\\\/\\\/dmcsrb.com\\\/drustvo\\\/nacionalni-parkovi-crne-gore-ogranicena-nadleznost-u-slucajevima-nelegalne-gradnje\\\/#primaryimage\"},\"image\":{\"@id\":\"https:\\\/\\\/dmcsrb.com\\\/drustvo\\\/nacionalni-parkovi-crne-gore-ogranicena-nadleznost-u-slucajevima-nelegalne-gradnje\\\/#primaryimage\"},\"thumbnailUrl\":\"https:\\\/\\\/dmcsrb.com\\\/wp-content\\\/uploads\\\/2026\\\/01\\\/Panel-NP-Durmitor-scaled-1.webp\",\"datePublished\":\"2025-10-06T07:00:00+00:00\",\"author\":{\"@id\":\"https:\\\/\\\/dmcsrb.com\\\/#\\\/schema\\\/person\\\/5c39170f12db1b8b457732d0b5c854e2\"},\"breadcrumb\":{\"@id\":\"https:\\\/\\\/dmcsrb.com\\\/drustvo\\\/nacionalni-parkovi-crne-gore-ogranicena-nadleznost-u-slucajevima-nelegalne-gradnje\\\/#breadcrumb\"},\"inLanguage\":\"en-GB\",\"potentialAction\":[{\"@type\":\"ReadAction\",\"target\":[\"https:\\\/\\\/dmcsrb.com\\\/drustvo\\\/nacionalni-parkovi-crne-gore-ogranicena-nadleznost-u-slucajevima-nelegalne-gradnje\\\/\"]}]},{\"@type\":\"ImageObject\",\"inLanguage\":\"en-GB\",\"@id\":\"https:\\\/\\\/dmcsrb.com\\\/drustvo\\\/nacionalni-parkovi-crne-gore-ogranicena-nadleznost-u-slucajevima-nelegalne-gradnje\\\/#primaryimage\",\"url\":\"https:\\\/\\\/dmcsrb.com\\\/wp-content\\\/uploads\\\/2026\\\/01\\\/Panel-NP-Durmitor-scaled-1.webp\",\"contentUrl\":\"https:\\\/\\\/dmcsrb.com\\\/wp-content\\\/uploads\\\/2026\\\/01\\\/Panel-NP-Durmitor-scaled-1.webp\",\"width\":2560,\"height\":1703},{\"@type\":\"BreadcrumbList\",\"@id\":\"https:\\\/\\\/dmcsrb.com\\\/drustvo\\\/nacionalni-parkovi-crne-gore-ogranicena-nadleznost-u-slucajevima-nelegalne-gradnje\\\/#breadcrumb\",\"itemListElement\":[{\"@type\":\"ListItem\",\"position\":1,\"name\":\"Home\",\"item\":\"https:\\\/\\\/dmcsrb.com\\\/\"},{\"@type\":\"ListItem\",\"position\":2,\"name\":\"Nacionalni parkovi Crne Gore: Ograni\u010dena nadle\u017enost u slu\u010dajevima nelegalne gradnje\"}]},{\"@type\":\"WebSite\",\"@id\":\"https:\\\/\\\/dmcsrb.com\\\/#website\",\"url\":\"https:\\\/\\\/dmcsrb.com\\\/\",\"name\":\"dmcsrb.com\",\"description\":\"\",\"potentialAction\":[{\"@type\":\"SearchAction\",\"target\":{\"@type\":\"EntryPoint\",\"urlTemplate\":\"https:\\\/\\\/dmcsrb.com\\\/?s={search_term_string}\"},\"query-input\":{\"@type\":\"PropertyValueSpecification\",\"valueRequired\":true,\"valueName\":\"search_term_string\"}}],\"inLanguage\":\"en-GB\"},{\"@type\":\"Person\",\"@id\":\"https:\\\/\\\/dmcsrb.com\\\/#\\\/schema\\\/person\\\/5c39170f12db1b8b457732d0b5c854e2\",\"name\":\"dmcsrbija.com@gmail.com\",\"image\":{\"@type\":\"ImageObject\",\"inLanguage\":\"en-GB\",\"@id\":\"https:\\\/\\\/secure.gravatar.com\\\/avatar\\\/68592660ad6347fad0fb587f8d5d8f1a7b44961362f56e4f2cd524feb87e9069?s=96&d=mm&r=g\",\"url\":\"https:\\\/\\\/secure.gravatar.com\\\/avatar\\\/68592660ad6347fad0fb587f8d5d8f1a7b44961362f56e4f2cd524feb87e9069?s=96&d=mm&r=g\",\"contentUrl\":\"https:\\\/\\\/secure.gravatar.com\\\/avatar\\\/68592660ad6347fad0fb587f8d5d8f1a7b44961362f56e4f2cd524feb87e9069?s=96&d=mm&r=g\",\"caption\":\"dmcsrbija.com@gmail.com\"},\"sameAs\":[\"https:\\\/\\\/dmcsrb.com\"],\"url\":\"https:\\\/\\\/dmcsrb.com\\\/en\\\/author\\\/dmcsrbija-comgmail-com\\\/\"}]}<\/script>\n<!-- \/ Yoast SEO plugin. -->","yoast_head_json":{"title":"Nacionalni parkovi Crne Gore: Ograni\u010dena nadle\u017enost u slu\u010dajevima nelegalne gradnje - dmcsrb.com","robots":{"index":"index","follow":"follow","max-snippet":"max-snippet:-1","max-image-preview":"max-image-preview:large","max-video-preview":"max-video-preview:-1"},"canonical":"https:\/\/dmcsrb.com\/en\/drustvo\/nacionalni-parkovi-crne-gore-ogranicena-nadleznost-u-slucajevima-nelegalne-gradnje\/","og_locale":"en_GB","og_type":"article","og_title":"Nacionalni parkovi Crne Gore: Ograni\u010dena nadle\u017enost u slu\u010dajevima nelegalne gradnje - dmcsrb.com","og_description":"Panel diskusija posve\u0107ena o\u010duvanju Nacionalnog parka Durmitor i rijeke Tare organizovana je na \u017dabljaku uz prisustvo brojnih predstavnika dr\u017eavnih instuticija, organa i pojedinaca, a poseban akcenat stavljen je na nelegalnu gradnju kao jednu od trenutno najve\u0107ih prijetnji o\u010duvanju za\u0161ti\u0107enih podru\u010dja. Durmitor i Tara nijesu samo prirodna dobra, ve\u0107 simboli Crne Gore. Njihovo o\u010duvanje je i [&hellip;]","og_url":"https:\/\/dmcsrb.com\/en\/drustvo\/nacionalni-parkovi-crne-gore-ogranicena-nadleznost-u-slucajevima-nelegalne-gradnje\/","og_site_name":"dmcsrb.com","article_published_time":"2025-10-06T07:00:00+00:00","og_image":[{"width":2560,"height":1703,"url":"https:\/\/dmcsrb.com\/wp-content\/uploads\/2026\/01\/Panel-NP-Durmitor-scaled-1.webp","type":"image\/jpeg"}],"author":"dmcsrbija.com@gmail.com","twitter_card":"summary_large_image","twitter_misc":{"Written by":"dmcsrbija.com@gmail.com","Estimated reading time":"7 minutes"},"schema":{"@context":"https:\/\/schema.org","@graph":[{"@type":"Article","@id":"https:\/\/dmcsrb.com\/drustvo\/nacionalni-parkovi-crne-gore-ogranicena-nadleznost-u-slucajevima-nelegalne-gradnje\/#article","isPartOf":{"@id":"https:\/\/dmcsrb.com\/drustvo\/nacionalni-parkovi-crne-gore-ogranicena-nadleznost-u-slucajevima-nelegalne-gradnje\/"},"author":{"name":"dmcsrbija.com@gmail.com","@id":"https:\/\/dmcsrb.com\/#\/schema\/person\/5c39170f12db1b8b457732d0b5c854e2"},"headline":"Nacionalni parkovi Crne Gore: Ograni\u010dena nadle\u017enost u slu\u010dajevima nelegalne gradnje","datePublished":"2025-10-06T07:00:00+00:00","mainEntityOfPage":{"@id":"https:\/\/dmcsrb.com\/drustvo\/nacionalni-parkovi-crne-gore-ogranicena-nadleznost-u-slucajevima-nelegalne-gradnje\/"},"wordCount":1348,"commentCount":0,"image":{"@id":"https:\/\/dmcsrb.com\/drustvo\/nacionalni-parkovi-crne-gore-ogranicena-nadleznost-u-slucajevima-nelegalne-gradnje\/#primaryimage"},"thumbnailUrl":"https:\/\/dmcsrb.com\/wp-content\/uploads\/2026\/01\/Panel-NP-Durmitor-scaled-1.webp","keywords":["Crna Gora","dr\u017eava","nelegalna gradnja","np","Priroda"],"articleSection":["Dru\u0161tvo"],"inLanguage":"en-GB","potentialAction":[{"@type":"CommentAction","name":"Comment","target":["https:\/\/dmcsrb.com\/drustvo\/nacionalni-parkovi-crne-gore-ogranicena-nadleznost-u-slucajevima-nelegalne-gradnje\/#respond"]}]},{"@type":"WebPage","@id":"https:\/\/dmcsrb.com\/drustvo\/nacionalni-parkovi-crne-gore-ogranicena-nadleznost-u-slucajevima-nelegalne-gradnje\/","url":"https:\/\/dmcsrb.com\/drustvo\/nacionalni-parkovi-crne-gore-ogranicena-nadleznost-u-slucajevima-nelegalne-gradnje\/","name":"Nacionalni parkovi Crne Gore: Ograni\u010dena nadle\u017enost u slu\u010dajevima nelegalne gradnje - dmcsrb.com","isPartOf":{"@id":"https:\/\/dmcsrb.com\/#website"},"primaryImageOfPage":{"@id":"https:\/\/dmcsrb.com\/drustvo\/nacionalni-parkovi-crne-gore-ogranicena-nadleznost-u-slucajevima-nelegalne-gradnje\/#primaryimage"},"image":{"@id":"https:\/\/dmcsrb.com\/drustvo\/nacionalni-parkovi-crne-gore-ogranicena-nadleznost-u-slucajevima-nelegalne-gradnje\/#primaryimage"},"thumbnailUrl":"https:\/\/dmcsrb.com\/wp-content\/uploads\/2026\/01\/Panel-NP-Durmitor-scaled-1.webp","datePublished":"2025-10-06T07:00:00+00:00","author":{"@id":"https:\/\/dmcsrb.com\/#\/schema\/person\/5c39170f12db1b8b457732d0b5c854e2"},"breadcrumb":{"@id":"https:\/\/dmcsrb.com\/drustvo\/nacionalni-parkovi-crne-gore-ogranicena-nadleznost-u-slucajevima-nelegalne-gradnje\/#breadcrumb"},"inLanguage":"en-GB","potentialAction":[{"@type":"ReadAction","target":["https:\/\/dmcsrb.com\/drustvo\/nacionalni-parkovi-crne-gore-ogranicena-nadleznost-u-slucajevima-nelegalne-gradnje\/"]}]},{"@type":"ImageObject","inLanguage":"en-GB","@id":"https:\/\/dmcsrb.com\/drustvo\/nacionalni-parkovi-crne-gore-ogranicena-nadleznost-u-slucajevima-nelegalne-gradnje\/#primaryimage","url":"https:\/\/dmcsrb.com\/wp-content\/uploads\/2026\/01\/Panel-NP-Durmitor-scaled-1.webp","contentUrl":"https:\/\/dmcsrb.com\/wp-content\/uploads\/2026\/01\/Panel-NP-Durmitor-scaled-1.webp","width":2560,"height":1703},{"@type":"BreadcrumbList","@id":"https:\/\/dmcsrb.com\/drustvo\/nacionalni-parkovi-crne-gore-ogranicena-nadleznost-u-slucajevima-nelegalne-gradnje\/#breadcrumb","itemListElement":[{"@type":"ListItem","position":1,"name":"Home","item":"https:\/\/dmcsrb.com\/"},{"@type":"ListItem","position":2,"name":"Nacionalni parkovi Crne Gore: Ograni\u010dena nadle\u017enost u slu\u010dajevima nelegalne gradnje"}]},{"@type":"WebSite","@id":"https:\/\/dmcsrb.com\/#website","url":"https:\/\/dmcsrb.com\/","name":"dmcsrb.com","description":"","potentialAction":[{"@type":"SearchAction","target":{"@type":"EntryPoint","urlTemplate":"https:\/\/dmcsrb.com\/?s={search_term_string}"},"query-input":{"@type":"PropertyValueSpecification","valueRequired":true,"valueName":"search_term_string"}}],"inLanguage":"en-GB"},{"@type":"Person","@id":"https:\/\/dmcsrb.com\/#\/schema\/person\/5c39170f12db1b8b457732d0b5c854e2","name":"dmcsrbija.com@gmail.com","image":{"@type":"ImageObject","inLanguage":"en-GB","@id":"https:\/\/secure.gravatar.com\/avatar\/68592660ad6347fad0fb587f8d5d8f1a7b44961362f56e4f2cd524feb87e9069?s=96&d=mm&r=g","url":"https:\/\/secure.gravatar.com\/avatar\/68592660ad6347fad0fb587f8d5d8f1a7b44961362f56e4f2cd524feb87e9069?s=96&d=mm&r=g","contentUrl":"https:\/\/secure.gravatar.com\/avatar\/68592660ad6347fad0fb587f8d5d8f1a7b44961362f56e4f2cd524feb87e9069?s=96&d=mm&r=g","caption":"dmcsrbija.com@gmail.com"},"sameAs":["https:\/\/dmcsrb.com"],"url":"https:\/\/dmcsrb.com\/en\/author\/dmcsrbija-comgmail-com\/"}]}},"_links":{"self":[{"href":"https:\/\/dmcsrb.com\/en\/wp-json\/wp\/v2\/posts\/956047","targetHints":{"allow":["GET"]}}],"collection":[{"href":"https:\/\/dmcsrb.com\/en\/wp-json\/wp\/v2\/posts"}],"about":[{"href":"https:\/\/dmcsrb.com\/en\/wp-json\/wp\/v2\/types\/post"}],"author":[{"embeddable":true,"href":"https:\/\/dmcsrb.com\/en\/wp-json\/wp\/v2\/users\/1"}],"replies":[{"embeddable":true,"href":"https:\/\/dmcsrb.com\/en\/wp-json\/wp\/v2\/comments?post=956047"}],"version-history":[{"count":0,"href":"https:\/\/dmcsrb.com\/en\/wp-json\/wp\/v2\/posts\/956047\/revisions"}],"wp:featuredmedia":[{"embeddable":true,"href":"https:\/\/dmcsrb.com\/en\/wp-json\/wp\/v2\/media\/956048"}],"wp:attachment":[{"href":"https:\/\/dmcsrb.com\/en\/wp-json\/wp\/v2\/media?parent=956047"}],"wp:term":[{"taxonomy":"category","embeddable":true,"href":"https:\/\/dmcsrb.com\/en\/wp-json\/wp\/v2\/categories?post=956047"},{"taxonomy":"post_tag","embeddable":true,"href":"https:\/\/dmcsrb.com\/en\/wp-json\/wp\/v2\/tags?post=956047"},{"taxonomy":"naslovna","embeddable":true,"href":"https:\/\/dmcsrb.com\/en\/wp-json\/wp\/v2\/naslovna?post=956047"}],"curies":[{"name":"wp","href":"https:\/\/api.w.org\/{rel}","templated":true}]}}