{"id":956022,"date":"2025-10-05T20:40:57","date_gmt":"2025-10-05T18:40:57","guid":{"rendered":"https:\/\/dmcsrb.com\/uncategorized\/porazi-crnogorskih-reprezentacija-u-prvom-kolu-evropskog-prvenstva\/"},"modified":"2025-10-05T20:40:57","modified_gmt":"2025-10-05T18:40:57","slug":"porazi-crnogorskih-reprezentacija-u-prvom-kolu-evropskog-prvenstva","status":"publish","type":"post","link":"https:\/\/dmcsrb.com\/en\/sport\/porazi-crnogorskih-reprezentacija-u-prvom-kolu-evropskog-prvenstva\/","title":{"rendered":"Porazi crnogorskih reprezentacija u prvom kolu Evropskog prvenstva"},"content":{"rendered":"<p>Muka reprezentacija je pora\u017eena od branioca titule, reprezentacije Srbije, koja je trijumfovala minimalnim rezultatom 2,5-1,5.<\/p>\n\n\n\n<p>Prvo je okon\u010dana partija na drugoj tabli, gdje su se aktuelni prvak Crne Gore Nikita Petrov i prvak Evrope iz 2023. godine Aleksej Sarana saglasili na remi nakon dvadeset poteza. Debitant u nacionalnom timu Nemanja Vuk\u010devi\u0107 je imao izvanredni poziciju protiv velemajstora Roberta Marku\u0161a, me\u0111utim u cajtnotu je napravio gre\u0161ku, koju je iskusno Marku\u0161 preciznom igrom pretvorio u poen i doveo Srbiju u vo\u0111stvo. Denis Kadri\u0107 i Aleksandar Predke odigrali su izuzetno sadr\u017eajnu partiju, koja je okon\u010dana remijem nakon ponavljanja poteza. \u0160ansu da poravna rezultat i donese bod, propustio je velemajstor Luka Dra\u0161kovi\u0107 u duelu sa kolegom po tituli Velimirom Ivi\u0107em, a remi je sklopljen u damskoj zavr\u0161nici.<\/p>\n\n\n\n<p>Na\u0161e dame pora\u017eene su maksimalnim rezultatom od reprezentacije \u0160vajcarske, uprkos dobroj igri. Alena Skvorcova ispustila je bolju poziciju, potcijeniv\u0161i matne prijetnje Marije Manko. Aleksandra Milovi\u0107 je pretrpjela poraz u duelu sa Sofijom Hrizlovom, nakon \u0161to je protivnici prepustila inicijativu. U duelu na prvoj tabli Aleksandra \u017derebcova je pora\u017eena od nekada\u0161nje svjetske prvakinje Aleksandre Kostenjuk, dok je Nikolina Koljevi\u0107 napravila grub previd nakon \u0161to je spasila poziciju i kada je djelovalo da \u0107e njena partija biti okon\u010dana remijem.<\/p>\n\n\n\n<p>Sjutra je na programu drugo kolo u kome se mu\u0161ka reprezentacija sastaje sa selekcijom Kosova, dok \u0107e dame imati te\u017eak zadatak u duelu sa sedmim nositeljkama, reprezentativkama \u0160panije.<\/p>\n\n\n\n<p>REZULTATI<\/p>\n\n\n\n<p>Alexandr Predke &#8211; Denis Kadri\u0107 remi<\/p>\n\n\n\n<p>Alexey Sarana &#8211; Nikita Petrov remi<\/p>\n\n\n\n<p>Velimir Ivi\u0107 &#8211; Luka Dra\u0161kovi\u0107 remi<\/p>\n\n\n\n<p>Robert Marku\u0161 &#8211; Nemanja Vuk\u010devi\u0107 1-0<\/p>\n\n\n\n<p>Crna Gora &#8211; \u0160vajcarska 0:4<\/p>\n\n\n\n<p>Alexandra Zherebtsova &#8211; Alexandra Kosteniuk 0-1<\/p>\n\n\n\n<p>Alena Skvortsova &#8211; Mariia Manoo 0-1<\/p>\n\n\n\n<p>Aleksandra Milovi\u0107 &#8211; Sofiia Hryzlova 0-1<\/p>\n\n\n\n<p>Nikolina Koljevi\u0107 &#8211; Or Shatil 0-1<\/p>\n\n\n\n<p><\/p>","protected":false},"excerpt":{"rendered":"<p>Reprezentacije Crne Gore pora\u017eene su u prvom kolu Evropskog ekipnog prvenstva koje je danas po\u010delo u gruzijskom Batumiju.<\/p>","protected":false},"author":1,"featured_media":956023,"comment_status":"open","ping_status":"open","sticky":false,"template":"","format":"standard","meta":{"_acf_changed":false,"footnotes":""},"categories":[148],"tags":[1639,10371],"naslovna":[],"class_list":["post-956022","post","type-post","status-publish","format-standard","has-post-thumbnail","hentry","category-sport","tag-sah-2","tag-sahovska-reprezentacija-crne-gore"],"acf":[],"yoast_head":"<!-- This site is optimized with the Yoast SEO plugin v27.4 - https:\/\/yoast.com\/product\/yoast-seo-wordpress\/ -->\n<title>Porazi crnogorskih reprezentacija u prvom kolu Evropskog prvenstva - dmcsrb.com<\/title>\n<meta name=\"robots\" content=\"index, follow, max-snippet:-1, max-image-preview:large, max-video-preview:-1\" \/>\n<link rel=\"canonical\" href=\"https:\/\/dmcsrb.com\/en\/sport\/porazi-crnogorskih-reprezentacija-u-prvom-kolu-evropskog-prvenstva\/\" \/>\n<meta property=\"og:locale\" content=\"en_GB\" \/>\n<meta property=\"og:type\" content=\"article\" \/>\n<meta property=\"og:title\" content=\"Porazi crnogorskih reprezentacija u prvom kolu Evropskog prvenstva - dmcsrb.com\" \/>\n<meta property=\"og:description\" content=\"Reprezentacije Crne Gore pora\u017eene su u prvom kolu Evropskog ekipnog prvenstva koje je danas po\u010delo u gruzijskom Batumiju.\" \/>\n<meta property=\"og:url\" content=\"https:\/\/dmcsrb.com\/en\/sport\/porazi-crnogorskih-reprezentacija-u-prvom-kolu-evropskog-prvenstva\/\" \/>\n<meta property=\"og:site_name\" content=\"dmcsrb.com\" \/>\n<meta property=\"article:published_time\" content=\"2025-10-05T18:40:57+00:00\" \/>\n<meta property=\"og:image\" content=\"https:\/\/dmcsrb.com\/wp-content\/uploads\/2026\/01\/Sah-SSCG-.webp\" \/>\n\t<meta property=\"og:image:width\" content=\"1280\" \/>\n\t<meta property=\"og:image:height\" content=\"853\" \/>\n\t<meta property=\"og:image:type\" content=\"image\/webp\" \/>\n<meta name=\"author\" content=\"dmcsrbija.com@gmail.com\" \/>\n<meta name=\"twitter:card\" content=\"summary_large_image\" \/>\n<meta name=\"twitter:label1\" content=\"Written by\" \/>\n\t<meta name=\"twitter:data1\" content=\"dmcsrbija.com@gmail.com\" \/>\n\t<meta name=\"twitter:label2\" content=\"Estimated reading time\" \/>\n\t<meta name=\"twitter:data2\" content=\"2 minutes\" \/>\n<script type=\"application\/ld+json\" class=\"yoast-schema-graph\">{\"@context\":\"https:\\\/\\\/schema.org\",\"@graph\":[{\"@type\":\"Article\",\"@id\":\"https:\\\/\\\/dmcsrb.com\\\/sport\\\/porazi-crnogorskih-reprezentacija-u-prvom-kolu-evropskog-prvenstva\\\/#article\",\"isPartOf\":{\"@id\":\"https:\\\/\\\/dmcsrb.com\\\/sport\\\/porazi-crnogorskih-reprezentacija-u-prvom-kolu-evropskog-prvenstva\\\/\"},\"author\":{\"name\":\"dmcsrbija.com@gmail.com\",\"@id\":\"https:\\\/\\\/dmcsrb.com\\\/#\\\/schema\\\/person\\\/5c39170f12db1b8b457732d0b5c854e2\"},\"headline\":\"Porazi crnogorskih reprezentacija u prvom kolu Evropskog prvenstva\",\"datePublished\":\"2025-10-05T18:40:57+00:00\",\"mainEntityOfPage\":{\"@id\":\"https:\\\/\\\/dmcsrb.com\\\/sport\\\/porazi-crnogorskih-reprezentacija-u-prvom-kolu-evropskog-prvenstva\\\/\"},\"wordCount\":310,\"commentCount\":0,\"image\":{\"@id\":\"https:\\\/\\\/dmcsrb.com\\\/sport\\\/porazi-crnogorskih-reprezentacija-u-prvom-kolu-evropskog-prvenstva\\\/#primaryimage\"},\"thumbnailUrl\":\"https:\\\/\\\/dmcsrb.com\\\/wp-content\\\/uploads\\\/2026\\\/01\\\/Sah-SSCG-.webp\",\"keywords\":[\"\u0161ah\",\"\u0160ahovska reprezentacija Crne Gore\"],\"articleSection\":[\"Sport\"],\"inLanguage\":\"en-GB\",\"potentialAction\":[{\"@type\":\"CommentAction\",\"name\":\"Comment\",\"target\":[\"https:\\\/\\\/dmcsrb.com\\\/sport\\\/porazi-crnogorskih-reprezentacija-u-prvom-kolu-evropskog-prvenstva\\\/#respond\"]}]},{\"@type\":\"WebPage\",\"@id\":\"https:\\\/\\\/dmcsrb.com\\\/sport\\\/porazi-crnogorskih-reprezentacija-u-prvom-kolu-evropskog-prvenstva\\\/\",\"url\":\"https:\\\/\\\/dmcsrb.com\\\/sport\\\/porazi-crnogorskih-reprezentacija-u-prvom-kolu-evropskog-prvenstva\\\/\",\"name\":\"Porazi crnogorskih reprezentacija u prvom kolu Evropskog prvenstva - dmcsrb.com\",\"isPartOf\":{\"@id\":\"https:\\\/\\\/dmcsrb.com\\\/#website\"},\"primaryImageOfPage\":{\"@id\":\"https:\\\/\\\/dmcsrb.com\\\/sport\\\/porazi-crnogorskih-reprezentacija-u-prvom-kolu-evropskog-prvenstva\\\/#primaryimage\"},\"image\":{\"@id\":\"https:\\\/\\\/dmcsrb.com\\\/sport\\\/porazi-crnogorskih-reprezentacija-u-prvom-kolu-evropskog-prvenstva\\\/#primaryimage\"},\"thumbnailUrl\":\"https:\\\/\\\/dmcsrb.com\\\/wp-content\\\/uploads\\\/2026\\\/01\\\/Sah-SSCG-.webp\",\"datePublished\":\"2025-10-05T18:40:57+00:00\",\"author\":{\"@id\":\"https:\\\/\\\/dmcsrb.com\\\/#\\\/schema\\\/person\\\/5c39170f12db1b8b457732d0b5c854e2\"},\"breadcrumb\":{\"@id\":\"https:\\\/\\\/dmcsrb.com\\\/sport\\\/porazi-crnogorskih-reprezentacija-u-prvom-kolu-evropskog-prvenstva\\\/#breadcrumb\"},\"inLanguage\":\"en-GB\",\"potentialAction\":[{\"@type\":\"ReadAction\",\"target\":[\"https:\\\/\\\/dmcsrb.com\\\/sport\\\/porazi-crnogorskih-reprezentacija-u-prvom-kolu-evropskog-prvenstva\\\/\"]}]},{\"@type\":\"ImageObject\",\"inLanguage\":\"en-GB\",\"@id\":\"https:\\\/\\\/dmcsrb.com\\\/sport\\\/porazi-crnogorskih-reprezentacija-u-prvom-kolu-evropskog-prvenstva\\\/#primaryimage\",\"url\":\"https:\\\/\\\/dmcsrb.com\\\/wp-content\\\/uploads\\\/2026\\\/01\\\/Sah-SSCG-.webp\",\"contentUrl\":\"https:\\\/\\\/dmcsrb.com\\\/wp-content\\\/uploads\\\/2026\\\/01\\\/Sah-SSCG-.webp\",\"width\":1280,\"height\":853},{\"@type\":\"BreadcrumbList\",\"@id\":\"https:\\\/\\\/dmcsrb.com\\\/sport\\\/porazi-crnogorskih-reprezentacija-u-prvom-kolu-evropskog-prvenstva\\\/#breadcrumb\",\"itemListElement\":[{\"@type\":\"ListItem\",\"position\":1,\"name\":\"Home\",\"item\":\"https:\\\/\\\/dmcsrb.com\\\/\"},{\"@type\":\"ListItem\",\"position\":2,\"name\":\"Porazi crnogorskih reprezentacija u prvom kolu Evropskog prvenstva\"}]},{\"@type\":\"WebSite\",\"@id\":\"https:\\\/\\\/dmcsrb.com\\\/#website\",\"url\":\"https:\\\/\\\/dmcsrb.com\\\/\",\"name\":\"dmcsrb.com\",\"description\":\"\",\"potentialAction\":[{\"@type\":\"SearchAction\",\"target\":{\"@type\":\"EntryPoint\",\"urlTemplate\":\"https:\\\/\\\/dmcsrb.com\\\/?s={search_term_string}\"},\"query-input\":{\"@type\":\"PropertyValueSpecification\",\"valueRequired\":true,\"valueName\":\"search_term_string\"}}],\"inLanguage\":\"en-GB\"},{\"@type\":\"Person\",\"@id\":\"https:\\\/\\\/dmcsrb.com\\\/#\\\/schema\\\/person\\\/5c39170f12db1b8b457732d0b5c854e2\",\"name\":\"dmcsrbija.com@gmail.com\",\"image\":{\"@type\":\"ImageObject\",\"inLanguage\":\"en-GB\",\"@id\":\"https:\\\/\\\/secure.gravatar.com\\\/avatar\\\/68592660ad6347fad0fb587f8d5d8f1a7b44961362f56e4f2cd524feb87e9069?s=96&d=mm&r=g\",\"url\":\"https:\\\/\\\/secure.gravatar.com\\\/avatar\\\/68592660ad6347fad0fb587f8d5d8f1a7b44961362f56e4f2cd524feb87e9069?s=96&d=mm&r=g\",\"contentUrl\":\"https:\\\/\\\/secure.gravatar.com\\\/avatar\\\/68592660ad6347fad0fb587f8d5d8f1a7b44961362f56e4f2cd524feb87e9069?s=96&d=mm&r=g\",\"caption\":\"dmcsrbija.com@gmail.com\"},\"sameAs\":[\"https:\\\/\\\/dmcsrb.com\"],\"url\":\"https:\\\/\\\/dmcsrb.com\\\/en\\\/author\\\/dmcsrbija-comgmail-com\\\/\"}]}<\/script>\n<!-- \/ Yoast SEO plugin. -->","yoast_head_json":{"title":"Porazi crnogorskih reprezentacija u prvom kolu Evropskog prvenstva - dmcsrb.com","robots":{"index":"index","follow":"follow","max-snippet":"max-snippet:-1","max-image-preview":"max-image-preview:large","max-video-preview":"max-video-preview:-1"},"canonical":"https:\/\/dmcsrb.com\/en\/sport\/porazi-crnogorskih-reprezentacija-u-prvom-kolu-evropskog-prvenstva\/","og_locale":"en_GB","og_type":"article","og_title":"Porazi crnogorskih reprezentacija u prvom kolu Evropskog prvenstva - dmcsrb.com","og_description":"Reprezentacije Crne Gore pora\u017eene su u prvom kolu Evropskog ekipnog prvenstva koje je danas po\u010delo u gruzijskom Batumiju.","og_url":"https:\/\/dmcsrb.com\/en\/sport\/porazi-crnogorskih-reprezentacija-u-prvom-kolu-evropskog-prvenstva\/","og_site_name":"dmcsrb.com","article_published_time":"2025-10-05T18:40:57+00:00","og_image":[{"width":1280,"height":853,"url":"https:\/\/dmcsrb.com\/wp-content\/uploads\/2026\/01\/Sah-SSCG-.webp","type":"image\/webp"}],"author":"dmcsrbija.com@gmail.com","twitter_card":"summary_large_image","twitter_misc":{"Written by":"dmcsrbija.com@gmail.com","Estimated reading time":"2 minutes"},"schema":{"@context":"https:\/\/schema.org","@graph":[{"@type":"Article","@id":"https:\/\/dmcsrb.com\/sport\/porazi-crnogorskih-reprezentacija-u-prvom-kolu-evropskog-prvenstva\/#article","isPartOf":{"@id":"https:\/\/dmcsrb.com\/sport\/porazi-crnogorskih-reprezentacija-u-prvom-kolu-evropskog-prvenstva\/"},"author":{"name":"dmcsrbija.com@gmail.com","@id":"https:\/\/dmcsrb.com\/#\/schema\/person\/5c39170f12db1b8b457732d0b5c854e2"},"headline":"Porazi crnogorskih reprezentacija u prvom kolu Evropskog prvenstva","datePublished":"2025-10-05T18:40:57+00:00","mainEntityOfPage":{"@id":"https:\/\/dmcsrb.com\/sport\/porazi-crnogorskih-reprezentacija-u-prvom-kolu-evropskog-prvenstva\/"},"wordCount":310,"commentCount":0,"image":{"@id":"https:\/\/dmcsrb.com\/sport\/porazi-crnogorskih-reprezentacija-u-prvom-kolu-evropskog-prvenstva\/#primaryimage"},"thumbnailUrl":"https:\/\/dmcsrb.com\/wp-content\/uploads\/2026\/01\/Sah-SSCG-.webp","keywords":["\u0161ah","\u0160ahovska reprezentacija Crne Gore"],"articleSection":["Sport"],"inLanguage":"en-GB","potentialAction":[{"@type":"CommentAction","name":"Comment","target":["https:\/\/dmcsrb.com\/sport\/porazi-crnogorskih-reprezentacija-u-prvom-kolu-evropskog-prvenstva\/#respond"]}]},{"@type":"WebPage","@id":"https:\/\/dmcsrb.com\/sport\/porazi-crnogorskih-reprezentacija-u-prvom-kolu-evropskog-prvenstva\/","url":"https:\/\/dmcsrb.com\/sport\/porazi-crnogorskih-reprezentacija-u-prvom-kolu-evropskog-prvenstva\/","name":"Porazi crnogorskih reprezentacija u prvom kolu Evropskog prvenstva - dmcsrb.com","isPartOf":{"@id":"https:\/\/dmcsrb.com\/#website"},"primaryImageOfPage":{"@id":"https:\/\/dmcsrb.com\/sport\/porazi-crnogorskih-reprezentacija-u-prvom-kolu-evropskog-prvenstva\/#primaryimage"},"image":{"@id":"https:\/\/dmcsrb.com\/sport\/porazi-crnogorskih-reprezentacija-u-prvom-kolu-evropskog-prvenstva\/#primaryimage"},"thumbnailUrl":"https:\/\/dmcsrb.com\/wp-content\/uploads\/2026\/01\/Sah-SSCG-.webp","datePublished":"2025-10-05T18:40:57+00:00","author":{"@id":"https:\/\/dmcsrb.com\/#\/schema\/person\/5c39170f12db1b8b457732d0b5c854e2"},"breadcrumb":{"@id":"https:\/\/dmcsrb.com\/sport\/porazi-crnogorskih-reprezentacija-u-prvom-kolu-evropskog-prvenstva\/#breadcrumb"},"inLanguage":"en-GB","potentialAction":[{"@type":"ReadAction","target":["https:\/\/dmcsrb.com\/sport\/porazi-crnogorskih-reprezentacija-u-prvom-kolu-evropskog-prvenstva\/"]}]},{"@type":"ImageObject","inLanguage":"en-GB","@id":"https:\/\/dmcsrb.com\/sport\/porazi-crnogorskih-reprezentacija-u-prvom-kolu-evropskog-prvenstva\/#primaryimage","url":"https:\/\/dmcsrb.com\/wp-content\/uploads\/2026\/01\/Sah-SSCG-.webp","contentUrl":"https:\/\/dmcsrb.com\/wp-content\/uploads\/2026\/01\/Sah-SSCG-.webp","width":1280,"height":853},{"@type":"BreadcrumbList","@id":"https:\/\/dmcsrb.com\/sport\/porazi-crnogorskih-reprezentacija-u-prvom-kolu-evropskog-prvenstva\/#breadcrumb","itemListElement":[{"@type":"ListItem","position":1,"name":"Home","item":"https:\/\/dmcsrb.com\/"},{"@type":"ListItem","position":2,"name":"Porazi crnogorskih reprezentacija u prvom kolu Evropskog prvenstva"}]},{"@type":"WebSite","@id":"https:\/\/dmcsrb.com\/#website","url":"https:\/\/dmcsrb.com\/","name":"dmcsrb.com","description":"","potentialAction":[{"@type":"SearchAction","target":{"@type":"EntryPoint","urlTemplate":"https:\/\/dmcsrb.com\/?s={search_term_string}"},"query-input":{"@type":"PropertyValueSpecification","valueRequired":true,"valueName":"search_term_string"}}],"inLanguage":"en-GB"},{"@type":"Person","@id":"https:\/\/dmcsrb.com\/#\/schema\/person\/5c39170f12db1b8b457732d0b5c854e2","name":"dmcsrbija.com@gmail.com","image":{"@type":"ImageObject","inLanguage":"en-GB","@id":"https:\/\/secure.gravatar.com\/avatar\/68592660ad6347fad0fb587f8d5d8f1a7b44961362f56e4f2cd524feb87e9069?s=96&d=mm&r=g","url":"https:\/\/secure.gravatar.com\/avatar\/68592660ad6347fad0fb587f8d5d8f1a7b44961362f56e4f2cd524feb87e9069?s=96&d=mm&r=g","contentUrl":"https:\/\/secure.gravatar.com\/avatar\/68592660ad6347fad0fb587f8d5d8f1a7b44961362f56e4f2cd524feb87e9069?s=96&d=mm&r=g","caption":"dmcsrbija.com@gmail.com"},"sameAs":["https:\/\/dmcsrb.com"],"url":"https:\/\/dmcsrb.com\/en\/author\/dmcsrbija-comgmail-com\/"}]}},"_links":{"self":[{"href":"https:\/\/dmcsrb.com\/en\/wp-json\/wp\/v2\/posts\/956022","targetHints":{"allow":["GET"]}}],"collection":[{"href":"https:\/\/dmcsrb.com\/en\/wp-json\/wp\/v2\/posts"}],"about":[{"href":"https:\/\/dmcsrb.com\/en\/wp-json\/wp\/v2\/types\/post"}],"author":[{"embeddable":true,"href":"https:\/\/dmcsrb.com\/en\/wp-json\/wp\/v2\/users\/1"}],"replies":[{"embeddable":true,"href":"https:\/\/dmcsrb.com\/en\/wp-json\/wp\/v2\/comments?post=956022"}],"version-history":[{"count":0,"href":"https:\/\/dmcsrb.com\/en\/wp-json\/wp\/v2\/posts\/956022\/revisions"}],"wp:featuredmedia":[{"embeddable":true,"href":"https:\/\/dmcsrb.com\/en\/wp-json\/wp\/v2\/media\/956023"}],"wp:attachment":[{"href":"https:\/\/dmcsrb.com\/en\/wp-json\/wp\/v2\/media?parent=956022"}],"wp:term":[{"taxonomy":"category","embeddable":true,"href":"https:\/\/dmcsrb.com\/en\/wp-json\/wp\/v2\/categories?post=956022"},{"taxonomy":"post_tag","embeddable":true,"href":"https:\/\/dmcsrb.com\/en\/wp-json\/wp\/v2\/tags?post=956022"},{"taxonomy":"naslovna","embeddable":true,"href":"https:\/\/dmcsrb.com\/en\/wp-json\/wp\/v2\/naslovna?post=956022"}],"curies":[{"name":"wp","href":"https:\/\/api.w.org\/{rel}","templated":true}]}}