{"id":955992,"date":"2025-10-05T16:53:27","date_gmt":"2025-10-05T14:53:27","guid":{"rendered":"https:\/\/dmcsrb.com\/uncategorized\/vojinovic-oni-koji-su-decenijama-gledali-kako-se-crna-gora-pljacka-sad-glume-zrtve\/"},"modified":"2025-10-05T16:53:27","modified_gmt":"2025-10-05T14:53:27","slug":"vojinovic-oni-koji-su-decenijama-gledali-kako-se-crna-gora-pljacka-sad-glume-zrtve","status":"publish","type":"post","link":"https:\/\/dmcsrb.com\/en\/politika\/vojinovic-oni-koji-su-decenijama-gledali-kako-se-crna-gora-pljacka-sad-glume-zrtve\/","title":{"rendered":"Vojinovi\u0107: Oni koji su decenijama gledali kako se Crna Gora plja\u010dka, sad glume \u017ertve"},"content":{"rendered":"<p>&#8220;Oni koji su decenijama gledali kako se Crna Gora plja\u010dka, sad glume \u017ertve &#8216;isklju\u010denja iz dru\u0161tvenog \u017eivota&#8217;. Istina je jednostavna, niko ih ne isklju\u010duje, osim stvarnosti koja ih je odavno pretekla.&nbsp;Nije ni \u010dudo \u0161to su dana\u0161njim odlukom sudije za istragu, zavr\u0161ili u pritvoru, kad im advokati pri\u010daju kao svjedoci saradnici&#8221;, kazala je poslanica Demokrata An\u0111ela Vojinovi\u0107.<\/p>\n\n\n\n<p>Kako je navela, izgleda da je situacija ozbiljnija nego \u0161to pi\u0161e u medijima jer.<\/p>\n\n\n\n<p>&#8220;Kad te advokat ovako &#8216;brani&#8217;, zatvor djeluje kao realna opcija&#8221;, navela je Vojinovi\u0107.&nbsp;<\/p>\n\n\n\n<p><\/p>","protected":false},"excerpt":{"rendered":"<p>Kad nestane argumenata, izmi\u0161ljaju se zavjere, kad nestane \u010dinjenica, izmi\u0161ljaju se teorije a kad nestane stida, pravi se predstava, saop\u0161tili su iz Demokratske Crne Gore.<\/p>","protected":false},"author":1,"featured_media":909003,"comment_status":"open","ping_status":"open","sticky":false,"template":"","format":"standard","meta":{"_acf_changed":false,"footnotes":""},"categories":[12],"tags":[8112,229,95,363],"naslovna":[],"class_list":["post-955992","post","type-post","status-publish","format-standard","has-post-thumbnail","hentry","category-politika","tag-advokat","tag-andjela-vojinovic","tag-crna-gora","tag-zatvor"],"acf":[],"yoast_head":"<!-- This site is optimized with the Yoast SEO plugin v27.0 - https:\/\/yoast.com\/product\/yoast-seo-wordpress\/ -->\n<title>Vojinovi\u0107: Oni koji su decenijama gledali kako se Crna Gora plja\u010dka, sad glume \u017ertve - dmcsrb.com<\/title>\n<meta name=\"robots\" content=\"index, follow, max-snippet:-1, max-image-preview:large, max-video-preview:-1\" \/>\n<link rel=\"canonical\" href=\"https:\/\/dmcsrb.com\/en\/politika\/vojinovic-oni-koji-su-decenijama-gledali-kako-se-crna-gora-pljacka-sad-glume-zrtve\/\" \/>\n<meta property=\"og:locale\" content=\"en_GB\" \/>\n<meta property=\"og:type\" content=\"article\" \/>\n<meta property=\"og:title\" content=\"Vojinovi\u0107: Oni koji su decenijama gledali kako se Crna Gora plja\u010dka, sad glume \u017ertve - dmcsrb.com\" \/>\n<meta property=\"og:description\" content=\"Kad nestane argumenata, izmi\u0161ljaju se zavjere, kad nestane \u010dinjenica, izmi\u0161ljaju se teorije a kad nestane stida, pravi se predstava, saop\u0161tili su iz Demokratske Crne Gore.\" \/>\n<meta property=\"og:url\" content=\"https:\/\/dmcsrb.com\/en\/politika\/vojinovic-oni-koji-su-decenijama-gledali-kako-se-crna-gora-pljacka-sad-glume-zrtve\/\" \/>\n<meta property=\"og:site_name\" content=\"dmcsrb.com\" \/>\n<meta property=\"article:published_time\" content=\"2025-10-05T14:53:27+00:00\" \/>\n<meta property=\"og:image\" content=\"https:\/\/dmcsrb.com\/wp-content\/uploads\/2026\/01\/Andjela-Vojinovic-Demokrate.jpg\" \/>\n\t<meta property=\"og:image:width\" content=\"1600\" \/>\n\t<meta property=\"og:image:height\" content=\"1067\" \/>\n\t<meta property=\"og:image:type\" content=\"image\/jpeg\" \/>\n<meta name=\"author\" content=\"dmcsrbija.com@gmail.com\" \/>\n<meta name=\"twitter:card\" content=\"summary_large_image\" \/>\n<meta name=\"twitter:label1\" content=\"Written by\" \/>\n\t<meta name=\"twitter:data1\" content=\"dmcsrbija.com@gmail.com\" \/>\n<script type=\"application\/ld+json\" class=\"yoast-schema-graph\">{\"@context\":\"https:\/\/schema.org\",\"@graph\":[{\"@type\":\"Article\",\"@id\":\"https:\/\/dmcsrb.com\/politika\/vojinovic-oni-koji-su-decenijama-gledali-kako-se-crna-gora-pljacka-sad-glume-zrtve\/#article\",\"isPartOf\":{\"@id\":\"https:\/\/dmcsrb.com\/politika\/vojinovic-oni-koji-su-decenijama-gledali-kako-se-crna-gora-pljacka-sad-glume-zrtve\/\"},\"author\":{\"name\":\"dmcsrbija.com@gmail.com\",\"@id\":\"https:\/\/dmcsrb.com\/#\/schema\/person\/5c39170f12db1b8b457732d0b5c854e2\"},\"headline\":\"Vojinovi\u0107: Oni koji su decenijama gledali kako se Crna Gora plja\u010dka, sad glume \u017ertve\",\"datePublished\":\"2025-10-05T14:53:27+00:00\",\"mainEntityOfPage\":{\"@id\":\"https:\/\/dmcsrb.com\/politika\/vojinovic-oni-koji-su-decenijama-gledali-kako-se-crna-gora-pljacka-sad-glume-zrtve\/\"},\"wordCount\":110,\"commentCount\":0,\"image\":{\"@id\":\"https:\/\/dmcsrb.com\/politika\/vojinovic-oni-koji-su-decenijama-gledali-kako-se-crna-gora-pljacka-sad-glume-zrtve\/#primaryimage\"},\"thumbnailUrl\":\"https:\/\/dmcsrb.com\/wp-content\/uploads\/2026\/01\/Andjela-Vojinovic-Demokrate.jpg\",\"keywords\":[\"advokat\",\"An\u0111ela Vojinovi\u0107\",\"Crna Gora\",\"Zatvor\"],\"articleSection\":[\"Politika\"],\"inLanguage\":\"en-GB\",\"potentialAction\":[{\"@type\":\"CommentAction\",\"name\":\"Comment\",\"target\":[\"https:\/\/dmcsrb.com\/politika\/vojinovic-oni-koji-su-decenijama-gledali-kako-se-crna-gora-pljacka-sad-glume-zrtve\/#respond\"]}]},{\"@type\":\"WebPage\",\"@id\":\"https:\/\/dmcsrb.com\/politika\/vojinovic-oni-koji-su-decenijama-gledali-kako-se-crna-gora-pljacka-sad-glume-zrtve\/\",\"url\":\"https:\/\/dmcsrb.com\/politika\/vojinovic-oni-koji-su-decenijama-gledali-kako-se-crna-gora-pljacka-sad-glume-zrtve\/\",\"name\":\"Vojinovi\u0107: Oni koji su decenijama gledali kako se Crna Gora plja\u010dka, sad glume \u017ertve - dmcsrb.com\",\"isPartOf\":{\"@id\":\"https:\/\/dmcsrb.com\/#website\"},\"primaryImageOfPage\":{\"@id\":\"https:\/\/dmcsrb.com\/politika\/vojinovic-oni-koji-su-decenijama-gledali-kako-se-crna-gora-pljacka-sad-glume-zrtve\/#primaryimage\"},\"image\":{\"@id\":\"https:\/\/dmcsrb.com\/politika\/vojinovic-oni-koji-su-decenijama-gledali-kako-se-crna-gora-pljacka-sad-glume-zrtve\/#primaryimage\"},\"thumbnailUrl\":\"https:\/\/dmcsrb.com\/wp-content\/uploads\/2026\/01\/Andjela-Vojinovic-Demokrate.jpg\",\"datePublished\":\"2025-10-05T14:53:27+00:00\",\"author\":{\"@id\":\"https:\/\/dmcsrb.com\/#\/schema\/person\/5c39170f12db1b8b457732d0b5c854e2\"},\"breadcrumb\":{\"@id\":\"https:\/\/dmcsrb.com\/politika\/vojinovic-oni-koji-su-decenijama-gledali-kako-se-crna-gora-pljacka-sad-glume-zrtve\/#breadcrumb\"},\"inLanguage\":\"en-GB\",\"potentialAction\":[{\"@type\":\"ReadAction\",\"target\":[\"https:\/\/dmcsrb.com\/politika\/vojinovic-oni-koji-su-decenijama-gledali-kako-se-crna-gora-pljacka-sad-glume-zrtve\/\"]}]},{\"@type\":\"ImageObject\",\"inLanguage\":\"en-GB\",\"@id\":\"https:\/\/dmcsrb.com\/politika\/vojinovic-oni-koji-su-decenijama-gledali-kako-se-crna-gora-pljacka-sad-glume-zrtve\/#primaryimage\",\"url\":\"https:\/\/dmcsrb.com\/wp-content\/uploads\/2026\/01\/Andjela-Vojinovic-Demokrate.jpg\",\"contentUrl\":\"https:\/\/dmcsrb.com\/wp-content\/uploads\/2026\/01\/Andjela-Vojinovic-Demokrate.jpg\",\"width\":1600,\"height\":1067},{\"@type\":\"BreadcrumbList\",\"@id\":\"https:\/\/dmcsrb.com\/politika\/vojinovic-oni-koji-su-decenijama-gledali-kako-se-crna-gora-pljacka-sad-glume-zrtve\/#breadcrumb\",\"itemListElement\":[{\"@type\":\"ListItem\",\"position\":1,\"name\":\"Home\",\"item\":\"https:\/\/dmcsrb.com\/\"},{\"@type\":\"ListItem\",\"position\":2,\"name\":\"Vojinovi\u0107: Oni koji su decenijama gledali kako se Crna Gora plja\u010dka, sad glume \u017ertve\"}]},{\"@type\":\"WebSite\",\"@id\":\"https:\/\/dmcsrb.com\/#website\",\"url\":\"https:\/\/dmcsrb.com\/\",\"name\":\"dmcsrb.com\",\"description\":\"\",\"potentialAction\":[{\"@type\":\"SearchAction\",\"target\":{\"@type\":\"EntryPoint\",\"urlTemplate\":\"https:\/\/dmcsrb.com\/?s={search_term_string}\"},\"query-input\":{\"@type\":\"PropertyValueSpecification\",\"valueRequired\":true,\"valueName\":\"search_term_string\"}}],\"inLanguage\":\"en-GB\"},{\"@type\":\"Person\",\"@id\":\"https:\/\/dmcsrb.com\/#\/schema\/person\/5c39170f12db1b8b457732d0b5c854e2\",\"name\":\"dmcsrbija.com@gmail.com\",\"image\":{\"@type\":\"ImageObject\",\"inLanguage\":\"en-GB\",\"@id\":\"https:\/\/dmcsrb.com\/#\/schema\/person\/image\/\",\"url\":\"https:\/\/secure.gravatar.com\/avatar\/68592660ad6347fad0fb587f8d5d8f1a7b44961362f56e4f2cd524feb87e9069?s=96&d=mm&r=g\",\"contentUrl\":\"https:\/\/secure.gravatar.com\/avatar\/68592660ad6347fad0fb587f8d5d8f1a7b44961362f56e4f2cd524feb87e9069?s=96&d=mm&r=g\",\"caption\":\"dmcsrbija.com@gmail.com\"},\"sameAs\":[\"https:\/\/dmcsrb.com\"],\"url\":\"https:\/\/dmcsrb.com\/en\/author\/dmcsrbija-comgmail-com\/\"}]}<\/script>\n<!-- \/ Yoast SEO plugin. -->","yoast_head_json":{"title":"Vojinovi\u0107: Oni koji su decenijama gledali kako se Crna Gora plja\u010dka, sad glume \u017ertve - dmcsrb.com","robots":{"index":"index","follow":"follow","max-snippet":"max-snippet:-1","max-image-preview":"max-image-preview:large","max-video-preview":"max-video-preview:-1"},"canonical":"https:\/\/dmcsrb.com\/en\/politika\/vojinovic-oni-koji-su-decenijama-gledali-kako-se-crna-gora-pljacka-sad-glume-zrtve\/","og_locale":"en_GB","og_type":"article","og_title":"Vojinovi\u0107: Oni koji su decenijama gledali kako se Crna Gora plja\u010dka, sad glume \u017ertve - dmcsrb.com","og_description":"Kad nestane argumenata, izmi\u0161ljaju se zavjere, kad nestane \u010dinjenica, izmi\u0161ljaju se teorije a kad nestane stida, pravi se predstava, saop\u0161tili su iz Demokratske Crne Gore.","og_url":"https:\/\/dmcsrb.com\/en\/politika\/vojinovic-oni-koji-su-decenijama-gledali-kako-se-crna-gora-pljacka-sad-glume-zrtve\/","og_site_name":"dmcsrb.com","article_published_time":"2025-10-05T14:53:27+00:00","og_image":[{"width":1600,"height":1067,"url":"https:\/\/dmcsrb.com\/wp-content\/uploads\/2026\/01\/Andjela-Vojinovic-Demokrate.jpg","type":"image\/jpeg"}],"author":"dmcsrbija.com@gmail.com","twitter_card":"summary_large_image","twitter_misc":{"Written by":"dmcsrbija.com@gmail.com"},"schema":{"@context":"https:\/\/schema.org","@graph":[{"@type":"Article","@id":"https:\/\/dmcsrb.com\/politika\/vojinovic-oni-koji-su-decenijama-gledali-kako-se-crna-gora-pljacka-sad-glume-zrtve\/#article","isPartOf":{"@id":"https:\/\/dmcsrb.com\/politika\/vojinovic-oni-koji-su-decenijama-gledali-kako-se-crna-gora-pljacka-sad-glume-zrtve\/"},"author":{"name":"dmcsrbija.com@gmail.com","@id":"https:\/\/dmcsrb.com\/#\/schema\/person\/5c39170f12db1b8b457732d0b5c854e2"},"headline":"Vojinovi\u0107: Oni koji su decenijama gledali kako se Crna Gora plja\u010dka, sad glume \u017ertve","datePublished":"2025-10-05T14:53:27+00:00","mainEntityOfPage":{"@id":"https:\/\/dmcsrb.com\/politika\/vojinovic-oni-koji-su-decenijama-gledali-kako-se-crna-gora-pljacka-sad-glume-zrtve\/"},"wordCount":110,"commentCount":0,"image":{"@id":"https:\/\/dmcsrb.com\/politika\/vojinovic-oni-koji-su-decenijama-gledali-kako-se-crna-gora-pljacka-sad-glume-zrtve\/#primaryimage"},"thumbnailUrl":"https:\/\/dmcsrb.com\/wp-content\/uploads\/2026\/01\/Andjela-Vojinovic-Demokrate.jpg","keywords":["advokat","An\u0111ela Vojinovi\u0107","Crna Gora","Zatvor"],"articleSection":["Politika"],"inLanguage":"en-GB","potentialAction":[{"@type":"CommentAction","name":"Comment","target":["https:\/\/dmcsrb.com\/politika\/vojinovic-oni-koji-su-decenijama-gledali-kako-se-crna-gora-pljacka-sad-glume-zrtve\/#respond"]}]},{"@type":"WebPage","@id":"https:\/\/dmcsrb.com\/politika\/vojinovic-oni-koji-su-decenijama-gledali-kako-se-crna-gora-pljacka-sad-glume-zrtve\/","url":"https:\/\/dmcsrb.com\/politika\/vojinovic-oni-koji-su-decenijama-gledali-kako-se-crna-gora-pljacka-sad-glume-zrtve\/","name":"Vojinovi\u0107: Oni koji su decenijama gledali kako se Crna Gora plja\u010dka, sad glume \u017ertve - dmcsrb.com","isPartOf":{"@id":"https:\/\/dmcsrb.com\/#website"},"primaryImageOfPage":{"@id":"https:\/\/dmcsrb.com\/politika\/vojinovic-oni-koji-su-decenijama-gledali-kako-se-crna-gora-pljacka-sad-glume-zrtve\/#primaryimage"},"image":{"@id":"https:\/\/dmcsrb.com\/politika\/vojinovic-oni-koji-su-decenijama-gledali-kako-se-crna-gora-pljacka-sad-glume-zrtve\/#primaryimage"},"thumbnailUrl":"https:\/\/dmcsrb.com\/wp-content\/uploads\/2026\/01\/Andjela-Vojinovic-Demokrate.jpg","datePublished":"2025-10-05T14:53:27+00:00","author":{"@id":"https:\/\/dmcsrb.com\/#\/schema\/person\/5c39170f12db1b8b457732d0b5c854e2"},"breadcrumb":{"@id":"https:\/\/dmcsrb.com\/politika\/vojinovic-oni-koji-su-decenijama-gledali-kako-se-crna-gora-pljacka-sad-glume-zrtve\/#breadcrumb"},"inLanguage":"en-GB","potentialAction":[{"@type":"ReadAction","target":["https:\/\/dmcsrb.com\/politika\/vojinovic-oni-koji-su-decenijama-gledali-kako-se-crna-gora-pljacka-sad-glume-zrtve\/"]}]},{"@type":"ImageObject","inLanguage":"en-GB","@id":"https:\/\/dmcsrb.com\/politika\/vojinovic-oni-koji-su-decenijama-gledali-kako-se-crna-gora-pljacka-sad-glume-zrtve\/#primaryimage","url":"https:\/\/dmcsrb.com\/wp-content\/uploads\/2026\/01\/Andjela-Vojinovic-Demokrate.jpg","contentUrl":"https:\/\/dmcsrb.com\/wp-content\/uploads\/2026\/01\/Andjela-Vojinovic-Demokrate.jpg","width":1600,"height":1067},{"@type":"BreadcrumbList","@id":"https:\/\/dmcsrb.com\/politika\/vojinovic-oni-koji-su-decenijama-gledali-kako-se-crna-gora-pljacka-sad-glume-zrtve\/#breadcrumb","itemListElement":[{"@type":"ListItem","position":1,"name":"Home","item":"https:\/\/dmcsrb.com\/"},{"@type":"ListItem","position":2,"name":"Vojinovi\u0107: Oni koji su decenijama gledali kako se Crna Gora plja\u010dka, sad glume \u017ertve"}]},{"@type":"WebSite","@id":"https:\/\/dmcsrb.com\/#website","url":"https:\/\/dmcsrb.com\/","name":"dmcsrb.com","description":"","potentialAction":[{"@type":"SearchAction","target":{"@type":"EntryPoint","urlTemplate":"https:\/\/dmcsrb.com\/?s={search_term_string}"},"query-input":{"@type":"PropertyValueSpecification","valueRequired":true,"valueName":"search_term_string"}}],"inLanguage":"en-GB"},{"@type":"Person","@id":"https:\/\/dmcsrb.com\/#\/schema\/person\/5c39170f12db1b8b457732d0b5c854e2","name":"dmcsrbija.com@gmail.com","image":{"@type":"ImageObject","inLanguage":"en-GB","@id":"https:\/\/dmcsrb.com\/#\/schema\/person\/image\/","url":"https:\/\/secure.gravatar.com\/avatar\/68592660ad6347fad0fb587f8d5d8f1a7b44961362f56e4f2cd524feb87e9069?s=96&d=mm&r=g","contentUrl":"https:\/\/secure.gravatar.com\/avatar\/68592660ad6347fad0fb587f8d5d8f1a7b44961362f56e4f2cd524feb87e9069?s=96&d=mm&r=g","caption":"dmcsrbija.com@gmail.com"},"sameAs":["https:\/\/dmcsrb.com"],"url":"https:\/\/dmcsrb.com\/en\/author\/dmcsrbija-comgmail-com\/"}]}},"_links":{"self":[{"href":"https:\/\/dmcsrb.com\/en\/wp-json\/wp\/v2\/posts\/955992","targetHints":{"allow":["GET"]}}],"collection":[{"href":"https:\/\/dmcsrb.com\/en\/wp-json\/wp\/v2\/posts"}],"about":[{"href":"https:\/\/dmcsrb.com\/en\/wp-json\/wp\/v2\/types\/post"}],"author":[{"embeddable":true,"href":"https:\/\/dmcsrb.com\/en\/wp-json\/wp\/v2\/users\/1"}],"replies":[{"embeddable":true,"href":"https:\/\/dmcsrb.com\/en\/wp-json\/wp\/v2\/comments?post=955992"}],"version-history":[{"count":0,"href":"https:\/\/dmcsrb.com\/en\/wp-json\/wp\/v2\/posts\/955992\/revisions"}],"wp:featuredmedia":[{"embeddable":true,"href":"https:\/\/dmcsrb.com\/en\/wp-json\/wp\/v2\/media\/909003"}],"wp:attachment":[{"href":"https:\/\/dmcsrb.com\/en\/wp-json\/wp\/v2\/media?parent=955992"}],"wp:term":[{"taxonomy":"category","embeddable":true,"href":"https:\/\/dmcsrb.com\/en\/wp-json\/wp\/v2\/categories?post=955992"},{"taxonomy":"post_tag","embeddable":true,"href":"https:\/\/dmcsrb.com\/en\/wp-json\/wp\/v2\/tags?post=955992"},{"taxonomy":"naslovna","embeddable":true,"href":"https:\/\/dmcsrb.com\/en\/wp-json\/wp\/v2\/naslovna?post=955992"}],"curies":[{"name":"wp","href":"https:\/\/api.w.org\/{rel}","templated":true}]}}