{"id":955984,"date":"2025-10-05T16:20:35","date_gmt":"2025-10-05T14:20:35","guid":{"rendered":"https:\/\/dmcsrb.com\/uncategorized\/mijajlovic-i-spicanovic-u-spuzu-tuziteljki-nastic-oduzet-pasos\/"},"modified":"2025-10-05T16:20:35","modified_gmt":"2025-10-05T14:20:35","slug":"mijajlovic-i-spicanovic-u-spuzu-tuziteljki-nastic-oduzet-pasos","status":"publish","type":"post","link":"https:\/\/dmcsrb.com\/en\/hronika\/mijajlovic-i-spicanovic-u-spuzu-tuziteljki-nastic-oduzet-pasos\/","title":{"rendered":"Mijajlovi\u0107 i Spi\u010danovi\u0107 u Spu\u017eu, tu\u017eiteljki Nasti\u0107 oduzet paso\u0161"},"content":{"rendered":"<p>Njih, kako saznajemo SDT, sumnji\u010di da su djelovali protiv integriteta bezbjednosnog sistema Crne Gore, da su neovla\u0161\u0107eno koristili povjerljive informacije kako bi naru\u0161ili integritet i ugled sektora bezbjednosti, kao i da su planirali vi\u0161e drugih krivi\u010dnih djela.<\/p>\n\n\n\n<p>Mijajlovi\u0107 je kod sudije negirao krivicu i rekao da nije imao pristup nikakvim tajnim podacima.<\/p>\n\n\n\n<p>Mijajlovi\u0107ev advokat Zoran Piperovi\u0107 u izjavi za Portal RTCG rekao je da su optu\u017ebe smije\u0161ne i da sudija ako odredi pritvor osumnji\u010denima slobodno mo\u017ee da skine togu i ide ku\u0107i.&nbsp;<\/p>\n\n\n\n<p>&#8220;U nekom dokumentu na pet strana ka\u017eu da je Mijajlovi\u0107 formirao grupu koja je organizovano odavala i zloupotrebljavala tajne podatke da bi napravili \u0161tetu jednoj vjerskoj organizaciji, zapravo SPC, da preko odre\u0111enih portala pravi \u0161tetu konkurenciji, samo ne znam kojoj, i da uti\u010de na volju bira\u010da. Sudiji sam rekao da iza ovog stoji jedna politi\u010dka stranka, a to je Demokratska Crna Gora i da je autor svega ovoga Boris Bogdanovi\u0107. Kakve su to pri\u010de o uticaju na volju bira\u010da? To \u0161to oni i Dritan pri\u010daju da \u0107e da uhapse Ranka Ubovi\u0107a ili ko zna koga, zar to nije uticaj na volju bira\u010da, zar to nije najgore politikanstvo. Ja sam rekao sudiji i ponavljam ovdje, ovo je te\u0161ka zloupotreba i klasi\u010dna konstrukcija, a pred sudijom su to svi vrlo jasno pokazali i prikazali&#8221;, kazao je Piperovi\u0107.&nbsp; &nbsp; &nbsp; &nbsp;&nbsp;<\/p>\n\n\n\n<p>U okviru ovog predmeta saslu\u0161ani su i funkcioner policije Jak\u0161a Backovi\u0107, te biv\u0161i \u0161ef Poreske uprave Miomir M. Mugo\u0161a, nekada\u0161nji policijski oficir Tihomir Goranovi\u0107 i biv\u0161i dr\u017eavni slu\u017ebenik Aleksandar Klimovi\u0107.<\/p>\n\n\n\n<p>Slu\u017ebenici Specijalnog policijskog odjeljenja (SPO) izvr\u0161ili su pretrese na vi\u0161e lokacija \u2013 u stanovima uhap\u0161enih funkcionera i biznismena, kao i kod jo\u0161 nekoliko osoba koje su obuhva\u0107ene istragom u ovom predmetu.<\/p>\n\n\n\n<p>Vi\u0161e detalja za sada nije poznato, jer se istra\u017eni organi nijesu ogla\u0161avali.&nbsp;<\/p>\n\n\n\n<p>Tu\u017eiteljka Nasti\u0107 je sestra od strica Mijajlovi\u0107a, a Vladan Lazovi\u0107 je bratani\u0107 ranije uhap\u0161enog funkcionera policije Zorana Lazovi\u0107a.<\/p>\n\n\n\n<p>Postupak vodi specijalni tu\u017eilac Jovan Vukoti\u0107.<\/p>\n\n\n\n<p>Reakcije na najnovija hap\u0161enja stigle su iz vlasti i dijela opozicije.<\/p>\n\n\n\n<p>Potpredsjednik Vlade za pravosu\u0111e, antikorupciju i politi\u010dki sistem Momo Koprivica poru\u010dio je da je \u0161verc cigareta nekada bio biznis mo\u0107nih, a sada krivi\u010dno djelo bez izuzetka.<\/p>\n\n\n\n<p>Iz Evrope sad pozdravljaju nastavak borbe SDT-a protiv organizovanog kriminala, ukoliko vodi do odr\u017eivih optu\u017enica.<\/p>\n\n\n\n<p>\u201cNagla\u0161avamo, u svijetlu skorih osloba\u0111aju\u0107ih presuda, va\u017eno je da tu\u017eila\u010dke organizacije rade na kvalitetu i odr\u017eivosti optu\u017enica kako bi se materijalizovao napredak u bilansu stanja vladavine prava. \u010cvrsto vjerujemo da je promjena re\u017eima 2020. omogu\u0107ila da kroz reformske procese tu\u017eila\u010dke organizacije dobiju kredibilne rukovodioce. Me\u0111utim, isto tako razumijemo da postoje izazovi kakvi su nedostatak kadrovskih i finansijskih kapaciteta, ali i spornih aktera u pravosudnom sistemu, koji i dalje rade u njemu uprkos inkriminisanosti i povezanosti sa kriminalnim strukturama\u201d, saop\u0161tio je funkcioner PES Boris Pejovi\u0107.<\/p>\n\n\n\n<p>Iz Demokratske Crne Gore nagla\u0161avaju da je napredak u suzbijanju organizovanog kriminala i visoke korupcije va\u017ean za ispunjavanje zavr\u0161nih mjerila u poglavljima 23 i 24. u pregovorima sa EU.<\/p>\n\n\n\n<p>Iz Nove srpske demokratije o\u010dekuju konkretne rezultate pravosu\u0111a. Kako je rekao poslanik te stranke Jovan Vu\u010durovi\u0107, sve vodi do biv\u0161eg re\u017eima.<\/p>","protected":false},"excerpt":{"rendered":"<p>Kontroverzni biznismen Aleksandar Mijajlovi\u0107 i biv\u0161i visoki policijski funkcioneri Drago Spi\u010danovi\u0107 poslati su u spu\u0161ki zatvor do 30 dana, odlukom sudije za istragu Vi\u0161eg suda. Tu\u017eiteljki Andrijani Nasti\u0107 oduzet je paso\u0161 uz zabranu izlaska iz Podgorice, dok je biv\u0161em visokom policijskom funkcioneru Milovanu Pavi\u0107evi\u0107 i policajacu Vladanu Lazovi\u0107u odre\u0111en ku\u0107ni pritvor.<\/p>","protected":false},"author":1,"featured_media":909800,"comment_status":"open","ping_status":"open","sticky":false,"template":"","format":"standard","meta":{"_acf_changed":false,"footnotes":""},"categories":[17],"tags":[1320,5155,779],"naslovna":[],"class_list":["post-955984","post","type-post","status-publish","format-standard","has-post-thumbnail","hentry","category-hronika","tag-aleksandar-mijajlovic","tag-drago-spicanovic","tag-sdt"],"acf":[],"yoast_head":"<!-- This site is optimized with the Yoast SEO plugin v27.4 - https:\/\/yoast.com\/product\/yoast-seo-wordpress\/ -->\n<title>Mijajlovi\u0107 i Spi\u010danovi\u0107 u Spu\u017eu, tu\u017eiteljki Nasti\u0107 oduzet paso\u0161 - dmcsrb.com<\/title>\n<meta name=\"robots\" content=\"index, follow, max-snippet:-1, max-image-preview:large, max-video-preview:-1\" \/>\n<link rel=\"canonical\" href=\"https:\/\/dmcsrb.com\/en\/hronika\/mijajlovic-i-spicanovic-u-spuzu-tuziteljki-nastic-oduzet-pasos\/\" \/>\n<meta property=\"og:locale\" content=\"en_GB\" \/>\n<meta property=\"og:type\" content=\"article\" \/>\n<meta property=\"og:title\" content=\"Mijajlovi\u0107 i Spi\u010danovi\u0107 u Spu\u017eu, tu\u017eiteljki Nasti\u0107 oduzet paso\u0161 - dmcsrb.com\" \/>\n<meta property=\"og:description\" content=\"Kontroverzni biznismen Aleksandar Mijajlovi\u0107 i biv\u0161i visoki policijski funkcioneri Drago Spi\u010danovi\u0107 poslati su u spu\u0161ki zatvor do 30 dana, odlukom sudije za istragu Vi\u0161eg suda. Tu\u017eiteljki Andrijani Nasti\u0107 oduzet je paso\u0161 uz zabranu izlaska iz Podgorice, dok je biv\u0161em visokom policijskom funkcioneru Milovanu Pavi\u0107evi\u0107 i policajacu Vladanu Lazovi\u0107u odre\u0111en ku\u0107ni pritvor.\" \/>\n<meta property=\"og:url\" content=\"https:\/\/dmcsrb.com\/en\/hronika\/mijajlovic-i-spicanovic-u-spuzu-tuziteljki-nastic-oduzet-pasos\/\" \/>\n<meta property=\"og:site_name\" content=\"dmcsrb.com\" \/>\n<meta property=\"article:published_time\" content=\"2025-10-05T14:20:35+00:00\" \/>\n<meta property=\"og:image\" content=\"https:\/\/dmcsrb.com\/wp-content\/uploads\/2026\/01\/VDT-SDT-tuzilastva-foto-gradski-me.jpg\" \/>\n\t<meta property=\"og:image:width\" content=\"1427\" \/>\n\t<meta property=\"og:image:height\" content=\"872\" \/>\n\t<meta property=\"og:image:type\" content=\"image\/jpeg\" \/>\n<meta name=\"author\" content=\"dmcsrbija.com@gmail.com\" \/>\n<meta name=\"twitter:card\" content=\"summary_large_image\" \/>\n<meta name=\"twitter:label1\" content=\"Written by\" \/>\n\t<meta name=\"twitter:data1\" content=\"dmcsrbija.com@gmail.com\" \/>\n\t<meta name=\"twitter:label2\" content=\"Estimated reading time\" \/>\n\t<meta name=\"twitter:data2\" content=\"3 minutes\" \/>\n<script type=\"application\/ld+json\" class=\"yoast-schema-graph\">{\"@context\":\"https:\\\/\\\/schema.org\",\"@graph\":[{\"@type\":\"Article\",\"@id\":\"https:\\\/\\\/dmcsrb.com\\\/hronika\\\/mijajlovic-i-spicanovic-u-spuzu-tuziteljki-nastic-oduzet-pasos\\\/#article\",\"isPartOf\":{\"@id\":\"https:\\\/\\\/dmcsrb.com\\\/hronika\\\/mijajlovic-i-spicanovic-u-spuzu-tuziteljki-nastic-oduzet-pasos\\\/\"},\"author\":{\"name\":\"dmcsrbija.com@gmail.com\",\"@id\":\"https:\\\/\\\/dmcsrb.com\\\/#\\\/schema\\\/person\\\/5c39170f12db1b8b457732d0b5c854e2\"},\"headline\":\"Mijajlovi\u0107 i Spi\u010danovi\u0107 u Spu\u017eu, tu\u017eiteljki Nasti\u0107 oduzet paso\u0161\",\"datePublished\":\"2025-10-05T14:20:35+00:00\",\"mainEntityOfPage\":{\"@id\":\"https:\\\/\\\/dmcsrb.com\\\/hronika\\\/mijajlovic-i-spicanovic-u-spuzu-tuziteljki-nastic-oduzet-pasos\\\/\"},\"wordCount\":589,\"commentCount\":0,\"image\":{\"@id\":\"https:\\\/\\\/dmcsrb.com\\\/hronika\\\/mijajlovic-i-spicanovic-u-spuzu-tuziteljki-nastic-oduzet-pasos\\\/#primaryimage\"},\"thumbnailUrl\":\"https:\\\/\\\/dmcsrb.com\\\/wp-content\\\/uploads\\\/2026\\\/01\\\/VDT-SDT-tuzilastva-foto-gradski-me.jpg\",\"keywords\":[\"Aleksandar Mijajlovi\u0107\",\"Drago Spi\u010danovi\u0107\",\"SDT\"],\"articleSection\":[\"Hronika\"],\"inLanguage\":\"en-GB\",\"potentialAction\":[{\"@type\":\"CommentAction\",\"name\":\"Comment\",\"target\":[\"https:\\\/\\\/dmcsrb.com\\\/hronika\\\/mijajlovic-i-spicanovic-u-spuzu-tuziteljki-nastic-oduzet-pasos\\\/#respond\"]}]},{\"@type\":\"WebPage\",\"@id\":\"https:\\\/\\\/dmcsrb.com\\\/hronika\\\/mijajlovic-i-spicanovic-u-spuzu-tuziteljki-nastic-oduzet-pasos\\\/\",\"url\":\"https:\\\/\\\/dmcsrb.com\\\/hronika\\\/mijajlovic-i-spicanovic-u-spuzu-tuziteljki-nastic-oduzet-pasos\\\/\",\"name\":\"Mijajlovi\u0107 i Spi\u010danovi\u0107 u Spu\u017eu, tu\u017eiteljki Nasti\u0107 oduzet paso\u0161 - dmcsrb.com\",\"isPartOf\":{\"@id\":\"https:\\\/\\\/dmcsrb.com\\\/#website\"},\"primaryImageOfPage\":{\"@id\":\"https:\\\/\\\/dmcsrb.com\\\/hronika\\\/mijajlovic-i-spicanovic-u-spuzu-tuziteljki-nastic-oduzet-pasos\\\/#primaryimage\"},\"image\":{\"@id\":\"https:\\\/\\\/dmcsrb.com\\\/hronika\\\/mijajlovic-i-spicanovic-u-spuzu-tuziteljki-nastic-oduzet-pasos\\\/#primaryimage\"},\"thumbnailUrl\":\"https:\\\/\\\/dmcsrb.com\\\/wp-content\\\/uploads\\\/2026\\\/01\\\/VDT-SDT-tuzilastva-foto-gradski-me.jpg\",\"datePublished\":\"2025-10-05T14:20:35+00:00\",\"author\":{\"@id\":\"https:\\\/\\\/dmcsrb.com\\\/#\\\/schema\\\/person\\\/5c39170f12db1b8b457732d0b5c854e2\"},\"breadcrumb\":{\"@id\":\"https:\\\/\\\/dmcsrb.com\\\/hronika\\\/mijajlovic-i-spicanovic-u-spuzu-tuziteljki-nastic-oduzet-pasos\\\/#breadcrumb\"},\"inLanguage\":\"en-GB\",\"potentialAction\":[{\"@type\":\"ReadAction\",\"target\":[\"https:\\\/\\\/dmcsrb.com\\\/hronika\\\/mijajlovic-i-spicanovic-u-spuzu-tuziteljki-nastic-oduzet-pasos\\\/\"]}]},{\"@type\":\"ImageObject\",\"inLanguage\":\"en-GB\",\"@id\":\"https:\\\/\\\/dmcsrb.com\\\/hronika\\\/mijajlovic-i-spicanovic-u-spuzu-tuziteljki-nastic-oduzet-pasos\\\/#primaryimage\",\"url\":\"https:\\\/\\\/dmcsrb.com\\\/wp-content\\\/uploads\\\/2026\\\/01\\\/VDT-SDT-tuzilastva-foto-gradski-me.jpg\",\"contentUrl\":\"https:\\\/\\\/dmcsrb.com\\\/wp-content\\\/uploads\\\/2026\\\/01\\\/VDT-SDT-tuzilastva-foto-gradski-me.jpg\",\"width\":1427,\"height\":872},{\"@type\":\"BreadcrumbList\",\"@id\":\"https:\\\/\\\/dmcsrb.com\\\/hronika\\\/mijajlovic-i-spicanovic-u-spuzu-tuziteljki-nastic-oduzet-pasos\\\/#breadcrumb\",\"itemListElement\":[{\"@type\":\"ListItem\",\"position\":1,\"name\":\"Home\",\"item\":\"https:\\\/\\\/dmcsrb.com\\\/\"},{\"@type\":\"ListItem\",\"position\":2,\"name\":\"Mijajlovi\u0107 i Spi\u010danovi\u0107 u Spu\u017eu, tu\u017eiteljki Nasti\u0107 oduzet paso\u0161\"}]},{\"@type\":\"WebSite\",\"@id\":\"https:\\\/\\\/dmcsrb.com\\\/#website\",\"url\":\"https:\\\/\\\/dmcsrb.com\\\/\",\"name\":\"dmcsrb.com\",\"description\":\"\",\"potentialAction\":[{\"@type\":\"SearchAction\",\"target\":{\"@type\":\"EntryPoint\",\"urlTemplate\":\"https:\\\/\\\/dmcsrb.com\\\/?s={search_term_string}\"},\"query-input\":{\"@type\":\"PropertyValueSpecification\",\"valueRequired\":true,\"valueName\":\"search_term_string\"}}],\"inLanguage\":\"en-GB\"},{\"@type\":\"Person\",\"@id\":\"https:\\\/\\\/dmcsrb.com\\\/#\\\/schema\\\/person\\\/5c39170f12db1b8b457732d0b5c854e2\",\"name\":\"dmcsrbija.com@gmail.com\",\"image\":{\"@type\":\"ImageObject\",\"inLanguage\":\"en-GB\",\"@id\":\"https:\\\/\\\/secure.gravatar.com\\\/avatar\\\/68592660ad6347fad0fb587f8d5d8f1a7b44961362f56e4f2cd524feb87e9069?s=96&d=mm&r=g\",\"url\":\"https:\\\/\\\/secure.gravatar.com\\\/avatar\\\/68592660ad6347fad0fb587f8d5d8f1a7b44961362f56e4f2cd524feb87e9069?s=96&d=mm&r=g\",\"contentUrl\":\"https:\\\/\\\/secure.gravatar.com\\\/avatar\\\/68592660ad6347fad0fb587f8d5d8f1a7b44961362f56e4f2cd524feb87e9069?s=96&d=mm&r=g\",\"caption\":\"dmcsrbija.com@gmail.com\"},\"sameAs\":[\"https:\\\/\\\/dmcsrb.com\"],\"url\":\"https:\\\/\\\/dmcsrb.com\\\/en\\\/author\\\/dmcsrbija-comgmail-com\\\/\"}]}<\/script>\n<!-- \/ Yoast SEO plugin. -->","yoast_head_json":{"title":"Mijajlovi\u0107 i Spi\u010danovi\u0107 u Spu\u017eu, tu\u017eiteljki Nasti\u0107 oduzet paso\u0161 - dmcsrb.com","robots":{"index":"index","follow":"follow","max-snippet":"max-snippet:-1","max-image-preview":"max-image-preview:large","max-video-preview":"max-video-preview:-1"},"canonical":"https:\/\/dmcsrb.com\/en\/hronika\/mijajlovic-i-spicanovic-u-spuzu-tuziteljki-nastic-oduzet-pasos\/","og_locale":"en_GB","og_type":"article","og_title":"Mijajlovi\u0107 i Spi\u010danovi\u0107 u Spu\u017eu, tu\u017eiteljki Nasti\u0107 oduzet paso\u0161 - dmcsrb.com","og_description":"Kontroverzni biznismen Aleksandar Mijajlovi\u0107 i biv\u0161i visoki policijski funkcioneri Drago Spi\u010danovi\u0107 poslati su u spu\u0161ki zatvor do 30 dana, odlukom sudije za istragu Vi\u0161eg suda. Tu\u017eiteljki Andrijani Nasti\u0107 oduzet je paso\u0161 uz zabranu izlaska iz Podgorice, dok je biv\u0161em visokom policijskom funkcioneru Milovanu Pavi\u0107evi\u0107 i policajacu Vladanu Lazovi\u0107u odre\u0111en ku\u0107ni pritvor.","og_url":"https:\/\/dmcsrb.com\/en\/hronika\/mijajlovic-i-spicanovic-u-spuzu-tuziteljki-nastic-oduzet-pasos\/","og_site_name":"dmcsrb.com","article_published_time":"2025-10-05T14:20:35+00:00","og_image":[{"width":1427,"height":872,"url":"https:\/\/dmcsrb.com\/wp-content\/uploads\/2026\/01\/VDT-SDT-tuzilastva-foto-gradski-me.jpg","type":"image\/jpeg"}],"author":"dmcsrbija.com@gmail.com","twitter_card":"summary_large_image","twitter_misc":{"Written by":"dmcsrbija.com@gmail.com","Estimated reading time":"3 minutes"},"schema":{"@context":"https:\/\/schema.org","@graph":[{"@type":"Article","@id":"https:\/\/dmcsrb.com\/hronika\/mijajlovic-i-spicanovic-u-spuzu-tuziteljki-nastic-oduzet-pasos\/#article","isPartOf":{"@id":"https:\/\/dmcsrb.com\/hronika\/mijajlovic-i-spicanovic-u-spuzu-tuziteljki-nastic-oduzet-pasos\/"},"author":{"name":"dmcsrbija.com@gmail.com","@id":"https:\/\/dmcsrb.com\/#\/schema\/person\/5c39170f12db1b8b457732d0b5c854e2"},"headline":"Mijajlovi\u0107 i Spi\u010danovi\u0107 u Spu\u017eu, tu\u017eiteljki Nasti\u0107 oduzet paso\u0161","datePublished":"2025-10-05T14:20:35+00:00","mainEntityOfPage":{"@id":"https:\/\/dmcsrb.com\/hronika\/mijajlovic-i-spicanovic-u-spuzu-tuziteljki-nastic-oduzet-pasos\/"},"wordCount":589,"commentCount":0,"image":{"@id":"https:\/\/dmcsrb.com\/hronika\/mijajlovic-i-spicanovic-u-spuzu-tuziteljki-nastic-oduzet-pasos\/#primaryimage"},"thumbnailUrl":"https:\/\/dmcsrb.com\/wp-content\/uploads\/2026\/01\/VDT-SDT-tuzilastva-foto-gradski-me.jpg","keywords":["Aleksandar Mijajlovi\u0107","Drago Spi\u010danovi\u0107","SDT"],"articleSection":["Hronika"],"inLanguage":"en-GB","potentialAction":[{"@type":"CommentAction","name":"Comment","target":["https:\/\/dmcsrb.com\/hronika\/mijajlovic-i-spicanovic-u-spuzu-tuziteljki-nastic-oduzet-pasos\/#respond"]}]},{"@type":"WebPage","@id":"https:\/\/dmcsrb.com\/hronika\/mijajlovic-i-spicanovic-u-spuzu-tuziteljki-nastic-oduzet-pasos\/","url":"https:\/\/dmcsrb.com\/hronika\/mijajlovic-i-spicanovic-u-spuzu-tuziteljki-nastic-oduzet-pasos\/","name":"Mijajlovi\u0107 i Spi\u010danovi\u0107 u Spu\u017eu, tu\u017eiteljki Nasti\u0107 oduzet paso\u0161 - dmcsrb.com","isPartOf":{"@id":"https:\/\/dmcsrb.com\/#website"},"primaryImageOfPage":{"@id":"https:\/\/dmcsrb.com\/hronika\/mijajlovic-i-spicanovic-u-spuzu-tuziteljki-nastic-oduzet-pasos\/#primaryimage"},"image":{"@id":"https:\/\/dmcsrb.com\/hronika\/mijajlovic-i-spicanovic-u-spuzu-tuziteljki-nastic-oduzet-pasos\/#primaryimage"},"thumbnailUrl":"https:\/\/dmcsrb.com\/wp-content\/uploads\/2026\/01\/VDT-SDT-tuzilastva-foto-gradski-me.jpg","datePublished":"2025-10-05T14:20:35+00:00","author":{"@id":"https:\/\/dmcsrb.com\/#\/schema\/person\/5c39170f12db1b8b457732d0b5c854e2"},"breadcrumb":{"@id":"https:\/\/dmcsrb.com\/hronika\/mijajlovic-i-spicanovic-u-spuzu-tuziteljki-nastic-oduzet-pasos\/#breadcrumb"},"inLanguage":"en-GB","potentialAction":[{"@type":"ReadAction","target":["https:\/\/dmcsrb.com\/hronika\/mijajlovic-i-spicanovic-u-spuzu-tuziteljki-nastic-oduzet-pasos\/"]}]},{"@type":"ImageObject","inLanguage":"en-GB","@id":"https:\/\/dmcsrb.com\/hronika\/mijajlovic-i-spicanovic-u-spuzu-tuziteljki-nastic-oduzet-pasos\/#primaryimage","url":"https:\/\/dmcsrb.com\/wp-content\/uploads\/2026\/01\/VDT-SDT-tuzilastva-foto-gradski-me.jpg","contentUrl":"https:\/\/dmcsrb.com\/wp-content\/uploads\/2026\/01\/VDT-SDT-tuzilastva-foto-gradski-me.jpg","width":1427,"height":872},{"@type":"BreadcrumbList","@id":"https:\/\/dmcsrb.com\/hronika\/mijajlovic-i-spicanovic-u-spuzu-tuziteljki-nastic-oduzet-pasos\/#breadcrumb","itemListElement":[{"@type":"ListItem","position":1,"name":"Home","item":"https:\/\/dmcsrb.com\/"},{"@type":"ListItem","position":2,"name":"Mijajlovi\u0107 i Spi\u010danovi\u0107 u Spu\u017eu, tu\u017eiteljki Nasti\u0107 oduzet paso\u0161"}]},{"@type":"WebSite","@id":"https:\/\/dmcsrb.com\/#website","url":"https:\/\/dmcsrb.com\/","name":"dmcsrb.com","description":"","potentialAction":[{"@type":"SearchAction","target":{"@type":"EntryPoint","urlTemplate":"https:\/\/dmcsrb.com\/?s={search_term_string}"},"query-input":{"@type":"PropertyValueSpecification","valueRequired":true,"valueName":"search_term_string"}}],"inLanguage":"en-GB"},{"@type":"Person","@id":"https:\/\/dmcsrb.com\/#\/schema\/person\/5c39170f12db1b8b457732d0b5c854e2","name":"dmcsrbija.com@gmail.com","image":{"@type":"ImageObject","inLanguage":"en-GB","@id":"https:\/\/secure.gravatar.com\/avatar\/68592660ad6347fad0fb587f8d5d8f1a7b44961362f56e4f2cd524feb87e9069?s=96&d=mm&r=g","url":"https:\/\/secure.gravatar.com\/avatar\/68592660ad6347fad0fb587f8d5d8f1a7b44961362f56e4f2cd524feb87e9069?s=96&d=mm&r=g","contentUrl":"https:\/\/secure.gravatar.com\/avatar\/68592660ad6347fad0fb587f8d5d8f1a7b44961362f56e4f2cd524feb87e9069?s=96&d=mm&r=g","caption":"dmcsrbija.com@gmail.com"},"sameAs":["https:\/\/dmcsrb.com"],"url":"https:\/\/dmcsrb.com\/en\/author\/dmcsrbija-comgmail-com\/"}]}},"_links":{"self":[{"href":"https:\/\/dmcsrb.com\/en\/wp-json\/wp\/v2\/posts\/955984","targetHints":{"allow":["GET"]}}],"collection":[{"href":"https:\/\/dmcsrb.com\/en\/wp-json\/wp\/v2\/posts"}],"about":[{"href":"https:\/\/dmcsrb.com\/en\/wp-json\/wp\/v2\/types\/post"}],"author":[{"embeddable":true,"href":"https:\/\/dmcsrb.com\/en\/wp-json\/wp\/v2\/users\/1"}],"replies":[{"embeddable":true,"href":"https:\/\/dmcsrb.com\/en\/wp-json\/wp\/v2\/comments?post=955984"}],"version-history":[{"count":0,"href":"https:\/\/dmcsrb.com\/en\/wp-json\/wp\/v2\/posts\/955984\/revisions"}],"wp:featuredmedia":[{"embeddable":true,"href":"https:\/\/dmcsrb.com\/en\/wp-json\/wp\/v2\/media\/909800"}],"wp:attachment":[{"href":"https:\/\/dmcsrb.com\/en\/wp-json\/wp\/v2\/media?parent=955984"}],"wp:term":[{"taxonomy":"category","embeddable":true,"href":"https:\/\/dmcsrb.com\/en\/wp-json\/wp\/v2\/categories?post=955984"},{"taxonomy":"post_tag","embeddable":true,"href":"https:\/\/dmcsrb.com\/en\/wp-json\/wp\/v2\/tags?post=955984"},{"taxonomy":"naslovna","embeddable":true,"href":"https:\/\/dmcsrb.com\/en\/wp-json\/wp\/v2\/naslovna?post=955984"}],"curies":[{"name":"wp","href":"https:\/\/api.w.org\/{rel}","templated":true}]}}