{"id":955920,"date":"2025-10-05T10:47:00","date_gmt":"2025-10-05T08:47:00","guid":{"rendered":"https:\/\/dmcsrb.com\/uncategorized\/milatovic-na-sastanku-lidera-brdo-brioni-procesa-nacrt-ugovora-o-pristupanju-crne-gore-eu-bio-bi-pozitivan-signal-za-zemlje-zapadnog-balkana\/"},"modified":"2025-10-05T10:47:00","modified_gmt":"2025-10-05T08:47:00","slug":"milatovic-na-sastanku-lidera-brdo-brioni-procesa-nacrt-ugovora-o-pristupanju-crne-gore-eu-bio-bi-pozitivan-signal-za-zemlje-zapadnog-balkana","status":"publish","type":"post","link":"https:\/\/dmcsrb.com\/en\/politika\/milatovic-na-sastanku-lidera-brdo-brioni-procesa-nacrt-ugovora-o-pristupanju-crne-gore-eu-bio-bi-pozitivan-signal-za-zemlje-zapadnog-balkana\/","title":{"rendered":"Milatovi\u0107 na sastanku lidera Brdo- Brioni procesa: Nacrt ugovora o pristupanju Crne Gore EU bio bi pozitivan signal za zemlje Zapadnog Balkana"},"content":{"rendered":"<p><\/p>\n\n\n\n<p><\/p>\n\n\n\n<p>Kako je saop\u0161teno iz Kabineta Milatovi\u0107a, Samit koji okuplja regionalne lidere, poslu\u017ei\u0107e kao odli\u010dna prilika za ja\u010danje dobrosusjedske saradnje i svih mjera usmjerenih na punu integraciju Zapadnog Balkana u Evropsku uniju.<\/p>\n\n\n\n<p>\u201cDobri odnosi sa zemljama regiona va\u017ean su preduslov za na\u0161 evropski put. U tom kontekstu, smatram da bi nacrt Ugovora o pristupanju Crne Gore EU bio sna\u017ean podsticaj nama da zavr\u0161imo preostale reforme, ali i sna\u017ean signal svim zemljama Zapadnog Balkana da je politika pro\u0161irenja \u017eiva i da se reforme zaista isplate\u201d, poru\u010dio je Milatovi\u0107.<\/p>\n\n\n\n<p>Crna Gora je posve\u0107ena o\u010duvanju stabilnosti Balkana i \u0161ireg mediteranskog regiona. Me\u0111utim, nju je mogu\u0107e ostvariti samo ako sara\u0111ujemo, gledamo unaprijed i rije\u0161avamo otvorena pitanja u duhu dijaloga i kompromisa. U tom smislu, Crna Gora mora aktivno promovisati regionalnu saradnju i predvoditi primjerom, dosljedno zastupaju\u0107i vrijednosti me\u0111usobnog po\u0161tovanja i dobrosusjedskih odnosa.<\/p>\n\n\n\n<p>\u201cOvogodi\u0161nji Samit u poseban fokus \u0107e staviti Plan rasta za Zapadni Balkan, uz razmatranje svih modaliteta saradnje izme\u0111u regiona i EU, kako bi gra\u0111ani na\u0161ih zemalja osjetili benefite koje EU nudi i prije samog \u010dlanstva\u201d, dodaje se u saop\u0161tenju.<\/p>\n\n\n\n<p>\u201cCrna Gora i region ne mogu vi\u0161e da priu\u0161te luksuz da se politika bavi politikom i igrama iz pro\u0161losti, umjesto da sprovodimo reforme i u\u0111emo u EU \u2013 zajedno. Poruka koju \u0107e Milatovi\u0107 poslati na Samitu je jasna: ako ho\u0107emo da mladi ostanu, da ovdje grade budu\u0107nost, moramo usvojiti evropske vrijednosti, umjesto starih navika koje su nam donijele poraze i neuspjehe\u201d, dodaje se u saop\u0161tenju.&nbsp;<\/p>\n\n\n\n<p>Kako zaklju\u010duju iz Kabineta Milatovi\u0107a, proces Brdo-Brioni zajedni\u010dka je slovena\u010dko-hrvatska inicijativa pokrenuta 2010. godine, osnovana radi ja\u010danja uzajamnog povjerenja i pomo\u0107i zemljama Zapadnog Balkana na putu ka Evropskoj uniji. \u010clanovi inicijative su i Crna Gora, Srbija, Albanija, Sjeverna Makedonija, Bosna i Hercegovina i Kosovo.<\/p>\n\n\n\n<p><\/p>\n\n\n\n<p><\/p>","protected":false},"excerpt":{"rendered":"<p>Predsjednik Crne Gore Jakov Milatovi\u0107 u\u010destvuje na sastanku lidera Brdo-Brioni procesa u Dra\u010du 5 i 6 oktobra. Ovogodi\u0161nji sastanak odr\u017eac\u0301e se pod motom \u201cZajedni\u010dki interesi, zajedni\u010dka posvec\u0301enost zajedni\u010dkoj buduc\u0301nosti: Zajedno ka EU\u201d.<\/p>","protected":false},"author":1,"featured_media":909373,"comment_status":"open","ping_status":"open","sticky":false,"template":"","format":"standard","meta":{"_acf_changed":false,"footnotes":""},"categories":[12],"tags":[10320,90,9031],"naslovna":[],"class_list":["post-955920","post","type-post","status-publish","format-standard","has-post-thumbnail","hentry","category-politika","tag-drac","tag-jakov-milatovic","tag-samit"],"acf":[],"yoast_head":"<!-- This site is optimized with the Yoast SEO plugin v27.4 - https:\/\/yoast.com\/product\/yoast-seo-wordpress\/ -->\n<title>Milatovi\u0107 na sastanku lidera Brdo- Brioni procesa: Nacrt ugovora o pristupanju Crne Gore EU bio bi pozitivan signal za zemlje Zapadnog Balkana - dmcsrb.com<\/title>\n<meta name=\"robots\" content=\"index, follow, max-snippet:-1, max-image-preview:large, max-video-preview:-1\" \/>\n<link rel=\"canonical\" href=\"https:\/\/dmcsrb.com\/en\/politika\/milatovic-na-sastanku-lidera-brdo-brioni-procesa-nacrt-ugovora-o-pristupanju-crne-gore-eu-bio-bi-pozitivan-signal-za-zemlje-zapadnog-balkana\/\" \/>\n<meta property=\"og:locale\" content=\"en_GB\" \/>\n<meta property=\"og:type\" content=\"article\" \/>\n<meta property=\"og:title\" content=\"Milatovi\u0107 na sastanku lidera Brdo- Brioni procesa: Nacrt ugovora o pristupanju Crne Gore EU bio bi pozitivan signal za zemlje Zapadnog Balkana - dmcsrb.com\" \/>\n<meta property=\"og:description\" content=\"Predsjednik Crne Gore Jakov Milatovi\u0107 u\u010destvuje na sastanku lidera Brdo-Brioni procesa u Dra\u010du 5 i 6 oktobra. Ovogodi\u0161nji sastanak odr\u017eac\u0301e se pod motom \u201cZajedni\u010dki interesi, zajedni\u010dka posvec\u0301enost zajedni\u010dkoj buduc\u0301nosti: Zajedno ka EU\u201d.\" \/>\n<meta property=\"og:url\" content=\"https:\/\/dmcsrb.com\/en\/politika\/milatovic-na-sastanku-lidera-brdo-brioni-procesa-nacrt-ugovora-o-pristupanju-crne-gore-eu-bio-bi-pozitivan-signal-za-zemlje-zapadnog-balkana\/\" \/>\n<meta property=\"og:site_name\" content=\"dmcsrb.com\" \/>\n<meta property=\"article:published_time\" content=\"2025-10-05T08:47:00+00:00\" \/>\n<meta property=\"og:image\" content=\"https:\/\/dmcsrb.com\/wp-content\/uploads\/2026\/01\/milatovic.jpg\" \/>\n\t<meta property=\"og:image:width\" content=\"1320\" \/>\n\t<meta property=\"og:image:height\" content=\"733\" \/>\n\t<meta property=\"og:image:type\" content=\"image\/jpeg\" \/>\n<meta name=\"author\" content=\"dmcsrbija.com@gmail.com\" \/>\n<meta name=\"twitter:card\" content=\"summary_large_image\" \/>\n<meta name=\"twitter:label1\" content=\"Written by\" \/>\n\t<meta name=\"twitter:data1\" content=\"dmcsrbija.com@gmail.com\" \/>\n\t<meta name=\"twitter:label2\" content=\"Estimated reading time\" \/>\n\t<meta name=\"twitter:data2\" content=\"2 minutes\" \/>\n<script type=\"application\/ld+json\" class=\"yoast-schema-graph\">{\"@context\":\"https:\\\/\\\/schema.org\",\"@graph\":[{\"@type\":\"Article\",\"@id\":\"https:\\\/\\\/dmcsrb.com\\\/politika\\\/milatovic-na-sastanku-lidera-brdo-brioni-procesa-nacrt-ugovora-o-pristupanju-crne-gore-eu-bio-bi-pozitivan-signal-za-zemlje-zapadnog-balkana\\\/#article\",\"isPartOf\":{\"@id\":\"https:\\\/\\\/dmcsrb.com\\\/politika\\\/milatovic-na-sastanku-lidera-brdo-brioni-procesa-nacrt-ugovora-o-pristupanju-crne-gore-eu-bio-bi-pozitivan-signal-za-zemlje-zapadnog-balkana\\\/\"},\"author\":{\"name\":\"dmcsrbija.com@gmail.com\",\"@id\":\"https:\\\/\\\/dmcsrb.com\\\/#\\\/schema\\\/person\\\/5c39170f12db1b8b457732d0b5c854e2\"},\"headline\":\"Milatovi\u0107 na sastanku lidera Brdo- Brioni procesa: Nacrt ugovora o pristupanju Crne Gore EU bio bi pozitivan signal za zemlje Zapadnog Balkana\",\"datePublished\":\"2025-10-05T08:47:00+00:00\",\"mainEntityOfPage\":{\"@id\":\"https:\\\/\\\/dmcsrb.com\\\/politika\\\/milatovic-na-sastanku-lidera-brdo-brioni-procesa-nacrt-ugovora-o-pristupanju-crne-gore-eu-bio-bi-pozitivan-signal-za-zemlje-zapadnog-balkana\\\/\"},\"wordCount\":345,\"commentCount\":0,\"image\":{\"@id\":\"https:\\\/\\\/dmcsrb.com\\\/politika\\\/milatovic-na-sastanku-lidera-brdo-brioni-procesa-nacrt-ugovora-o-pristupanju-crne-gore-eu-bio-bi-pozitivan-signal-za-zemlje-zapadnog-balkana\\\/#primaryimage\"},\"thumbnailUrl\":\"https:\\\/\\\/dmcsrb.com\\\/wp-content\\\/uploads\\\/2026\\\/01\\\/milatovic.jpg\",\"keywords\":[\"dra\u010d\",\"Jakov Milatovi\u0107\",\"Samit\"],\"articleSection\":[\"Politika\"],\"inLanguage\":\"en-GB\",\"potentialAction\":[{\"@type\":\"CommentAction\",\"name\":\"Comment\",\"target\":[\"https:\\\/\\\/dmcsrb.com\\\/politika\\\/milatovic-na-sastanku-lidera-brdo-brioni-procesa-nacrt-ugovora-o-pristupanju-crne-gore-eu-bio-bi-pozitivan-signal-za-zemlje-zapadnog-balkana\\\/#respond\"]}]},{\"@type\":\"WebPage\",\"@id\":\"https:\\\/\\\/dmcsrb.com\\\/politika\\\/milatovic-na-sastanku-lidera-brdo-brioni-procesa-nacrt-ugovora-o-pristupanju-crne-gore-eu-bio-bi-pozitivan-signal-za-zemlje-zapadnog-balkana\\\/\",\"url\":\"https:\\\/\\\/dmcsrb.com\\\/politika\\\/milatovic-na-sastanku-lidera-brdo-brioni-procesa-nacrt-ugovora-o-pristupanju-crne-gore-eu-bio-bi-pozitivan-signal-za-zemlje-zapadnog-balkana\\\/\",\"name\":\"Milatovi\u0107 na sastanku lidera Brdo- Brioni procesa: Nacrt ugovora o pristupanju Crne Gore EU bio bi pozitivan signal za zemlje Zapadnog Balkana - dmcsrb.com\",\"isPartOf\":{\"@id\":\"https:\\\/\\\/dmcsrb.com\\\/#website\"},\"primaryImageOfPage\":{\"@id\":\"https:\\\/\\\/dmcsrb.com\\\/politika\\\/milatovic-na-sastanku-lidera-brdo-brioni-procesa-nacrt-ugovora-o-pristupanju-crne-gore-eu-bio-bi-pozitivan-signal-za-zemlje-zapadnog-balkana\\\/#primaryimage\"},\"image\":{\"@id\":\"https:\\\/\\\/dmcsrb.com\\\/politika\\\/milatovic-na-sastanku-lidera-brdo-brioni-procesa-nacrt-ugovora-o-pristupanju-crne-gore-eu-bio-bi-pozitivan-signal-za-zemlje-zapadnog-balkana\\\/#primaryimage\"},\"thumbnailUrl\":\"https:\\\/\\\/dmcsrb.com\\\/wp-content\\\/uploads\\\/2026\\\/01\\\/milatovic.jpg\",\"datePublished\":\"2025-10-05T08:47:00+00:00\",\"author\":{\"@id\":\"https:\\\/\\\/dmcsrb.com\\\/#\\\/schema\\\/person\\\/5c39170f12db1b8b457732d0b5c854e2\"},\"breadcrumb\":{\"@id\":\"https:\\\/\\\/dmcsrb.com\\\/politika\\\/milatovic-na-sastanku-lidera-brdo-brioni-procesa-nacrt-ugovora-o-pristupanju-crne-gore-eu-bio-bi-pozitivan-signal-za-zemlje-zapadnog-balkana\\\/#breadcrumb\"},\"inLanguage\":\"en-GB\",\"potentialAction\":[{\"@type\":\"ReadAction\",\"target\":[\"https:\\\/\\\/dmcsrb.com\\\/politika\\\/milatovic-na-sastanku-lidera-brdo-brioni-procesa-nacrt-ugovora-o-pristupanju-crne-gore-eu-bio-bi-pozitivan-signal-za-zemlje-zapadnog-balkana\\\/\"]}]},{\"@type\":\"ImageObject\",\"inLanguage\":\"en-GB\",\"@id\":\"https:\\\/\\\/dmcsrb.com\\\/politika\\\/milatovic-na-sastanku-lidera-brdo-brioni-procesa-nacrt-ugovora-o-pristupanju-crne-gore-eu-bio-bi-pozitivan-signal-za-zemlje-zapadnog-balkana\\\/#primaryimage\",\"url\":\"https:\\\/\\\/dmcsrb.com\\\/wp-content\\\/uploads\\\/2026\\\/01\\\/milatovic.jpg\",\"contentUrl\":\"https:\\\/\\\/dmcsrb.com\\\/wp-content\\\/uploads\\\/2026\\\/01\\\/milatovic.jpg\",\"width\":1320,\"height\":733},{\"@type\":\"BreadcrumbList\",\"@id\":\"https:\\\/\\\/dmcsrb.com\\\/politika\\\/milatovic-na-sastanku-lidera-brdo-brioni-procesa-nacrt-ugovora-o-pristupanju-crne-gore-eu-bio-bi-pozitivan-signal-za-zemlje-zapadnog-balkana\\\/#breadcrumb\",\"itemListElement\":[{\"@type\":\"ListItem\",\"position\":1,\"name\":\"Home\",\"item\":\"https:\\\/\\\/dmcsrb.com\\\/\"},{\"@type\":\"ListItem\",\"position\":2,\"name\":\"Milatovi\u0107 na sastanku lidera Brdo- Brioni procesa: Nacrt ugovora o pristupanju Crne Gore EU bio bi pozitivan signal za zemlje Zapadnog Balkana\"}]},{\"@type\":\"WebSite\",\"@id\":\"https:\\\/\\\/dmcsrb.com\\\/#website\",\"url\":\"https:\\\/\\\/dmcsrb.com\\\/\",\"name\":\"dmcsrb.com\",\"description\":\"\",\"potentialAction\":[{\"@type\":\"SearchAction\",\"target\":{\"@type\":\"EntryPoint\",\"urlTemplate\":\"https:\\\/\\\/dmcsrb.com\\\/?s={search_term_string}\"},\"query-input\":{\"@type\":\"PropertyValueSpecification\",\"valueRequired\":true,\"valueName\":\"search_term_string\"}}],\"inLanguage\":\"en-GB\"},{\"@type\":\"Person\",\"@id\":\"https:\\\/\\\/dmcsrb.com\\\/#\\\/schema\\\/person\\\/5c39170f12db1b8b457732d0b5c854e2\",\"name\":\"dmcsrbija.com@gmail.com\",\"image\":{\"@type\":\"ImageObject\",\"inLanguage\":\"en-GB\",\"@id\":\"https:\\\/\\\/secure.gravatar.com\\\/avatar\\\/68592660ad6347fad0fb587f8d5d8f1a7b44961362f56e4f2cd524feb87e9069?s=96&d=mm&r=g\",\"url\":\"https:\\\/\\\/secure.gravatar.com\\\/avatar\\\/68592660ad6347fad0fb587f8d5d8f1a7b44961362f56e4f2cd524feb87e9069?s=96&d=mm&r=g\",\"contentUrl\":\"https:\\\/\\\/secure.gravatar.com\\\/avatar\\\/68592660ad6347fad0fb587f8d5d8f1a7b44961362f56e4f2cd524feb87e9069?s=96&d=mm&r=g\",\"caption\":\"dmcsrbija.com@gmail.com\"},\"sameAs\":[\"https:\\\/\\\/dmcsrb.com\"],\"url\":\"https:\\\/\\\/dmcsrb.com\\\/en\\\/author\\\/dmcsrbija-comgmail-com\\\/\"}]}<\/script>\n<!-- \/ Yoast SEO plugin. -->","yoast_head_json":{"title":"Milatovi\u0107 na sastanku lidera Brdo- Brioni procesa: Nacrt ugovora o pristupanju Crne Gore EU bio bi pozitivan signal za zemlje Zapadnog Balkana - dmcsrb.com","robots":{"index":"index","follow":"follow","max-snippet":"max-snippet:-1","max-image-preview":"max-image-preview:large","max-video-preview":"max-video-preview:-1"},"canonical":"https:\/\/dmcsrb.com\/en\/politika\/milatovic-na-sastanku-lidera-brdo-brioni-procesa-nacrt-ugovora-o-pristupanju-crne-gore-eu-bio-bi-pozitivan-signal-za-zemlje-zapadnog-balkana\/","og_locale":"en_GB","og_type":"article","og_title":"Milatovi\u0107 na sastanku lidera Brdo- Brioni procesa: Nacrt ugovora o pristupanju Crne Gore EU bio bi pozitivan signal za zemlje Zapadnog Balkana - dmcsrb.com","og_description":"Predsjednik Crne Gore Jakov Milatovi\u0107 u\u010destvuje na sastanku lidera Brdo-Brioni procesa u Dra\u010du 5 i 6 oktobra. Ovogodi\u0161nji sastanak odr\u017eac\u0301e se pod motom \u201cZajedni\u010dki interesi, zajedni\u010dka posvec\u0301enost zajedni\u010dkoj buduc\u0301nosti: Zajedno ka EU\u201d.","og_url":"https:\/\/dmcsrb.com\/en\/politika\/milatovic-na-sastanku-lidera-brdo-brioni-procesa-nacrt-ugovora-o-pristupanju-crne-gore-eu-bio-bi-pozitivan-signal-za-zemlje-zapadnog-balkana\/","og_site_name":"dmcsrb.com","article_published_time":"2025-10-05T08:47:00+00:00","og_image":[{"width":1320,"height":733,"url":"https:\/\/dmcsrb.com\/wp-content\/uploads\/2026\/01\/milatovic.jpg","type":"image\/jpeg"}],"author":"dmcsrbija.com@gmail.com","twitter_card":"summary_large_image","twitter_misc":{"Written by":"dmcsrbija.com@gmail.com","Estimated reading time":"2 minutes"},"schema":{"@context":"https:\/\/schema.org","@graph":[{"@type":"Article","@id":"https:\/\/dmcsrb.com\/politika\/milatovic-na-sastanku-lidera-brdo-brioni-procesa-nacrt-ugovora-o-pristupanju-crne-gore-eu-bio-bi-pozitivan-signal-za-zemlje-zapadnog-balkana\/#article","isPartOf":{"@id":"https:\/\/dmcsrb.com\/politika\/milatovic-na-sastanku-lidera-brdo-brioni-procesa-nacrt-ugovora-o-pristupanju-crne-gore-eu-bio-bi-pozitivan-signal-za-zemlje-zapadnog-balkana\/"},"author":{"name":"dmcsrbija.com@gmail.com","@id":"https:\/\/dmcsrb.com\/#\/schema\/person\/5c39170f12db1b8b457732d0b5c854e2"},"headline":"Milatovi\u0107 na sastanku lidera Brdo- Brioni procesa: Nacrt ugovora o pristupanju Crne Gore EU bio bi pozitivan signal za zemlje Zapadnog Balkana","datePublished":"2025-10-05T08:47:00+00:00","mainEntityOfPage":{"@id":"https:\/\/dmcsrb.com\/politika\/milatovic-na-sastanku-lidera-brdo-brioni-procesa-nacrt-ugovora-o-pristupanju-crne-gore-eu-bio-bi-pozitivan-signal-za-zemlje-zapadnog-balkana\/"},"wordCount":345,"commentCount":0,"image":{"@id":"https:\/\/dmcsrb.com\/politika\/milatovic-na-sastanku-lidera-brdo-brioni-procesa-nacrt-ugovora-o-pristupanju-crne-gore-eu-bio-bi-pozitivan-signal-za-zemlje-zapadnog-balkana\/#primaryimage"},"thumbnailUrl":"https:\/\/dmcsrb.com\/wp-content\/uploads\/2026\/01\/milatovic.jpg","keywords":["dra\u010d","Jakov Milatovi\u0107","Samit"],"articleSection":["Politika"],"inLanguage":"en-GB","potentialAction":[{"@type":"CommentAction","name":"Comment","target":["https:\/\/dmcsrb.com\/politika\/milatovic-na-sastanku-lidera-brdo-brioni-procesa-nacrt-ugovora-o-pristupanju-crne-gore-eu-bio-bi-pozitivan-signal-za-zemlje-zapadnog-balkana\/#respond"]}]},{"@type":"WebPage","@id":"https:\/\/dmcsrb.com\/politika\/milatovic-na-sastanku-lidera-brdo-brioni-procesa-nacrt-ugovora-o-pristupanju-crne-gore-eu-bio-bi-pozitivan-signal-za-zemlje-zapadnog-balkana\/","url":"https:\/\/dmcsrb.com\/politika\/milatovic-na-sastanku-lidera-brdo-brioni-procesa-nacrt-ugovora-o-pristupanju-crne-gore-eu-bio-bi-pozitivan-signal-za-zemlje-zapadnog-balkana\/","name":"Milatovi\u0107 na sastanku lidera Brdo- Brioni procesa: Nacrt ugovora o pristupanju Crne Gore EU bio bi pozitivan signal za zemlje Zapadnog Balkana - dmcsrb.com","isPartOf":{"@id":"https:\/\/dmcsrb.com\/#website"},"primaryImageOfPage":{"@id":"https:\/\/dmcsrb.com\/politika\/milatovic-na-sastanku-lidera-brdo-brioni-procesa-nacrt-ugovora-o-pristupanju-crne-gore-eu-bio-bi-pozitivan-signal-za-zemlje-zapadnog-balkana\/#primaryimage"},"image":{"@id":"https:\/\/dmcsrb.com\/politika\/milatovic-na-sastanku-lidera-brdo-brioni-procesa-nacrt-ugovora-o-pristupanju-crne-gore-eu-bio-bi-pozitivan-signal-za-zemlje-zapadnog-balkana\/#primaryimage"},"thumbnailUrl":"https:\/\/dmcsrb.com\/wp-content\/uploads\/2026\/01\/milatovic.jpg","datePublished":"2025-10-05T08:47:00+00:00","author":{"@id":"https:\/\/dmcsrb.com\/#\/schema\/person\/5c39170f12db1b8b457732d0b5c854e2"},"breadcrumb":{"@id":"https:\/\/dmcsrb.com\/politika\/milatovic-na-sastanku-lidera-brdo-brioni-procesa-nacrt-ugovora-o-pristupanju-crne-gore-eu-bio-bi-pozitivan-signal-za-zemlje-zapadnog-balkana\/#breadcrumb"},"inLanguage":"en-GB","potentialAction":[{"@type":"ReadAction","target":["https:\/\/dmcsrb.com\/politika\/milatovic-na-sastanku-lidera-brdo-brioni-procesa-nacrt-ugovora-o-pristupanju-crne-gore-eu-bio-bi-pozitivan-signal-za-zemlje-zapadnog-balkana\/"]}]},{"@type":"ImageObject","inLanguage":"en-GB","@id":"https:\/\/dmcsrb.com\/politika\/milatovic-na-sastanku-lidera-brdo-brioni-procesa-nacrt-ugovora-o-pristupanju-crne-gore-eu-bio-bi-pozitivan-signal-za-zemlje-zapadnog-balkana\/#primaryimage","url":"https:\/\/dmcsrb.com\/wp-content\/uploads\/2026\/01\/milatovic.jpg","contentUrl":"https:\/\/dmcsrb.com\/wp-content\/uploads\/2026\/01\/milatovic.jpg","width":1320,"height":733},{"@type":"BreadcrumbList","@id":"https:\/\/dmcsrb.com\/politika\/milatovic-na-sastanku-lidera-brdo-brioni-procesa-nacrt-ugovora-o-pristupanju-crne-gore-eu-bio-bi-pozitivan-signal-za-zemlje-zapadnog-balkana\/#breadcrumb","itemListElement":[{"@type":"ListItem","position":1,"name":"Home","item":"https:\/\/dmcsrb.com\/"},{"@type":"ListItem","position":2,"name":"Milatovi\u0107 na sastanku lidera Brdo- Brioni procesa: Nacrt ugovora o pristupanju Crne Gore EU bio bi pozitivan signal za zemlje Zapadnog Balkana"}]},{"@type":"WebSite","@id":"https:\/\/dmcsrb.com\/#website","url":"https:\/\/dmcsrb.com\/","name":"dmcsrb.com","description":"","potentialAction":[{"@type":"SearchAction","target":{"@type":"EntryPoint","urlTemplate":"https:\/\/dmcsrb.com\/?s={search_term_string}"},"query-input":{"@type":"PropertyValueSpecification","valueRequired":true,"valueName":"search_term_string"}}],"inLanguage":"en-GB"},{"@type":"Person","@id":"https:\/\/dmcsrb.com\/#\/schema\/person\/5c39170f12db1b8b457732d0b5c854e2","name":"dmcsrbija.com@gmail.com","image":{"@type":"ImageObject","inLanguage":"en-GB","@id":"https:\/\/secure.gravatar.com\/avatar\/68592660ad6347fad0fb587f8d5d8f1a7b44961362f56e4f2cd524feb87e9069?s=96&d=mm&r=g","url":"https:\/\/secure.gravatar.com\/avatar\/68592660ad6347fad0fb587f8d5d8f1a7b44961362f56e4f2cd524feb87e9069?s=96&d=mm&r=g","contentUrl":"https:\/\/secure.gravatar.com\/avatar\/68592660ad6347fad0fb587f8d5d8f1a7b44961362f56e4f2cd524feb87e9069?s=96&d=mm&r=g","caption":"dmcsrbija.com@gmail.com"},"sameAs":["https:\/\/dmcsrb.com"],"url":"https:\/\/dmcsrb.com\/en\/author\/dmcsrbija-comgmail-com\/"}]}},"_links":{"self":[{"href":"https:\/\/dmcsrb.com\/en\/wp-json\/wp\/v2\/posts\/955920","targetHints":{"allow":["GET"]}}],"collection":[{"href":"https:\/\/dmcsrb.com\/en\/wp-json\/wp\/v2\/posts"}],"about":[{"href":"https:\/\/dmcsrb.com\/en\/wp-json\/wp\/v2\/types\/post"}],"author":[{"embeddable":true,"href":"https:\/\/dmcsrb.com\/en\/wp-json\/wp\/v2\/users\/1"}],"replies":[{"embeddable":true,"href":"https:\/\/dmcsrb.com\/en\/wp-json\/wp\/v2\/comments?post=955920"}],"version-history":[{"count":0,"href":"https:\/\/dmcsrb.com\/en\/wp-json\/wp\/v2\/posts\/955920\/revisions"}],"wp:featuredmedia":[{"embeddable":true,"href":"https:\/\/dmcsrb.com\/en\/wp-json\/wp\/v2\/media\/909373"}],"wp:attachment":[{"href":"https:\/\/dmcsrb.com\/en\/wp-json\/wp\/v2\/media?parent=955920"}],"wp:term":[{"taxonomy":"category","embeddable":true,"href":"https:\/\/dmcsrb.com\/en\/wp-json\/wp\/v2\/categories?post=955920"},{"taxonomy":"post_tag","embeddable":true,"href":"https:\/\/dmcsrb.com\/en\/wp-json\/wp\/v2\/tags?post=955920"},{"taxonomy":"naslovna","embeddable":true,"href":"https:\/\/dmcsrb.com\/en\/wp-json\/wp\/v2\/naslovna?post=955920"}],"curies":[{"name":"wp","href":"https:\/\/api.w.org\/{rel}","templated":true}]}}