{"id":955888,"date":"2025-10-05T07:31:00","date_gmt":"2025-10-05T05:31:00","guid":{"rendered":"https:\/\/dmcsrb.com\/uncategorized\/nisic-osiguracemo-da-zaposleni-budu-zasticeni-od-mobinga\/"},"modified":"2025-10-05T07:31:00","modified_gmt":"2025-10-05T05:31:00","slug":"nisic-osiguracemo-da-zaposleni-budu-zasticeni-od-mobinga","status":"publish","type":"post","link":"https:\/\/dmcsrb.com\/en\/drustvo\/nisic-osiguracemo-da-zaposleni-budu-zasticeni-od-mobinga\/","title":{"rendered":"Ni\u0161i\u0107: Osigura\u0107emo da zaposleni budu za\u0161ti\u0107eni od mobinga"},"content":{"rendered":"<p><\/p>\n\n\n\n<p><\/p>\n\n\n\n<p>Na panelu \u201cDostojanstven rad: izazovi i perspektive u Crnoj Gori\u201d, koji je tim povodom odr\u017ean, ocijenjeno je da Crna Gora bilje\u017ei napredak u oblasti radnih prava, ali i da pred njom stoje brojni izazovi \u2013 od ja\u010danja socijalnog dijaloga do uskla\u0111ivanja zakonodavstva sa standardima Evropske unije, prenosi Pobjeda.<\/p>\n\n\n\n<p>\u201cMinimalna zarada u prethodnom periodu pove\u0107ana je sa 450 na 800 eura, unaprije\u0111eni su pripravni\u010dki rad i prava zaposlenih, ali dostojanstven rad nije samo plata, ve\u0107 i za\u0161tita koju dr\u017eava mora obezbijediti. Poseban akcenat stavljamo na ja\u010danje Inspekcije rada\u201d, naglasila je Ni\u0161i\u0107.<\/p>\n\n\n\n<p>Prema njenim rije\u010dima, vi\u0161e zakonskih rje\u0161enja trenutno je u proceduri ocjene od strane Evropske komisije, a njihovo usvajanje doprinije\u0107e ve\u0107oj pravnoj sigurnosti i za\u0161titi zaposlenih. Ministarka je najavila i izmjene Zakona o za\u0161titi od zlostavljanja na radu, \u010dime \u0107e se, kako je kazala, dodatno unaprijediti mehanizmi za\u0161tite od mobinga.<\/p>\n\n\n\n<p>\u201cFormira\u0107emo radnu grupu i zajedno sa partnerima osigurati da svi zaposleni u Crnoj Gori budu za\u0161ti\u0107eni od mobinga i drugih oblika uznemiravanja. Zajedni\u010dkim naporima gradimo sistem dostojanstvenog rada i bolju budu\u0107nost\u201d,&nbsp; poru\u010dila je Ni\u0161i\u0107.<\/p>\n\n\n\n<p><strong>Podr\u0161ka EU i socijalni dijalog<\/strong><\/p>\n\n\n\n<p>\u0160ef za saradnju Delegacije EU u Crnoj Gori <strong>Bernard Brunet<\/strong> istakao je da je cilj da Crna Gora postane 28. \u010dlanica Unije do 2028. godine.<\/p>\n\n\n\n<p>\u201cTo je ambiciozan, ali realan cilj. \u010clanstvo u EU donosi ne samo obaveze, ve\u0107 i zna\u010dajne benefite \u2013 ekonomske, socijalne i institucionalne. Harmonizacija zakonodavstva u oblasti rada i socijalne za\u0161tite je zahtjevan, ali klju\u010dan proces. Socijalna prava nalaze se u temelju EU i Crna Gora mora pokazati da je spremna da u potpunosti za\u0161titi prava svojih radnika\u201d, rekao je Brunet.<\/p>\n\n\n\n<p>Dodao je da Evropska komisija ve\u0107 pru\u017ea podr\u0161ku kroz programe i finansijsku pomo\u0107, te naglasio va\u017enost ja\u010danja socijalnog dijaloga izme\u0111u poslodavaca, sindikata i institucija.<\/p>\n\n\n\n<p><strong>Brojne pritu\u017ebe radnika<\/strong><\/p>\n\n\n\n<p>Na panelu je govorila i zamjenica Za\u0161titnika ljudskih prava i sloboda Crne Gore<strong> Tatjana Radovi\u0107 Todorovi\u0107,<\/strong> podsje\u0107aju\u0107i da je pravo na rad jedno od osnovnih ljudskih prava.<\/p>\n\n\n\n<p>\u201cIzme\u0111u 30 i 40 odsto pritu\u017ebi koje dobijamo odnosi se na povrede prava iz radnog odnosa. Naj\u010de\u0161\u0107e su pogo\u0111eni mladi, \u017eene, osobe sa invaliditetom, pripadnici manjinskih zajednica i radnici migranti. Mladi uglavnom po\u010dinju karijeru kroz privremene ugovore ili volonterski rad, \u0161to uti\u010de na njihov odlazak iz zemlje. Stariji radnici pak \u010desto trpe diskriminaciju po osnovu godina\u201d, kazala je ona.<\/p>\n\n\n\n<p>Radovi\u0107 Todorovi\u0107 posebno je ukazala na probleme stresa, pritisaka i mobinga na radnom mjestu.<\/p>\n\n\n\n<p>\u201cDokazivanje mobinga u praksi je izuzetno te\u0161ko, a sudski postupci dugi i \u010desto zavr\u0161avaju u korist poslodavca. Zato pozdravljamo najavljene izmjene zakona koje \u0107e doprinijeti ja\u010doj za\u0161titi zaposlenih\u201d, istakla je ona.<\/p>\n\n\n\n<p>Ona je naglasila da je socijalni dijalog temelj dostojanstvenog rada i podsjetila da Evropska socijalna povelja obavezuje dr\u017eave da obezbijede djelotvornu saradnju izme\u0111u poslodavaca i sindikata.<\/p>\n\n\n\n<p><\/p>","protected":false},"excerpt":{"rendered":"<p>Dostojanstven rad ne ogleda se samo u visini zarade, ve\u0107 i u jasnim i predvidljivim uslovima rada, kao i za\u0161titi zaposlenih koju mora garantovati Inspekcija rada, poru\u010dila je ministarka rada i socijalnog staranja Naida Ni\u0161i\u0107 povodom obilje\u017eavanja Me\u0111unarodnog dana dostojanstvenog rada.<\/p>","protected":false},"author":1,"featured_media":909322,"comment_status":"open","ping_status":"open","sticky":false,"template":"","format":"standard","meta":{"_acf_changed":false,"footnotes":""},"categories":[2],"tags":[652,10302],"naslovna":[],"class_list":["post-955888","post","type-post","status-publish","format-standard","has-post-thumbnail","hentry","category-drustvo","tag-naida-nisic","tag-povodom-medjunarodnog-dana-dostojanstvenog-rada"],"acf":[],"yoast_head":"<!-- This site is optimized with the Yoast SEO plugin v27.0 - https:\/\/yoast.com\/product\/yoast-seo-wordpress\/ -->\n<title>Ni\u0161i\u0107: Osigura\u0107emo da zaposleni budu za\u0161ti\u0107eni od mobinga - dmcsrb.com<\/title>\n<meta name=\"robots\" content=\"index, follow, max-snippet:-1, max-image-preview:large, max-video-preview:-1\" \/>\n<link rel=\"canonical\" href=\"https:\/\/dmcsrb.com\/en\/drustvo\/nisic-osiguracemo-da-zaposleni-budu-zasticeni-od-mobinga\/\" \/>\n<meta property=\"og:locale\" content=\"en_GB\" \/>\n<meta property=\"og:type\" content=\"article\" \/>\n<meta property=\"og:title\" content=\"Ni\u0161i\u0107: Osigura\u0107emo da zaposleni budu za\u0161ti\u0107eni od mobinga - dmcsrb.com\" \/>\n<meta property=\"og:description\" content=\"Dostojanstven rad ne ogleda se samo u visini zarade, ve\u0107 i u jasnim i predvidljivim uslovima rada, kao i za\u0161titi zaposlenih koju mora garantovati Inspekcija rada, poru\u010dila je ministarka rada i socijalnog staranja Naida Ni\u0161i\u0107 povodom obilje\u017eavanja Me\u0111unarodnog dana dostojanstvenog rada.\" \/>\n<meta property=\"og:url\" content=\"https:\/\/dmcsrb.com\/en\/drustvo\/nisic-osiguracemo-da-zaposleni-budu-zasticeni-od-mobinga\/\" \/>\n<meta property=\"og:site_name\" content=\"dmcsrb.com\" \/>\n<meta property=\"article:published_time\" content=\"2025-10-05T05:31:00+00:00\" \/>\n<meta property=\"og:image\" content=\"https:\/\/dmcsrb.com\/wp-content\/uploads\/2026\/01\/nisic.jpg\" \/>\n\t<meta property=\"og:image:width\" content=\"800\" \/>\n\t<meta property=\"og:image:height\" content=\"532\" \/>\n\t<meta property=\"og:image:type\" content=\"image\/jpeg\" \/>\n<meta name=\"author\" content=\"dmcsrbija.com@gmail.com\" \/>\n<meta name=\"twitter:card\" content=\"summary_large_image\" \/>\n<meta name=\"twitter:label1\" content=\"Written by\" \/>\n\t<meta name=\"twitter:data1\" content=\"dmcsrbija.com@gmail.com\" \/>\n\t<meta name=\"twitter:label2\" content=\"Estimated reading time\" \/>\n\t<meta name=\"twitter:data2\" content=\"2 minutes\" \/>\n<script type=\"application\/ld+json\" class=\"yoast-schema-graph\">{\"@context\":\"https:\/\/schema.org\",\"@graph\":[{\"@type\":\"Article\",\"@id\":\"https:\/\/dmcsrb.com\/drustvo\/nisic-osiguracemo-da-zaposleni-budu-zasticeni-od-mobinga\/#article\",\"isPartOf\":{\"@id\":\"https:\/\/dmcsrb.com\/drustvo\/nisic-osiguracemo-da-zaposleni-budu-zasticeni-od-mobinga\/\"},\"author\":{\"name\":\"dmcsrbija.com@gmail.com\",\"@id\":\"https:\/\/dmcsrb.com\/#\/schema\/person\/5c39170f12db1b8b457732d0b5c854e2\"},\"headline\":\"Ni\u0161i\u0107: Osigura\u0107emo da zaposleni budu za\u0161ti\u0107eni od mobinga\",\"datePublished\":\"2025-10-05T05:31:00+00:00\",\"mainEntityOfPage\":{\"@id\":\"https:\/\/dmcsrb.com\/drustvo\/nisic-osiguracemo-da-zaposleni-budu-zasticeni-od-mobinga\/\"},\"wordCount\":505,\"commentCount\":0,\"image\":{\"@id\":\"https:\/\/dmcsrb.com\/drustvo\/nisic-osiguracemo-da-zaposleni-budu-zasticeni-od-mobinga\/#primaryimage\"},\"thumbnailUrl\":\"https:\/\/dmcsrb.com\/wp-content\/uploads\/2026\/01\/nisic.jpg\",\"keywords\":[\"Naida Ni\u0161i\u0107\",\"povodom Me\u0111unarodnog dana dostojanstvenog rada\"],\"articleSection\":[\"Dru\u0161tvo\"],\"inLanguage\":\"en-GB\",\"potentialAction\":[{\"@type\":\"CommentAction\",\"name\":\"Comment\",\"target\":[\"https:\/\/dmcsrb.com\/drustvo\/nisic-osiguracemo-da-zaposleni-budu-zasticeni-od-mobinga\/#respond\"]}]},{\"@type\":\"WebPage\",\"@id\":\"https:\/\/dmcsrb.com\/drustvo\/nisic-osiguracemo-da-zaposleni-budu-zasticeni-od-mobinga\/\",\"url\":\"https:\/\/dmcsrb.com\/drustvo\/nisic-osiguracemo-da-zaposleni-budu-zasticeni-od-mobinga\/\",\"name\":\"Ni\u0161i\u0107: Osigura\u0107emo da zaposleni budu za\u0161ti\u0107eni od mobinga - dmcsrb.com\",\"isPartOf\":{\"@id\":\"https:\/\/dmcsrb.com\/#website\"},\"primaryImageOfPage\":{\"@id\":\"https:\/\/dmcsrb.com\/drustvo\/nisic-osiguracemo-da-zaposleni-budu-zasticeni-od-mobinga\/#primaryimage\"},\"image\":{\"@id\":\"https:\/\/dmcsrb.com\/drustvo\/nisic-osiguracemo-da-zaposleni-budu-zasticeni-od-mobinga\/#primaryimage\"},\"thumbnailUrl\":\"https:\/\/dmcsrb.com\/wp-content\/uploads\/2026\/01\/nisic.jpg\",\"datePublished\":\"2025-10-05T05:31:00+00:00\",\"author\":{\"@id\":\"https:\/\/dmcsrb.com\/#\/schema\/person\/5c39170f12db1b8b457732d0b5c854e2\"},\"breadcrumb\":{\"@id\":\"https:\/\/dmcsrb.com\/drustvo\/nisic-osiguracemo-da-zaposleni-budu-zasticeni-od-mobinga\/#breadcrumb\"},\"inLanguage\":\"en-GB\",\"potentialAction\":[{\"@type\":\"ReadAction\",\"target\":[\"https:\/\/dmcsrb.com\/drustvo\/nisic-osiguracemo-da-zaposleni-budu-zasticeni-od-mobinga\/\"]}]},{\"@type\":\"ImageObject\",\"inLanguage\":\"en-GB\",\"@id\":\"https:\/\/dmcsrb.com\/drustvo\/nisic-osiguracemo-da-zaposleni-budu-zasticeni-od-mobinga\/#primaryimage\",\"url\":\"https:\/\/dmcsrb.com\/wp-content\/uploads\/2026\/01\/nisic.jpg\",\"contentUrl\":\"https:\/\/dmcsrb.com\/wp-content\/uploads\/2026\/01\/nisic.jpg\",\"width\":800,\"height\":532},{\"@type\":\"BreadcrumbList\",\"@id\":\"https:\/\/dmcsrb.com\/drustvo\/nisic-osiguracemo-da-zaposleni-budu-zasticeni-od-mobinga\/#breadcrumb\",\"itemListElement\":[{\"@type\":\"ListItem\",\"position\":1,\"name\":\"Home\",\"item\":\"https:\/\/dmcsrb.com\/\"},{\"@type\":\"ListItem\",\"position\":2,\"name\":\"Ni\u0161i\u0107: Osigura\u0107emo da zaposleni budu za\u0161ti\u0107eni od mobinga\"}]},{\"@type\":\"WebSite\",\"@id\":\"https:\/\/dmcsrb.com\/#website\",\"url\":\"https:\/\/dmcsrb.com\/\",\"name\":\"dmcsrb.com\",\"description\":\"\",\"potentialAction\":[{\"@type\":\"SearchAction\",\"target\":{\"@type\":\"EntryPoint\",\"urlTemplate\":\"https:\/\/dmcsrb.com\/?s={search_term_string}\"},\"query-input\":{\"@type\":\"PropertyValueSpecification\",\"valueRequired\":true,\"valueName\":\"search_term_string\"}}],\"inLanguage\":\"en-GB\"},{\"@type\":\"Person\",\"@id\":\"https:\/\/dmcsrb.com\/#\/schema\/person\/5c39170f12db1b8b457732d0b5c854e2\",\"name\":\"dmcsrbija.com@gmail.com\",\"image\":{\"@type\":\"ImageObject\",\"inLanguage\":\"en-GB\",\"@id\":\"https:\/\/dmcsrb.com\/#\/schema\/person\/image\/\",\"url\":\"https:\/\/secure.gravatar.com\/avatar\/68592660ad6347fad0fb587f8d5d8f1a7b44961362f56e4f2cd524feb87e9069?s=96&d=mm&r=g\",\"contentUrl\":\"https:\/\/secure.gravatar.com\/avatar\/68592660ad6347fad0fb587f8d5d8f1a7b44961362f56e4f2cd524feb87e9069?s=96&d=mm&r=g\",\"caption\":\"dmcsrbija.com@gmail.com\"},\"sameAs\":[\"https:\/\/dmcsrb.com\"],\"url\":\"https:\/\/dmcsrb.com\/en\/author\/dmcsrbija-comgmail-com\/\"}]}<\/script>\n<!-- \/ Yoast SEO plugin. -->","yoast_head_json":{"title":"Ni\u0161i\u0107: Osigura\u0107emo da zaposleni budu za\u0161ti\u0107eni od mobinga - dmcsrb.com","robots":{"index":"index","follow":"follow","max-snippet":"max-snippet:-1","max-image-preview":"max-image-preview:large","max-video-preview":"max-video-preview:-1"},"canonical":"https:\/\/dmcsrb.com\/en\/drustvo\/nisic-osiguracemo-da-zaposleni-budu-zasticeni-od-mobinga\/","og_locale":"en_GB","og_type":"article","og_title":"Ni\u0161i\u0107: Osigura\u0107emo da zaposleni budu za\u0161ti\u0107eni od mobinga - dmcsrb.com","og_description":"Dostojanstven rad ne ogleda se samo u visini zarade, ve\u0107 i u jasnim i predvidljivim uslovima rada, kao i za\u0161titi zaposlenih koju mora garantovati Inspekcija rada, poru\u010dila je ministarka rada i socijalnog staranja Naida Ni\u0161i\u0107 povodom obilje\u017eavanja Me\u0111unarodnog dana dostojanstvenog rada.","og_url":"https:\/\/dmcsrb.com\/en\/drustvo\/nisic-osiguracemo-da-zaposleni-budu-zasticeni-od-mobinga\/","og_site_name":"dmcsrb.com","article_published_time":"2025-10-05T05:31:00+00:00","og_image":[{"width":800,"height":532,"url":"https:\/\/dmcsrb.com\/wp-content\/uploads\/2026\/01\/nisic.jpg","type":"image\/jpeg"}],"author":"dmcsrbija.com@gmail.com","twitter_card":"summary_large_image","twitter_misc":{"Written by":"dmcsrbija.com@gmail.com","Estimated reading time":"2 minutes"},"schema":{"@context":"https:\/\/schema.org","@graph":[{"@type":"Article","@id":"https:\/\/dmcsrb.com\/drustvo\/nisic-osiguracemo-da-zaposleni-budu-zasticeni-od-mobinga\/#article","isPartOf":{"@id":"https:\/\/dmcsrb.com\/drustvo\/nisic-osiguracemo-da-zaposleni-budu-zasticeni-od-mobinga\/"},"author":{"name":"dmcsrbija.com@gmail.com","@id":"https:\/\/dmcsrb.com\/#\/schema\/person\/5c39170f12db1b8b457732d0b5c854e2"},"headline":"Ni\u0161i\u0107: Osigura\u0107emo da zaposleni budu za\u0161ti\u0107eni od mobinga","datePublished":"2025-10-05T05:31:00+00:00","mainEntityOfPage":{"@id":"https:\/\/dmcsrb.com\/drustvo\/nisic-osiguracemo-da-zaposleni-budu-zasticeni-od-mobinga\/"},"wordCount":505,"commentCount":0,"image":{"@id":"https:\/\/dmcsrb.com\/drustvo\/nisic-osiguracemo-da-zaposleni-budu-zasticeni-od-mobinga\/#primaryimage"},"thumbnailUrl":"https:\/\/dmcsrb.com\/wp-content\/uploads\/2026\/01\/nisic.jpg","keywords":["Naida Ni\u0161i\u0107","povodom Me\u0111unarodnog dana dostojanstvenog rada"],"articleSection":["Dru\u0161tvo"],"inLanguage":"en-GB","potentialAction":[{"@type":"CommentAction","name":"Comment","target":["https:\/\/dmcsrb.com\/drustvo\/nisic-osiguracemo-da-zaposleni-budu-zasticeni-od-mobinga\/#respond"]}]},{"@type":"WebPage","@id":"https:\/\/dmcsrb.com\/drustvo\/nisic-osiguracemo-da-zaposleni-budu-zasticeni-od-mobinga\/","url":"https:\/\/dmcsrb.com\/drustvo\/nisic-osiguracemo-da-zaposleni-budu-zasticeni-od-mobinga\/","name":"Ni\u0161i\u0107: Osigura\u0107emo da zaposleni budu za\u0161ti\u0107eni od mobinga - dmcsrb.com","isPartOf":{"@id":"https:\/\/dmcsrb.com\/#website"},"primaryImageOfPage":{"@id":"https:\/\/dmcsrb.com\/drustvo\/nisic-osiguracemo-da-zaposleni-budu-zasticeni-od-mobinga\/#primaryimage"},"image":{"@id":"https:\/\/dmcsrb.com\/drustvo\/nisic-osiguracemo-da-zaposleni-budu-zasticeni-od-mobinga\/#primaryimage"},"thumbnailUrl":"https:\/\/dmcsrb.com\/wp-content\/uploads\/2026\/01\/nisic.jpg","datePublished":"2025-10-05T05:31:00+00:00","author":{"@id":"https:\/\/dmcsrb.com\/#\/schema\/person\/5c39170f12db1b8b457732d0b5c854e2"},"breadcrumb":{"@id":"https:\/\/dmcsrb.com\/drustvo\/nisic-osiguracemo-da-zaposleni-budu-zasticeni-od-mobinga\/#breadcrumb"},"inLanguage":"en-GB","potentialAction":[{"@type":"ReadAction","target":["https:\/\/dmcsrb.com\/drustvo\/nisic-osiguracemo-da-zaposleni-budu-zasticeni-od-mobinga\/"]}]},{"@type":"ImageObject","inLanguage":"en-GB","@id":"https:\/\/dmcsrb.com\/drustvo\/nisic-osiguracemo-da-zaposleni-budu-zasticeni-od-mobinga\/#primaryimage","url":"https:\/\/dmcsrb.com\/wp-content\/uploads\/2026\/01\/nisic.jpg","contentUrl":"https:\/\/dmcsrb.com\/wp-content\/uploads\/2026\/01\/nisic.jpg","width":800,"height":532},{"@type":"BreadcrumbList","@id":"https:\/\/dmcsrb.com\/drustvo\/nisic-osiguracemo-da-zaposleni-budu-zasticeni-od-mobinga\/#breadcrumb","itemListElement":[{"@type":"ListItem","position":1,"name":"Home","item":"https:\/\/dmcsrb.com\/"},{"@type":"ListItem","position":2,"name":"Ni\u0161i\u0107: Osigura\u0107emo da zaposleni budu za\u0161ti\u0107eni od mobinga"}]},{"@type":"WebSite","@id":"https:\/\/dmcsrb.com\/#website","url":"https:\/\/dmcsrb.com\/","name":"dmcsrb.com","description":"","potentialAction":[{"@type":"SearchAction","target":{"@type":"EntryPoint","urlTemplate":"https:\/\/dmcsrb.com\/?s={search_term_string}"},"query-input":{"@type":"PropertyValueSpecification","valueRequired":true,"valueName":"search_term_string"}}],"inLanguage":"en-GB"},{"@type":"Person","@id":"https:\/\/dmcsrb.com\/#\/schema\/person\/5c39170f12db1b8b457732d0b5c854e2","name":"dmcsrbija.com@gmail.com","image":{"@type":"ImageObject","inLanguage":"en-GB","@id":"https:\/\/dmcsrb.com\/#\/schema\/person\/image\/","url":"https:\/\/secure.gravatar.com\/avatar\/68592660ad6347fad0fb587f8d5d8f1a7b44961362f56e4f2cd524feb87e9069?s=96&d=mm&r=g","contentUrl":"https:\/\/secure.gravatar.com\/avatar\/68592660ad6347fad0fb587f8d5d8f1a7b44961362f56e4f2cd524feb87e9069?s=96&d=mm&r=g","caption":"dmcsrbija.com@gmail.com"},"sameAs":["https:\/\/dmcsrb.com"],"url":"https:\/\/dmcsrb.com\/en\/author\/dmcsrbija-comgmail-com\/"}]}},"_links":{"self":[{"href":"https:\/\/dmcsrb.com\/en\/wp-json\/wp\/v2\/posts\/955888","targetHints":{"allow":["GET"]}}],"collection":[{"href":"https:\/\/dmcsrb.com\/en\/wp-json\/wp\/v2\/posts"}],"about":[{"href":"https:\/\/dmcsrb.com\/en\/wp-json\/wp\/v2\/types\/post"}],"author":[{"embeddable":true,"href":"https:\/\/dmcsrb.com\/en\/wp-json\/wp\/v2\/users\/1"}],"replies":[{"embeddable":true,"href":"https:\/\/dmcsrb.com\/en\/wp-json\/wp\/v2\/comments?post=955888"}],"version-history":[{"count":0,"href":"https:\/\/dmcsrb.com\/en\/wp-json\/wp\/v2\/posts\/955888\/revisions"}],"wp:featuredmedia":[{"embeddable":true,"href":"https:\/\/dmcsrb.com\/en\/wp-json\/wp\/v2\/media\/909322"}],"wp:attachment":[{"href":"https:\/\/dmcsrb.com\/en\/wp-json\/wp\/v2\/media?parent=955888"}],"wp:term":[{"taxonomy":"category","embeddable":true,"href":"https:\/\/dmcsrb.com\/en\/wp-json\/wp\/v2\/categories?post=955888"},{"taxonomy":"post_tag","embeddable":true,"href":"https:\/\/dmcsrb.com\/en\/wp-json\/wp\/v2\/tags?post=955888"},{"taxonomy":"naslovna","embeddable":true,"href":"https:\/\/dmcsrb.com\/en\/wp-json\/wp\/v2\/naslovna?post=955888"}],"curies":[{"name":"wp","href":"https:\/\/api.w.org\/{rel}","templated":true}]}}