{"id":955874,"date":"2025-10-05T06:05:00","date_gmt":"2025-10-05T04:05:00","guid":{"rendered":"https:\/\/dmcsrb.com\/uncategorized\/lazovic-optuzivan-i-ranije-pratio-advokata-sumnjicili-ga-za-napad-na-jovanovica\/"},"modified":"2025-10-05T06:05:00","modified_gmt":"2025-10-05T04:05:00","slug":"lazovic-optuzivan-i-ranije-pratio-advokata-sumnjicili-ga-za-napad-na-jovanovica","status":"publish","type":"post","link":"https:\/\/dmcsrb.com\/en\/hronika\/lazovic-optuzivan-i-ranije-pratio-advokata-sumnjicili-ga-za-napad-na-jovanovica\/","title":{"rendered":"Lazovi\u0107 optu\u017eivan i ranije: Pratio advokata, sumnji\u010dili ga za napad na Jovanovi\u0107a"},"content":{"rendered":"<p><\/p>\n\n\n\n<p><\/p>\n\n\n\n<p>Njih Specijalno dr\u017eavno tu\u017eila\u0161tvo (SDT) sumnji\u010di za organizovani kriminal, a prethodno im je specijalni tu\u017eilac odredio pritvor do 72 sata.<\/p>\n\n\n\n<p>Vladan Lazovi\u0107, koji je uhap\u0161en u petak, svojevremeno je bio optu\u017een da je kao \u010dlan specijalnog policijskog tima u vi\u0161e navrata nezakonito pristupao li\u010dnim podacima advokata Neboj\u0161e Asanovi\u0107a i \u010dlanova njegove porodice.<\/p>\n\n\n\n<p>Asanovi\u0107 je 2018. godine zbog toga podnio krivi\u010dnu prijavu protiv tada\u0161njeg policijskog slu\u017ebenika, tvrde\u0107i da je zloupotrijebio slu\u017ebeni polo\u017eaj.<\/p>\n\n\n\n<p>Advokat je za Portal RTCG ispri\u010dao da je potom donijeta pravosna\u017ena presuda protiv dr\u017eave u parnici zbog nezakonite obrade li\u010dnih podataka i povrede privatnosti od strane Lazovi\u0107a i drugih prijavljenih iz policije, i dobili su naknadu nematerijalne \u0161tete.<\/p>\n\n\n\n<p>&#8220;A krivi\u010dna prijava protiv pomenutog i jo\u0161 nekoliko njih iz ANB-a i policije nije mogla pro\u0107i jer je tu\u017eilac odbacio. Dok sam ja vodio borbu protiv njih sam i bez ikoga uz sebe, a pomo\u0107i nikakve, drugi su samo posmatrali. Nije mi bilo lako. Ali, izdr\u017eao sam. Tek sad vidimo koliko su mo\u0107ni i opasni bili. Sa kim sam posla imao, ili bolje re\u0107i bio doveden u poziciju da sam morao imati posla da odbranim sebe i poriodicu, dobro da sam opstao, da ne ka\u017eem dobro je da sam ostao \u017eiv. S tim \u0161to ne\u0107u tu\u0111u muku i nevolju da koristim i ne radujem se, pa ni njihovoj muci i problemu, bez obzira \u0161to sam stradao zbog nekih od njih. Drago mi je \u010dak da nijesu stradali zbog mene, nego zbog drugih. Va\u017eno je re\u0107i da i danas njihovi kadrovi, koje su oni doveli i postavili, jo\u0161 uvijek vedre i obla\u010de u MUP i policiji i nalaze se na odgovornim mjestima. To je tek najgora stvar u svemu tome&#8221;, rekao nam je Asanovi\u0107.<\/p>\n\n\n\n<p>Objasnio je da je prijavu protiv Lazovi\u0107a odbacilo podgori\u010dko tu\u017eila\u0161tvo, obrazla\u017eu\u0107i to zastarom.<\/p>\n\n\n\n<p>Kako je ranije pisao list &#8220;Dan&#8221;, interesantno je da su se zloupotrebe za koje je bio optu\u017een Lazovi\u0107 desile nakon \u0161to je advokat Asanovi\u0107 Specijalnom tu\u017eila\u0161tvu podnio krivi\u010dnu prijavu zbog propusta u istrazi o ubistvu nekada\u0161njeg urednika te novine Du\u0161ka Jovanovi\u0107a. Ne treba zanemariti ni podatak da je Vladan Lazovi\u0107 bratani\u0107 sada uhap\u0161enog, ranijeg funkcionera Agencije za nacionalnu bezbjednost (ANB) i policije, Zorana Lazovi\u0107a.<\/p>\n\n\n\n<p>Vladan Lazovi\u0107 je bio \u010dlan Specijalnog policijskog tima, koji je bio pod direktnom kontrolom tada\u0161njeg glavnog specijalnog tu\u017eioca Milivoja Katni\u0107a.<\/p>\n\n\n\n<p>U \u017ei\u017eu javnosti je dospio kada je poslije ubistva glavnog i odgovornog urednika \u201eDana\u201d Du\u0161ka Jovanovi\u0107a me\u0111u njegovim dokumentima prona\u0111eno i objelodanjeno anonimno pismo koje je dobio nakon \u0161to je prebijen. U tom pismu je navedeno da su Jo\u00adva\u00adno\u00advi\u00ad\u0107a 2000. go\u00addi\u00adne pre\u00adtu\u00adkli pripadnici Specijalne antiteteroristi\u010dke jedinice (SAD), Slavko \u0110u\u00adro\u00advi\u0107, Vla\u00addo Lazovi\u0107 i Dra\u00adgan Kalezi\u0107.<\/p>\n\n\n\n<p>&#8220;Go\u00adspo\u00addi\u00adne Jo\u00adva\u00adno\u00advi\u00ad\u0107u, Va\u00ad\u0161e tvrd\u00adnje da su Vas pre\u00adtu\u00adkli pri\u00adpad\u00adni\u00adci MUP-a su pot\u00adpu\u00adno ta\u010d\u00adne. Ra\u00addi se o pri\u00adpad\u00adni\u00adci\u00adma antiteroristi\u010dke je\u00addi\u00adni\u00adce sa Zla\u00adti\u00adce, ko\u00adji pripadaju batina\u0161kom vo\u00addu za po\u00adtra\u00ad\u017ene djelatnosti. Svim ova\u00adkvim ak\u00adci\u00adja\u00adma ru\u00adko\u00advo\u00adde komandant je\u00addi\u00adni\u00adce Ve\u00adse\u00adlin Ve\u00adljo\u00advi\u0107 i po\u00admo\u0107\u00adnik mi\u00adni\u00adstra za DB Du\u00ad\u0161ko Mar\u00adko\u00advi\u0107. U ovom vodu su provjereni ba\u00adti\u00adna\u00ad\u0161i, a osim lju\u00addi sa spi\u00adska, oni po\u00advre\u00adme\u00adno ba\u00adti\u00adna\u00adju po svom na\u00adho\u00ad\u0111e\u00adnju. Vo\u00adze is\u00adklju\u00ad\u010di\u00advo naj\u00adno\u00advi\u00adja vozila i d\u017eipove i ra\u00adde sa\u00admo no\u00ad\u0107u i u ci\u00advi\u00adlu. Udar\u00adnu troj\u00adku &#8216;ba\u00adti\u00adna\u00ad\u0161kog&#8217; vo\u00adda \u010dine Slavko \u0110urovi\u0107 iz Bi\u00adje\u00adlog Po\u00adlja, Vlado Lazovi\u0107, stric mu je \u0161ef DB-a u Bi\u00adje\u00adlom Polju Zo\u00adran La\u00adzo\u00advi\u0107, kao i Dra\u00adgan Ka\u00adlezi\u0107 iz Pod\u00adgo\u00adri\u00adce. Oni su iz\u00adve\u00adli ove navedene napade uz lo\u00adgi\u00adsti\u00adku star\u00adje\u00ad\u0161i\u00adna i jo\u0161 jed\u00adnog dijela po\u00adli\u00adca\u00adja\u00adca ko\u00adji vr\u00ad\u0161e osma\u00adtra\u00adnje i opservaciju &#8216;objek\u00adta&#8217;. Veoma malo nas je uklju\u010deno u \u010di\u00adta\u00adve ope\u00adra\u00adci\u00adje. Mi samo znamo ma\u00adle de\u00adtalje, i za to nas pripremaju pojedina\u010dno i uglavnom za osma\u00adtranje \u0161ireg pojasa&#8221;, navodi se u tom pismu.<\/p>\n\n\n\n<p>Slu\u017ebenici MUP-a koji su ozna\u010deni u pismu saslu\u0161ani su ranije u tu\u017eila\u0161tvu. Oni su odbacili optu\u017ebe da su u\u010destvovali u prebijanju Du\u0161ka Jovanovi\u0107a. Tada\u0161nje tu\u017eila\u0161tvo im je o\u010digledno vjerovalo na rije\u010d, po\u0161to vi\u0161e ni\u0161ta nije u\u010dinjeno da bi se ovaj slu\u010daj rasvijetlio.<\/p>\n\n\n\n<p>\u200bAdvokat Neboj\u0161a Asanovi\u0107 je ranije tra\u017eio da se i ovaj slu\u010daj do kraja ispita, a Osnovnom dr\u017eavnom tu\u017eila\u0161tvu prethodno je predao dopunu krivi\u010dne prijave protiv nepoznatih izvr\u0161ilaca \u2013 slu\u017ebenih lica iz Uprave policije, Vi\u0161eg dr\u017eavnog tu\u017eila\u0161tva i Vi\u0161eg suda u Podgorici.<\/p>\n\n\n\n<p>Asanovi\u0107 je u toj prijavi naveo da su nadle\u017eni na vi\u0161e nivoa napravili brojne propuste, pa ne mo\u017ee biti sigurno da te gre\u0161ke nijesu bile namjerne.<\/p>\n\n\n\n<p>&#8220;Neevidentiranje slu\u017ebene zabilje\u0161ke o priznanju Damira Mandi\u0107a, jedinog okrivljenog za sau\u010desni\u0161tvo u ovom zlo\u010dinu, jedan je od glavnih propusta jer bi se zlo\u010din mogao rasvijetliti da se taj dokument na\u0161ao u spisima suda&#8221;, istakao je Asanovi\u0107 u prijavi, koja, me\u0111utum, do danas nije dobila epilog.<\/p>","protected":false},"excerpt":{"rendered":"<p>Uhap\u0161eni u akciji Specijalnog dr\u017eavnog tu\u017eila\u0161tva i Specijalnog policijskog odjeljenja, biznismen Aleksandar Mijajlovi\u0107, dr\u017eavna tu\u017eiteljka Andrijana Nasti\u0107, biv\u0161i visoki policijski funkcioneri Milovan Pavi\u0107evi\u0107 i Drago Spi\u010danovi\u0107, te policajac Vladan Lazovi\u0107, trebalo bi danas da budu privedeni sudiji za istragu Vi\u0161eg suda u Podgorici.<\/p>","protected":false},"author":1,"featured_media":955875,"comment_status":"open","ping_status":"open","sticky":false,"template":"","format":"standard","meta":{"_acf_changed":false,"footnotes":""},"categories":[17],"tags":[1577,82,779,2203],"naslovna":[],"class_list":["post-955874","post","type-post","status-publish","format-standard","has-post-thumbnail","hentry","category-hronika","tag-akcija","tag-hapsenje","tag-sdt","tag-spo"],"acf":[],"yoast_head":"<!-- This site is optimized with the Yoast SEO plugin v27.4 - https:\/\/yoast.com\/product\/yoast-seo-wordpress\/ -->\n<title>Lazovi\u0107 optu\u017eivan i ranije: Pratio advokata, sumnji\u010dili ga za napad na Jovanovi\u0107a - dmcsrb.com<\/title>\n<meta name=\"robots\" content=\"index, follow, max-snippet:-1, max-image-preview:large, max-video-preview:-1\" \/>\n<link rel=\"canonical\" href=\"https:\/\/dmcsrb.com\/en\/hronika\/lazovic-optuzivan-i-ranije-pratio-advokata-sumnjicili-ga-za-napad-na-jovanovica\/\" \/>\n<meta property=\"og:locale\" content=\"en_GB\" \/>\n<meta property=\"og:type\" content=\"article\" \/>\n<meta property=\"og:title\" content=\"Lazovi\u0107 optu\u017eivan i ranije: Pratio advokata, sumnji\u010dili ga za napad na Jovanovi\u0107a - dmcsrb.com\" \/>\n<meta property=\"og:description\" content=\"Uhap\u0161eni u akciji Specijalnog dr\u017eavnog tu\u017eila\u0161tva i Specijalnog policijskog odjeljenja, biznismen Aleksandar Mijajlovi\u0107, dr\u017eavna tu\u017eiteljka Andrijana Nasti\u0107, biv\u0161i visoki policijski funkcioneri Milovan Pavi\u0107evi\u0107 i Drago Spi\u010danovi\u0107, te policajac Vladan Lazovi\u0107, trebalo bi danas da budu privedeni sudiji za istragu Vi\u0161eg suda u Podgorici.\" \/>\n<meta property=\"og:url\" content=\"https:\/\/dmcsrb.com\/en\/hronika\/lazovic-optuzivan-i-ranije-pratio-advokata-sumnjicili-ga-za-napad-na-jovanovica\/\" \/>\n<meta property=\"og:site_name\" content=\"dmcsrb.com\" \/>\n<meta property=\"article:published_time\" content=\"2025-10-05T04:05:00+00:00\" \/>\n<meta property=\"og:image\" content=\"https:\/\/dmcsrb.com\/wp-content\/uploads\/2026\/01\/hapsenje.webp\" \/>\n\t<meta property=\"og:image:width\" content=\"1115\" \/>\n\t<meta property=\"og:image:height\" content=\"573\" \/>\n\t<meta property=\"og:image:type\" content=\"image\/jpeg\" \/>\n<meta name=\"author\" content=\"dmcsrbija.com@gmail.com\" \/>\n<meta name=\"twitter:card\" content=\"summary_large_image\" \/>\n<meta name=\"twitter:label1\" content=\"Written by\" \/>\n\t<meta name=\"twitter:data1\" content=\"dmcsrbija.com@gmail.com\" \/>\n\t<meta name=\"twitter:label2\" content=\"Estimated reading time\" \/>\n\t<meta name=\"twitter:data2\" content=\"5 minutes\" \/>\n<script type=\"application\/ld+json\" class=\"yoast-schema-graph\">{\"@context\":\"https:\\\/\\\/schema.org\",\"@graph\":[{\"@type\":\"Article\",\"@id\":\"https:\\\/\\\/dmcsrb.com\\\/hronika\\\/lazovic-optuzivan-i-ranije-pratio-advokata-sumnjicili-ga-za-napad-na-jovanovica\\\/#article\",\"isPartOf\":{\"@id\":\"https:\\\/\\\/dmcsrb.com\\\/hronika\\\/lazovic-optuzivan-i-ranije-pratio-advokata-sumnjicili-ga-za-napad-na-jovanovica\\\/\"},\"author\":{\"name\":\"dmcsrbija.com@gmail.com\",\"@id\":\"https:\\\/\\\/dmcsrb.com\\\/#\\\/schema\\\/person\\\/5c39170f12db1b8b457732d0b5c854e2\"},\"headline\":\"Lazovi\u0107 optu\u017eivan i ranije: Pratio advokata, sumnji\u010dili ga za napad na Jovanovi\u0107a\",\"datePublished\":\"2025-10-05T04:05:00+00:00\",\"mainEntityOfPage\":{\"@id\":\"https:\\\/\\\/dmcsrb.com\\\/hronika\\\/lazovic-optuzivan-i-ranije-pratio-advokata-sumnjicili-ga-za-napad-na-jovanovica\\\/\"},\"wordCount\":993,\"commentCount\":0,\"image\":{\"@id\":\"https:\\\/\\\/dmcsrb.com\\\/hronika\\\/lazovic-optuzivan-i-ranije-pratio-advokata-sumnjicili-ga-za-napad-na-jovanovica\\\/#primaryimage\"},\"thumbnailUrl\":\"https:\\\/\\\/dmcsrb.com\\\/wp-content\\\/uploads\\\/2026\\\/01\\\/hapsenje.webp\",\"keywords\":[\"Akcija\",\"hap\u0161enje\",\"SDT\",\"SPO\"],\"articleSection\":[\"Hronika\"],\"inLanguage\":\"en-GB\",\"potentialAction\":[{\"@type\":\"CommentAction\",\"name\":\"Comment\",\"target\":[\"https:\\\/\\\/dmcsrb.com\\\/hronika\\\/lazovic-optuzivan-i-ranije-pratio-advokata-sumnjicili-ga-za-napad-na-jovanovica\\\/#respond\"]}]},{\"@type\":\"WebPage\",\"@id\":\"https:\\\/\\\/dmcsrb.com\\\/hronika\\\/lazovic-optuzivan-i-ranije-pratio-advokata-sumnjicili-ga-za-napad-na-jovanovica\\\/\",\"url\":\"https:\\\/\\\/dmcsrb.com\\\/hronika\\\/lazovic-optuzivan-i-ranije-pratio-advokata-sumnjicili-ga-za-napad-na-jovanovica\\\/\",\"name\":\"Lazovi\u0107 optu\u017eivan i ranije: Pratio advokata, sumnji\u010dili ga za napad na Jovanovi\u0107a - dmcsrb.com\",\"isPartOf\":{\"@id\":\"https:\\\/\\\/dmcsrb.com\\\/#website\"},\"primaryImageOfPage\":{\"@id\":\"https:\\\/\\\/dmcsrb.com\\\/hronika\\\/lazovic-optuzivan-i-ranije-pratio-advokata-sumnjicili-ga-za-napad-na-jovanovica\\\/#primaryimage\"},\"image\":{\"@id\":\"https:\\\/\\\/dmcsrb.com\\\/hronika\\\/lazovic-optuzivan-i-ranije-pratio-advokata-sumnjicili-ga-za-napad-na-jovanovica\\\/#primaryimage\"},\"thumbnailUrl\":\"https:\\\/\\\/dmcsrb.com\\\/wp-content\\\/uploads\\\/2026\\\/01\\\/hapsenje.webp\",\"datePublished\":\"2025-10-05T04:05:00+00:00\",\"author\":{\"@id\":\"https:\\\/\\\/dmcsrb.com\\\/#\\\/schema\\\/person\\\/5c39170f12db1b8b457732d0b5c854e2\"},\"breadcrumb\":{\"@id\":\"https:\\\/\\\/dmcsrb.com\\\/hronika\\\/lazovic-optuzivan-i-ranije-pratio-advokata-sumnjicili-ga-za-napad-na-jovanovica\\\/#breadcrumb\"},\"inLanguage\":\"en-GB\",\"potentialAction\":[{\"@type\":\"ReadAction\",\"target\":[\"https:\\\/\\\/dmcsrb.com\\\/hronika\\\/lazovic-optuzivan-i-ranije-pratio-advokata-sumnjicili-ga-za-napad-na-jovanovica\\\/\"]}]},{\"@type\":\"ImageObject\",\"inLanguage\":\"en-GB\",\"@id\":\"https:\\\/\\\/dmcsrb.com\\\/hronika\\\/lazovic-optuzivan-i-ranije-pratio-advokata-sumnjicili-ga-za-napad-na-jovanovica\\\/#primaryimage\",\"url\":\"https:\\\/\\\/dmcsrb.com\\\/wp-content\\\/uploads\\\/2026\\\/01\\\/hapsenje.webp\",\"contentUrl\":\"https:\\\/\\\/dmcsrb.com\\\/wp-content\\\/uploads\\\/2026\\\/01\\\/hapsenje.webp\",\"width\":1115,\"height\":573},{\"@type\":\"BreadcrumbList\",\"@id\":\"https:\\\/\\\/dmcsrb.com\\\/hronika\\\/lazovic-optuzivan-i-ranije-pratio-advokata-sumnjicili-ga-za-napad-na-jovanovica\\\/#breadcrumb\",\"itemListElement\":[{\"@type\":\"ListItem\",\"position\":1,\"name\":\"Home\",\"item\":\"https:\\\/\\\/dmcsrb.com\\\/\"},{\"@type\":\"ListItem\",\"position\":2,\"name\":\"Lazovi\u0107 optu\u017eivan i ranije: Pratio advokata, sumnji\u010dili ga za napad na Jovanovi\u0107a\"}]},{\"@type\":\"WebSite\",\"@id\":\"https:\\\/\\\/dmcsrb.com\\\/#website\",\"url\":\"https:\\\/\\\/dmcsrb.com\\\/\",\"name\":\"dmcsrb.com\",\"description\":\"\",\"potentialAction\":[{\"@type\":\"SearchAction\",\"target\":{\"@type\":\"EntryPoint\",\"urlTemplate\":\"https:\\\/\\\/dmcsrb.com\\\/?s={search_term_string}\"},\"query-input\":{\"@type\":\"PropertyValueSpecification\",\"valueRequired\":true,\"valueName\":\"search_term_string\"}}],\"inLanguage\":\"en-GB\"},{\"@type\":\"Person\",\"@id\":\"https:\\\/\\\/dmcsrb.com\\\/#\\\/schema\\\/person\\\/5c39170f12db1b8b457732d0b5c854e2\",\"name\":\"dmcsrbija.com@gmail.com\",\"image\":{\"@type\":\"ImageObject\",\"inLanguage\":\"en-GB\",\"@id\":\"https:\\\/\\\/secure.gravatar.com\\\/avatar\\\/68592660ad6347fad0fb587f8d5d8f1a7b44961362f56e4f2cd524feb87e9069?s=96&d=mm&r=g\",\"url\":\"https:\\\/\\\/secure.gravatar.com\\\/avatar\\\/68592660ad6347fad0fb587f8d5d8f1a7b44961362f56e4f2cd524feb87e9069?s=96&d=mm&r=g\",\"contentUrl\":\"https:\\\/\\\/secure.gravatar.com\\\/avatar\\\/68592660ad6347fad0fb587f8d5d8f1a7b44961362f56e4f2cd524feb87e9069?s=96&d=mm&r=g\",\"caption\":\"dmcsrbija.com@gmail.com\"},\"sameAs\":[\"https:\\\/\\\/dmcsrb.com\"],\"url\":\"https:\\\/\\\/dmcsrb.com\\\/en\\\/author\\\/dmcsrbija-comgmail-com\\\/\"}]}<\/script>\n<!-- \/ Yoast SEO plugin. -->","yoast_head_json":{"title":"Lazovi\u0107 optu\u017eivan i ranije: Pratio advokata, sumnji\u010dili ga za napad na Jovanovi\u0107a - dmcsrb.com","robots":{"index":"index","follow":"follow","max-snippet":"max-snippet:-1","max-image-preview":"max-image-preview:large","max-video-preview":"max-video-preview:-1"},"canonical":"https:\/\/dmcsrb.com\/en\/hronika\/lazovic-optuzivan-i-ranije-pratio-advokata-sumnjicili-ga-za-napad-na-jovanovica\/","og_locale":"en_GB","og_type":"article","og_title":"Lazovi\u0107 optu\u017eivan i ranije: Pratio advokata, sumnji\u010dili ga za napad na Jovanovi\u0107a - dmcsrb.com","og_description":"Uhap\u0161eni u akciji Specijalnog dr\u017eavnog tu\u017eila\u0161tva i Specijalnog policijskog odjeljenja, biznismen Aleksandar Mijajlovi\u0107, dr\u017eavna tu\u017eiteljka Andrijana Nasti\u0107, biv\u0161i visoki policijski funkcioneri Milovan Pavi\u0107evi\u0107 i Drago Spi\u010danovi\u0107, te policajac Vladan Lazovi\u0107, trebalo bi danas da budu privedeni sudiji za istragu Vi\u0161eg suda u Podgorici.","og_url":"https:\/\/dmcsrb.com\/en\/hronika\/lazovic-optuzivan-i-ranije-pratio-advokata-sumnjicili-ga-za-napad-na-jovanovica\/","og_site_name":"dmcsrb.com","article_published_time":"2025-10-05T04:05:00+00:00","og_image":[{"width":1115,"height":573,"url":"https:\/\/dmcsrb.com\/wp-content\/uploads\/2026\/01\/hapsenje.webp","type":"image\/jpeg"}],"author":"dmcsrbija.com@gmail.com","twitter_card":"summary_large_image","twitter_misc":{"Written by":"dmcsrbija.com@gmail.com","Estimated reading time":"5 minutes"},"schema":{"@context":"https:\/\/schema.org","@graph":[{"@type":"Article","@id":"https:\/\/dmcsrb.com\/hronika\/lazovic-optuzivan-i-ranije-pratio-advokata-sumnjicili-ga-za-napad-na-jovanovica\/#article","isPartOf":{"@id":"https:\/\/dmcsrb.com\/hronika\/lazovic-optuzivan-i-ranije-pratio-advokata-sumnjicili-ga-za-napad-na-jovanovica\/"},"author":{"name":"dmcsrbija.com@gmail.com","@id":"https:\/\/dmcsrb.com\/#\/schema\/person\/5c39170f12db1b8b457732d0b5c854e2"},"headline":"Lazovi\u0107 optu\u017eivan i ranije: Pratio advokata, sumnji\u010dili ga za napad na Jovanovi\u0107a","datePublished":"2025-10-05T04:05:00+00:00","mainEntityOfPage":{"@id":"https:\/\/dmcsrb.com\/hronika\/lazovic-optuzivan-i-ranije-pratio-advokata-sumnjicili-ga-za-napad-na-jovanovica\/"},"wordCount":993,"commentCount":0,"image":{"@id":"https:\/\/dmcsrb.com\/hronika\/lazovic-optuzivan-i-ranije-pratio-advokata-sumnjicili-ga-za-napad-na-jovanovica\/#primaryimage"},"thumbnailUrl":"https:\/\/dmcsrb.com\/wp-content\/uploads\/2026\/01\/hapsenje.webp","keywords":["Akcija","hap\u0161enje","SDT","SPO"],"articleSection":["Hronika"],"inLanguage":"en-GB","potentialAction":[{"@type":"CommentAction","name":"Comment","target":["https:\/\/dmcsrb.com\/hronika\/lazovic-optuzivan-i-ranije-pratio-advokata-sumnjicili-ga-za-napad-na-jovanovica\/#respond"]}]},{"@type":"WebPage","@id":"https:\/\/dmcsrb.com\/hronika\/lazovic-optuzivan-i-ranije-pratio-advokata-sumnjicili-ga-za-napad-na-jovanovica\/","url":"https:\/\/dmcsrb.com\/hronika\/lazovic-optuzivan-i-ranije-pratio-advokata-sumnjicili-ga-za-napad-na-jovanovica\/","name":"Lazovi\u0107 optu\u017eivan i ranije: Pratio advokata, sumnji\u010dili ga za napad na Jovanovi\u0107a - dmcsrb.com","isPartOf":{"@id":"https:\/\/dmcsrb.com\/#website"},"primaryImageOfPage":{"@id":"https:\/\/dmcsrb.com\/hronika\/lazovic-optuzivan-i-ranije-pratio-advokata-sumnjicili-ga-za-napad-na-jovanovica\/#primaryimage"},"image":{"@id":"https:\/\/dmcsrb.com\/hronika\/lazovic-optuzivan-i-ranije-pratio-advokata-sumnjicili-ga-za-napad-na-jovanovica\/#primaryimage"},"thumbnailUrl":"https:\/\/dmcsrb.com\/wp-content\/uploads\/2026\/01\/hapsenje.webp","datePublished":"2025-10-05T04:05:00+00:00","author":{"@id":"https:\/\/dmcsrb.com\/#\/schema\/person\/5c39170f12db1b8b457732d0b5c854e2"},"breadcrumb":{"@id":"https:\/\/dmcsrb.com\/hronika\/lazovic-optuzivan-i-ranije-pratio-advokata-sumnjicili-ga-za-napad-na-jovanovica\/#breadcrumb"},"inLanguage":"en-GB","potentialAction":[{"@type":"ReadAction","target":["https:\/\/dmcsrb.com\/hronika\/lazovic-optuzivan-i-ranije-pratio-advokata-sumnjicili-ga-za-napad-na-jovanovica\/"]}]},{"@type":"ImageObject","inLanguage":"en-GB","@id":"https:\/\/dmcsrb.com\/hronika\/lazovic-optuzivan-i-ranije-pratio-advokata-sumnjicili-ga-za-napad-na-jovanovica\/#primaryimage","url":"https:\/\/dmcsrb.com\/wp-content\/uploads\/2026\/01\/hapsenje.webp","contentUrl":"https:\/\/dmcsrb.com\/wp-content\/uploads\/2026\/01\/hapsenje.webp","width":1115,"height":573},{"@type":"BreadcrumbList","@id":"https:\/\/dmcsrb.com\/hronika\/lazovic-optuzivan-i-ranije-pratio-advokata-sumnjicili-ga-za-napad-na-jovanovica\/#breadcrumb","itemListElement":[{"@type":"ListItem","position":1,"name":"Home","item":"https:\/\/dmcsrb.com\/"},{"@type":"ListItem","position":2,"name":"Lazovi\u0107 optu\u017eivan i ranije: Pratio advokata, sumnji\u010dili ga za napad na Jovanovi\u0107a"}]},{"@type":"WebSite","@id":"https:\/\/dmcsrb.com\/#website","url":"https:\/\/dmcsrb.com\/","name":"dmcsrb.com","description":"","potentialAction":[{"@type":"SearchAction","target":{"@type":"EntryPoint","urlTemplate":"https:\/\/dmcsrb.com\/?s={search_term_string}"},"query-input":{"@type":"PropertyValueSpecification","valueRequired":true,"valueName":"search_term_string"}}],"inLanguage":"en-GB"},{"@type":"Person","@id":"https:\/\/dmcsrb.com\/#\/schema\/person\/5c39170f12db1b8b457732d0b5c854e2","name":"dmcsrbija.com@gmail.com","image":{"@type":"ImageObject","inLanguage":"en-GB","@id":"https:\/\/secure.gravatar.com\/avatar\/68592660ad6347fad0fb587f8d5d8f1a7b44961362f56e4f2cd524feb87e9069?s=96&d=mm&r=g","url":"https:\/\/secure.gravatar.com\/avatar\/68592660ad6347fad0fb587f8d5d8f1a7b44961362f56e4f2cd524feb87e9069?s=96&d=mm&r=g","contentUrl":"https:\/\/secure.gravatar.com\/avatar\/68592660ad6347fad0fb587f8d5d8f1a7b44961362f56e4f2cd524feb87e9069?s=96&d=mm&r=g","caption":"dmcsrbija.com@gmail.com"},"sameAs":["https:\/\/dmcsrb.com"],"url":"https:\/\/dmcsrb.com\/en\/author\/dmcsrbija-comgmail-com\/"}]}},"_links":{"self":[{"href":"https:\/\/dmcsrb.com\/en\/wp-json\/wp\/v2\/posts\/955874","targetHints":{"allow":["GET"]}}],"collection":[{"href":"https:\/\/dmcsrb.com\/en\/wp-json\/wp\/v2\/posts"}],"about":[{"href":"https:\/\/dmcsrb.com\/en\/wp-json\/wp\/v2\/types\/post"}],"author":[{"embeddable":true,"href":"https:\/\/dmcsrb.com\/en\/wp-json\/wp\/v2\/users\/1"}],"replies":[{"embeddable":true,"href":"https:\/\/dmcsrb.com\/en\/wp-json\/wp\/v2\/comments?post=955874"}],"version-history":[{"count":0,"href":"https:\/\/dmcsrb.com\/en\/wp-json\/wp\/v2\/posts\/955874\/revisions"}],"wp:featuredmedia":[{"embeddable":true,"href":"https:\/\/dmcsrb.com\/en\/wp-json\/wp\/v2\/media\/955875"}],"wp:attachment":[{"href":"https:\/\/dmcsrb.com\/en\/wp-json\/wp\/v2\/media?parent=955874"}],"wp:term":[{"taxonomy":"category","embeddable":true,"href":"https:\/\/dmcsrb.com\/en\/wp-json\/wp\/v2\/categories?post=955874"},{"taxonomy":"post_tag","embeddable":true,"href":"https:\/\/dmcsrb.com\/en\/wp-json\/wp\/v2\/tags?post=955874"},{"taxonomy":"naslovna","embeddable":true,"href":"https:\/\/dmcsrb.com\/en\/wp-json\/wp\/v2\/naslovna?post=955874"}],"curies":[{"name":"wp","href":"https:\/\/api.w.org\/{rel}","templated":true}]}}