{"id":955867,"date":"2025-10-04T20:21:00","date_gmt":"2025-10-04T18:21:00","guid":{"rendered":"https:\/\/dmcsrb.com\/uncategorized\/odbojkasice-u-geteborgu-na-debiju-protiv-olimpijskih-i-svjetskih-prvakinja\/"},"modified":"2025-10-04T20:21:00","modified_gmt":"2025-10-04T18:21:00","slug":"odbojkasice-u-geteborgu-na-debiju-protiv-olimpijskih-i-svjetskih-prvakinja","status":"publish","type":"post","link":"https:\/\/dmcsrb.com\/en\/sport\/odbojkasice-u-geteborgu-na-debiju-protiv-olimpijskih-i-svjetskih-prvakinja\/","title":{"rendered":"Odbojka\u0161ice u Geteborgu: Na debiju protiv olimpijskih i svjetskih prvakinja"},"content":{"rendered":"<p>Na\u0161e djevojke \u0107e debitovati n EuroVoleju u grupi sa aktuelnim svjetskim i olimpijskim \u0161ampionkama, Italijankama, koje predvodi jedan od najve\u0107ih svjetskih trenera, Hulio Velasko.<\/p>\n\n\n\n<p>\u0160vedska je, kao doma\u0107in grupe, odabrala Crnu Goru za rivala, a voljom \u017erijeba rivali selekcije\u00a0Jova Cakovi\u0107a\u00a0bi\u0107e jo\u0161 Francuska, Slova\u010dka i Hrvatska.<\/p>\n\n\n\n<figure class=\"wp-block-image size-large\"><img decoding=\"async\" src=\"https:\/\/gradski.me\/wp-content\/uploads\/2025\/10\/zrijeb-CEV-1024x603.jpeg\" alt=\"\" class=\"wp-image-845193\"\/><figcaption class=\"wp-element-caption\">Foto: CEV<\/figcaption><\/figure>\n\n\n\n<p>U grupi A u Istanbulu igra\u0107e: Turska, Letonija, Poljska, Njema\u010dka, Slovenija i Ma\u0111arska.<\/p>\n\n\n\n<p>Rivali u grupi B u Brnu su: \u010ce\u0161ka, Austrija, Srbija, Ukrajina, Bugarska i Gr\u010dka.<\/p>\n\n\n\n<p>U Bakuu u grupi C bi\u0107e: Azerbejd\u017ean, Portugal, Holandija, Belgija, Rumunija i \u0160panija.<\/p>\n\n\n\n<p>Evropsko prvenstvo za odbojka\u0161ice igra\u0107e se od 21. avgusta do 6. septembra. Po \u010detiri selekcije igra\u0107e nokaut fazu, a na\u0161a grupa ukr\u0161ta sa timovima iz grupe B.<\/p>","protected":false},"excerpt":{"rendered":"<p>\u017denska odbojka\u0161ka reprezentacija Crne Gore igra\u0107e u grupi D u Geteborgu na Evropskom prvenstvu 2026, odlu\u010deno je \u017erijebom u Bariju.<\/p>","protected":false},"author":1,"featured_media":945469,"comment_status":"open","ping_status":"open","sticky":false,"template":"","format":"standard","meta":{"_acf_changed":false,"footnotes":""},"categories":[148],"tags":[10294,2152,218],"naslovna":[],"class_list":["post-955867","post","type-post","status-publish","format-standard","has-post-thumbnail","hentry","category-sport","tag-eurovolej-2026","tag-zenska-odbojkaska-reprezentacija-crne-gore","tag-zrijeb"],"acf":[],"yoast_head":"<!-- This site is optimized with the Yoast SEO plugin v27.4 - https:\/\/yoast.com\/product\/yoast-seo-wordpress\/ -->\n<title>Odbojka\u0161ice u Geteborgu: Na debiju protiv olimpijskih i svjetskih prvakinja - dmcsrb.com<\/title>\n<meta name=\"robots\" content=\"index, follow, max-snippet:-1, max-image-preview:large, max-video-preview:-1\" \/>\n<link rel=\"canonical\" href=\"https:\/\/dmcsrb.com\/en\/sport\/odbojkasice-u-geteborgu-na-debiju-protiv-olimpijskih-i-svjetskih-prvakinja\/\" \/>\n<meta property=\"og:locale\" content=\"en_GB\" \/>\n<meta property=\"og:type\" content=\"article\" \/>\n<meta property=\"og:title\" content=\"Odbojka\u0161ice u Geteborgu: Na debiju protiv olimpijskih i svjetskih prvakinja - dmcsrb.com\" \/>\n<meta property=\"og:description\" content=\"\u017denska odbojka\u0161ka reprezentacija Crne Gore igra\u0107e u grupi D u Geteborgu na Evropskom prvenstvu 2026, odlu\u010deno je \u017erijebom u Bariju.\" \/>\n<meta property=\"og:url\" content=\"https:\/\/dmcsrb.com\/en\/sport\/odbojkasice-u-geteborgu-na-debiju-protiv-olimpijskih-i-svjetskih-prvakinja\/\" \/>\n<meta property=\"og:site_name\" content=\"dmcsrb.com\" \/>\n<meta property=\"article:published_time\" content=\"2025-10-04T18:21:00+00:00\" \/>\n<meta property=\"og:image\" content=\"https:\/\/dmcsrb.com\/wp-content\/uploads\/2026\/01\/Odbojkasice-grupna-OSCG.webp\" \/>\n\t<meta property=\"og:image:width\" content=\"2000\" \/>\n\t<meta property=\"og:image:height\" content=\"1331\" \/>\n\t<meta property=\"og:image:type\" content=\"image\/jpeg\" \/>\n<meta name=\"author\" content=\"dmcsrbija.com@gmail.com\" \/>\n<meta name=\"twitter:card\" content=\"summary_large_image\" \/>\n<meta name=\"twitter:label1\" content=\"Written by\" \/>\n\t<meta name=\"twitter:data1\" content=\"dmcsrbija.com@gmail.com\" \/>\n\t<meta name=\"twitter:label2\" content=\"Estimated reading time\" \/>\n\t<meta name=\"twitter:data2\" content=\"1 minute\" \/>\n<script type=\"application\/ld+json\" class=\"yoast-schema-graph\">{\"@context\":\"https:\\\/\\\/schema.org\",\"@graph\":[{\"@type\":\"Article\",\"@id\":\"https:\\\/\\\/dmcsrb.com\\\/sport\\\/odbojkasice-u-geteborgu-na-debiju-protiv-olimpijskih-i-svjetskih-prvakinja\\\/#article\",\"isPartOf\":{\"@id\":\"https:\\\/\\\/dmcsrb.com\\\/sport\\\/odbojkasice-u-geteborgu-na-debiju-protiv-olimpijskih-i-svjetskih-prvakinja\\\/\"},\"author\":{\"name\":\"dmcsrbija.com@gmail.com\",\"@id\":\"https:\\\/\\\/dmcsrb.com\\\/#\\\/schema\\\/person\\\/5c39170f12db1b8b457732d0b5c854e2\"},\"headline\":\"Odbojka\u0161ice u Geteborgu: Na debiju protiv olimpijskih i svjetskih prvakinja\",\"datePublished\":\"2025-10-04T18:21:00+00:00\",\"mainEntityOfPage\":{\"@id\":\"https:\\\/\\\/dmcsrb.com\\\/sport\\\/odbojkasice-u-geteborgu-na-debiju-protiv-olimpijskih-i-svjetskih-prvakinja\\\/\"},\"wordCount\":143,\"commentCount\":0,\"image\":{\"@id\":\"https:\\\/\\\/dmcsrb.com\\\/sport\\\/odbojkasice-u-geteborgu-na-debiju-protiv-olimpijskih-i-svjetskih-prvakinja\\\/#primaryimage\"},\"thumbnailUrl\":\"https:\\\/\\\/dmcsrb.com\\\/wp-content\\\/uploads\\\/2026\\\/01\\\/Odbojkasice-grupna-OSCG.webp\",\"keywords\":[\"Eurovolej 2026\",\"\u017denska odbojka\u0161ka reprezentacija Crne Gore\",\"\u017erijeb\"],\"articleSection\":[\"Sport\"],\"inLanguage\":\"en-GB\",\"potentialAction\":[{\"@type\":\"CommentAction\",\"name\":\"Comment\",\"target\":[\"https:\\\/\\\/dmcsrb.com\\\/sport\\\/odbojkasice-u-geteborgu-na-debiju-protiv-olimpijskih-i-svjetskih-prvakinja\\\/#respond\"]}]},{\"@type\":\"WebPage\",\"@id\":\"https:\\\/\\\/dmcsrb.com\\\/sport\\\/odbojkasice-u-geteborgu-na-debiju-protiv-olimpijskih-i-svjetskih-prvakinja\\\/\",\"url\":\"https:\\\/\\\/dmcsrb.com\\\/sport\\\/odbojkasice-u-geteborgu-na-debiju-protiv-olimpijskih-i-svjetskih-prvakinja\\\/\",\"name\":\"Odbojka\u0161ice u Geteborgu: Na debiju protiv olimpijskih i svjetskih prvakinja - dmcsrb.com\",\"isPartOf\":{\"@id\":\"https:\\\/\\\/dmcsrb.com\\\/#website\"},\"primaryImageOfPage\":{\"@id\":\"https:\\\/\\\/dmcsrb.com\\\/sport\\\/odbojkasice-u-geteborgu-na-debiju-protiv-olimpijskih-i-svjetskih-prvakinja\\\/#primaryimage\"},\"image\":{\"@id\":\"https:\\\/\\\/dmcsrb.com\\\/sport\\\/odbojkasice-u-geteborgu-na-debiju-protiv-olimpijskih-i-svjetskih-prvakinja\\\/#primaryimage\"},\"thumbnailUrl\":\"https:\\\/\\\/dmcsrb.com\\\/wp-content\\\/uploads\\\/2026\\\/01\\\/Odbojkasice-grupna-OSCG.webp\",\"datePublished\":\"2025-10-04T18:21:00+00:00\",\"author\":{\"@id\":\"https:\\\/\\\/dmcsrb.com\\\/#\\\/schema\\\/person\\\/5c39170f12db1b8b457732d0b5c854e2\"},\"breadcrumb\":{\"@id\":\"https:\\\/\\\/dmcsrb.com\\\/sport\\\/odbojkasice-u-geteborgu-na-debiju-protiv-olimpijskih-i-svjetskih-prvakinja\\\/#breadcrumb\"},\"inLanguage\":\"en-GB\",\"potentialAction\":[{\"@type\":\"ReadAction\",\"target\":[\"https:\\\/\\\/dmcsrb.com\\\/sport\\\/odbojkasice-u-geteborgu-na-debiju-protiv-olimpijskih-i-svjetskih-prvakinja\\\/\"]}]},{\"@type\":\"ImageObject\",\"inLanguage\":\"en-GB\",\"@id\":\"https:\\\/\\\/dmcsrb.com\\\/sport\\\/odbojkasice-u-geteborgu-na-debiju-protiv-olimpijskih-i-svjetskih-prvakinja\\\/#primaryimage\",\"url\":\"https:\\\/\\\/dmcsrb.com\\\/wp-content\\\/uploads\\\/2026\\\/01\\\/Odbojkasice-grupna-OSCG.webp\",\"contentUrl\":\"https:\\\/\\\/dmcsrb.com\\\/wp-content\\\/uploads\\\/2026\\\/01\\\/Odbojkasice-grupna-OSCG.webp\",\"width\":2000,\"height\":1331},{\"@type\":\"BreadcrumbList\",\"@id\":\"https:\\\/\\\/dmcsrb.com\\\/sport\\\/odbojkasice-u-geteborgu-na-debiju-protiv-olimpijskih-i-svjetskih-prvakinja\\\/#breadcrumb\",\"itemListElement\":[{\"@type\":\"ListItem\",\"position\":1,\"name\":\"Home\",\"item\":\"https:\\\/\\\/dmcsrb.com\\\/\"},{\"@type\":\"ListItem\",\"position\":2,\"name\":\"Odbojka\u0161ice u Geteborgu: Na debiju protiv olimpijskih i svjetskih prvakinja\"}]},{\"@type\":\"WebSite\",\"@id\":\"https:\\\/\\\/dmcsrb.com\\\/#website\",\"url\":\"https:\\\/\\\/dmcsrb.com\\\/\",\"name\":\"dmcsrb.com\",\"description\":\"\",\"potentialAction\":[{\"@type\":\"SearchAction\",\"target\":{\"@type\":\"EntryPoint\",\"urlTemplate\":\"https:\\\/\\\/dmcsrb.com\\\/?s={search_term_string}\"},\"query-input\":{\"@type\":\"PropertyValueSpecification\",\"valueRequired\":true,\"valueName\":\"search_term_string\"}}],\"inLanguage\":\"en-GB\"},{\"@type\":\"Person\",\"@id\":\"https:\\\/\\\/dmcsrb.com\\\/#\\\/schema\\\/person\\\/5c39170f12db1b8b457732d0b5c854e2\",\"name\":\"dmcsrbija.com@gmail.com\",\"image\":{\"@type\":\"ImageObject\",\"inLanguage\":\"en-GB\",\"@id\":\"https:\\\/\\\/secure.gravatar.com\\\/avatar\\\/68592660ad6347fad0fb587f8d5d8f1a7b44961362f56e4f2cd524feb87e9069?s=96&d=mm&r=g\",\"url\":\"https:\\\/\\\/secure.gravatar.com\\\/avatar\\\/68592660ad6347fad0fb587f8d5d8f1a7b44961362f56e4f2cd524feb87e9069?s=96&d=mm&r=g\",\"contentUrl\":\"https:\\\/\\\/secure.gravatar.com\\\/avatar\\\/68592660ad6347fad0fb587f8d5d8f1a7b44961362f56e4f2cd524feb87e9069?s=96&d=mm&r=g\",\"caption\":\"dmcsrbija.com@gmail.com\"},\"sameAs\":[\"https:\\\/\\\/dmcsrb.com\"],\"url\":\"https:\\\/\\\/dmcsrb.com\\\/en\\\/author\\\/dmcsrbija-comgmail-com\\\/\"}]}<\/script>\n<!-- \/ Yoast SEO plugin. -->","yoast_head_json":{"title":"Odbojka\u0161ice u Geteborgu: Na debiju protiv olimpijskih i svjetskih prvakinja - dmcsrb.com","robots":{"index":"index","follow":"follow","max-snippet":"max-snippet:-1","max-image-preview":"max-image-preview:large","max-video-preview":"max-video-preview:-1"},"canonical":"https:\/\/dmcsrb.com\/en\/sport\/odbojkasice-u-geteborgu-na-debiju-protiv-olimpijskih-i-svjetskih-prvakinja\/","og_locale":"en_GB","og_type":"article","og_title":"Odbojka\u0161ice u Geteborgu: Na debiju protiv olimpijskih i svjetskih prvakinja - dmcsrb.com","og_description":"\u017denska odbojka\u0161ka reprezentacija Crne Gore igra\u0107e u grupi D u Geteborgu na Evropskom prvenstvu 2026, odlu\u010deno je \u017erijebom u Bariju.","og_url":"https:\/\/dmcsrb.com\/en\/sport\/odbojkasice-u-geteborgu-na-debiju-protiv-olimpijskih-i-svjetskih-prvakinja\/","og_site_name":"dmcsrb.com","article_published_time":"2025-10-04T18:21:00+00:00","og_image":[{"width":2000,"height":1331,"url":"https:\/\/dmcsrb.com\/wp-content\/uploads\/2026\/01\/Odbojkasice-grupna-OSCG.webp","type":"image\/jpeg"}],"author":"dmcsrbija.com@gmail.com","twitter_card":"summary_large_image","twitter_misc":{"Written by":"dmcsrbija.com@gmail.com","Estimated reading time":"1 minute"},"schema":{"@context":"https:\/\/schema.org","@graph":[{"@type":"Article","@id":"https:\/\/dmcsrb.com\/sport\/odbojkasice-u-geteborgu-na-debiju-protiv-olimpijskih-i-svjetskih-prvakinja\/#article","isPartOf":{"@id":"https:\/\/dmcsrb.com\/sport\/odbojkasice-u-geteborgu-na-debiju-protiv-olimpijskih-i-svjetskih-prvakinja\/"},"author":{"name":"dmcsrbija.com@gmail.com","@id":"https:\/\/dmcsrb.com\/#\/schema\/person\/5c39170f12db1b8b457732d0b5c854e2"},"headline":"Odbojka\u0161ice u Geteborgu: Na debiju protiv olimpijskih i svjetskih prvakinja","datePublished":"2025-10-04T18:21:00+00:00","mainEntityOfPage":{"@id":"https:\/\/dmcsrb.com\/sport\/odbojkasice-u-geteborgu-na-debiju-protiv-olimpijskih-i-svjetskih-prvakinja\/"},"wordCount":143,"commentCount":0,"image":{"@id":"https:\/\/dmcsrb.com\/sport\/odbojkasice-u-geteborgu-na-debiju-protiv-olimpijskih-i-svjetskih-prvakinja\/#primaryimage"},"thumbnailUrl":"https:\/\/dmcsrb.com\/wp-content\/uploads\/2026\/01\/Odbojkasice-grupna-OSCG.webp","keywords":["Eurovolej 2026","\u017denska odbojka\u0161ka reprezentacija Crne Gore","\u017erijeb"],"articleSection":["Sport"],"inLanguage":"en-GB","potentialAction":[{"@type":"CommentAction","name":"Comment","target":["https:\/\/dmcsrb.com\/sport\/odbojkasice-u-geteborgu-na-debiju-protiv-olimpijskih-i-svjetskih-prvakinja\/#respond"]}]},{"@type":"WebPage","@id":"https:\/\/dmcsrb.com\/sport\/odbojkasice-u-geteborgu-na-debiju-protiv-olimpijskih-i-svjetskih-prvakinja\/","url":"https:\/\/dmcsrb.com\/sport\/odbojkasice-u-geteborgu-na-debiju-protiv-olimpijskih-i-svjetskih-prvakinja\/","name":"Odbojka\u0161ice u Geteborgu: Na debiju protiv olimpijskih i svjetskih prvakinja - dmcsrb.com","isPartOf":{"@id":"https:\/\/dmcsrb.com\/#website"},"primaryImageOfPage":{"@id":"https:\/\/dmcsrb.com\/sport\/odbojkasice-u-geteborgu-na-debiju-protiv-olimpijskih-i-svjetskih-prvakinja\/#primaryimage"},"image":{"@id":"https:\/\/dmcsrb.com\/sport\/odbojkasice-u-geteborgu-na-debiju-protiv-olimpijskih-i-svjetskih-prvakinja\/#primaryimage"},"thumbnailUrl":"https:\/\/dmcsrb.com\/wp-content\/uploads\/2026\/01\/Odbojkasice-grupna-OSCG.webp","datePublished":"2025-10-04T18:21:00+00:00","author":{"@id":"https:\/\/dmcsrb.com\/#\/schema\/person\/5c39170f12db1b8b457732d0b5c854e2"},"breadcrumb":{"@id":"https:\/\/dmcsrb.com\/sport\/odbojkasice-u-geteborgu-na-debiju-protiv-olimpijskih-i-svjetskih-prvakinja\/#breadcrumb"},"inLanguage":"en-GB","potentialAction":[{"@type":"ReadAction","target":["https:\/\/dmcsrb.com\/sport\/odbojkasice-u-geteborgu-na-debiju-protiv-olimpijskih-i-svjetskih-prvakinja\/"]}]},{"@type":"ImageObject","inLanguage":"en-GB","@id":"https:\/\/dmcsrb.com\/sport\/odbojkasice-u-geteborgu-na-debiju-protiv-olimpijskih-i-svjetskih-prvakinja\/#primaryimage","url":"https:\/\/dmcsrb.com\/wp-content\/uploads\/2026\/01\/Odbojkasice-grupna-OSCG.webp","contentUrl":"https:\/\/dmcsrb.com\/wp-content\/uploads\/2026\/01\/Odbojkasice-grupna-OSCG.webp","width":2000,"height":1331},{"@type":"BreadcrumbList","@id":"https:\/\/dmcsrb.com\/sport\/odbojkasice-u-geteborgu-na-debiju-protiv-olimpijskih-i-svjetskih-prvakinja\/#breadcrumb","itemListElement":[{"@type":"ListItem","position":1,"name":"Home","item":"https:\/\/dmcsrb.com\/"},{"@type":"ListItem","position":2,"name":"Odbojka\u0161ice u Geteborgu: Na debiju protiv olimpijskih i svjetskih prvakinja"}]},{"@type":"WebSite","@id":"https:\/\/dmcsrb.com\/#website","url":"https:\/\/dmcsrb.com\/","name":"dmcsrb.com","description":"","potentialAction":[{"@type":"SearchAction","target":{"@type":"EntryPoint","urlTemplate":"https:\/\/dmcsrb.com\/?s={search_term_string}"},"query-input":{"@type":"PropertyValueSpecification","valueRequired":true,"valueName":"search_term_string"}}],"inLanguage":"en-GB"},{"@type":"Person","@id":"https:\/\/dmcsrb.com\/#\/schema\/person\/5c39170f12db1b8b457732d0b5c854e2","name":"dmcsrbija.com@gmail.com","image":{"@type":"ImageObject","inLanguage":"en-GB","@id":"https:\/\/secure.gravatar.com\/avatar\/68592660ad6347fad0fb587f8d5d8f1a7b44961362f56e4f2cd524feb87e9069?s=96&d=mm&r=g","url":"https:\/\/secure.gravatar.com\/avatar\/68592660ad6347fad0fb587f8d5d8f1a7b44961362f56e4f2cd524feb87e9069?s=96&d=mm&r=g","contentUrl":"https:\/\/secure.gravatar.com\/avatar\/68592660ad6347fad0fb587f8d5d8f1a7b44961362f56e4f2cd524feb87e9069?s=96&d=mm&r=g","caption":"dmcsrbija.com@gmail.com"},"sameAs":["https:\/\/dmcsrb.com"],"url":"https:\/\/dmcsrb.com\/en\/author\/dmcsrbija-comgmail-com\/"}]}},"_links":{"self":[{"href":"https:\/\/dmcsrb.com\/en\/wp-json\/wp\/v2\/posts\/955867","targetHints":{"allow":["GET"]}}],"collection":[{"href":"https:\/\/dmcsrb.com\/en\/wp-json\/wp\/v2\/posts"}],"about":[{"href":"https:\/\/dmcsrb.com\/en\/wp-json\/wp\/v2\/types\/post"}],"author":[{"embeddable":true,"href":"https:\/\/dmcsrb.com\/en\/wp-json\/wp\/v2\/users\/1"}],"replies":[{"embeddable":true,"href":"https:\/\/dmcsrb.com\/en\/wp-json\/wp\/v2\/comments?post=955867"}],"version-history":[{"count":0,"href":"https:\/\/dmcsrb.com\/en\/wp-json\/wp\/v2\/posts\/955867\/revisions"}],"wp:featuredmedia":[{"embeddable":true,"href":"https:\/\/dmcsrb.com\/en\/wp-json\/wp\/v2\/media\/945469"}],"wp:attachment":[{"href":"https:\/\/dmcsrb.com\/en\/wp-json\/wp\/v2\/media?parent=955867"}],"wp:term":[{"taxonomy":"category","embeddable":true,"href":"https:\/\/dmcsrb.com\/en\/wp-json\/wp\/v2\/categories?post=955867"},{"taxonomy":"post_tag","embeddable":true,"href":"https:\/\/dmcsrb.com\/en\/wp-json\/wp\/v2\/tags?post=955867"},{"taxonomy":"naslovna","embeddable":true,"href":"https:\/\/dmcsrb.com\/en\/wp-json\/wp\/v2\/naslovna?post=955867"}],"curies":[{"name":"wp","href":"https:\/\/api.w.org\/{rel}","templated":true}]}}