{"id":955828,"date":"2025-10-04T17:29:00","date_gmt":"2025-10-04T15:29:00","guid":{"rendered":"https:\/\/dmcsrb.com\/uncategorized\/najtezi-poraz-u-klupskoj-istoriji-plave-na-minus-20-u-mecu\/"},"modified":"2025-10-04T17:29:00","modified_gmt":"2025-10-04T15:29:00","slug":"najtezi-poraz-u-klupskoj-istoriji-plave-na-minus-20-u-mecu","status":"publish","type":"post","link":"https:\/\/dmcsrb.com\/en\/sport\/najtezi-poraz-u-klupskoj-istoriji-plave-na-minus-20-u-mecu\/","title":{"rendered":"Najte\u017ei poraz u klupskoj istoriji: &#8220;Plave&#8221; na minus 20 u Mecu"},"content":{"rendered":"<p>Izabranice Zorana Abramovi\u0107a izgubile su od Meca u gostima 38:18 (20:11) u okviru 4. kola grupe A EHF Lige \u0161ampiona.<\/p>\n\n\n\n<p>Mec je stigao do \u010detvrte pobjede, dok su Podgori\u010danke pretrpjele \u010detvrti neuspjeh. <\/p>\n\n\n\n<p>&#8220;Plave&#8221; su se dr\u017eale u uvodnih desetak minuta, imale i gol vi\u0161ka u \u010detiri navrata (posljednji put 5:4), ali onda je francuski tim napravio seriju 3:0 i prvi put stekao plus dva poslije gola Lusi Granije &#8211; 7:5.<\/p>\n\n\n\n<p>Mec je ubrzao ritam, Joana Bundes se razbranila, pa je doma\u0107in na veliki odmor oti\u0161ao sa velikih devet golova prednosti (20:11) i prakti\u010dno rije\u0161io utakmicu. <\/p>\n\n\n\n<p>U nastavku potpuna dominacija francuske ekipe koja je samo uve\u0107avala razliku do maksimalnih i kona\u010dnih plus 20.<\/p>\n\n\n\n<p>U pobjedni\u010dkom sastavu istakla se Tira Aksner sa sedam golova, po jedan manje postigle su Sara Buktit, Lusi Grenije i Lena Grandveau. Joana Bundsen imala je 12 odbrana.<\/p>\n\n\n\n<p>Na drugoj strani Jelena Vuk\u010devi\u0107 bolja od ostalih sa \u010detiri pogotka. Ivana Gode\u010d i Jelena Radivojevi\u0107 dale su po gol manje. Andrea \u0160kerovi\u0107 upisala je pet, Marija Marseni\u0107 dvije odbrane.<\/p>\n\n\n\n<p>U EHF Ligi \u0161ampiona slijedi pauza do 26. oktobra, kada \u0107e &#8220;plave&#8221; gostovati Borusiji Dortmund koja je upisala jedan trijumf. <\/p>","protected":false},"excerpt":{"rendered":"<p>Vjerovatno niko, pa \u010dak ni oni najoptimisti\u010dniji navija\u010di, nije o\u010dekivao da \u0107e rukometa\u0161ice Budu\u0107nosti iznenaditi Mec, ali jeste da \u0107e pru\u017eiti sna\u017eniji otpor, no dogodilo se suprotno &#8211; najte\u017ei poraz u klupskoj istoriji.<\/p>","protected":false},"author":1,"featured_media":955360,"comment_status":"open","ping_status":"open","sticky":false,"template":"","format":"standard","meta":{"_acf_changed":false,"footnotes":""},"categories":[148],"tags":[6013,10030,1901],"naslovna":[],"class_list":["post-955828","post","type-post","status-publish","format-standard","has-post-thumbnail","hentry","category-sport","tag-ehf-liga-sampiona","tag-mec","tag-zrk-otp-group-buducnost"],"acf":[],"yoast_head":"<!-- This site is optimized with the Yoast SEO plugin v27.4 - https:\/\/yoast.com\/product\/yoast-seo-wordpress\/ -->\n<title>Najte\u017ei poraz u klupskoj istoriji: &quot;Plave&quot; na minus 20 u Mecu - dmcsrb.com<\/title>\n<meta name=\"robots\" content=\"index, follow, max-snippet:-1, max-image-preview:large, max-video-preview:-1\" \/>\n<link rel=\"canonical\" href=\"https:\/\/dmcsrb.com\/en\/sport\/najtezi-poraz-u-klupskoj-istoriji-plave-na-minus-20-u-mecu\/\" \/>\n<meta property=\"og:locale\" content=\"en_GB\" \/>\n<meta property=\"og:type\" content=\"article\" \/>\n<meta property=\"og:title\" content=\"Najte\u017ei poraz u klupskoj istoriji: &quot;Plave&quot; na minus 20 u Mecu - dmcsrb.com\" \/>\n<meta property=\"og:description\" content=\"Vjerovatno niko, pa \u010dak ni oni najoptimisti\u010dniji navija\u010di, nije o\u010dekivao da \u0107e rukometa\u0161ice Budu\u0107nosti iznenaditi Mec, ali jeste da \u0107e pru\u017eiti sna\u017eniji otpor, no dogodilo se suprotno - najte\u017ei poraz u klupskoj istoriji.\" \/>\n<meta property=\"og:url\" content=\"https:\/\/dmcsrb.com\/en\/sport\/najtezi-poraz-u-klupskoj-istoriji-plave-na-minus-20-u-mecu\/\" \/>\n<meta property=\"og:site_name\" content=\"dmcsrb.com\" \/>\n<meta property=\"article:published_time\" content=\"2025-10-04T15:29:00+00:00\" \/>\n<meta property=\"og:image\" content=\"https:\/\/dmcsrb.com\/wp-content\/uploads\/2026\/01\/Zoran-Abramovic-ZRK-Buducnost.webp\" \/>\n\t<meta property=\"og:image:width\" content=\"1280\" \/>\n\t<meta property=\"og:image:height\" content=\"853\" \/>\n\t<meta property=\"og:image:type\" content=\"image\/webp\" \/>\n<meta name=\"author\" content=\"dmcsrbija.com@gmail.com\" \/>\n<meta name=\"twitter:card\" content=\"summary_large_image\" \/>\n<meta name=\"twitter:label1\" content=\"Written by\" \/>\n\t<meta name=\"twitter:data1\" content=\"dmcsrbija.com@gmail.com\" \/>\n\t<meta name=\"twitter:label2\" content=\"Estimated reading time\" \/>\n\t<meta name=\"twitter:data2\" content=\"1 minute\" \/>\n<script type=\"application\/ld+json\" class=\"yoast-schema-graph\">{\"@context\":\"https:\\\/\\\/schema.org\",\"@graph\":[{\"@type\":\"Article\",\"@id\":\"https:\\\/\\\/dmcsrb.com\\\/sport\\\/najtezi-poraz-u-klupskoj-istoriji-plave-na-minus-20-u-mecu\\\/#article\",\"isPartOf\":{\"@id\":\"https:\\\/\\\/dmcsrb.com\\\/sport\\\/najtezi-poraz-u-klupskoj-istoriji-plave-na-minus-20-u-mecu\\\/\"},\"author\":{\"name\":\"dmcsrbija.com@gmail.com\",\"@id\":\"https:\\\/\\\/dmcsrb.com\\\/#\\\/schema\\\/person\\\/5c39170f12db1b8b457732d0b5c854e2\"},\"headline\":\"Najte\u017ei poraz u klupskoj istoriji: &#8220;Plave&#8221; na minus 20 u Mecu\",\"datePublished\":\"2025-10-04T15:29:00+00:00\",\"mainEntityOfPage\":{\"@id\":\"https:\\\/\\\/dmcsrb.com\\\/sport\\\/najtezi-poraz-u-klupskoj-istoriji-plave-na-minus-20-u-mecu\\\/\"},\"wordCount\":203,\"commentCount\":0,\"image\":{\"@id\":\"https:\\\/\\\/dmcsrb.com\\\/sport\\\/najtezi-poraz-u-klupskoj-istoriji-plave-na-minus-20-u-mecu\\\/#primaryimage\"},\"thumbnailUrl\":\"https:\\\/\\\/dmcsrb.com\\\/wp-content\\\/uploads\\\/2026\\\/01\\\/Zoran-Abramovic-ZRK-Buducnost.webp\",\"keywords\":[\"EHF Liga \u0161ampiona\",\"Mec\",\"\u017dRK OTP Group Budu\u0107nost\"],\"articleSection\":[\"Sport\"],\"inLanguage\":\"en-GB\",\"potentialAction\":[{\"@type\":\"CommentAction\",\"name\":\"Comment\",\"target\":[\"https:\\\/\\\/dmcsrb.com\\\/sport\\\/najtezi-poraz-u-klupskoj-istoriji-plave-na-minus-20-u-mecu\\\/#respond\"]}]},{\"@type\":\"WebPage\",\"@id\":\"https:\\\/\\\/dmcsrb.com\\\/sport\\\/najtezi-poraz-u-klupskoj-istoriji-plave-na-minus-20-u-mecu\\\/\",\"url\":\"https:\\\/\\\/dmcsrb.com\\\/sport\\\/najtezi-poraz-u-klupskoj-istoriji-plave-na-minus-20-u-mecu\\\/\",\"name\":\"Najte\u017ei poraz u klupskoj istoriji: \\\"Plave\\\" na minus 20 u Mecu - dmcsrb.com\",\"isPartOf\":{\"@id\":\"https:\\\/\\\/dmcsrb.com\\\/#website\"},\"primaryImageOfPage\":{\"@id\":\"https:\\\/\\\/dmcsrb.com\\\/sport\\\/najtezi-poraz-u-klupskoj-istoriji-plave-na-minus-20-u-mecu\\\/#primaryimage\"},\"image\":{\"@id\":\"https:\\\/\\\/dmcsrb.com\\\/sport\\\/najtezi-poraz-u-klupskoj-istoriji-plave-na-minus-20-u-mecu\\\/#primaryimage\"},\"thumbnailUrl\":\"https:\\\/\\\/dmcsrb.com\\\/wp-content\\\/uploads\\\/2026\\\/01\\\/Zoran-Abramovic-ZRK-Buducnost.webp\",\"datePublished\":\"2025-10-04T15:29:00+00:00\",\"author\":{\"@id\":\"https:\\\/\\\/dmcsrb.com\\\/#\\\/schema\\\/person\\\/5c39170f12db1b8b457732d0b5c854e2\"},\"breadcrumb\":{\"@id\":\"https:\\\/\\\/dmcsrb.com\\\/sport\\\/najtezi-poraz-u-klupskoj-istoriji-plave-na-minus-20-u-mecu\\\/#breadcrumb\"},\"inLanguage\":\"en-GB\",\"potentialAction\":[{\"@type\":\"ReadAction\",\"target\":[\"https:\\\/\\\/dmcsrb.com\\\/sport\\\/najtezi-poraz-u-klupskoj-istoriji-plave-na-minus-20-u-mecu\\\/\"]}]},{\"@type\":\"ImageObject\",\"inLanguage\":\"en-GB\",\"@id\":\"https:\\\/\\\/dmcsrb.com\\\/sport\\\/najtezi-poraz-u-klupskoj-istoriji-plave-na-minus-20-u-mecu\\\/#primaryimage\",\"url\":\"https:\\\/\\\/dmcsrb.com\\\/wp-content\\\/uploads\\\/2026\\\/01\\\/Zoran-Abramovic-ZRK-Buducnost.webp\",\"contentUrl\":\"https:\\\/\\\/dmcsrb.com\\\/wp-content\\\/uploads\\\/2026\\\/01\\\/Zoran-Abramovic-ZRK-Buducnost.webp\",\"width\":1280,\"height\":853},{\"@type\":\"BreadcrumbList\",\"@id\":\"https:\\\/\\\/dmcsrb.com\\\/sport\\\/najtezi-poraz-u-klupskoj-istoriji-plave-na-minus-20-u-mecu\\\/#breadcrumb\",\"itemListElement\":[{\"@type\":\"ListItem\",\"position\":1,\"name\":\"Home\",\"item\":\"https:\\\/\\\/dmcsrb.com\\\/\"},{\"@type\":\"ListItem\",\"position\":2,\"name\":\"Najte\u017ei poraz u klupskoj istoriji: &#8220;Plave&#8221; na minus 20 u Mecu\"}]},{\"@type\":\"WebSite\",\"@id\":\"https:\\\/\\\/dmcsrb.com\\\/#website\",\"url\":\"https:\\\/\\\/dmcsrb.com\\\/\",\"name\":\"dmcsrb.com\",\"description\":\"\",\"potentialAction\":[{\"@type\":\"SearchAction\",\"target\":{\"@type\":\"EntryPoint\",\"urlTemplate\":\"https:\\\/\\\/dmcsrb.com\\\/?s={search_term_string}\"},\"query-input\":{\"@type\":\"PropertyValueSpecification\",\"valueRequired\":true,\"valueName\":\"search_term_string\"}}],\"inLanguage\":\"en-GB\"},{\"@type\":\"Person\",\"@id\":\"https:\\\/\\\/dmcsrb.com\\\/#\\\/schema\\\/person\\\/5c39170f12db1b8b457732d0b5c854e2\",\"name\":\"dmcsrbija.com@gmail.com\",\"image\":{\"@type\":\"ImageObject\",\"inLanguage\":\"en-GB\",\"@id\":\"https:\\\/\\\/secure.gravatar.com\\\/avatar\\\/68592660ad6347fad0fb587f8d5d8f1a7b44961362f56e4f2cd524feb87e9069?s=96&d=mm&r=g\",\"url\":\"https:\\\/\\\/secure.gravatar.com\\\/avatar\\\/68592660ad6347fad0fb587f8d5d8f1a7b44961362f56e4f2cd524feb87e9069?s=96&d=mm&r=g\",\"contentUrl\":\"https:\\\/\\\/secure.gravatar.com\\\/avatar\\\/68592660ad6347fad0fb587f8d5d8f1a7b44961362f56e4f2cd524feb87e9069?s=96&d=mm&r=g\",\"caption\":\"dmcsrbija.com@gmail.com\"},\"sameAs\":[\"https:\\\/\\\/dmcsrb.com\"],\"url\":\"https:\\\/\\\/dmcsrb.com\\\/en\\\/author\\\/dmcsrbija-comgmail-com\\\/\"}]}<\/script>\n<!-- \/ Yoast SEO plugin. -->","yoast_head_json":{"title":"Najte\u017ei poraz u klupskoj istoriji: \"Plave\" na minus 20 u Mecu - dmcsrb.com","robots":{"index":"index","follow":"follow","max-snippet":"max-snippet:-1","max-image-preview":"max-image-preview:large","max-video-preview":"max-video-preview:-1"},"canonical":"https:\/\/dmcsrb.com\/en\/sport\/najtezi-poraz-u-klupskoj-istoriji-plave-na-minus-20-u-mecu\/","og_locale":"en_GB","og_type":"article","og_title":"Najte\u017ei poraz u klupskoj istoriji: \"Plave\" na minus 20 u Mecu - dmcsrb.com","og_description":"Vjerovatno niko, pa \u010dak ni oni najoptimisti\u010dniji navija\u010di, nije o\u010dekivao da \u0107e rukometa\u0161ice Budu\u0107nosti iznenaditi Mec, ali jeste da \u0107e pru\u017eiti sna\u017eniji otpor, no dogodilo se suprotno - najte\u017ei poraz u klupskoj istoriji.","og_url":"https:\/\/dmcsrb.com\/en\/sport\/najtezi-poraz-u-klupskoj-istoriji-plave-na-minus-20-u-mecu\/","og_site_name":"dmcsrb.com","article_published_time":"2025-10-04T15:29:00+00:00","og_image":[{"width":1280,"height":853,"url":"https:\/\/dmcsrb.com\/wp-content\/uploads\/2026\/01\/Zoran-Abramovic-ZRK-Buducnost.webp","type":"image\/webp"}],"author":"dmcsrbija.com@gmail.com","twitter_card":"summary_large_image","twitter_misc":{"Written by":"dmcsrbija.com@gmail.com","Estimated reading time":"1 minute"},"schema":{"@context":"https:\/\/schema.org","@graph":[{"@type":"Article","@id":"https:\/\/dmcsrb.com\/sport\/najtezi-poraz-u-klupskoj-istoriji-plave-na-minus-20-u-mecu\/#article","isPartOf":{"@id":"https:\/\/dmcsrb.com\/sport\/najtezi-poraz-u-klupskoj-istoriji-plave-na-minus-20-u-mecu\/"},"author":{"name":"dmcsrbija.com@gmail.com","@id":"https:\/\/dmcsrb.com\/#\/schema\/person\/5c39170f12db1b8b457732d0b5c854e2"},"headline":"Najte\u017ei poraz u klupskoj istoriji: &#8220;Plave&#8221; na minus 20 u Mecu","datePublished":"2025-10-04T15:29:00+00:00","mainEntityOfPage":{"@id":"https:\/\/dmcsrb.com\/sport\/najtezi-poraz-u-klupskoj-istoriji-plave-na-minus-20-u-mecu\/"},"wordCount":203,"commentCount":0,"image":{"@id":"https:\/\/dmcsrb.com\/sport\/najtezi-poraz-u-klupskoj-istoriji-plave-na-minus-20-u-mecu\/#primaryimage"},"thumbnailUrl":"https:\/\/dmcsrb.com\/wp-content\/uploads\/2026\/01\/Zoran-Abramovic-ZRK-Buducnost.webp","keywords":["EHF Liga \u0161ampiona","Mec","\u017dRK OTP Group Budu\u0107nost"],"articleSection":["Sport"],"inLanguage":"en-GB","potentialAction":[{"@type":"CommentAction","name":"Comment","target":["https:\/\/dmcsrb.com\/sport\/najtezi-poraz-u-klupskoj-istoriji-plave-na-minus-20-u-mecu\/#respond"]}]},{"@type":"WebPage","@id":"https:\/\/dmcsrb.com\/sport\/najtezi-poraz-u-klupskoj-istoriji-plave-na-minus-20-u-mecu\/","url":"https:\/\/dmcsrb.com\/sport\/najtezi-poraz-u-klupskoj-istoriji-plave-na-minus-20-u-mecu\/","name":"Najte\u017ei poraz u klupskoj istoriji: \"Plave\" na minus 20 u Mecu - dmcsrb.com","isPartOf":{"@id":"https:\/\/dmcsrb.com\/#website"},"primaryImageOfPage":{"@id":"https:\/\/dmcsrb.com\/sport\/najtezi-poraz-u-klupskoj-istoriji-plave-na-minus-20-u-mecu\/#primaryimage"},"image":{"@id":"https:\/\/dmcsrb.com\/sport\/najtezi-poraz-u-klupskoj-istoriji-plave-na-minus-20-u-mecu\/#primaryimage"},"thumbnailUrl":"https:\/\/dmcsrb.com\/wp-content\/uploads\/2026\/01\/Zoran-Abramovic-ZRK-Buducnost.webp","datePublished":"2025-10-04T15:29:00+00:00","author":{"@id":"https:\/\/dmcsrb.com\/#\/schema\/person\/5c39170f12db1b8b457732d0b5c854e2"},"breadcrumb":{"@id":"https:\/\/dmcsrb.com\/sport\/najtezi-poraz-u-klupskoj-istoriji-plave-na-minus-20-u-mecu\/#breadcrumb"},"inLanguage":"en-GB","potentialAction":[{"@type":"ReadAction","target":["https:\/\/dmcsrb.com\/sport\/najtezi-poraz-u-klupskoj-istoriji-plave-na-minus-20-u-mecu\/"]}]},{"@type":"ImageObject","inLanguage":"en-GB","@id":"https:\/\/dmcsrb.com\/sport\/najtezi-poraz-u-klupskoj-istoriji-plave-na-minus-20-u-mecu\/#primaryimage","url":"https:\/\/dmcsrb.com\/wp-content\/uploads\/2026\/01\/Zoran-Abramovic-ZRK-Buducnost.webp","contentUrl":"https:\/\/dmcsrb.com\/wp-content\/uploads\/2026\/01\/Zoran-Abramovic-ZRK-Buducnost.webp","width":1280,"height":853},{"@type":"BreadcrumbList","@id":"https:\/\/dmcsrb.com\/sport\/najtezi-poraz-u-klupskoj-istoriji-plave-na-minus-20-u-mecu\/#breadcrumb","itemListElement":[{"@type":"ListItem","position":1,"name":"Home","item":"https:\/\/dmcsrb.com\/"},{"@type":"ListItem","position":2,"name":"Najte\u017ei poraz u klupskoj istoriji: &#8220;Plave&#8221; na minus 20 u Mecu"}]},{"@type":"WebSite","@id":"https:\/\/dmcsrb.com\/#website","url":"https:\/\/dmcsrb.com\/","name":"dmcsrb.com","description":"","potentialAction":[{"@type":"SearchAction","target":{"@type":"EntryPoint","urlTemplate":"https:\/\/dmcsrb.com\/?s={search_term_string}"},"query-input":{"@type":"PropertyValueSpecification","valueRequired":true,"valueName":"search_term_string"}}],"inLanguage":"en-GB"},{"@type":"Person","@id":"https:\/\/dmcsrb.com\/#\/schema\/person\/5c39170f12db1b8b457732d0b5c854e2","name":"dmcsrbija.com@gmail.com","image":{"@type":"ImageObject","inLanguage":"en-GB","@id":"https:\/\/secure.gravatar.com\/avatar\/68592660ad6347fad0fb587f8d5d8f1a7b44961362f56e4f2cd524feb87e9069?s=96&d=mm&r=g","url":"https:\/\/secure.gravatar.com\/avatar\/68592660ad6347fad0fb587f8d5d8f1a7b44961362f56e4f2cd524feb87e9069?s=96&d=mm&r=g","contentUrl":"https:\/\/secure.gravatar.com\/avatar\/68592660ad6347fad0fb587f8d5d8f1a7b44961362f56e4f2cd524feb87e9069?s=96&d=mm&r=g","caption":"dmcsrbija.com@gmail.com"},"sameAs":["https:\/\/dmcsrb.com"],"url":"https:\/\/dmcsrb.com\/en\/author\/dmcsrbija-comgmail-com\/"}]}},"_links":{"self":[{"href":"https:\/\/dmcsrb.com\/en\/wp-json\/wp\/v2\/posts\/955828","targetHints":{"allow":["GET"]}}],"collection":[{"href":"https:\/\/dmcsrb.com\/en\/wp-json\/wp\/v2\/posts"}],"about":[{"href":"https:\/\/dmcsrb.com\/en\/wp-json\/wp\/v2\/types\/post"}],"author":[{"embeddable":true,"href":"https:\/\/dmcsrb.com\/en\/wp-json\/wp\/v2\/users\/1"}],"replies":[{"embeddable":true,"href":"https:\/\/dmcsrb.com\/en\/wp-json\/wp\/v2\/comments?post=955828"}],"version-history":[{"count":0,"href":"https:\/\/dmcsrb.com\/en\/wp-json\/wp\/v2\/posts\/955828\/revisions"}],"wp:featuredmedia":[{"embeddable":true,"href":"https:\/\/dmcsrb.com\/en\/wp-json\/wp\/v2\/media\/955360"}],"wp:attachment":[{"href":"https:\/\/dmcsrb.com\/en\/wp-json\/wp\/v2\/media?parent=955828"}],"wp:term":[{"taxonomy":"category","embeddable":true,"href":"https:\/\/dmcsrb.com\/en\/wp-json\/wp\/v2\/categories?post=955828"},{"taxonomy":"post_tag","embeddable":true,"href":"https:\/\/dmcsrb.com\/en\/wp-json\/wp\/v2\/tags?post=955828"},{"taxonomy":"naslovna","embeddable":true,"href":"https:\/\/dmcsrb.com\/en\/wp-json\/wp\/v2\/naslovna?post=955828"}],"curies":[{"name":"wp","href":"https:\/\/api.w.org\/{rel}","templated":true}]}}