{"id":955816,"date":"2025-10-04T16:31:00","date_gmt":"2025-10-04T14:31:00","guid":{"rendered":"https:\/\/dmcsrb.com\/uncategorized\/sahovske-reprezentacije-crne-gore-od-sjutra-na-evropskom-prvenstvu-u-gruziji\/"},"modified":"2025-10-04T16:31:00","modified_gmt":"2025-10-04T14:31:00","slug":"sahovske-reprezentacije-crne-gore-od-sjutra-na-evropskom-prvenstvu-u-gruziji","status":"publish","type":"post","link":"https:\/\/dmcsrb.com\/en\/sport\/sahovske-reprezentacije-crne-gore-od-sjutra-na-evropskom-prvenstvu-u-gruziji\/","title":{"rendered":"\u0160ahovske reprezentacije Crne Gore od sjutra na Evropskom prvenstvu u Gruziji"},"content":{"rendered":"<p>Mu\u0161ka i \u017eenska \u0161ahovska reprezentacija Crne Gore u\u010destvova\u0107e od sjutra na Evropskom ekipnom prvenstvu, koje se odr\u017eava u gruzijskom Batumiju.<\/p>\n\n\n\n<p>Kako je saop\u0161teno iz \u0160ahovskog saveza, mu\u0161ka reprezentacija nastupi\u0107e u oslabljenom sastavu, budu\u0107i da je velemajstor Nikola \u0110uki\u0107 otkazao nastup zbog porodi\u010dnih razloga.<\/p>\n\n\n\n<p>Po prvi put od obnove nezavisnosti, najbolji nacionalni tim nastupi\u0107e bez desetostrukog prvaka Crne Gore i dugogodi\u0161njeg predvodnika reprezentacije.<\/p>\n\n\n\n<p>Na prvoj tabli \u0107e igrati Denis Kadri\u0107, aktuelni prvak Crne Gore Nikita Petrov bi\u0107e na drugoj, dok \u0107e najmla\u0111i crnogorski velemajstor Luka Dra\u0161kovi\u0107 nastupati na tre\u0107oj tabli.<\/p>\n\n\n\n<p>U sastavu je i fide majstor dr Nemanja Vuk\u010devi\u0107, koji je ove godine zauzeo drugo mjesto na Prvenstvu Crne Gore, dok je peto mjesto u timu zauzeo velemajstor Dragan Kosi\u0107, selektor i biv\u0161i reprezentativac, koji \u0107e ujedno predvoditi ekipu.<\/p>\n\n\n\n<p>U mu\u0161koj konkurenciji nastupa 40 ekipa, a Crna Gora se nalazi na 27. mjestu po startnom rejtingu.<\/p>\n\n\n\n<p>U prvom kolu na\u0161i \u0161ahisti igra\u0107e protiv reprezentacije Srbije, koja \u0107e u Batumiju braniti titulu osvojenu u Budvi 2023. godine.<\/p>\n\n\n\n<p>Selektor Du\u0161an Leki\u0107 u \u017eensku reprezentaciju pozvao je: Aleksandru \u017derebcovu, Alenu Skvorcovu, Aleksandru Milovi\u0107, Nikolinu Koljevi\u0107 i Katarinu \u0110uki\u0107, koja \u0107e debitovati u najboljem nacionalnom timu.<\/p>\n\n\n\n<p>U \u017eenskoj konkurenciji nastupa 36 ekipa, a na\u0161e reprezentativke zauzimaju 28. startnu poziciju.<\/p>\n\n\n\n<p>U prvom kolu sasta\u0107e se sa reprezentacijom \u0160vajcarske, koju predvodi nekada\u0161nja svjetska \u0161ampionka Aleksandra Kostenjuk, koja je prije nekoliko godina promijenila federaciju i pre\u0161la iz Rusije u \u0160vajcarsku.<\/p>\n\n\n\n<p>Prvo kolo je na programu sjutra, a prvenstvo \u0107e prote\u0107i u sve\u010darskoj atmosferi, budu\u0107i da Evropska \u0161ahovska unija obilje\u017eava 40 godina od osnivanja.<\/p>","protected":false},"excerpt":{"rendered":"<p>Mu\u0161ka i \u017eenska \u0161ahovska reprezentacija Crne Gore u\u010destvova\u0107e od sjutra na Evropskom ekipnom prvenstvu, koje se odr\u017eava u gruzijskom Batumiju.<\/p>","protected":false},"author":1,"featured_media":955817,"comment_status":"open","ping_status":"open","sticky":false,"template":"","format":"standard","meta":{"_acf_changed":false,"footnotes":""},"categories":[148],"tags":[95,8444,1639],"naslovna":[],"class_list":["post-955816","post","type-post","status-publish","format-standard","has-post-thumbnail","hentry","category-sport","tag-crna-gora","tag-reprezentacija","tag-sah-2"],"acf":[],"yoast_head":"<!-- This site is optimized with the Yoast SEO plugin v27.4 - https:\/\/yoast.com\/product\/yoast-seo-wordpress\/ -->\n<title>\u0160ahovske reprezentacije Crne Gore od sjutra na Evropskom prvenstvu u Gruziji - dmcsrb.com<\/title>\n<meta name=\"robots\" content=\"index, follow, max-snippet:-1, max-image-preview:large, max-video-preview:-1\" \/>\n<link rel=\"canonical\" href=\"https:\/\/dmcsrb.com\/en\/sport\/sahovske-reprezentacije-crne-gore-od-sjutra-na-evropskom-prvenstvu-u-gruziji\/\" \/>\n<meta property=\"og:locale\" content=\"en_GB\" \/>\n<meta property=\"og:type\" content=\"article\" \/>\n<meta property=\"og:title\" content=\"\u0160ahovske reprezentacije Crne Gore od sjutra na Evropskom prvenstvu u Gruziji - dmcsrb.com\" \/>\n<meta property=\"og:description\" content=\"Mu\u0161ka i \u017eenska \u0161ahovska reprezentacija Crne Gore u\u010destvova\u0107e od sjutra na Evropskom ekipnom prvenstvu, koje se odr\u017eava u gruzijskom Batumiju.\" \/>\n<meta property=\"og:url\" content=\"https:\/\/dmcsrb.com\/en\/sport\/sahovske-reprezentacije-crne-gore-od-sjutra-na-evropskom-prvenstvu-u-gruziji\/\" \/>\n<meta property=\"og:site_name\" content=\"dmcsrb.com\" \/>\n<meta property=\"article:published_time\" content=\"2025-10-04T14:31:00+00:00\" \/>\n<meta property=\"og:image\" content=\"https:\/\/dmcsrb.com\/wp-content\/uploads\/2026\/01\/Sahisti.webp\" \/>\n\t<meta property=\"og:image:width\" content=\"730\" \/>\n\t<meta property=\"og:image:height\" content=\"548\" \/>\n\t<meta property=\"og:image:type\" content=\"image\/webp\" \/>\n<meta name=\"author\" content=\"dmcsrbija.com@gmail.com\" \/>\n<meta name=\"twitter:card\" content=\"summary_large_image\" \/>\n<meta name=\"twitter:label1\" content=\"Written by\" \/>\n\t<meta name=\"twitter:data1\" content=\"dmcsrbija.com@gmail.com\" \/>\n\t<meta name=\"twitter:label2\" content=\"Estimated reading time\" \/>\n\t<meta name=\"twitter:data2\" content=\"1 minute\" \/>\n<script type=\"application\/ld+json\" class=\"yoast-schema-graph\">{\"@context\":\"https:\\\/\\\/schema.org\",\"@graph\":[{\"@type\":\"Article\",\"@id\":\"https:\\\/\\\/dmcsrb.com\\\/sport\\\/sahovske-reprezentacije-crne-gore-od-sjutra-na-evropskom-prvenstvu-u-gruziji\\\/#article\",\"isPartOf\":{\"@id\":\"https:\\\/\\\/dmcsrb.com\\\/sport\\\/sahovske-reprezentacije-crne-gore-od-sjutra-na-evropskom-prvenstvu-u-gruziji\\\/\"},\"author\":{\"name\":\"dmcsrbija.com@gmail.com\",\"@id\":\"https:\\\/\\\/dmcsrb.com\\\/#\\\/schema\\\/person\\\/5c39170f12db1b8b457732d0b5c854e2\"},\"headline\":\"\u0160ahovske reprezentacije Crne Gore od sjutra na Evropskom prvenstvu u Gruziji\",\"datePublished\":\"2025-10-04T14:31:00+00:00\",\"mainEntityOfPage\":{\"@id\":\"https:\\\/\\\/dmcsrb.com\\\/sport\\\/sahovske-reprezentacije-crne-gore-od-sjutra-na-evropskom-prvenstvu-u-gruziji\\\/\"},\"wordCount\":289,\"commentCount\":0,\"image\":{\"@id\":\"https:\\\/\\\/dmcsrb.com\\\/sport\\\/sahovske-reprezentacije-crne-gore-od-sjutra-na-evropskom-prvenstvu-u-gruziji\\\/#primaryimage\"},\"thumbnailUrl\":\"https:\\\/\\\/dmcsrb.com\\\/wp-content\\\/uploads\\\/2026\\\/01\\\/Sahisti.webp\",\"keywords\":[\"Crna Gora\",\"reprezentacija\",\"\u0161ah\"],\"articleSection\":[\"Sport\"],\"inLanguage\":\"en-GB\",\"potentialAction\":[{\"@type\":\"CommentAction\",\"name\":\"Comment\",\"target\":[\"https:\\\/\\\/dmcsrb.com\\\/sport\\\/sahovske-reprezentacije-crne-gore-od-sjutra-na-evropskom-prvenstvu-u-gruziji\\\/#respond\"]}]},{\"@type\":\"WebPage\",\"@id\":\"https:\\\/\\\/dmcsrb.com\\\/sport\\\/sahovske-reprezentacije-crne-gore-od-sjutra-na-evropskom-prvenstvu-u-gruziji\\\/\",\"url\":\"https:\\\/\\\/dmcsrb.com\\\/sport\\\/sahovske-reprezentacije-crne-gore-od-sjutra-na-evropskom-prvenstvu-u-gruziji\\\/\",\"name\":\"\u0160ahovske reprezentacije Crne Gore od sjutra na Evropskom prvenstvu u Gruziji - dmcsrb.com\",\"isPartOf\":{\"@id\":\"https:\\\/\\\/dmcsrb.com\\\/#website\"},\"primaryImageOfPage\":{\"@id\":\"https:\\\/\\\/dmcsrb.com\\\/sport\\\/sahovske-reprezentacije-crne-gore-od-sjutra-na-evropskom-prvenstvu-u-gruziji\\\/#primaryimage\"},\"image\":{\"@id\":\"https:\\\/\\\/dmcsrb.com\\\/sport\\\/sahovske-reprezentacije-crne-gore-od-sjutra-na-evropskom-prvenstvu-u-gruziji\\\/#primaryimage\"},\"thumbnailUrl\":\"https:\\\/\\\/dmcsrb.com\\\/wp-content\\\/uploads\\\/2026\\\/01\\\/Sahisti.webp\",\"datePublished\":\"2025-10-04T14:31:00+00:00\",\"author\":{\"@id\":\"https:\\\/\\\/dmcsrb.com\\\/#\\\/schema\\\/person\\\/5c39170f12db1b8b457732d0b5c854e2\"},\"breadcrumb\":{\"@id\":\"https:\\\/\\\/dmcsrb.com\\\/sport\\\/sahovske-reprezentacije-crne-gore-od-sjutra-na-evropskom-prvenstvu-u-gruziji\\\/#breadcrumb\"},\"inLanguage\":\"en-GB\",\"potentialAction\":[{\"@type\":\"ReadAction\",\"target\":[\"https:\\\/\\\/dmcsrb.com\\\/sport\\\/sahovske-reprezentacije-crne-gore-od-sjutra-na-evropskom-prvenstvu-u-gruziji\\\/\"]}]},{\"@type\":\"ImageObject\",\"inLanguage\":\"en-GB\",\"@id\":\"https:\\\/\\\/dmcsrb.com\\\/sport\\\/sahovske-reprezentacije-crne-gore-od-sjutra-na-evropskom-prvenstvu-u-gruziji\\\/#primaryimage\",\"url\":\"https:\\\/\\\/dmcsrb.com\\\/wp-content\\\/uploads\\\/2026\\\/01\\\/Sahisti.webp\",\"contentUrl\":\"https:\\\/\\\/dmcsrb.com\\\/wp-content\\\/uploads\\\/2026\\\/01\\\/Sahisti.webp\",\"width\":730,\"height\":548},{\"@type\":\"BreadcrumbList\",\"@id\":\"https:\\\/\\\/dmcsrb.com\\\/sport\\\/sahovske-reprezentacije-crne-gore-od-sjutra-na-evropskom-prvenstvu-u-gruziji\\\/#breadcrumb\",\"itemListElement\":[{\"@type\":\"ListItem\",\"position\":1,\"name\":\"Home\",\"item\":\"https:\\\/\\\/dmcsrb.com\\\/\"},{\"@type\":\"ListItem\",\"position\":2,\"name\":\"\u0160ahovske reprezentacije Crne Gore od sjutra na Evropskom prvenstvu u Gruziji\"}]},{\"@type\":\"WebSite\",\"@id\":\"https:\\\/\\\/dmcsrb.com\\\/#website\",\"url\":\"https:\\\/\\\/dmcsrb.com\\\/\",\"name\":\"dmcsrb.com\",\"description\":\"\",\"potentialAction\":[{\"@type\":\"SearchAction\",\"target\":{\"@type\":\"EntryPoint\",\"urlTemplate\":\"https:\\\/\\\/dmcsrb.com\\\/?s={search_term_string}\"},\"query-input\":{\"@type\":\"PropertyValueSpecification\",\"valueRequired\":true,\"valueName\":\"search_term_string\"}}],\"inLanguage\":\"en-GB\"},{\"@type\":\"Person\",\"@id\":\"https:\\\/\\\/dmcsrb.com\\\/#\\\/schema\\\/person\\\/5c39170f12db1b8b457732d0b5c854e2\",\"name\":\"dmcsrbija.com@gmail.com\",\"image\":{\"@type\":\"ImageObject\",\"inLanguage\":\"en-GB\",\"@id\":\"https:\\\/\\\/secure.gravatar.com\\\/avatar\\\/68592660ad6347fad0fb587f8d5d8f1a7b44961362f56e4f2cd524feb87e9069?s=96&d=mm&r=g\",\"url\":\"https:\\\/\\\/secure.gravatar.com\\\/avatar\\\/68592660ad6347fad0fb587f8d5d8f1a7b44961362f56e4f2cd524feb87e9069?s=96&d=mm&r=g\",\"contentUrl\":\"https:\\\/\\\/secure.gravatar.com\\\/avatar\\\/68592660ad6347fad0fb587f8d5d8f1a7b44961362f56e4f2cd524feb87e9069?s=96&d=mm&r=g\",\"caption\":\"dmcsrbija.com@gmail.com\"},\"sameAs\":[\"https:\\\/\\\/dmcsrb.com\"],\"url\":\"https:\\\/\\\/dmcsrb.com\\\/en\\\/author\\\/dmcsrbija-comgmail-com\\\/\"}]}<\/script>\n<!-- \/ Yoast SEO plugin. -->","yoast_head_json":{"title":"\u0160ahovske reprezentacije Crne Gore od sjutra na Evropskom prvenstvu u Gruziji - dmcsrb.com","robots":{"index":"index","follow":"follow","max-snippet":"max-snippet:-1","max-image-preview":"max-image-preview:large","max-video-preview":"max-video-preview:-1"},"canonical":"https:\/\/dmcsrb.com\/en\/sport\/sahovske-reprezentacije-crne-gore-od-sjutra-na-evropskom-prvenstvu-u-gruziji\/","og_locale":"en_GB","og_type":"article","og_title":"\u0160ahovske reprezentacije Crne Gore od sjutra na Evropskom prvenstvu u Gruziji - dmcsrb.com","og_description":"Mu\u0161ka i \u017eenska \u0161ahovska reprezentacija Crne Gore u\u010destvova\u0107e od sjutra na Evropskom ekipnom prvenstvu, koje se odr\u017eava u gruzijskom Batumiju.","og_url":"https:\/\/dmcsrb.com\/en\/sport\/sahovske-reprezentacije-crne-gore-od-sjutra-na-evropskom-prvenstvu-u-gruziji\/","og_site_name":"dmcsrb.com","article_published_time":"2025-10-04T14:31:00+00:00","og_image":[{"width":730,"height":548,"url":"https:\/\/dmcsrb.com\/wp-content\/uploads\/2026\/01\/Sahisti.webp","type":"image\/webp"}],"author":"dmcsrbija.com@gmail.com","twitter_card":"summary_large_image","twitter_misc":{"Written by":"dmcsrbija.com@gmail.com","Estimated reading time":"1 minute"},"schema":{"@context":"https:\/\/schema.org","@graph":[{"@type":"Article","@id":"https:\/\/dmcsrb.com\/sport\/sahovske-reprezentacije-crne-gore-od-sjutra-na-evropskom-prvenstvu-u-gruziji\/#article","isPartOf":{"@id":"https:\/\/dmcsrb.com\/sport\/sahovske-reprezentacije-crne-gore-od-sjutra-na-evropskom-prvenstvu-u-gruziji\/"},"author":{"name":"dmcsrbija.com@gmail.com","@id":"https:\/\/dmcsrb.com\/#\/schema\/person\/5c39170f12db1b8b457732d0b5c854e2"},"headline":"\u0160ahovske reprezentacije Crne Gore od sjutra na Evropskom prvenstvu u Gruziji","datePublished":"2025-10-04T14:31:00+00:00","mainEntityOfPage":{"@id":"https:\/\/dmcsrb.com\/sport\/sahovske-reprezentacije-crne-gore-od-sjutra-na-evropskom-prvenstvu-u-gruziji\/"},"wordCount":289,"commentCount":0,"image":{"@id":"https:\/\/dmcsrb.com\/sport\/sahovske-reprezentacije-crne-gore-od-sjutra-na-evropskom-prvenstvu-u-gruziji\/#primaryimage"},"thumbnailUrl":"https:\/\/dmcsrb.com\/wp-content\/uploads\/2026\/01\/Sahisti.webp","keywords":["Crna Gora","reprezentacija","\u0161ah"],"articleSection":["Sport"],"inLanguage":"en-GB","potentialAction":[{"@type":"CommentAction","name":"Comment","target":["https:\/\/dmcsrb.com\/sport\/sahovske-reprezentacije-crne-gore-od-sjutra-na-evropskom-prvenstvu-u-gruziji\/#respond"]}]},{"@type":"WebPage","@id":"https:\/\/dmcsrb.com\/sport\/sahovske-reprezentacije-crne-gore-od-sjutra-na-evropskom-prvenstvu-u-gruziji\/","url":"https:\/\/dmcsrb.com\/sport\/sahovske-reprezentacije-crne-gore-od-sjutra-na-evropskom-prvenstvu-u-gruziji\/","name":"\u0160ahovske reprezentacije Crne Gore od sjutra na Evropskom prvenstvu u Gruziji - dmcsrb.com","isPartOf":{"@id":"https:\/\/dmcsrb.com\/#website"},"primaryImageOfPage":{"@id":"https:\/\/dmcsrb.com\/sport\/sahovske-reprezentacije-crne-gore-od-sjutra-na-evropskom-prvenstvu-u-gruziji\/#primaryimage"},"image":{"@id":"https:\/\/dmcsrb.com\/sport\/sahovske-reprezentacije-crne-gore-od-sjutra-na-evropskom-prvenstvu-u-gruziji\/#primaryimage"},"thumbnailUrl":"https:\/\/dmcsrb.com\/wp-content\/uploads\/2026\/01\/Sahisti.webp","datePublished":"2025-10-04T14:31:00+00:00","author":{"@id":"https:\/\/dmcsrb.com\/#\/schema\/person\/5c39170f12db1b8b457732d0b5c854e2"},"breadcrumb":{"@id":"https:\/\/dmcsrb.com\/sport\/sahovske-reprezentacije-crne-gore-od-sjutra-na-evropskom-prvenstvu-u-gruziji\/#breadcrumb"},"inLanguage":"en-GB","potentialAction":[{"@type":"ReadAction","target":["https:\/\/dmcsrb.com\/sport\/sahovske-reprezentacije-crne-gore-od-sjutra-na-evropskom-prvenstvu-u-gruziji\/"]}]},{"@type":"ImageObject","inLanguage":"en-GB","@id":"https:\/\/dmcsrb.com\/sport\/sahovske-reprezentacije-crne-gore-od-sjutra-na-evropskom-prvenstvu-u-gruziji\/#primaryimage","url":"https:\/\/dmcsrb.com\/wp-content\/uploads\/2026\/01\/Sahisti.webp","contentUrl":"https:\/\/dmcsrb.com\/wp-content\/uploads\/2026\/01\/Sahisti.webp","width":730,"height":548},{"@type":"BreadcrumbList","@id":"https:\/\/dmcsrb.com\/sport\/sahovske-reprezentacije-crne-gore-od-sjutra-na-evropskom-prvenstvu-u-gruziji\/#breadcrumb","itemListElement":[{"@type":"ListItem","position":1,"name":"Home","item":"https:\/\/dmcsrb.com\/"},{"@type":"ListItem","position":2,"name":"\u0160ahovske reprezentacije Crne Gore od sjutra na Evropskom prvenstvu u Gruziji"}]},{"@type":"WebSite","@id":"https:\/\/dmcsrb.com\/#website","url":"https:\/\/dmcsrb.com\/","name":"dmcsrb.com","description":"","potentialAction":[{"@type":"SearchAction","target":{"@type":"EntryPoint","urlTemplate":"https:\/\/dmcsrb.com\/?s={search_term_string}"},"query-input":{"@type":"PropertyValueSpecification","valueRequired":true,"valueName":"search_term_string"}}],"inLanguage":"en-GB"},{"@type":"Person","@id":"https:\/\/dmcsrb.com\/#\/schema\/person\/5c39170f12db1b8b457732d0b5c854e2","name":"dmcsrbija.com@gmail.com","image":{"@type":"ImageObject","inLanguage":"en-GB","@id":"https:\/\/secure.gravatar.com\/avatar\/68592660ad6347fad0fb587f8d5d8f1a7b44961362f56e4f2cd524feb87e9069?s=96&d=mm&r=g","url":"https:\/\/secure.gravatar.com\/avatar\/68592660ad6347fad0fb587f8d5d8f1a7b44961362f56e4f2cd524feb87e9069?s=96&d=mm&r=g","contentUrl":"https:\/\/secure.gravatar.com\/avatar\/68592660ad6347fad0fb587f8d5d8f1a7b44961362f56e4f2cd524feb87e9069?s=96&d=mm&r=g","caption":"dmcsrbija.com@gmail.com"},"sameAs":["https:\/\/dmcsrb.com"],"url":"https:\/\/dmcsrb.com\/en\/author\/dmcsrbija-comgmail-com\/"}]}},"_links":{"self":[{"href":"https:\/\/dmcsrb.com\/en\/wp-json\/wp\/v2\/posts\/955816","targetHints":{"allow":["GET"]}}],"collection":[{"href":"https:\/\/dmcsrb.com\/en\/wp-json\/wp\/v2\/posts"}],"about":[{"href":"https:\/\/dmcsrb.com\/en\/wp-json\/wp\/v2\/types\/post"}],"author":[{"embeddable":true,"href":"https:\/\/dmcsrb.com\/en\/wp-json\/wp\/v2\/users\/1"}],"replies":[{"embeddable":true,"href":"https:\/\/dmcsrb.com\/en\/wp-json\/wp\/v2\/comments?post=955816"}],"version-history":[{"count":0,"href":"https:\/\/dmcsrb.com\/en\/wp-json\/wp\/v2\/posts\/955816\/revisions"}],"wp:featuredmedia":[{"embeddable":true,"href":"https:\/\/dmcsrb.com\/en\/wp-json\/wp\/v2\/media\/955817"}],"wp:attachment":[{"href":"https:\/\/dmcsrb.com\/en\/wp-json\/wp\/v2\/media?parent=955816"}],"wp:term":[{"taxonomy":"category","embeddable":true,"href":"https:\/\/dmcsrb.com\/en\/wp-json\/wp\/v2\/categories?post=955816"},{"taxonomy":"post_tag","embeddable":true,"href":"https:\/\/dmcsrb.com\/en\/wp-json\/wp\/v2\/tags?post=955816"},{"taxonomy":"naslovna","embeddable":true,"href":"https:\/\/dmcsrb.com\/en\/wp-json\/wp\/v2\/naslovna?post=955816"}],"curies":[{"name":"wp","href":"https:\/\/api.w.org\/{rel}","templated":true}]}}