{"id":955779,"date":"2025-10-04T11:39:00","date_gmt":"2025-10-04T09:39:00","guid":{"rendered":"https:\/\/dmcsrb.com\/uncategorized\/buducnost-domacin-lovcenu-ulcinj-debituje-u-baru-budva-u-odbranu-trona-krece-iz-bijelog-polja\/"},"modified":"2025-10-04T11:39:00","modified_gmt":"2025-10-04T09:39:00","slug":"buducnost-domacin-lovcenu-ulcinj-debituje-u-baru-budva-u-odbranu-trona-krece-iz-bijelog-polja","status":"publish","type":"post","link":"https:\/\/dmcsrb.com\/en\/sport\/buducnost-domacin-lovcenu-ulcinj-debituje-u-baru-budva-u-odbranu-trona-krece-iz-bijelog-polja\/","title":{"rendered":"Budu\u0107nost doma\u0107in Lov\u0107enu, Ulcinj debituje u Baru, Budva u odbranu trona kre\u0107e iz Bijelog Polja"},"content":{"rendered":"<p>Nakon osvajanja prvog pehara u novijoj klupskoj istoriji, Superkupa Crne Gore, odbojka\u0161i Budu\u0107nosti do\u010dekuju ekipu Lov\u0107ena. Utakmica se igra u sportskoj dvorani Srednje medicinske \u0161kole u Podgorici danas od 19 i 30h. U utakmici Superkupa sa Budvom Budu\u0107nost je predstavila poja\u010danu ekipu i sastav Lov\u0107ena na samom startu o\u010dekuje jedno od najte\u017eih gostovanja.<\/p>\n\n\n\n<p>Pola sata kasnije po\u010de\u0107e kom\u0161ijski derbi u kom \u0107e odbojka\u0161i Mornara ugostiti debitanta u EPCG Superligi, ekipu Ulcinja. Mornar je oja\u010dao redove dovo\u0111enjem \u010dlana A reprezentacija u CEV Zlatnoj ligi,&nbsp;<strong>Benjamina Had\u017eisalihovi\u0107a<\/strong>, kao i nekoliko talentovanih odbojka\u0161a iz sastava Galeba, a Ulcinj kre\u0107e sa novom odbojka\u0161kom pri\u010dom, koja je oja\u010dana i sprovo\u0111enjem projekta \u201eBesplatne \u0161kole odbojke\u201c u ju\u017enoj crnogorskoj op\u0161tini, koji realizuje Odbojka\u0161ki savez Crne Gore u saradnji sa Evropskom odbojka\u0161kom konfederacijom (CEV), Ministarstvom prosvjete, nauke i inovacija, Ministarstvom sporta i mladih i uz podr\u0161ku Crnogorskog olimpijskog komiteta.<\/p>\n\n\n\n<p>Premijerna runda bi\u0107e zaklju\u010dena derbijem osvaja\u010da duple krune 2017. i 2018. godine, Jedinstva, i aktuelnog prvaka, Budve. Utakmica u SC \u201eNikoljac\u201c zakazana je za ponedjeljak, 6. oktobar, od 18 sati, uz prenos na Adriatic Sport TV. Budvani su formirali tim sa mnogo crnogorskih reprezentativaca, a Jedinstvo novu sezonu do\u010dekuje ja\u010de za imena poput Aleksandra Mini\u0107a, Petra Milosavljevi\u0107a, Sergeja \u010cuki\u0107a i Vuka\u0161ina Tuzlan\u010di\u0107a.<\/p>\n\n\n\n<p>U prvom kolu slobodna je ekipa Sutjeske, koja \u0107e u drugoj rundi ugostiti Budu\u0107nost u Nik\u0161i\u0107u.<\/p>\n\n\n\n<p>Prvoplasirana ekipa na kraju liga\u0161kog dijela takmi\u010denja direktno \u0107e se plasirati u polufinale plej-ofa EPCG Superlige, a ekipe od drugog do sedmog mjesta igra\u0107e u \u010detvrtfinalu.<\/p>","protected":false},"excerpt":{"rendered":"<p>Utakmicama u Podgorici i Baru ove subote po\u010de\u0107e EPCG Superliga odbojka\u0161a, a premijerno kolo bi\u0107e otvoreno derbijem posljednja dva \u0161ampiona u Bijelom Polju u ponedjeljak.<\/p>","protected":false},"author":1,"featured_media":955780,"comment_status":"open","ping_status":"open","sticky":false,"template":"","format":"standard","meta":{"_acf_changed":false,"footnotes":""},"categories":[148],"tags":[1037,3678,1039,10261],"naslovna":[],"class_list":["post-955779","post","type-post","status-publish","format-standard","has-post-thumbnail","hentry","category-sport","tag-epcg-superliga-odbojkasa","tag-ok-buducnost-volej","tag-ok-budva","tag-ok-lovcen"],"acf":[],"yoast_head":"<!-- This site is optimized with the Yoast SEO plugin v27.0 - https:\/\/yoast.com\/product\/yoast-seo-wordpress\/ -->\n<title>Budu\u0107nost doma\u0107in Lov\u0107enu, Ulcinj debituje u Baru, Budva u odbranu trona kre\u0107e iz Bijelog Polja - dmcsrb.com<\/title>\n<meta name=\"robots\" content=\"index, follow, max-snippet:-1, max-image-preview:large, max-video-preview:-1\" \/>\n<link rel=\"canonical\" href=\"https:\/\/dmcsrb.com\/en\/sport\/buducnost-domacin-lovcenu-ulcinj-debituje-u-baru-budva-u-odbranu-trona-krece-iz-bijelog-polja\/\" \/>\n<meta property=\"og:locale\" content=\"en_GB\" \/>\n<meta property=\"og:type\" content=\"article\" \/>\n<meta property=\"og:title\" content=\"Budu\u0107nost doma\u0107in Lov\u0107enu, Ulcinj debituje u Baru, Budva u odbranu trona kre\u0107e iz Bijelog Polja - dmcsrb.com\" \/>\n<meta property=\"og:description\" content=\"Utakmicama u Podgorici i Baru ove subote po\u010de\u0107e EPCG Superliga odbojka\u0161a, a premijerno kolo bi\u0107e otvoreno derbijem posljednja dva \u0161ampiona u Bijelom Polju u ponedjeljak.\" \/>\n<meta property=\"og:url\" content=\"https:\/\/dmcsrb.com\/en\/sport\/buducnost-domacin-lovcenu-ulcinj-debituje-u-baru-budva-u-odbranu-trona-krece-iz-bijelog-polja\/\" \/>\n<meta property=\"og:site_name\" content=\"dmcsrb.com\" \/>\n<meta property=\"article:published_time\" content=\"2025-10-04T09:39:00+00:00\" \/>\n<meta property=\"og:image\" content=\"https:\/\/dmcsrb.com\/wp-content\/uploads\/2026\/01\/Budva-Buducnost-foto-oscg.webp\" \/>\n\t<meta property=\"og:image:width\" content=\"933\" \/>\n\t<meta property=\"og:image:height\" content=\"574\" \/>\n\t<meta property=\"og:image:type\" content=\"image\/jpeg\" \/>\n<meta name=\"author\" content=\"dmcsrbija.com@gmail.com\" \/>\n<meta name=\"twitter:card\" content=\"summary_large_image\" \/>\n<meta name=\"twitter:label1\" content=\"Written by\" \/>\n\t<meta name=\"twitter:data1\" content=\"dmcsrbija.com@gmail.com\" \/>\n\t<meta name=\"twitter:label2\" content=\"Estimated reading time\" \/>\n\t<meta name=\"twitter:data2\" content=\"1 minute\" \/>\n<script type=\"application\/ld+json\" class=\"yoast-schema-graph\">{\"@context\":\"https:\/\/schema.org\",\"@graph\":[{\"@type\":\"Article\",\"@id\":\"https:\/\/dmcsrb.com\/sport\/buducnost-domacin-lovcenu-ulcinj-debituje-u-baru-budva-u-odbranu-trona-krece-iz-bijelog-polja\/#article\",\"isPartOf\":{\"@id\":\"https:\/\/dmcsrb.com\/sport\/buducnost-domacin-lovcenu-ulcinj-debituje-u-baru-budva-u-odbranu-trona-krece-iz-bijelog-polja\/\"},\"author\":{\"name\":\"dmcsrbija.com@gmail.com\",\"@id\":\"https:\/\/dmcsrb.com\/#\/schema\/person\/5c39170f12db1b8b457732d0b5c854e2\"},\"headline\":\"Budu\u0107nost doma\u0107in Lov\u0107enu, Ulcinj debituje u Baru, Budva u odbranu trona kre\u0107e iz Bijelog Polja\",\"datePublished\":\"2025-10-04T09:39:00+00:00\",\"mainEntityOfPage\":{\"@id\":\"https:\/\/dmcsrb.com\/sport\/buducnost-domacin-lovcenu-ulcinj-debituje-u-baru-budva-u-odbranu-trona-krece-iz-bijelog-polja\/\"},\"wordCount\":305,\"commentCount\":0,\"image\":{\"@id\":\"https:\/\/dmcsrb.com\/sport\/buducnost-domacin-lovcenu-ulcinj-debituje-u-baru-budva-u-odbranu-trona-krece-iz-bijelog-polja\/#primaryimage\"},\"thumbnailUrl\":\"https:\/\/dmcsrb.com\/wp-content\/uploads\/2026\/01\/Budva-Buducnost-foto-oscg.webp\",\"keywords\":[\"EPCG Superliga odbojka\u0161a\",\"OK Budu\u0107nost volej\",\"OK Budva\",\"OK Lov\u0107en\"],\"articleSection\":[\"Sport\"],\"inLanguage\":\"en-GB\",\"potentialAction\":[{\"@type\":\"CommentAction\",\"name\":\"Comment\",\"target\":[\"https:\/\/dmcsrb.com\/sport\/buducnost-domacin-lovcenu-ulcinj-debituje-u-baru-budva-u-odbranu-trona-krece-iz-bijelog-polja\/#respond\"]}]},{\"@type\":\"WebPage\",\"@id\":\"https:\/\/dmcsrb.com\/sport\/buducnost-domacin-lovcenu-ulcinj-debituje-u-baru-budva-u-odbranu-trona-krece-iz-bijelog-polja\/\",\"url\":\"https:\/\/dmcsrb.com\/sport\/buducnost-domacin-lovcenu-ulcinj-debituje-u-baru-budva-u-odbranu-trona-krece-iz-bijelog-polja\/\",\"name\":\"Budu\u0107nost doma\u0107in Lov\u0107enu, Ulcinj debituje u Baru, Budva u odbranu trona kre\u0107e iz Bijelog Polja - dmcsrb.com\",\"isPartOf\":{\"@id\":\"https:\/\/dmcsrb.com\/#website\"},\"primaryImageOfPage\":{\"@id\":\"https:\/\/dmcsrb.com\/sport\/buducnost-domacin-lovcenu-ulcinj-debituje-u-baru-budva-u-odbranu-trona-krece-iz-bijelog-polja\/#primaryimage\"},\"image\":{\"@id\":\"https:\/\/dmcsrb.com\/sport\/buducnost-domacin-lovcenu-ulcinj-debituje-u-baru-budva-u-odbranu-trona-krece-iz-bijelog-polja\/#primaryimage\"},\"thumbnailUrl\":\"https:\/\/dmcsrb.com\/wp-content\/uploads\/2026\/01\/Budva-Buducnost-foto-oscg.webp\",\"datePublished\":\"2025-10-04T09:39:00+00:00\",\"author\":{\"@id\":\"https:\/\/dmcsrb.com\/#\/schema\/person\/5c39170f12db1b8b457732d0b5c854e2\"},\"breadcrumb\":{\"@id\":\"https:\/\/dmcsrb.com\/sport\/buducnost-domacin-lovcenu-ulcinj-debituje-u-baru-budva-u-odbranu-trona-krece-iz-bijelog-polja\/#breadcrumb\"},\"inLanguage\":\"en-GB\",\"potentialAction\":[{\"@type\":\"ReadAction\",\"target\":[\"https:\/\/dmcsrb.com\/sport\/buducnost-domacin-lovcenu-ulcinj-debituje-u-baru-budva-u-odbranu-trona-krece-iz-bijelog-polja\/\"]}]},{\"@type\":\"ImageObject\",\"inLanguage\":\"en-GB\",\"@id\":\"https:\/\/dmcsrb.com\/sport\/buducnost-domacin-lovcenu-ulcinj-debituje-u-baru-budva-u-odbranu-trona-krece-iz-bijelog-polja\/#primaryimage\",\"url\":\"https:\/\/dmcsrb.com\/wp-content\/uploads\/2026\/01\/Budva-Buducnost-foto-oscg.webp\",\"contentUrl\":\"https:\/\/dmcsrb.com\/wp-content\/uploads\/2026\/01\/Budva-Buducnost-foto-oscg.webp\",\"width\":933,\"height\":574},{\"@type\":\"BreadcrumbList\",\"@id\":\"https:\/\/dmcsrb.com\/sport\/buducnost-domacin-lovcenu-ulcinj-debituje-u-baru-budva-u-odbranu-trona-krece-iz-bijelog-polja\/#breadcrumb\",\"itemListElement\":[{\"@type\":\"ListItem\",\"position\":1,\"name\":\"Home\",\"item\":\"https:\/\/dmcsrb.com\/\"},{\"@type\":\"ListItem\",\"position\":2,\"name\":\"Budu\u0107nost doma\u0107in Lov\u0107enu, Ulcinj debituje u Baru, Budva u odbranu trona kre\u0107e iz Bijelog Polja\"}]},{\"@type\":\"WebSite\",\"@id\":\"https:\/\/dmcsrb.com\/#website\",\"url\":\"https:\/\/dmcsrb.com\/\",\"name\":\"dmcsrb.com\",\"description\":\"\",\"potentialAction\":[{\"@type\":\"SearchAction\",\"target\":{\"@type\":\"EntryPoint\",\"urlTemplate\":\"https:\/\/dmcsrb.com\/?s={search_term_string}\"},\"query-input\":{\"@type\":\"PropertyValueSpecification\",\"valueRequired\":true,\"valueName\":\"search_term_string\"}}],\"inLanguage\":\"en-GB\"},{\"@type\":\"Person\",\"@id\":\"https:\/\/dmcsrb.com\/#\/schema\/person\/5c39170f12db1b8b457732d0b5c854e2\",\"name\":\"dmcsrbija.com@gmail.com\",\"image\":{\"@type\":\"ImageObject\",\"inLanguage\":\"en-GB\",\"@id\":\"https:\/\/dmcsrb.com\/#\/schema\/person\/image\/\",\"url\":\"https:\/\/secure.gravatar.com\/avatar\/68592660ad6347fad0fb587f8d5d8f1a7b44961362f56e4f2cd524feb87e9069?s=96&d=mm&r=g\",\"contentUrl\":\"https:\/\/secure.gravatar.com\/avatar\/68592660ad6347fad0fb587f8d5d8f1a7b44961362f56e4f2cd524feb87e9069?s=96&d=mm&r=g\",\"caption\":\"dmcsrbija.com@gmail.com\"},\"sameAs\":[\"https:\/\/dmcsrb.com\"],\"url\":\"https:\/\/dmcsrb.com\/en\/author\/dmcsrbija-comgmail-com\/\"}]}<\/script>\n<!-- \/ Yoast SEO plugin. -->","yoast_head_json":{"title":"Budu\u0107nost doma\u0107in Lov\u0107enu, Ulcinj debituje u Baru, Budva u odbranu trona kre\u0107e iz Bijelog Polja - dmcsrb.com","robots":{"index":"index","follow":"follow","max-snippet":"max-snippet:-1","max-image-preview":"max-image-preview:large","max-video-preview":"max-video-preview:-1"},"canonical":"https:\/\/dmcsrb.com\/en\/sport\/buducnost-domacin-lovcenu-ulcinj-debituje-u-baru-budva-u-odbranu-trona-krece-iz-bijelog-polja\/","og_locale":"en_GB","og_type":"article","og_title":"Budu\u0107nost doma\u0107in Lov\u0107enu, Ulcinj debituje u Baru, Budva u odbranu trona kre\u0107e iz Bijelog Polja - dmcsrb.com","og_description":"Utakmicama u Podgorici i Baru ove subote po\u010de\u0107e EPCG Superliga odbojka\u0161a, a premijerno kolo bi\u0107e otvoreno derbijem posljednja dva \u0161ampiona u Bijelom Polju u ponedjeljak.","og_url":"https:\/\/dmcsrb.com\/en\/sport\/buducnost-domacin-lovcenu-ulcinj-debituje-u-baru-budva-u-odbranu-trona-krece-iz-bijelog-polja\/","og_site_name":"dmcsrb.com","article_published_time":"2025-10-04T09:39:00+00:00","og_image":[{"width":933,"height":574,"url":"https:\/\/dmcsrb.com\/wp-content\/uploads\/2026\/01\/Budva-Buducnost-foto-oscg.webp","type":"image\/jpeg"}],"author":"dmcsrbija.com@gmail.com","twitter_card":"summary_large_image","twitter_misc":{"Written by":"dmcsrbija.com@gmail.com","Estimated reading time":"1 minute"},"schema":{"@context":"https:\/\/schema.org","@graph":[{"@type":"Article","@id":"https:\/\/dmcsrb.com\/sport\/buducnost-domacin-lovcenu-ulcinj-debituje-u-baru-budva-u-odbranu-trona-krece-iz-bijelog-polja\/#article","isPartOf":{"@id":"https:\/\/dmcsrb.com\/sport\/buducnost-domacin-lovcenu-ulcinj-debituje-u-baru-budva-u-odbranu-trona-krece-iz-bijelog-polja\/"},"author":{"name":"dmcsrbija.com@gmail.com","@id":"https:\/\/dmcsrb.com\/#\/schema\/person\/5c39170f12db1b8b457732d0b5c854e2"},"headline":"Budu\u0107nost doma\u0107in Lov\u0107enu, Ulcinj debituje u Baru, Budva u odbranu trona kre\u0107e iz Bijelog Polja","datePublished":"2025-10-04T09:39:00+00:00","mainEntityOfPage":{"@id":"https:\/\/dmcsrb.com\/sport\/buducnost-domacin-lovcenu-ulcinj-debituje-u-baru-budva-u-odbranu-trona-krece-iz-bijelog-polja\/"},"wordCount":305,"commentCount":0,"image":{"@id":"https:\/\/dmcsrb.com\/sport\/buducnost-domacin-lovcenu-ulcinj-debituje-u-baru-budva-u-odbranu-trona-krece-iz-bijelog-polja\/#primaryimage"},"thumbnailUrl":"https:\/\/dmcsrb.com\/wp-content\/uploads\/2026\/01\/Budva-Buducnost-foto-oscg.webp","keywords":["EPCG Superliga odbojka\u0161a","OK Budu\u0107nost volej","OK Budva","OK Lov\u0107en"],"articleSection":["Sport"],"inLanguage":"en-GB","potentialAction":[{"@type":"CommentAction","name":"Comment","target":["https:\/\/dmcsrb.com\/sport\/buducnost-domacin-lovcenu-ulcinj-debituje-u-baru-budva-u-odbranu-trona-krece-iz-bijelog-polja\/#respond"]}]},{"@type":"WebPage","@id":"https:\/\/dmcsrb.com\/sport\/buducnost-domacin-lovcenu-ulcinj-debituje-u-baru-budva-u-odbranu-trona-krece-iz-bijelog-polja\/","url":"https:\/\/dmcsrb.com\/sport\/buducnost-domacin-lovcenu-ulcinj-debituje-u-baru-budva-u-odbranu-trona-krece-iz-bijelog-polja\/","name":"Budu\u0107nost doma\u0107in Lov\u0107enu, Ulcinj debituje u Baru, Budva u odbranu trona kre\u0107e iz Bijelog Polja - dmcsrb.com","isPartOf":{"@id":"https:\/\/dmcsrb.com\/#website"},"primaryImageOfPage":{"@id":"https:\/\/dmcsrb.com\/sport\/buducnost-domacin-lovcenu-ulcinj-debituje-u-baru-budva-u-odbranu-trona-krece-iz-bijelog-polja\/#primaryimage"},"image":{"@id":"https:\/\/dmcsrb.com\/sport\/buducnost-domacin-lovcenu-ulcinj-debituje-u-baru-budva-u-odbranu-trona-krece-iz-bijelog-polja\/#primaryimage"},"thumbnailUrl":"https:\/\/dmcsrb.com\/wp-content\/uploads\/2026\/01\/Budva-Buducnost-foto-oscg.webp","datePublished":"2025-10-04T09:39:00+00:00","author":{"@id":"https:\/\/dmcsrb.com\/#\/schema\/person\/5c39170f12db1b8b457732d0b5c854e2"},"breadcrumb":{"@id":"https:\/\/dmcsrb.com\/sport\/buducnost-domacin-lovcenu-ulcinj-debituje-u-baru-budva-u-odbranu-trona-krece-iz-bijelog-polja\/#breadcrumb"},"inLanguage":"en-GB","potentialAction":[{"@type":"ReadAction","target":["https:\/\/dmcsrb.com\/sport\/buducnost-domacin-lovcenu-ulcinj-debituje-u-baru-budva-u-odbranu-trona-krece-iz-bijelog-polja\/"]}]},{"@type":"ImageObject","inLanguage":"en-GB","@id":"https:\/\/dmcsrb.com\/sport\/buducnost-domacin-lovcenu-ulcinj-debituje-u-baru-budva-u-odbranu-trona-krece-iz-bijelog-polja\/#primaryimage","url":"https:\/\/dmcsrb.com\/wp-content\/uploads\/2026\/01\/Budva-Buducnost-foto-oscg.webp","contentUrl":"https:\/\/dmcsrb.com\/wp-content\/uploads\/2026\/01\/Budva-Buducnost-foto-oscg.webp","width":933,"height":574},{"@type":"BreadcrumbList","@id":"https:\/\/dmcsrb.com\/sport\/buducnost-domacin-lovcenu-ulcinj-debituje-u-baru-budva-u-odbranu-trona-krece-iz-bijelog-polja\/#breadcrumb","itemListElement":[{"@type":"ListItem","position":1,"name":"Home","item":"https:\/\/dmcsrb.com\/"},{"@type":"ListItem","position":2,"name":"Budu\u0107nost doma\u0107in Lov\u0107enu, Ulcinj debituje u Baru, Budva u odbranu trona kre\u0107e iz Bijelog Polja"}]},{"@type":"WebSite","@id":"https:\/\/dmcsrb.com\/#website","url":"https:\/\/dmcsrb.com\/","name":"dmcsrb.com","description":"","potentialAction":[{"@type":"SearchAction","target":{"@type":"EntryPoint","urlTemplate":"https:\/\/dmcsrb.com\/?s={search_term_string}"},"query-input":{"@type":"PropertyValueSpecification","valueRequired":true,"valueName":"search_term_string"}}],"inLanguage":"en-GB"},{"@type":"Person","@id":"https:\/\/dmcsrb.com\/#\/schema\/person\/5c39170f12db1b8b457732d0b5c854e2","name":"dmcsrbija.com@gmail.com","image":{"@type":"ImageObject","inLanguage":"en-GB","@id":"https:\/\/dmcsrb.com\/#\/schema\/person\/image\/","url":"https:\/\/secure.gravatar.com\/avatar\/68592660ad6347fad0fb587f8d5d8f1a7b44961362f56e4f2cd524feb87e9069?s=96&d=mm&r=g","contentUrl":"https:\/\/secure.gravatar.com\/avatar\/68592660ad6347fad0fb587f8d5d8f1a7b44961362f56e4f2cd524feb87e9069?s=96&d=mm&r=g","caption":"dmcsrbija.com@gmail.com"},"sameAs":["https:\/\/dmcsrb.com"],"url":"https:\/\/dmcsrb.com\/en\/author\/dmcsrbija-comgmail-com\/"}]}},"_links":{"self":[{"href":"https:\/\/dmcsrb.com\/en\/wp-json\/wp\/v2\/posts\/955779","targetHints":{"allow":["GET"]}}],"collection":[{"href":"https:\/\/dmcsrb.com\/en\/wp-json\/wp\/v2\/posts"}],"about":[{"href":"https:\/\/dmcsrb.com\/en\/wp-json\/wp\/v2\/types\/post"}],"author":[{"embeddable":true,"href":"https:\/\/dmcsrb.com\/en\/wp-json\/wp\/v2\/users\/1"}],"replies":[{"embeddable":true,"href":"https:\/\/dmcsrb.com\/en\/wp-json\/wp\/v2\/comments?post=955779"}],"version-history":[{"count":0,"href":"https:\/\/dmcsrb.com\/en\/wp-json\/wp\/v2\/posts\/955779\/revisions"}],"wp:featuredmedia":[{"embeddable":true,"href":"https:\/\/dmcsrb.com\/en\/wp-json\/wp\/v2\/media\/955780"}],"wp:attachment":[{"href":"https:\/\/dmcsrb.com\/en\/wp-json\/wp\/v2\/media?parent=955779"}],"wp:term":[{"taxonomy":"category","embeddable":true,"href":"https:\/\/dmcsrb.com\/en\/wp-json\/wp\/v2\/categories?post=955779"},{"taxonomy":"post_tag","embeddable":true,"href":"https:\/\/dmcsrb.com\/en\/wp-json\/wp\/v2\/tags?post=955779"},{"taxonomy":"naslovna","embeddable":true,"href":"https:\/\/dmcsrb.com\/en\/wp-json\/wp\/v2\/naslovna?post=955779"}],"curies":[{"name":"wp","href":"https:\/\/api.w.org\/{rel}","templated":true}]}}