{"id":955778,"date":"2025-10-04T12:04:00","date_gmt":"2025-10-04T10:04:00","guid":{"rendered":"https:\/\/dmcsrb.com\/uncategorized\/ivanovic-da-li-se-opozicija-u-briselu-odrekla-kriminalnih-struktura-iz-proslosti\/"},"modified":"2025-10-04T12:04:00","modified_gmt":"2025-10-04T10:04:00","slug":"ivanovic-da-li-se-opozicija-u-briselu-odrekla-kriminalnih-struktura-iz-proslosti","status":"publish","type":"post","link":"https:\/\/dmcsrb.com\/en\/politika\/ivanovic-da-li-se-opozicija-u-briselu-odrekla-kriminalnih-struktura-iz-proslosti\/","title":{"rendered":"Ivanovi\u0107: Da li se opozicija u Briselu odrekla kriminalnih struktura iz pro\u0161losti?"},"content":{"rendered":"<p>&#8220;Dobro je \u0161to su predstavnici opozicije boravili u Briselu i tamo iskazali svoju posve\u0107enost evropskoj integraciji Crne Gore, jer uloga opozicije jeste bitna u ovom procesu. Posebno je zna\u010dajno \u0161to ove opozicione aktivnosti u sjedi\u0161tu EU administracije koincidaraju sa vjerovatno najve\u0107om SDT\/SPO akcijom do sada, \u0161to predstavlja klju\u010dni doprinos borbi protiv organizovanog kriminala i sna\u017eenju vladavine prava. Te oblasti su od su\u0161tinskog zna\u010daja za napredak Crne Gore ka EU&#8221;, naveo je Ivanovi\u0107. <\/p>\n\n\n\n<p><\/p>\n\n\n\n<p>Za pretpostaviti je, dakle, navodi Ivanovi\u0107, da su opozicioni prvaci u Briselu iskazali svoju odu\u0161evljenu podr\u0161ku ovoj akciji. &#8220;Istovremeno se odri\u010du\u0107i \u010delnika pravosu\u0111a i bezbjednosnog sistema koji su svoj uspon ostvarili upravo za vrijeme njihove vlasti. Samo jasno distanciranje od nekada\u0161njih partijskih drugova i simpatizera, uz jasnu osudu njihovih kriminalnih radnji, mo\u017ee biti kredibilan znak iskrenoj privr\u017eenosti evropskim vrijednostima. To evropski zvani\u010dnici odli\u010dno znaju, a predstavnici opozicije savr\u0161eno razumiju&#8221;, napisao je na mre\u017eiX. <\/p>\n\n\n\n<p>Ivanovi\u0107 zaklju\u010duje da je &#8220;umjesto denunciranja vlade i skup\u0161tinske ve\u0107ine, uz nezaobilazne geopoliti\u010dke analize i mantre o malignom uticaju, opozicija je ju\u010de dobila jo\u0161 jednu \u0161ansu da napravi odlu\u010dan otklon od kriminalnih struktura iz sopstvene pro\u0161losti. Ako ve\u0107 to nisu spremni da urade u Podgorici, valjda su to uradili u Briselu&#8221;.<\/p>","protected":false},"excerpt":{"rendered":"<p>\u010clan predsjedni\u0161tva PES-a i potpredsjednik Vlade Filip Ivanovi\u0107 reagovao je povodom posjete Briselu \u0161efa Kluba poslanika DPS-a u Skup\u0161tini Crne Gore, Andrije Nikoli\u0107a i njegovog partijkskog kolege Ivana Vukovi\u0107a. Nikoli\u0107 je izme\u0111u ostalog kazao da su u Briselu prezentovali Non paper o stanju u Crnoj Gori i regionu.<\/p>","protected":false},"author":1,"featured_media":950372,"comment_status":"open","ping_status":"open","sticky":false,"template":"","format":"standard","meta":{"_acf_changed":false,"footnotes":""},"categories":[12],"tags":[784,10,10260,1164],"naslovna":[],"class_list":["post-955778","post","type-post","status-publish","format-standard","has-post-thumbnail","hentry","category-politika","tag-brisel","tag-eu","tag-kriminalne-strukture","tag-opozicija"],"acf":[],"yoast_head":"<!-- This site is optimized with the Yoast SEO plugin v27.0 - https:\/\/yoast.com\/product\/yoast-seo-wordpress\/ -->\n<title>Ivanovi\u0107: Da li se opozicija u Briselu odrekla kriminalnih struktura iz pro\u0161losti? - dmcsrb.com<\/title>\n<meta name=\"robots\" content=\"index, follow, max-snippet:-1, max-image-preview:large, max-video-preview:-1\" \/>\n<link rel=\"canonical\" href=\"https:\/\/dmcsrb.com\/en\/politika\/ivanovic-da-li-se-opozicija-u-briselu-odrekla-kriminalnih-struktura-iz-proslosti\/\" \/>\n<meta property=\"og:locale\" content=\"en_GB\" \/>\n<meta property=\"og:type\" content=\"article\" \/>\n<meta property=\"og:title\" content=\"Ivanovi\u0107: Da li se opozicija u Briselu odrekla kriminalnih struktura iz pro\u0161losti? - dmcsrb.com\" \/>\n<meta property=\"og:description\" content=\"\u010clan predsjedni\u0161tva PES-a i potpredsjednik Vlade Filip Ivanovi\u0107 reagovao je povodom posjete Briselu \u0161efa Kluba poslanika DPS-a u Skup\u0161tini Crne Gore, Andrije Nikoli\u0107a i njegovog partijkskog kolege Ivana Vukovi\u0107a. Nikoli\u0107 je izme\u0111u ostalog kazao da su u Briselu prezentovali Non paper o stanju u Crnoj Gori i regionu.\" \/>\n<meta property=\"og:url\" content=\"https:\/\/dmcsrb.com\/en\/politika\/ivanovic-da-li-se-opozicija-u-briselu-odrekla-kriminalnih-struktura-iz-proslosti\/\" \/>\n<meta property=\"og:site_name\" content=\"dmcsrb.com\" \/>\n<meta property=\"article:published_time\" content=\"2025-10-04T10:04:00+00:00\" \/>\n<meta property=\"og:image\" content=\"https:\/\/dmcsrb.com\/wp-content\/uploads\/2026\/01\/Filip-Ivanovic-ministar-foto-gov-me.webp\" \/>\n\t<meta property=\"og:image:width\" content=\"1015\" \/>\n\t<meta property=\"og:image:height\" content=\"668\" \/>\n\t<meta property=\"og:image:type\" content=\"image\/jpeg\" \/>\n<meta name=\"author\" content=\"dmcsrbija.com@gmail.com\" \/>\n<meta name=\"twitter:card\" content=\"summary_large_image\" \/>\n<meta name=\"twitter:label1\" content=\"Written by\" \/>\n\t<meta name=\"twitter:data1\" content=\"dmcsrbija.com@gmail.com\" \/>\n\t<meta name=\"twitter:label2\" content=\"Estimated reading time\" \/>\n\t<meta name=\"twitter:data2\" content=\"1 minute\" \/>\n<script type=\"application\/ld+json\" class=\"yoast-schema-graph\">{\"@context\":\"https:\/\/schema.org\",\"@graph\":[{\"@type\":\"Article\",\"@id\":\"https:\/\/dmcsrb.com\/politika\/ivanovic-da-li-se-opozicija-u-briselu-odrekla-kriminalnih-struktura-iz-proslosti\/#article\",\"isPartOf\":{\"@id\":\"https:\/\/dmcsrb.com\/politika\/ivanovic-da-li-se-opozicija-u-briselu-odrekla-kriminalnih-struktura-iz-proslosti\/\"},\"author\":{\"name\":\"dmcsrbija.com@gmail.com\",\"@id\":\"https:\/\/dmcsrb.com\/#\/schema\/person\/5c39170f12db1b8b457732d0b5c854e2\"},\"headline\":\"Ivanovi\u0107: Da li se opozicija u Briselu odrekla kriminalnih struktura iz pro\u0161losti?\",\"datePublished\":\"2025-10-04T10:04:00+00:00\",\"mainEntityOfPage\":{\"@id\":\"https:\/\/dmcsrb.com\/politika\/ivanovic-da-li-se-opozicija-u-briselu-odrekla-kriminalnih-struktura-iz-proslosti\/\"},\"wordCount\":237,\"commentCount\":0,\"image\":{\"@id\":\"https:\/\/dmcsrb.com\/politika\/ivanovic-da-li-se-opozicija-u-briselu-odrekla-kriminalnih-struktura-iz-proslosti\/#primaryimage\"},\"thumbnailUrl\":\"https:\/\/dmcsrb.com\/wp-content\/uploads\/2026\/01\/Filip-Ivanovic-ministar-foto-gov-me.webp\",\"keywords\":[\"Brisel\",\"EU\",\"kriminalne strukture\",\"opozicija\"],\"articleSection\":[\"Politika\"],\"inLanguage\":\"en-GB\",\"potentialAction\":[{\"@type\":\"CommentAction\",\"name\":\"Comment\",\"target\":[\"https:\/\/dmcsrb.com\/politika\/ivanovic-da-li-se-opozicija-u-briselu-odrekla-kriminalnih-struktura-iz-proslosti\/#respond\"]}]},{\"@type\":\"WebPage\",\"@id\":\"https:\/\/dmcsrb.com\/politika\/ivanovic-da-li-se-opozicija-u-briselu-odrekla-kriminalnih-struktura-iz-proslosti\/\",\"url\":\"https:\/\/dmcsrb.com\/politika\/ivanovic-da-li-se-opozicija-u-briselu-odrekla-kriminalnih-struktura-iz-proslosti\/\",\"name\":\"Ivanovi\u0107: Da li se opozicija u Briselu odrekla kriminalnih struktura iz pro\u0161losti? - dmcsrb.com\",\"isPartOf\":{\"@id\":\"https:\/\/dmcsrb.com\/#website\"},\"primaryImageOfPage\":{\"@id\":\"https:\/\/dmcsrb.com\/politika\/ivanovic-da-li-se-opozicija-u-briselu-odrekla-kriminalnih-struktura-iz-proslosti\/#primaryimage\"},\"image\":{\"@id\":\"https:\/\/dmcsrb.com\/politika\/ivanovic-da-li-se-opozicija-u-briselu-odrekla-kriminalnih-struktura-iz-proslosti\/#primaryimage\"},\"thumbnailUrl\":\"https:\/\/dmcsrb.com\/wp-content\/uploads\/2026\/01\/Filip-Ivanovic-ministar-foto-gov-me.webp\",\"datePublished\":\"2025-10-04T10:04:00+00:00\",\"author\":{\"@id\":\"https:\/\/dmcsrb.com\/#\/schema\/person\/5c39170f12db1b8b457732d0b5c854e2\"},\"breadcrumb\":{\"@id\":\"https:\/\/dmcsrb.com\/politika\/ivanovic-da-li-se-opozicija-u-briselu-odrekla-kriminalnih-struktura-iz-proslosti\/#breadcrumb\"},\"inLanguage\":\"en-GB\",\"potentialAction\":[{\"@type\":\"ReadAction\",\"target\":[\"https:\/\/dmcsrb.com\/politika\/ivanovic-da-li-se-opozicija-u-briselu-odrekla-kriminalnih-struktura-iz-proslosti\/\"]}]},{\"@type\":\"ImageObject\",\"inLanguage\":\"en-GB\",\"@id\":\"https:\/\/dmcsrb.com\/politika\/ivanovic-da-li-se-opozicija-u-briselu-odrekla-kriminalnih-struktura-iz-proslosti\/#primaryimage\",\"url\":\"https:\/\/dmcsrb.com\/wp-content\/uploads\/2026\/01\/Filip-Ivanovic-ministar-foto-gov-me.webp\",\"contentUrl\":\"https:\/\/dmcsrb.com\/wp-content\/uploads\/2026\/01\/Filip-Ivanovic-ministar-foto-gov-me.webp\",\"width\":1015,\"height\":668},{\"@type\":\"BreadcrumbList\",\"@id\":\"https:\/\/dmcsrb.com\/politika\/ivanovic-da-li-se-opozicija-u-briselu-odrekla-kriminalnih-struktura-iz-proslosti\/#breadcrumb\",\"itemListElement\":[{\"@type\":\"ListItem\",\"position\":1,\"name\":\"Home\",\"item\":\"https:\/\/dmcsrb.com\/\"},{\"@type\":\"ListItem\",\"position\":2,\"name\":\"Ivanovi\u0107: Da li se opozicija u Briselu odrekla kriminalnih struktura iz pro\u0161losti?\"}]},{\"@type\":\"WebSite\",\"@id\":\"https:\/\/dmcsrb.com\/#website\",\"url\":\"https:\/\/dmcsrb.com\/\",\"name\":\"dmcsrb.com\",\"description\":\"\",\"potentialAction\":[{\"@type\":\"SearchAction\",\"target\":{\"@type\":\"EntryPoint\",\"urlTemplate\":\"https:\/\/dmcsrb.com\/?s={search_term_string}\"},\"query-input\":{\"@type\":\"PropertyValueSpecification\",\"valueRequired\":true,\"valueName\":\"search_term_string\"}}],\"inLanguage\":\"en-GB\"},{\"@type\":\"Person\",\"@id\":\"https:\/\/dmcsrb.com\/#\/schema\/person\/5c39170f12db1b8b457732d0b5c854e2\",\"name\":\"dmcsrbija.com@gmail.com\",\"image\":{\"@type\":\"ImageObject\",\"inLanguage\":\"en-GB\",\"@id\":\"https:\/\/dmcsrb.com\/#\/schema\/person\/image\/\",\"url\":\"https:\/\/secure.gravatar.com\/avatar\/68592660ad6347fad0fb587f8d5d8f1a7b44961362f56e4f2cd524feb87e9069?s=96&d=mm&r=g\",\"contentUrl\":\"https:\/\/secure.gravatar.com\/avatar\/68592660ad6347fad0fb587f8d5d8f1a7b44961362f56e4f2cd524feb87e9069?s=96&d=mm&r=g\",\"caption\":\"dmcsrbija.com@gmail.com\"},\"sameAs\":[\"https:\/\/dmcsrb.com\"],\"url\":\"https:\/\/dmcsrb.com\/en\/author\/dmcsrbija-comgmail-com\/\"}]}<\/script>\n<!-- \/ Yoast SEO plugin. -->","yoast_head_json":{"title":"Ivanovi\u0107: Da li se opozicija u Briselu odrekla kriminalnih struktura iz pro\u0161losti? - dmcsrb.com","robots":{"index":"index","follow":"follow","max-snippet":"max-snippet:-1","max-image-preview":"max-image-preview:large","max-video-preview":"max-video-preview:-1"},"canonical":"https:\/\/dmcsrb.com\/en\/politika\/ivanovic-da-li-se-opozicija-u-briselu-odrekla-kriminalnih-struktura-iz-proslosti\/","og_locale":"en_GB","og_type":"article","og_title":"Ivanovi\u0107: Da li se opozicija u Briselu odrekla kriminalnih struktura iz pro\u0161losti? - dmcsrb.com","og_description":"\u010clan predsjedni\u0161tva PES-a i potpredsjednik Vlade Filip Ivanovi\u0107 reagovao je povodom posjete Briselu \u0161efa Kluba poslanika DPS-a u Skup\u0161tini Crne Gore, Andrije Nikoli\u0107a i njegovog partijkskog kolege Ivana Vukovi\u0107a. Nikoli\u0107 je izme\u0111u ostalog kazao da su u Briselu prezentovali Non paper o stanju u Crnoj Gori i regionu.","og_url":"https:\/\/dmcsrb.com\/en\/politika\/ivanovic-da-li-se-opozicija-u-briselu-odrekla-kriminalnih-struktura-iz-proslosti\/","og_site_name":"dmcsrb.com","article_published_time":"2025-10-04T10:04:00+00:00","og_image":[{"width":1015,"height":668,"url":"https:\/\/dmcsrb.com\/wp-content\/uploads\/2026\/01\/Filip-Ivanovic-ministar-foto-gov-me.webp","type":"image\/jpeg"}],"author":"dmcsrbija.com@gmail.com","twitter_card":"summary_large_image","twitter_misc":{"Written by":"dmcsrbija.com@gmail.com","Estimated reading time":"1 minute"},"schema":{"@context":"https:\/\/schema.org","@graph":[{"@type":"Article","@id":"https:\/\/dmcsrb.com\/politika\/ivanovic-da-li-se-opozicija-u-briselu-odrekla-kriminalnih-struktura-iz-proslosti\/#article","isPartOf":{"@id":"https:\/\/dmcsrb.com\/politika\/ivanovic-da-li-se-opozicija-u-briselu-odrekla-kriminalnih-struktura-iz-proslosti\/"},"author":{"name":"dmcsrbija.com@gmail.com","@id":"https:\/\/dmcsrb.com\/#\/schema\/person\/5c39170f12db1b8b457732d0b5c854e2"},"headline":"Ivanovi\u0107: Da li se opozicija u Briselu odrekla kriminalnih struktura iz pro\u0161losti?","datePublished":"2025-10-04T10:04:00+00:00","mainEntityOfPage":{"@id":"https:\/\/dmcsrb.com\/politika\/ivanovic-da-li-se-opozicija-u-briselu-odrekla-kriminalnih-struktura-iz-proslosti\/"},"wordCount":237,"commentCount":0,"image":{"@id":"https:\/\/dmcsrb.com\/politika\/ivanovic-da-li-se-opozicija-u-briselu-odrekla-kriminalnih-struktura-iz-proslosti\/#primaryimage"},"thumbnailUrl":"https:\/\/dmcsrb.com\/wp-content\/uploads\/2026\/01\/Filip-Ivanovic-ministar-foto-gov-me.webp","keywords":["Brisel","EU","kriminalne strukture","opozicija"],"articleSection":["Politika"],"inLanguage":"en-GB","potentialAction":[{"@type":"CommentAction","name":"Comment","target":["https:\/\/dmcsrb.com\/politika\/ivanovic-da-li-se-opozicija-u-briselu-odrekla-kriminalnih-struktura-iz-proslosti\/#respond"]}]},{"@type":"WebPage","@id":"https:\/\/dmcsrb.com\/politika\/ivanovic-da-li-se-opozicija-u-briselu-odrekla-kriminalnih-struktura-iz-proslosti\/","url":"https:\/\/dmcsrb.com\/politika\/ivanovic-da-li-se-opozicija-u-briselu-odrekla-kriminalnih-struktura-iz-proslosti\/","name":"Ivanovi\u0107: Da li se opozicija u Briselu odrekla kriminalnih struktura iz pro\u0161losti? - dmcsrb.com","isPartOf":{"@id":"https:\/\/dmcsrb.com\/#website"},"primaryImageOfPage":{"@id":"https:\/\/dmcsrb.com\/politika\/ivanovic-da-li-se-opozicija-u-briselu-odrekla-kriminalnih-struktura-iz-proslosti\/#primaryimage"},"image":{"@id":"https:\/\/dmcsrb.com\/politika\/ivanovic-da-li-se-opozicija-u-briselu-odrekla-kriminalnih-struktura-iz-proslosti\/#primaryimage"},"thumbnailUrl":"https:\/\/dmcsrb.com\/wp-content\/uploads\/2026\/01\/Filip-Ivanovic-ministar-foto-gov-me.webp","datePublished":"2025-10-04T10:04:00+00:00","author":{"@id":"https:\/\/dmcsrb.com\/#\/schema\/person\/5c39170f12db1b8b457732d0b5c854e2"},"breadcrumb":{"@id":"https:\/\/dmcsrb.com\/politika\/ivanovic-da-li-se-opozicija-u-briselu-odrekla-kriminalnih-struktura-iz-proslosti\/#breadcrumb"},"inLanguage":"en-GB","potentialAction":[{"@type":"ReadAction","target":["https:\/\/dmcsrb.com\/politika\/ivanovic-da-li-se-opozicija-u-briselu-odrekla-kriminalnih-struktura-iz-proslosti\/"]}]},{"@type":"ImageObject","inLanguage":"en-GB","@id":"https:\/\/dmcsrb.com\/politika\/ivanovic-da-li-se-opozicija-u-briselu-odrekla-kriminalnih-struktura-iz-proslosti\/#primaryimage","url":"https:\/\/dmcsrb.com\/wp-content\/uploads\/2026\/01\/Filip-Ivanovic-ministar-foto-gov-me.webp","contentUrl":"https:\/\/dmcsrb.com\/wp-content\/uploads\/2026\/01\/Filip-Ivanovic-ministar-foto-gov-me.webp","width":1015,"height":668},{"@type":"BreadcrumbList","@id":"https:\/\/dmcsrb.com\/politika\/ivanovic-da-li-se-opozicija-u-briselu-odrekla-kriminalnih-struktura-iz-proslosti\/#breadcrumb","itemListElement":[{"@type":"ListItem","position":1,"name":"Home","item":"https:\/\/dmcsrb.com\/"},{"@type":"ListItem","position":2,"name":"Ivanovi\u0107: Da li se opozicija u Briselu odrekla kriminalnih struktura iz pro\u0161losti?"}]},{"@type":"WebSite","@id":"https:\/\/dmcsrb.com\/#website","url":"https:\/\/dmcsrb.com\/","name":"dmcsrb.com","description":"","potentialAction":[{"@type":"SearchAction","target":{"@type":"EntryPoint","urlTemplate":"https:\/\/dmcsrb.com\/?s={search_term_string}"},"query-input":{"@type":"PropertyValueSpecification","valueRequired":true,"valueName":"search_term_string"}}],"inLanguage":"en-GB"},{"@type":"Person","@id":"https:\/\/dmcsrb.com\/#\/schema\/person\/5c39170f12db1b8b457732d0b5c854e2","name":"dmcsrbija.com@gmail.com","image":{"@type":"ImageObject","inLanguage":"en-GB","@id":"https:\/\/dmcsrb.com\/#\/schema\/person\/image\/","url":"https:\/\/secure.gravatar.com\/avatar\/68592660ad6347fad0fb587f8d5d8f1a7b44961362f56e4f2cd524feb87e9069?s=96&d=mm&r=g","contentUrl":"https:\/\/secure.gravatar.com\/avatar\/68592660ad6347fad0fb587f8d5d8f1a7b44961362f56e4f2cd524feb87e9069?s=96&d=mm&r=g","caption":"dmcsrbija.com@gmail.com"},"sameAs":["https:\/\/dmcsrb.com"],"url":"https:\/\/dmcsrb.com\/en\/author\/dmcsrbija-comgmail-com\/"}]}},"_links":{"self":[{"href":"https:\/\/dmcsrb.com\/en\/wp-json\/wp\/v2\/posts\/955778","targetHints":{"allow":["GET"]}}],"collection":[{"href":"https:\/\/dmcsrb.com\/en\/wp-json\/wp\/v2\/posts"}],"about":[{"href":"https:\/\/dmcsrb.com\/en\/wp-json\/wp\/v2\/types\/post"}],"author":[{"embeddable":true,"href":"https:\/\/dmcsrb.com\/en\/wp-json\/wp\/v2\/users\/1"}],"replies":[{"embeddable":true,"href":"https:\/\/dmcsrb.com\/en\/wp-json\/wp\/v2\/comments?post=955778"}],"version-history":[{"count":0,"href":"https:\/\/dmcsrb.com\/en\/wp-json\/wp\/v2\/posts\/955778\/revisions"}],"wp:featuredmedia":[{"embeddable":true,"href":"https:\/\/dmcsrb.com\/en\/wp-json\/wp\/v2\/media\/950372"}],"wp:attachment":[{"href":"https:\/\/dmcsrb.com\/en\/wp-json\/wp\/v2\/media?parent=955778"}],"wp:term":[{"taxonomy":"category","embeddable":true,"href":"https:\/\/dmcsrb.com\/en\/wp-json\/wp\/v2\/categories?post=955778"},{"taxonomy":"post_tag","embeddable":true,"href":"https:\/\/dmcsrb.com\/en\/wp-json\/wp\/v2\/tags?post=955778"},{"taxonomy":"naslovna","embeddable":true,"href":"https:\/\/dmcsrb.com\/en\/wp-json\/wp\/v2\/naslovna?post=955778"}],"curies":[{"name":"wp","href":"https:\/\/api.w.org\/{rel}","templated":true}]}}