{"id":955775,"date":"2025-10-04T11:13:00","date_gmt":"2025-10-04T09:13:00","guid":{"rendered":"https:\/\/dmcsrb.com\/uncategorized\/perisic-odabrao-za-poljsku-i-sjevernu-makedoniju\/"},"modified":"2025-10-04T11:13:00","modified_gmt":"2025-10-04T09:13:00","slug":"perisic-odabrao-za-poljsku-i-sjevernu-makedoniju","status":"publish","type":"post","link":"https:\/\/dmcsrb.com\/en\/sport\/perisic-odabrao-za-poljsku-i-sjevernu-makedoniju\/","title":{"rendered":"Peri\u0161i\u0107 odabrao za Poljsku i Sjevernu Makedoniju"},"content":{"rendered":"<p>Selektor Goran Peri\u0161i\u0107 za te me\u010deve pozvao je 22 igra\u010da &#8211; golmani:&nbsp;<strong>Benjamin Krijestarac<\/strong>&nbsp;(Bokelj SBbet),&nbsp;<strong>Petar Bobi\u010di\u0107<\/strong>&nbsp;(Podgorica),&nbsp;<strong>Bal\u0161a Radanovi\u0107<\/strong>&nbsp;(Rudar); odbrana:&nbsp;<strong>Stefan Melentijevi\u0107<\/strong>&nbsp;(Primorje, Slovenija),&nbsp;<strong>Milo\u0161 Vra\u010dar<\/strong>&nbsp;(Novi Pazar, Srbija),&nbsp;<strong>Damjan Daki\u0107<\/strong>&nbsp;(Budu\u0107nost),&nbsp;<strong>Marko Franeta, Nikola Vukovi\u0107<\/strong>&nbsp;(Petrovac),&nbsp;<strong>Bodin Toma\u0161evi\u0107<\/strong>&nbsp;(Bolonja, Italija),&nbsp;<strong>Lazar Mara\u0161<\/strong>&nbsp;(De\u010di\u0107),&nbsp;<strong>Bal\u0161a Vukoti\u0107<\/strong>&nbsp;(Grafi\u010dar, Srbija); vezni red:&nbsp;<strong>Andrija Bulatovi\u0107<\/strong>&nbsp;(Lens, Francuska),&nbsp;<strong>Dragan Miranovi\u0107<\/strong>&nbsp;(Petrovac),&nbsp;<strong>Kristijan Radunovi\u0107<\/strong>&nbsp;(Bokelj SBbet),&nbsp;<strong>Lazar Savovi\u0107, Danilo Vukani\u0107, Andrej Camaj<\/strong>&nbsp;(Budu\u0107nost),&nbsp;<strong>Medo Jukovi\u0107<\/strong>&nbsp;(Sutjeska),&nbsp;<strong>Bal\u0161a Radusinovi\u0107<\/strong>&nbsp;(De\u010di\u0107),&nbsp;<strong>Lazar Kne\u017eevi\u0107<\/strong>&nbsp;(Mladost Lob.bet); napad:&nbsp;<strong>Vladimir Peri\u0161i\u0107<\/strong>&nbsp;(Ko\u0161ice, Slova\u010dka),&nbsp;<strong>Bal\u0161a Mrvaljevi\u0107<\/strong>&nbsp;(Mladost Lob.bet).<\/p>\n\n\n\n<p>,,Sokoli\u201c nakon dva kola imaju po pobjedu i poraz. U Podgorici je savladana \u0160vedska, dok je poraz u Italiji stigao nakon preokreta doma\u0107e ekipe. Sada slijedi gostovanje Poljskoj u Katovicama (10. oktobar), zatim me\u010d sa Sjevernom Makedonijom u Tuzima (14. oktobar).<\/p>\n\n\n\n<p>&#8211; Poljska je svakako jedan od favorita ove grupe, pokazali su to u prve dvije utakmice, kada su pobijedili Sjevernu Makedoniju i Jermeniju. Igraju veoma ofanzivno, uvijek visoko izlaze, brzi su i fizi\u010dki jaki. Sve to govori da nas o\u010dekuje izuzetno te\u0161ka utakmica. Ali, idemo da se nadigravamo, da probamo da do\u0111emo do \u0161to boljeg rezultata. Pokazali smo u duelima sa Italijom i \u0160vedskom da posjedujemo kvalitet, kazao je Peri\u0161i\u0107.<\/p>\n\n\n\n<p>U odnosu na start kvalifikacija, ,,sokoli\u201c \u0107e ovog puta biti ja\u010di za vezistu Andriju Bulatovi\u0107a. Me\u0111utim, neki igra\u010di prekomandovani su u ,,A\u201c tim na\u0161e reprezentacije.<\/p>\n\n\n\n<p>&#8211; Viktor \u0110ukanovi\u0107, Marko Perovi\u0107 i Andrej Kosti\u0107 \u0107e biti sa ,,A\u201c selekcijom i ne\u0107e igrati protiv Poljske i Sjeverne Makedonija. Naravno da nas to \u010dini ponosnim, jer je pokazatelj na\u0161eg dobrog rada u prethodnom periodu. Ujedno, to treba da bude motiv momcima koji su tu da nastave da vrijedno rade, jer imaju potencijal. Zbog toga vjerujem da \u0107e kvalitet pokazati i u me\u010devima koji su pred nama, istakao je Peri\u0161i\u0107.<\/p>","protected":false},"excerpt":{"rendered":"<p>Mlada fudbalska reprezentacija Crne Gore kvalifikacije za Evropsko prvenstvo nastavlja duelima Poljskom i Sjevernom Makedonijom.<\/p>","protected":false},"author":1,"featured_media":950208,"comment_status":"open","ping_status":"open","sticky":false,"template":"","format":"standard","meta":{"_acf_changed":false,"footnotes":""},"categories":[148],"tags":[6937,6806,6807,10257,10258,3835],"naslovna":[],"class_list":["post-955775","post","type-post","status-publish","format-standard","has-post-thumbnail","hentry","category-sport","tag-goran-perisic","tag-kvalifikacije-za-evropsko-prvenstvo","tag-mlada-fudbalska-reprezentacija-crne-gore","tag-mlada-fudbalska-reprezentacija-poljske","tag-mlada-fudbalska-reprezentacija-sjeverne-makedonije","tag-spisak"],"acf":[],"yoast_head":"<!-- This site is optimized with the Yoast SEO plugin v27.4 - https:\/\/yoast.com\/product\/yoast-seo-wordpress\/ -->\n<title>Peri\u0161i\u0107 odabrao za Poljsku i Sjevernu Makedoniju - dmcsrb.com<\/title>\n<meta name=\"robots\" content=\"index, follow, max-snippet:-1, max-image-preview:large, max-video-preview:-1\" \/>\n<link rel=\"canonical\" href=\"https:\/\/dmcsrb.com\/en\/sport\/perisic-odabrao-za-poljsku-i-sjevernu-makedoniju\/\" \/>\n<meta property=\"og:locale\" content=\"en_GB\" \/>\n<meta property=\"og:type\" content=\"article\" \/>\n<meta property=\"og:title\" content=\"Peri\u0161i\u0107 odabrao za Poljsku i Sjevernu Makedoniju - dmcsrb.com\" \/>\n<meta property=\"og:description\" content=\"Mlada fudbalska reprezentacija Crne Gore kvalifikacije za Evropsko prvenstvo nastavlja duelima Poljskom i Sjevernom Makedonijom.\" \/>\n<meta property=\"og:url\" content=\"https:\/\/dmcsrb.com\/en\/sport\/perisic-odabrao-za-poljsku-i-sjevernu-makedoniju\/\" \/>\n<meta property=\"og:site_name\" content=\"dmcsrb.com\" \/>\n<meta property=\"article:published_time\" content=\"2025-10-04T09:13:00+00:00\" \/>\n<meta property=\"og:image\" content=\"https:\/\/dmcsrb.com\/wp-content\/uploads\/2026\/01\/Goran-Perisic-FSCG.webp\" \/>\n\t<meta property=\"og:image:width\" content=\"1050\" \/>\n\t<meta property=\"og:image:height\" content=\"624\" \/>\n\t<meta property=\"og:image:type\" content=\"image\/jpeg\" \/>\n<meta name=\"author\" content=\"dmcsrbija.com@gmail.com\" \/>\n<meta name=\"twitter:card\" content=\"summary_large_image\" \/>\n<meta name=\"twitter:label1\" content=\"Written by\" \/>\n\t<meta name=\"twitter:data1\" content=\"dmcsrbija.com@gmail.com\" \/>\n\t<meta name=\"twitter:label2\" content=\"Estimated reading time\" \/>\n\t<meta name=\"twitter:data2\" content=\"2 minutes\" \/>\n<script type=\"application\/ld+json\" class=\"yoast-schema-graph\">{\"@context\":\"https:\\\/\\\/schema.org\",\"@graph\":[{\"@type\":\"Article\",\"@id\":\"https:\\\/\\\/dmcsrb.com\\\/sport\\\/perisic-odabrao-za-poljsku-i-sjevernu-makedoniju\\\/#article\",\"isPartOf\":{\"@id\":\"https:\\\/\\\/dmcsrb.com\\\/sport\\\/perisic-odabrao-za-poljsku-i-sjevernu-makedoniju\\\/\"},\"author\":{\"name\":\"dmcsrbija.com@gmail.com\",\"@id\":\"https:\\\/\\\/dmcsrb.com\\\/#\\\/schema\\\/person\\\/5c39170f12db1b8b457732d0b5c854e2\"},\"headline\":\"Peri\u0161i\u0107 odabrao za Poljsku i Sjevernu Makedoniju\",\"datePublished\":\"2025-10-04T09:13:00+00:00\",\"mainEntityOfPage\":{\"@id\":\"https:\\\/\\\/dmcsrb.com\\\/sport\\\/perisic-odabrao-za-poljsku-i-sjevernu-makedoniju\\\/\"},\"wordCount\":376,\"commentCount\":0,\"image\":{\"@id\":\"https:\\\/\\\/dmcsrb.com\\\/sport\\\/perisic-odabrao-za-poljsku-i-sjevernu-makedoniju\\\/#primaryimage\"},\"thumbnailUrl\":\"https:\\\/\\\/dmcsrb.com\\\/wp-content\\\/uploads\\\/2026\\\/01\\\/Goran-Perisic-FSCG.webp\",\"keywords\":[\"Goran Peri\u0161i\u0107\",\"kvalifikacije za Evropsko prvenstvo\",\"Mlada fudbalska reprezentacija Crne Gore\",\"Mlada fudbalska reprezentacija Poljske\",\"Mlada fudbalska reprezentacija Sjeverne Makedonije\",\"spisak\"],\"articleSection\":[\"Sport\"],\"inLanguage\":\"en-GB\",\"potentialAction\":[{\"@type\":\"CommentAction\",\"name\":\"Comment\",\"target\":[\"https:\\\/\\\/dmcsrb.com\\\/sport\\\/perisic-odabrao-za-poljsku-i-sjevernu-makedoniju\\\/#respond\"]}]},{\"@type\":\"WebPage\",\"@id\":\"https:\\\/\\\/dmcsrb.com\\\/sport\\\/perisic-odabrao-za-poljsku-i-sjevernu-makedoniju\\\/\",\"url\":\"https:\\\/\\\/dmcsrb.com\\\/sport\\\/perisic-odabrao-za-poljsku-i-sjevernu-makedoniju\\\/\",\"name\":\"Peri\u0161i\u0107 odabrao za Poljsku i Sjevernu Makedoniju - dmcsrb.com\",\"isPartOf\":{\"@id\":\"https:\\\/\\\/dmcsrb.com\\\/#website\"},\"primaryImageOfPage\":{\"@id\":\"https:\\\/\\\/dmcsrb.com\\\/sport\\\/perisic-odabrao-za-poljsku-i-sjevernu-makedoniju\\\/#primaryimage\"},\"image\":{\"@id\":\"https:\\\/\\\/dmcsrb.com\\\/sport\\\/perisic-odabrao-za-poljsku-i-sjevernu-makedoniju\\\/#primaryimage\"},\"thumbnailUrl\":\"https:\\\/\\\/dmcsrb.com\\\/wp-content\\\/uploads\\\/2026\\\/01\\\/Goran-Perisic-FSCG.webp\",\"datePublished\":\"2025-10-04T09:13:00+00:00\",\"author\":{\"@id\":\"https:\\\/\\\/dmcsrb.com\\\/#\\\/schema\\\/person\\\/5c39170f12db1b8b457732d0b5c854e2\"},\"breadcrumb\":{\"@id\":\"https:\\\/\\\/dmcsrb.com\\\/sport\\\/perisic-odabrao-za-poljsku-i-sjevernu-makedoniju\\\/#breadcrumb\"},\"inLanguage\":\"en-GB\",\"potentialAction\":[{\"@type\":\"ReadAction\",\"target\":[\"https:\\\/\\\/dmcsrb.com\\\/sport\\\/perisic-odabrao-za-poljsku-i-sjevernu-makedoniju\\\/\"]}]},{\"@type\":\"ImageObject\",\"inLanguage\":\"en-GB\",\"@id\":\"https:\\\/\\\/dmcsrb.com\\\/sport\\\/perisic-odabrao-za-poljsku-i-sjevernu-makedoniju\\\/#primaryimage\",\"url\":\"https:\\\/\\\/dmcsrb.com\\\/wp-content\\\/uploads\\\/2026\\\/01\\\/Goran-Perisic-FSCG.webp\",\"contentUrl\":\"https:\\\/\\\/dmcsrb.com\\\/wp-content\\\/uploads\\\/2026\\\/01\\\/Goran-Perisic-FSCG.webp\",\"width\":1050,\"height\":624},{\"@type\":\"BreadcrumbList\",\"@id\":\"https:\\\/\\\/dmcsrb.com\\\/sport\\\/perisic-odabrao-za-poljsku-i-sjevernu-makedoniju\\\/#breadcrumb\",\"itemListElement\":[{\"@type\":\"ListItem\",\"position\":1,\"name\":\"Home\",\"item\":\"https:\\\/\\\/dmcsrb.com\\\/\"},{\"@type\":\"ListItem\",\"position\":2,\"name\":\"Peri\u0161i\u0107 odabrao za Poljsku i Sjevernu Makedoniju\"}]},{\"@type\":\"WebSite\",\"@id\":\"https:\\\/\\\/dmcsrb.com\\\/#website\",\"url\":\"https:\\\/\\\/dmcsrb.com\\\/\",\"name\":\"dmcsrb.com\",\"description\":\"\",\"potentialAction\":[{\"@type\":\"SearchAction\",\"target\":{\"@type\":\"EntryPoint\",\"urlTemplate\":\"https:\\\/\\\/dmcsrb.com\\\/?s={search_term_string}\"},\"query-input\":{\"@type\":\"PropertyValueSpecification\",\"valueRequired\":true,\"valueName\":\"search_term_string\"}}],\"inLanguage\":\"en-GB\"},{\"@type\":\"Person\",\"@id\":\"https:\\\/\\\/dmcsrb.com\\\/#\\\/schema\\\/person\\\/5c39170f12db1b8b457732d0b5c854e2\",\"name\":\"dmcsrbija.com@gmail.com\",\"image\":{\"@type\":\"ImageObject\",\"inLanguage\":\"en-GB\",\"@id\":\"https:\\\/\\\/secure.gravatar.com\\\/avatar\\\/68592660ad6347fad0fb587f8d5d8f1a7b44961362f56e4f2cd524feb87e9069?s=96&d=mm&r=g\",\"url\":\"https:\\\/\\\/secure.gravatar.com\\\/avatar\\\/68592660ad6347fad0fb587f8d5d8f1a7b44961362f56e4f2cd524feb87e9069?s=96&d=mm&r=g\",\"contentUrl\":\"https:\\\/\\\/secure.gravatar.com\\\/avatar\\\/68592660ad6347fad0fb587f8d5d8f1a7b44961362f56e4f2cd524feb87e9069?s=96&d=mm&r=g\",\"caption\":\"dmcsrbija.com@gmail.com\"},\"sameAs\":[\"https:\\\/\\\/dmcsrb.com\"],\"url\":\"https:\\\/\\\/dmcsrb.com\\\/en\\\/author\\\/dmcsrbija-comgmail-com\\\/\"}]}<\/script>\n<!-- \/ Yoast SEO plugin. -->","yoast_head_json":{"title":"Peri\u0161i\u0107 odabrao za Poljsku i Sjevernu Makedoniju - dmcsrb.com","robots":{"index":"index","follow":"follow","max-snippet":"max-snippet:-1","max-image-preview":"max-image-preview:large","max-video-preview":"max-video-preview:-1"},"canonical":"https:\/\/dmcsrb.com\/en\/sport\/perisic-odabrao-za-poljsku-i-sjevernu-makedoniju\/","og_locale":"en_GB","og_type":"article","og_title":"Peri\u0161i\u0107 odabrao za Poljsku i Sjevernu Makedoniju - dmcsrb.com","og_description":"Mlada fudbalska reprezentacija Crne Gore kvalifikacije za Evropsko prvenstvo nastavlja duelima Poljskom i Sjevernom Makedonijom.","og_url":"https:\/\/dmcsrb.com\/en\/sport\/perisic-odabrao-za-poljsku-i-sjevernu-makedoniju\/","og_site_name":"dmcsrb.com","article_published_time":"2025-10-04T09:13:00+00:00","og_image":[{"width":1050,"height":624,"url":"https:\/\/dmcsrb.com\/wp-content\/uploads\/2026\/01\/Goran-Perisic-FSCG.webp","type":"image\/jpeg"}],"author":"dmcsrbija.com@gmail.com","twitter_card":"summary_large_image","twitter_misc":{"Written by":"dmcsrbija.com@gmail.com","Estimated reading time":"2 minutes"},"schema":{"@context":"https:\/\/schema.org","@graph":[{"@type":"Article","@id":"https:\/\/dmcsrb.com\/sport\/perisic-odabrao-za-poljsku-i-sjevernu-makedoniju\/#article","isPartOf":{"@id":"https:\/\/dmcsrb.com\/sport\/perisic-odabrao-za-poljsku-i-sjevernu-makedoniju\/"},"author":{"name":"dmcsrbija.com@gmail.com","@id":"https:\/\/dmcsrb.com\/#\/schema\/person\/5c39170f12db1b8b457732d0b5c854e2"},"headline":"Peri\u0161i\u0107 odabrao za Poljsku i Sjevernu Makedoniju","datePublished":"2025-10-04T09:13:00+00:00","mainEntityOfPage":{"@id":"https:\/\/dmcsrb.com\/sport\/perisic-odabrao-za-poljsku-i-sjevernu-makedoniju\/"},"wordCount":376,"commentCount":0,"image":{"@id":"https:\/\/dmcsrb.com\/sport\/perisic-odabrao-za-poljsku-i-sjevernu-makedoniju\/#primaryimage"},"thumbnailUrl":"https:\/\/dmcsrb.com\/wp-content\/uploads\/2026\/01\/Goran-Perisic-FSCG.webp","keywords":["Goran Peri\u0161i\u0107","kvalifikacije za Evropsko prvenstvo","Mlada fudbalska reprezentacija Crne Gore","Mlada fudbalska reprezentacija Poljske","Mlada fudbalska reprezentacija Sjeverne Makedonije","spisak"],"articleSection":["Sport"],"inLanguage":"en-GB","potentialAction":[{"@type":"CommentAction","name":"Comment","target":["https:\/\/dmcsrb.com\/sport\/perisic-odabrao-za-poljsku-i-sjevernu-makedoniju\/#respond"]}]},{"@type":"WebPage","@id":"https:\/\/dmcsrb.com\/sport\/perisic-odabrao-za-poljsku-i-sjevernu-makedoniju\/","url":"https:\/\/dmcsrb.com\/sport\/perisic-odabrao-za-poljsku-i-sjevernu-makedoniju\/","name":"Peri\u0161i\u0107 odabrao za Poljsku i Sjevernu Makedoniju - dmcsrb.com","isPartOf":{"@id":"https:\/\/dmcsrb.com\/#website"},"primaryImageOfPage":{"@id":"https:\/\/dmcsrb.com\/sport\/perisic-odabrao-za-poljsku-i-sjevernu-makedoniju\/#primaryimage"},"image":{"@id":"https:\/\/dmcsrb.com\/sport\/perisic-odabrao-za-poljsku-i-sjevernu-makedoniju\/#primaryimage"},"thumbnailUrl":"https:\/\/dmcsrb.com\/wp-content\/uploads\/2026\/01\/Goran-Perisic-FSCG.webp","datePublished":"2025-10-04T09:13:00+00:00","author":{"@id":"https:\/\/dmcsrb.com\/#\/schema\/person\/5c39170f12db1b8b457732d0b5c854e2"},"breadcrumb":{"@id":"https:\/\/dmcsrb.com\/sport\/perisic-odabrao-za-poljsku-i-sjevernu-makedoniju\/#breadcrumb"},"inLanguage":"en-GB","potentialAction":[{"@type":"ReadAction","target":["https:\/\/dmcsrb.com\/sport\/perisic-odabrao-za-poljsku-i-sjevernu-makedoniju\/"]}]},{"@type":"ImageObject","inLanguage":"en-GB","@id":"https:\/\/dmcsrb.com\/sport\/perisic-odabrao-za-poljsku-i-sjevernu-makedoniju\/#primaryimage","url":"https:\/\/dmcsrb.com\/wp-content\/uploads\/2026\/01\/Goran-Perisic-FSCG.webp","contentUrl":"https:\/\/dmcsrb.com\/wp-content\/uploads\/2026\/01\/Goran-Perisic-FSCG.webp","width":1050,"height":624},{"@type":"BreadcrumbList","@id":"https:\/\/dmcsrb.com\/sport\/perisic-odabrao-za-poljsku-i-sjevernu-makedoniju\/#breadcrumb","itemListElement":[{"@type":"ListItem","position":1,"name":"Home","item":"https:\/\/dmcsrb.com\/"},{"@type":"ListItem","position":2,"name":"Peri\u0161i\u0107 odabrao za Poljsku i Sjevernu Makedoniju"}]},{"@type":"WebSite","@id":"https:\/\/dmcsrb.com\/#website","url":"https:\/\/dmcsrb.com\/","name":"dmcsrb.com","description":"","potentialAction":[{"@type":"SearchAction","target":{"@type":"EntryPoint","urlTemplate":"https:\/\/dmcsrb.com\/?s={search_term_string}"},"query-input":{"@type":"PropertyValueSpecification","valueRequired":true,"valueName":"search_term_string"}}],"inLanguage":"en-GB"},{"@type":"Person","@id":"https:\/\/dmcsrb.com\/#\/schema\/person\/5c39170f12db1b8b457732d0b5c854e2","name":"dmcsrbija.com@gmail.com","image":{"@type":"ImageObject","inLanguage":"en-GB","@id":"https:\/\/secure.gravatar.com\/avatar\/68592660ad6347fad0fb587f8d5d8f1a7b44961362f56e4f2cd524feb87e9069?s=96&d=mm&r=g","url":"https:\/\/secure.gravatar.com\/avatar\/68592660ad6347fad0fb587f8d5d8f1a7b44961362f56e4f2cd524feb87e9069?s=96&d=mm&r=g","contentUrl":"https:\/\/secure.gravatar.com\/avatar\/68592660ad6347fad0fb587f8d5d8f1a7b44961362f56e4f2cd524feb87e9069?s=96&d=mm&r=g","caption":"dmcsrbija.com@gmail.com"},"sameAs":["https:\/\/dmcsrb.com"],"url":"https:\/\/dmcsrb.com\/en\/author\/dmcsrbija-comgmail-com\/"}]}},"_links":{"self":[{"href":"https:\/\/dmcsrb.com\/en\/wp-json\/wp\/v2\/posts\/955775","targetHints":{"allow":["GET"]}}],"collection":[{"href":"https:\/\/dmcsrb.com\/en\/wp-json\/wp\/v2\/posts"}],"about":[{"href":"https:\/\/dmcsrb.com\/en\/wp-json\/wp\/v2\/types\/post"}],"author":[{"embeddable":true,"href":"https:\/\/dmcsrb.com\/en\/wp-json\/wp\/v2\/users\/1"}],"replies":[{"embeddable":true,"href":"https:\/\/dmcsrb.com\/en\/wp-json\/wp\/v2\/comments?post=955775"}],"version-history":[{"count":0,"href":"https:\/\/dmcsrb.com\/en\/wp-json\/wp\/v2\/posts\/955775\/revisions"}],"wp:featuredmedia":[{"embeddable":true,"href":"https:\/\/dmcsrb.com\/en\/wp-json\/wp\/v2\/media\/950208"}],"wp:attachment":[{"href":"https:\/\/dmcsrb.com\/en\/wp-json\/wp\/v2\/media?parent=955775"}],"wp:term":[{"taxonomy":"category","embeddable":true,"href":"https:\/\/dmcsrb.com\/en\/wp-json\/wp\/v2\/categories?post=955775"},{"taxonomy":"post_tag","embeddable":true,"href":"https:\/\/dmcsrb.com\/en\/wp-json\/wp\/v2\/tags?post=955775"},{"taxonomy":"naslovna","embeddable":true,"href":"https:\/\/dmcsrb.com\/en\/wp-json\/wp\/v2\/naslovna?post=955775"}],"curies":[{"name":"wp","href":"https:\/\/api.w.org\/{rel}","templated":true}]}}