{"id":955769,"date":"2025-10-04T11:26:00","date_gmt":"2025-10-04T09:26:00","guid":{"rendered":"https:\/\/dmcsrb.com\/uncategorized\/protest-ispred-slovenske-plaze-ne-daju-posljednju-zelenu-oazu-u-budvi\/"},"modified":"2025-10-04T11:26:00","modified_gmt":"2025-10-04T09:26:00","slug":"protest-ispred-slovenske-plaze-ne-daju-posljednju-zelenu-oazu-u-budvi","status":"publish","type":"post","link":"https:\/\/dmcsrb.com\/en\/drustvo\/protest-ispred-slovenske-plaze-ne-daju-posljednju-zelenu-oazu-u-budvi\/","title":{"rendered":"Protest ispred &#8220;Slovenske pla\u017ee&#8221;, ne daju posljednju zelenu oazu u Budvi"},"content":{"rendered":"<p><\/p>\n\n\n\n<p><br><\/p>\n\n\n\n<p>MK Group je nedavno predstavila svoju viziju razvoja naselja \u201eSlovenska pla\u017ea\u201c, a iz neformalne grupe gra\u0111ana negoduju, jer kako su kazali \u201eSlovenska pla\u017ea\u201c nije samo hotel ve\u0107 i srce i du\u0161a Budve.<\/p>\n\n\n\n<p>Namjera akcionara je kako su naglasili da ru\u0161i hotel i gradi stanove za prodaju.<\/p>\n\n\n\n<p>Kako dodaju, kada je turisti\u010dko naselje u pitanju ne radi se samo o emocijama, ve\u0107 i o zdravom razumu. \u201eSlovenska pla\u017ea\u201c, kako su naglasili, autenti\u010dni je resurs Budve \u2013 sa svojom arhitekturom, parkom i duhom.<\/p>\n\n\n\n<p>\u201eModerni turisti ne tra\u017ee konfekciju, nego identitet i do\u017eivljaj, tra\u017ee ne\u0161to posebno. A to je upravo ono \u0161to Slovenska pla\u017ea pru\u017ea ve\u0107 decenijama. Opasnost je sada pred vratima. Ako izgubimo Slovensku izgubi\u0107emo mnogo vi\u0161e od hotela \u2013 izgubi\u0107emo posljednju zelenu oazu Budve\u201c, poru\u010duju organizatori u pozivu na protest.<\/p>","protected":false},"excerpt":{"rendered":"<p>Gra\u0111anski protest zbog nezadovoljstva kako kompanija MK grupa koja je manjinski akcionar Hotelskog preduze\u0107a \u201eBudvanska rivijera\u201c, planira razvoj Turisti\u010dkog naselja \u201eSlovenska pla\u017ea\u201c, po\u010deo je na platou pored recepcije ovog kompleksa  simboli\u010dno u 11:55.<\/p>","protected":false},"author":1,"featured_media":955770,"comment_status":"open","ping_status":"open","sticky":false,"template":"","format":"standard","meta":{"_acf_changed":false,"footnotes":""},"categories":[2],"tags":[455,878],"naslovna":[],"class_list":["post-955769","post","type-post","status-publish","format-standard","has-post-thumbnail","hentry","category-drustvo","tag-protest","tag-slovenska-plaza"],"acf":[],"yoast_head":"<!-- This site is optimized with the Yoast SEO plugin v27.4 - https:\/\/yoast.com\/product\/yoast-seo-wordpress\/ -->\n<title>Protest ispred &quot;Slovenske pla\u017ee&quot;, ne daju posljednju zelenu oazu u Budvi - dmcsrb.com<\/title>\n<meta name=\"robots\" content=\"index, follow, max-snippet:-1, max-image-preview:large, max-video-preview:-1\" \/>\n<link rel=\"canonical\" href=\"https:\/\/dmcsrb.com\/en\/drustvo\/protest-ispred-slovenske-plaze-ne-daju-posljednju-zelenu-oazu-u-budvi\/\" \/>\n<meta property=\"og:locale\" content=\"en_GB\" \/>\n<meta property=\"og:type\" content=\"article\" \/>\n<meta property=\"og:title\" content=\"Protest ispred &quot;Slovenske pla\u017ee&quot;, ne daju posljednju zelenu oazu u Budvi - dmcsrb.com\" \/>\n<meta property=\"og:description\" content=\"Gra\u0111anski protest zbog nezadovoljstva kako kompanija MK grupa koja je manjinski akcionar Hotelskog preduze\u0107a \u201eBudvanska rivijera\u201c, planira razvoj Turisti\u010dkog naselja \u201eSlovenska pla\u017ea\u201c, po\u010deo je na platou pored recepcije ovog kompleksa simboli\u010dno u 11:55.\" \/>\n<meta property=\"og:url\" content=\"https:\/\/dmcsrb.com\/en\/drustvo\/protest-ispred-slovenske-plaze-ne-daju-posljednju-zelenu-oazu-u-budvi\/\" \/>\n<meta property=\"og:site_name\" content=\"dmcsrb.com\" \/>\n<meta property=\"article:published_time\" content=\"2025-10-04T09:26:00+00:00\" \/>\n<meta property=\"og:image\" content=\"https:\/\/dmcsrb.com\/wp-content\/uploads\/2026\/01\/slovenska.webp\" \/>\n\t<meta property=\"og:image:width\" content=\"899\" \/>\n\t<meta property=\"og:image:height\" content=\"537\" \/>\n\t<meta property=\"og:image:type\" content=\"image\/jpeg\" \/>\n<meta name=\"author\" content=\"dmcsrbija.com@gmail.com\" \/>\n<meta name=\"twitter:card\" content=\"summary_large_image\" \/>\n<meta name=\"twitter:label1\" content=\"Written by\" \/>\n\t<meta name=\"twitter:data1\" content=\"dmcsrbija.com@gmail.com\" \/>\n\t<meta name=\"twitter:label2\" content=\"Estimated reading time\" \/>\n\t<meta name=\"twitter:data2\" content=\"1 minute\" \/>\n<script type=\"application\/ld+json\" class=\"yoast-schema-graph\">{\"@context\":\"https:\\\/\\\/schema.org\",\"@graph\":[{\"@type\":\"Article\",\"@id\":\"https:\\\/\\\/dmcsrb.com\\\/drustvo\\\/protest-ispred-slovenske-plaze-ne-daju-posljednju-zelenu-oazu-u-budvi\\\/#article\",\"isPartOf\":{\"@id\":\"https:\\\/\\\/dmcsrb.com\\\/drustvo\\\/protest-ispred-slovenske-plaze-ne-daju-posljednju-zelenu-oazu-u-budvi\\\/\"},\"author\":{\"name\":\"dmcsrbija.com@gmail.com\",\"@id\":\"https:\\\/\\\/dmcsrb.com\\\/#\\\/schema\\\/person\\\/5c39170f12db1b8b457732d0b5c854e2\"},\"headline\":\"Protest ispred &#8220;Slovenske pla\u017ee&#8221;, ne daju posljednju zelenu oazu u Budvi\",\"datePublished\":\"2025-10-04T09:26:00+00:00\",\"mainEntityOfPage\":{\"@id\":\"https:\\\/\\\/dmcsrb.com\\\/drustvo\\\/protest-ispred-slovenske-plaze-ne-daju-posljednju-zelenu-oazu-u-budvi\\\/\"},\"wordCount\":157,\"commentCount\":0,\"image\":{\"@id\":\"https:\\\/\\\/dmcsrb.com\\\/drustvo\\\/protest-ispred-slovenske-plaze-ne-daju-posljednju-zelenu-oazu-u-budvi\\\/#primaryimage\"},\"thumbnailUrl\":\"https:\\\/\\\/dmcsrb.com\\\/wp-content\\\/uploads\\\/2026\\\/01\\\/slovenska.webp\",\"keywords\":[\"Protest\",\"slovenska pla\u017ea\"],\"articleSection\":[\"Dru\u0161tvo\"],\"inLanguage\":\"en-GB\",\"potentialAction\":[{\"@type\":\"CommentAction\",\"name\":\"Comment\",\"target\":[\"https:\\\/\\\/dmcsrb.com\\\/drustvo\\\/protest-ispred-slovenske-plaze-ne-daju-posljednju-zelenu-oazu-u-budvi\\\/#respond\"]}]},{\"@type\":\"WebPage\",\"@id\":\"https:\\\/\\\/dmcsrb.com\\\/drustvo\\\/protest-ispred-slovenske-plaze-ne-daju-posljednju-zelenu-oazu-u-budvi\\\/\",\"url\":\"https:\\\/\\\/dmcsrb.com\\\/drustvo\\\/protest-ispred-slovenske-plaze-ne-daju-posljednju-zelenu-oazu-u-budvi\\\/\",\"name\":\"Protest ispred \\\"Slovenske pla\u017ee\\\", ne daju posljednju zelenu oazu u Budvi - dmcsrb.com\",\"isPartOf\":{\"@id\":\"https:\\\/\\\/dmcsrb.com\\\/#website\"},\"primaryImageOfPage\":{\"@id\":\"https:\\\/\\\/dmcsrb.com\\\/drustvo\\\/protest-ispred-slovenske-plaze-ne-daju-posljednju-zelenu-oazu-u-budvi\\\/#primaryimage\"},\"image\":{\"@id\":\"https:\\\/\\\/dmcsrb.com\\\/drustvo\\\/protest-ispred-slovenske-plaze-ne-daju-posljednju-zelenu-oazu-u-budvi\\\/#primaryimage\"},\"thumbnailUrl\":\"https:\\\/\\\/dmcsrb.com\\\/wp-content\\\/uploads\\\/2026\\\/01\\\/slovenska.webp\",\"datePublished\":\"2025-10-04T09:26:00+00:00\",\"author\":{\"@id\":\"https:\\\/\\\/dmcsrb.com\\\/#\\\/schema\\\/person\\\/5c39170f12db1b8b457732d0b5c854e2\"},\"breadcrumb\":{\"@id\":\"https:\\\/\\\/dmcsrb.com\\\/drustvo\\\/protest-ispred-slovenske-plaze-ne-daju-posljednju-zelenu-oazu-u-budvi\\\/#breadcrumb\"},\"inLanguage\":\"en-GB\",\"potentialAction\":[{\"@type\":\"ReadAction\",\"target\":[\"https:\\\/\\\/dmcsrb.com\\\/drustvo\\\/protest-ispred-slovenske-plaze-ne-daju-posljednju-zelenu-oazu-u-budvi\\\/\"]}]},{\"@type\":\"ImageObject\",\"inLanguage\":\"en-GB\",\"@id\":\"https:\\\/\\\/dmcsrb.com\\\/drustvo\\\/protest-ispred-slovenske-plaze-ne-daju-posljednju-zelenu-oazu-u-budvi\\\/#primaryimage\",\"url\":\"https:\\\/\\\/dmcsrb.com\\\/wp-content\\\/uploads\\\/2026\\\/01\\\/slovenska.webp\",\"contentUrl\":\"https:\\\/\\\/dmcsrb.com\\\/wp-content\\\/uploads\\\/2026\\\/01\\\/slovenska.webp\",\"width\":899,\"height\":537},{\"@type\":\"BreadcrumbList\",\"@id\":\"https:\\\/\\\/dmcsrb.com\\\/drustvo\\\/protest-ispred-slovenske-plaze-ne-daju-posljednju-zelenu-oazu-u-budvi\\\/#breadcrumb\",\"itemListElement\":[{\"@type\":\"ListItem\",\"position\":1,\"name\":\"Home\",\"item\":\"https:\\\/\\\/dmcsrb.com\\\/\"},{\"@type\":\"ListItem\",\"position\":2,\"name\":\"Protest ispred &#8220;Slovenske pla\u017ee&#8221;, ne daju posljednju zelenu oazu u Budvi\"}]},{\"@type\":\"WebSite\",\"@id\":\"https:\\\/\\\/dmcsrb.com\\\/#website\",\"url\":\"https:\\\/\\\/dmcsrb.com\\\/\",\"name\":\"dmcsrb.com\",\"description\":\"\",\"potentialAction\":[{\"@type\":\"SearchAction\",\"target\":{\"@type\":\"EntryPoint\",\"urlTemplate\":\"https:\\\/\\\/dmcsrb.com\\\/?s={search_term_string}\"},\"query-input\":{\"@type\":\"PropertyValueSpecification\",\"valueRequired\":true,\"valueName\":\"search_term_string\"}}],\"inLanguage\":\"en-GB\"},{\"@type\":\"Person\",\"@id\":\"https:\\\/\\\/dmcsrb.com\\\/#\\\/schema\\\/person\\\/5c39170f12db1b8b457732d0b5c854e2\",\"name\":\"dmcsrbija.com@gmail.com\",\"image\":{\"@type\":\"ImageObject\",\"inLanguage\":\"en-GB\",\"@id\":\"https:\\\/\\\/secure.gravatar.com\\\/avatar\\\/68592660ad6347fad0fb587f8d5d8f1a7b44961362f56e4f2cd524feb87e9069?s=96&d=mm&r=g\",\"url\":\"https:\\\/\\\/secure.gravatar.com\\\/avatar\\\/68592660ad6347fad0fb587f8d5d8f1a7b44961362f56e4f2cd524feb87e9069?s=96&d=mm&r=g\",\"contentUrl\":\"https:\\\/\\\/secure.gravatar.com\\\/avatar\\\/68592660ad6347fad0fb587f8d5d8f1a7b44961362f56e4f2cd524feb87e9069?s=96&d=mm&r=g\",\"caption\":\"dmcsrbija.com@gmail.com\"},\"sameAs\":[\"https:\\\/\\\/dmcsrb.com\"],\"url\":\"https:\\\/\\\/dmcsrb.com\\\/en\\\/author\\\/dmcsrbija-comgmail-com\\\/\"}]}<\/script>\n<!-- \/ Yoast SEO plugin. -->","yoast_head_json":{"title":"Protest ispred \"Slovenske pla\u017ee\", ne daju posljednju zelenu oazu u Budvi - dmcsrb.com","robots":{"index":"index","follow":"follow","max-snippet":"max-snippet:-1","max-image-preview":"max-image-preview:large","max-video-preview":"max-video-preview:-1"},"canonical":"https:\/\/dmcsrb.com\/en\/drustvo\/protest-ispred-slovenske-plaze-ne-daju-posljednju-zelenu-oazu-u-budvi\/","og_locale":"en_GB","og_type":"article","og_title":"Protest ispred \"Slovenske pla\u017ee\", ne daju posljednju zelenu oazu u Budvi - dmcsrb.com","og_description":"Gra\u0111anski protest zbog nezadovoljstva kako kompanija MK grupa koja je manjinski akcionar Hotelskog preduze\u0107a \u201eBudvanska rivijera\u201c, planira razvoj Turisti\u010dkog naselja \u201eSlovenska pla\u017ea\u201c, po\u010deo je na platou pored recepcije ovog kompleksa simboli\u010dno u 11:55.","og_url":"https:\/\/dmcsrb.com\/en\/drustvo\/protest-ispred-slovenske-plaze-ne-daju-posljednju-zelenu-oazu-u-budvi\/","og_site_name":"dmcsrb.com","article_published_time":"2025-10-04T09:26:00+00:00","og_image":[{"width":899,"height":537,"url":"https:\/\/dmcsrb.com\/wp-content\/uploads\/2026\/01\/slovenska.webp","type":"image\/jpeg"}],"author":"dmcsrbija.com@gmail.com","twitter_card":"summary_large_image","twitter_misc":{"Written by":"dmcsrbija.com@gmail.com","Estimated reading time":"1 minute"},"schema":{"@context":"https:\/\/schema.org","@graph":[{"@type":"Article","@id":"https:\/\/dmcsrb.com\/drustvo\/protest-ispred-slovenske-plaze-ne-daju-posljednju-zelenu-oazu-u-budvi\/#article","isPartOf":{"@id":"https:\/\/dmcsrb.com\/drustvo\/protest-ispred-slovenske-plaze-ne-daju-posljednju-zelenu-oazu-u-budvi\/"},"author":{"name":"dmcsrbija.com@gmail.com","@id":"https:\/\/dmcsrb.com\/#\/schema\/person\/5c39170f12db1b8b457732d0b5c854e2"},"headline":"Protest ispred &#8220;Slovenske pla\u017ee&#8221;, ne daju posljednju zelenu oazu u Budvi","datePublished":"2025-10-04T09:26:00+00:00","mainEntityOfPage":{"@id":"https:\/\/dmcsrb.com\/drustvo\/protest-ispred-slovenske-plaze-ne-daju-posljednju-zelenu-oazu-u-budvi\/"},"wordCount":157,"commentCount":0,"image":{"@id":"https:\/\/dmcsrb.com\/drustvo\/protest-ispred-slovenske-plaze-ne-daju-posljednju-zelenu-oazu-u-budvi\/#primaryimage"},"thumbnailUrl":"https:\/\/dmcsrb.com\/wp-content\/uploads\/2026\/01\/slovenska.webp","keywords":["Protest","slovenska pla\u017ea"],"articleSection":["Dru\u0161tvo"],"inLanguage":"en-GB","potentialAction":[{"@type":"CommentAction","name":"Comment","target":["https:\/\/dmcsrb.com\/drustvo\/protest-ispred-slovenske-plaze-ne-daju-posljednju-zelenu-oazu-u-budvi\/#respond"]}]},{"@type":"WebPage","@id":"https:\/\/dmcsrb.com\/drustvo\/protest-ispred-slovenske-plaze-ne-daju-posljednju-zelenu-oazu-u-budvi\/","url":"https:\/\/dmcsrb.com\/drustvo\/protest-ispred-slovenske-plaze-ne-daju-posljednju-zelenu-oazu-u-budvi\/","name":"Protest ispred \"Slovenske pla\u017ee\", ne daju posljednju zelenu oazu u Budvi - dmcsrb.com","isPartOf":{"@id":"https:\/\/dmcsrb.com\/#website"},"primaryImageOfPage":{"@id":"https:\/\/dmcsrb.com\/drustvo\/protest-ispred-slovenske-plaze-ne-daju-posljednju-zelenu-oazu-u-budvi\/#primaryimage"},"image":{"@id":"https:\/\/dmcsrb.com\/drustvo\/protest-ispred-slovenske-plaze-ne-daju-posljednju-zelenu-oazu-u-budvi\/#primaryimage"},"thumbnailUrl":"https:\/\/dmcsrb.com\/wp-content\/uploads\/2026\/01\/slovenska.webp","datePublished":"2025-10-04T09:26:00+00:00","author":{"@id":"https:\/\/dmcsrb.com\/#\/schema\/person\/5c39170f12db1b8b457732d0b5c854e2"},"breadcrumb":{"@id":"https:\/\/dmcsrb.com\/drustvo\/protest-ispred-slovenske-plaze-ne-daju-posljednju-zelenu-oazu-u-budvi\/#breadcrumb"},"inLanguage":"en-GB","potentialAction":[{"@type":"ReadAction","target":["https:\/\/dmcsrb.com\/drustvo\/protest-ispred-slovenske-plaze-ne-daju-posljednju-zelenu-oazu-u-budvi\/"]}]},{"@type":"ImageObject","inLanguage":"en-GB","@id":"https:\/\/dmcsrb.com\/drustvo\/protest-ispred-slovenske-plaze-ne-daju-posljednju-zelenu-oazu-u-budvi\/#primaryimage","url":"https:\/\/dmcsrb.com\/wp-content\/uploads\/2026\/01\/slovenska.webp","contentUrl":"https:\/\/dmcsrb.com\/wp-content\/uploads\/2026\/01\/slovenska.webp","width":899,"height":537},{"@type":"BreadcrumbList","@id":"https:\/\/dmcsrb.com\/drustvo\/protest-ispred-slovenske-plaze-ne-daju-posljednju-zelenu-oazu-u-budvi\/#breadcrumb","itemListElement":[{"@type":"ListItem","position":1,"name":"Home","item":"https:\/\/dmcsrb.com\/"},{"@type":"ListItem","position":2,"name":"Protest ispred &#8220;Slovenske pla\u017ee&#8221;, ne daju posljednju zelenu oazu u Budvi"}]},{"@type":"WebSite","@id":"https:\/\/dmcsrb.com\/#website","url":"https:\/\/dmcsrb.com\/","name":"dmcsrb.com","description":"","potentialAction":[{"@type":"SearchAction","target":{"@type":"EntryPoint","urlTemplate":"https:\/\/dmcsrb.com\/?s={search_term_string}"},"query-input":{"@type":"PropertyValueSpecification","valueRequired":true,"valueName":"search_term_string"}}],"inLanguage":"en-GB"},{"@type":"Person","@id":"https:\/\/dmcsrb.com\/#\/schema\/person\/5c39170f12db1b8b457732d0b5c854e2","name":"dmcsrbija.com@gmail.com","image":{"@type":"ImageObject","inLanguage":"en-GB","@id":"https:\/\/secure.gravatar.com\/avatar\/68592660ad6347fad0fb587f8d5d8f1a7b44961362f56e4f2cd524feb87e9069?s=96&d=mm&r=g","url":"https:\/\/secure.gravatar.com\/avatar\/68592660ad6347fad0fb587f8d5d8f1a7b44961362f56e4f2cd524feb87e9069?s=96&d=mm&r=g","contentUrl":"https:\/\/secure.gravatar.com\/avatar\/68592660ad6347fad0fb587f8d5d8f1a7b44961362f56e4f2cd524feb87e9069?s=96&d=mm&r=g","caption":"dmcsrbija.com@gmail.com"},"sameAs":["https:\/\/dmcsrb.com"],"url":"https:\/\/dmcsrb.com\/en\/author\/dmcsrbija-comgmail-com\/"}]}},"_links":{"self":[{"href":"https:\/\/dmcsrb.com\/en\/wp-json\/wp\/v2\/posts\/955769","targetHints":{"allow":["GET"]}}],"collection":[{"href":"https:\/\/dmcsrb.com\/en\/wp-json\/wp\/v2\/posts"}],"about":[{"href":"https:\/\/dmcsrb.com\/en\/wp-json\/wp\/v2\/types\/post"}],"author":[{"embeddable":true,"href":"https:\/\/dmcsrb.com\/en\/wp-json\/wp\/v2\/users\/1"}],"replies":[{"embeddable":true,"href":"https:\/\/dmcsrb.com\/en\/wp-json\/wp\/v2\/comments?post=955769"}],"version-history":[{"count":0,"href":"https:\/\/dmcsrb.com\/en\/wp-json\/wp\/v2\/posts\/955769\/revisions"}],"wp:featuredmedia":[{"embeddable":true,"href":"https:\/\/dmcsrb.com\/en\/wp-json\/wp\/v2\/media\/955770"}],"wp:attachment":[{"href":"https:\/\/dmcsrb.com\/en\/wp-json\/wp\/v2\/media?parent=955769"}],"wp:term":[{"taxonomy":"category","embeddable":true,"href":"https:\/\/dmcsrb.com\/en\/wp-json\/wp\/v2\/categories?post=955769"},{"taxonomy":"post_tag","embeddable":true,"href":"https:\/\/dmcsrb.com\/en\/wp-json\/wp\/v2\/tags?post=955769"},{"taxonomy":"naslovna","embeddable":true,"href":"https:\/\/dmcsrb.com\/en\/wp-json\/wp\/v2\/naslovna?post=955769"}],"curies":[{"name":"wp","href":"https:\/\/api.w.org\/{rel}","templated":true}]}}