{"id":955754,"date":"2025-10-04T10:39:00","date_gmt":"2025-10-04T08:39:00","guid":{"rendered":"https:\/\/dmcsrb.com\/uncategorized\/zekovic-sa-markovicem-politika-sjecanja-obaveza-je-i-danasnjih-i-buducih-generacija\/"},"modified":"2025-10-04T10:39:00","modified_gmt":"2025-10-04T08:39:00","slug":"zekovic-sa-markovicem-politika-sjecanja-obaveza-je-i-danasnjih-i-buducih-generacija","status":"publish","type":"post","link":"https:\/\/dmcsrb.com\/en\/drustvo\/zekovic-sa-markovicem-politika-sjecanja-obaveza-je-i-danasnjih-i-buducih-generacija\/","title":{"rendered":"Zekovi\u0107 sa Markovi\u0107em: Politika sje\u0107anja obaveza je i dana\u0161njih i budu\u0107ih generacija"},"content":{"rendered":"<p><\/p>\n\n\n\n<p><\/p>\n\n\n\n<p><\/p>\n\n\n\n<p>Kako je saop\u0161tio Zekovi\u0107, razgovor je organizovan na njegovu inicijativu.<\/p>\n\n\n\n<p>\u201cZajedni\u010dki je potvr\u0111eno da je antifa\u0161isti\u010dke vrijednosti potrebno na moderan i evropski na\u010din reaktualizovati, \u0161iriti ih u javnosti a posebno pribli\u017eiti mladima. Priznanje nevinih i civilnih \u017ertava rata i poratnog perioda ne predstavlja, na bilo koji na\u010din, odbacivanje narodnooslobodila\u010dke borbe, njene, i danas, modernisti\u010dke svijesti i brojnih konkretnih naprednih i emancipatorskih tekovina. Aktivan otpor, umjesto \u010dekanja, doveo je do oslobo\u0111enja zemlje, razvoja, ravnopravnosti mu\u0161karaca i \u017eena, pravilnog rje\u0161avanja nacionalnih pitanja i integrisan \u017eivot svih naroda, vra\u0107ena je dr\u017eavnost i ravnopravnost Crne Gore, postavljeni \u010dvrsti temelji za kvalitetne i uspje\u0161ne odnose Crne Gore i Srbije\u201d, navodi se u saop\u0161tenju.&nbsp;<\/p>\n\n\n\n<p>Kako se dodaje, tokom sastanka ocijenjeno da racionalan i pravilan odnos prema svim mrtvima odnosno nevinim i civilnim \u017ertvama Drugog svjetskog rata i poslijeratnog perioda postepeno postaje prihva\u0107en od svih u dru\u0161tvu. Zato je od posebne va\u017enosti taj proces dr\u017eati za\u0161ti\u0107enim od politi\u010dkih manipulacija, zloupotreba i istorijskog revizionizma. Priznanje postojanja nevinih \u017ertava i humanisti\u010dki odnos prema njihovim posmrtnim ostacima ne treba biti pra\u0107eno poku\u0161ajima veli\u010danja nacionalisti\u010dkih ideologija i zlo\u010dinaca.<\/p>\n\n\n\n<p>\u201cKonstatovano je da je \u0161teta i propust \u0161to ovo pitanje nije ranije rije\u0161eno, posebno prvim postreferendumskim politikama, \u010dime se moglo pomo\u0107i da se osna\u017ee unutra\u0161nje integracije i sprije\u010de manifestacije odre\u0111enih dru\u0161tvenih podjela. Zato je danas su\u0161tinski va\u017ean dru\u0161tveni dijalog koji mo\u017ee da vodi boljem me\u0111usobnom razumijevanju i da suzdr\u017ei, sve aktere, od jednostranih narativa i djelovanja. Proces evropskih integracija i iskreno prihvatanje principa i vrijednosti na kojima po\u010diva Evropska unija klju\u010dni su i za razmatranje aktuelnih politi\u010dkih pitanja koje polarizuju crnogorsko dru\u0161tvo i za prevladavanje tenzija oko kontraverznih pitanja iz pro\u0161losti\u201d, navodi se u saop\u0161tenju.&nbsp;<\/p>\n\n\n\n<p>Zajedni\u010dka je ocjena sagovornika da se pro\u0161lost, ako se ne \u017eeli ponavljanje ranijih gre\u0161aka, ne mo\u017ee prepustiti trenutnim ideologijama i dana\u0161njim potrebama strana\u010dkih, vjerskih ili drugih elita. Kod razvijanja politika sje\u0107anja obaveza je i dana\u0161njih i budu\u0107ih generacija da izbjegavaju isku\u0161enja ideologije.<\/p>","protected":false},"excerpt":{"rendered":"<p>Aktivista za ljudska prava i zagovornik politika sje\u0107anja Aleksandar Sa\u0161a Zekovi\u0107\u00a0razgovaro je sa predsjednikom\u00a0Stranke evropskog progresa (SEP) Du\u0161kom Markovi\u0107em\u00a0o kulturi sje\u0107anja i civilnim i nevinim \u017ertvama Drugog svjetskog rata i poslijeratnog perioda na teritoriji Crne Gore, koje su uglavnom stradale postupanjem pojedinaca i zbog, u tom trenutku, nedovoljno konsolidovanog pravnog sistema.<\/p>","protected":false},"author":1,"featured_media":955755,"comment_status":"open","ping_status":"open","sticky":false,"template":"","format":"standard","meta":{"_acf_changed":false,"footnotes":""},"categories":[2],"tags":[10244,8860,10245],"naslovna":[],"class_list":["post-955754","post","type-post","status-publish","format-standard","has-post-thumbnail","hentry","category-drustvo","tag-aleksandar-yekovic","tag-dusko-markovic","tag-poliika-sjecanja"],"acf":[],"yoast_head":"<!-- This site is optimized with the Yoast SEO plugin v27.4 - https:\/\/yoast.com\/product\/yoast-seo-wordpress\/ -->\n<title>Zekovi\u0107 sa Markovi\u0107em: Politika sje\u0107anja obaveza je i dana\u0161njih i budu\u0107ih generacija - dmcsrb.com<\/title>\n<meta name=\"robots\" content=\"index, follow, max-snippet:-1, max-image-preview:large, max-video-preview:-1\" \/>\n<link rel=\"canonical\" href=\"https:\/\/dmcsrb.com\/en\/drustvo\/zekovic-sa-markovicem-politika-sjecanja-obaveza-je-i-danasnjih-i-buducih-generacija\/\" \/>\n<meta property=\"og:locale\" content=\"en_GB\" \/>\n<meta property=\"og:type\" content=\"article\" \/>\n<meta property=\"og:title\" content=\"Zekovi\u0107 sa Markovi\u0107em: Politika sje\u0107anja obaveza je i dana\u0161njih i budu\u0107ih generacija - dmcsrb.com\" \/>\n<meta property=\"og:description\" content=\"Aktivista za ljudska prava i zagovornik politika sje\u0107anja Aleksandar Sa\u0161a Zekovi\u0107\u00a0razgovaro je sa predsjednikom\u00a0Stranke evropskog progresa (SEP) Du\u0161kom Markovi\u0107em\u00a0o kulturi sje\u0107anja i civilnim i nevinim \u017ertvama Drugog svjetskog rata i poslijeratnog perioda na teritoriji Crne Gore, koje su uglavnom stradale postupanjem pojedinaca i zbog, u tom trenutku, nedovoljno konsolidovanog pravnog sistema.\" \/>\n<meta property=\"og:url\" content=\"https:\/\/dmcsrb.com\/en\/drustvo\/zekovic-sa-markovicem-politika-sjecanja-obaveza-je-i-danasnjih-i-buducih-generacija\/\" \/>\n<meta property=\"og:site_name\" content=\"dmcsrb.com\" \/>\n<meta property=\"article:published_time\" content=\"2025-10-04T08:39:00+00:00\" \/>\n<meta property=\"og:image\" content=\"https:\/\/dmcsrb.com\/wp-content\/uploads\/2026\/01\/zekovic-sa-mae.webp\" \/>\n\t<meta property=\"og:image:width\" content=\"1320\" \/>\n\t<meta property=\"og:image:height\" content=\"733\" \/>\n\t<meta property=\"og:image:type\" content=\"image\/jpeg\" \/>\n<meta name=\"author\" content=\"dmcsrbija.com@gmail.com\" \/>\n<meta name=\"twitter:card\" content=\"summary_large_image\" \/>\n<meta name=\"twitter:label1\" content=\"Written by\" \/>\n\t<meta name=\"twitter:data1\" content=\"dmcsrbija.com@gmail.com\" \/>\n\t<meta name=\"twitter:label2\" content=\"Estimated reading time\" \/>\n\t<meta name=\"twitter:data2\" content=\"2 minutes\" \/>\n<script type=\"application\/ld+json\" class=\"yoast-schema-graph\">{\"@context\":\"https:\\\/\\\/schema.org\",\"@graph\":[{\"@type\":\"Article\",\"@id\":\"https:\\\/\\\/dmcsrb.com\\\/drustvo\\\/zekovic-sa-markovicem-politika-sjecanja-obaveza-je-i-danasnjih-i-buducih-generacija\\\/#article\",\"isPartOf\":{\"@id\":\"https:\\\/\\\/dmcsrb.com\\\/drustvo\\\/zekovic-sa-markovicem-politika-sjecanja-obaveza-je-i-danasnjih-i-buducih-generacija\\\/\"},\"author\":{\"name\":\"dmcsrbija.com@gmail.com\",\"@id\":\"https:\\\/\\\/dmcsrb.com\\\/#\\\/schema\\\/person\\\/5c39170f12db1b8b457732d0b5c854e2\"},\"headline\":\"Zekovi\u0107 sa Markovi\u0107em: Politika sje\u0107anja obaveza je i dana\u0161njih i budu\u0107ih generacija\",\"datePublished\":\"2025-10-04T08:39:00+00:00\",\"mainEntityOfPage\":{\"@id\":\"https:\\\/\\\/dmcsrb.com\\\/drustvo\\\/zekovic-sa-markovicem-politika-sjecanja-obaveza-je-i-danasnjih-i-buducih-generacija\\\/\"},\"wordCount\":391,\"commentCount\":0,\"image\":{\"@id\":\"https:\\\/\\\/dmcsrb.com\\\/drustvo\\\/zekovic-sa-markovicem-politika-sjecanja-obaveza-je-i-danasnjih-i-buducih-generacija\\\/#primaryimage\"},\"thumbnailUrl\":\"https:\\\/\\\/dmcsrb.com\\\/wp-content\\\/uploads\\\/2026\\\/01\\\/zekovic-sa-mae.webp\",\"keywords\":[\"aleksandar yekovi\u0107\",\"Du\u0161ko Markovi\u0107\",\"poliika sje\u0107anja\"],\"articleSection\":[\"Dru\u0161tvo\"],\"inLanguage\":\"en-GB\",\"potentialAction\":[{\"@type\":\"CommentAction\",\"name\":\"Comment\",\"target\":[\"https:\\\/\\\/dmcsrb.com\\\/drustvo\\\/zekovic-sa-markovicem-politika-sjecanja-obaveza-je-i-danasnjih-i-buducih-generacija\\\/#respond\"]}]},{\"@type\":\"WebPage\",\"@id\":\"https:\\\/\\\/dmcsrb.com\\\/drustvo\\\/zekovic-sa-markovicem-politika-sjecanja-obaveza-je-i-danasnjih-i-buducih-generacija\\\/\",\"url\":\"https:\\\/\\\/dmcsrb.com\\\/drustvo\\\/zekovic-sa-markovicem-politika-sjecanja-obaveza-je-i-danasnjih-i-buducih-generacija\\\/\",\"name\":\"Zekovi\u0107 sa Markovi\u0107em: Politika sje\u0107anja obaveza je i dana\u0161njih i budu\u0107ih generacija - dmcsrb.com\",\"isPartOf\":{\"@id\":\"https:\\\/\\\/dmcsrb.com\\\/#website\"},\"primaryImageOfPage\":{\"@id\":\"https:\\\/\\\/dmcsrb.com\\\/drustvo\\\/zekovic-sa-markovicem-politika-sjecanja-obaveza-je-i-danasnjih-i-buducih-generacija\\\/#primaryimage\"},\"image\":{\"@id\":\"https:\\\/\\\/dmcsrb.com\\\/drustvo\\\/zekovic-sa-markovicem-politika-sjecanja-obaveza-je-i-danasnjih-i-buducih-generacija\\\/#primaryimage\"},\"thumbnailUrl\":\"https:\\\/\\\/dmcsrb.com\\\/wp-content\\\/uploads\\\/2026\\\/01\\\/zekovic-sa-mae.webp\",\"datePublished\":\"2025-10-04T08:39:00+00:00\",\"author\":{\"@id\":\"https:\\\/\\\/dmcsrb.com\\\/#\\\/schema\\\/person\\\/5c39170f12db1b8b457732d0b5c854e2\"},\"breadcrumb\":{\"@id\":\"https:\\\/\\\/dmcsrb.com\\\/drustvo\\\/zekovic-sa-markovicem-politika-sjecanja-obaveza-je-i-danasnjih-i-buducih-generacija\\\/#breadcrumb\"},\"inLanguage\":\"en-GB\",\"potentialAction\":[{\"@type\":\"ReadAction\",\"target\":[\"https:\\\/\\\/dmcsrb.com\\\/drustvo\\\/zekovic-sa-markovicem-politika-sjecanja-obaveza-je-i-danasnjih-i-buducih-generacija\\\/\"]}]},{\"@type\":\"ImageObject\",\"inLanguage\":\"en-GB\",\"@id\":\"https:\\\/\\\/dmcsrb.com\\\/drustvo\\\/zekovic-sa-markovicem-politika-sjecanja-obaveza-je-i-danasnjih-i-buducih-generacija\\\/#primaryimage\",\"url\":\"https:\\\/\\\/dmcsrb.com\\\/wp-content\\\/uploads\\\/2026\\\/01\\\/zekovic-sa-mae.webp\",\"contentUrl\":\"https:\\\/\\\/dmcsrb.com\\\/wp-content\\\/uploads\\\/2026\\\/01\\\/zekovic-sa-mae.webp\",\"width\":1320,\"height\":733},{\"@type\":\"BreadcrumbList\",\"@id\":\"https:\\\/\\\/dmcsrb.com\\\/drustvo\\\/zekovic-sa-markovicem-politika-sjecanja-obaveza-je-i-danasnjih-i-buducih-generacija\\\/#breadcrumb\",\"itemListElement\":[{\"@type\":\"ListItem\",\"position\":1,\"name\":\"Home\",\"item\":\"https:\\\/\\\/dmcsrb.com\\\/\"},{\"@type\":\"ListItem\",\"position\":2,\"name\":\"Zekovi\u0107 sa Markovi\u0107em: Politika sje\u0107anja obaveza je i dana\u0161njih i budu\u0107ih generacija\"}]},{\"@type\":\"WebSite\",\"@id\":\"https:\\\/\\\/dmcsrb.com\\\/#website\",\"url\":\"https:\\\/\\\/dmcsrb.com\\\/\",\"name\":\"dmcsrb.com\",\"description\":\"\",\"potentialAction\":[{\"@type\":\"SearchAction\",\"target\":{\"@type\":\"EntryPoint\",\"urlTemplate\":\"https:\\\/\\\/dmcsrb.com\\\/?s={search_term_string}\"},\"query-input\":{\"@type\":\"PropertyValueSpecification\",\"valueRequired\":true,\"valueName\":\"search_term_string\"}}],\"inLanguage\":\"en-GB\"},{\"@type\":\"Person\",\"@id\":\"https:\\\/\\\/dmcsrb.com\\\/#\\\/schema\\\/person\\\/5c39170f12db1b8b457732d0b5c854e2\",\"name\":\"dmcsrbija.com@gmail.com\",\"image\":{\"@type\":\"ImageObject\",\"inLanguage\":\"en-GB\",\"@id\":\"https:\\\/\\\/secure.gravatar.com\\\/avatar\\\/68592660ad6347fad0fb587f8d5d8f1a7b44961362f56e4f2cd524feb87e9069?s=96&d=mm&r=g\",\"url\":\"https:\\\/\\\/secure.gravatar.com\\\/avatar\\\/68592660ad6347fad0fb587f8d5d8f1a7b44961362f56e4f2cd524feb87e9069?s=96&d=mm&r=g\",\"contentUrl\":\"https:\\\/\\\/secure.gravatar.com\\\/avatar\\\/68592660ad6347fad0fb587f8d5d8f1a7b44961362f56e4f2cd524feb87e9069?s=96&d=mm&r=g\",\"caption\":\"dmcsrbija.com@gmail.com\"},\"sameAs\":[\"https:\\\/\\\/dmcsrb.com\"],\"url\":\"https:\\\/\\\/dmcsrb.com\\\/en\\\/author\\\/dmcsrbija-comgmail-com\\\/\"}]}<\/script>\n<!-- \/ Yoast SEO plugin. -->","yoast_head_json":{"title":"Zekovi\u0107 sa Markovi\u0107em: Politika sje\u0107anja obaveza je i dana\u0161njih i budu\u0107ih generacija - dmcsrb.com","robots":{"index":"index","follow":"follow","max-snippet":"max-snippet:-1","max-image-preview":"max-image-preview:large","max-video-preview":"max-video-preview:-1"},"canonical":"https:\/\/dmcsrb.com\/en\/drustvo\/zekovic-sa-markovicem-politika-sjecanja-obaveza-je-i-danasnjih-i-buducih-generacija\/","og_locale":"en_GB","og_type":"article","og_title":"Zekovi\u0107 sa Markovi\u0107em: Politika sje\u0107anja obaveza je i dana\u0161njih i budu\u0107ih generacija - dmcsrb.com","og_description":"Aktivista za ljudska prava i zagovornik politika sje\u0107anja Aleksandar Sa\u0161a Zekovi\u0107\u00a0razgovaro je sa predsjednikom\u00a0Stranke evropskog progresa (SEP) Du\u0161kom Markovi\u0107em\u00a0o kulturi sje\u0107anja i civilnim i nevinim \u017ertvama Drugog svjetskog rata i poslijeratnog perioda na teritoriji Crne Gore, koje su uglavnom stradale postupanjem pojedinaca i zbog, u tom trenutku, nedovoljno konsolidovanog pravnog sistema.","og_url":"https:\/\/dmcsrb.com\/en\/drustvo\/zekovic-sa-markovicem-politika-sjecanja-obaveza-je-i-danasnjih-i-buducih-generacija\/","og_site_name":"dmcsrb.com","article_published_time":"2025-10-04T08:39:00+00:00","og_image":[{"width":1320,"height":733,"url":"https:\/\/dmcsrb.com\/wp-content\/uploads\/2026\/01\/zekovic-sa-mae.webp","type":"image\/jpeg"}],"author":"dmcsrbija.com@gmail.com","twitter_card":"summary_large_image","twitter_misc":{"Written by":"dmcsrbija.com@gmail.com","Estimated reading time":"2 minutes"},"schema":{"@context":"https:\/\/schema.org","@graph":[{"@type":"Article","@id":"https:\/\/dmcsrb.com\/drustvo\/zekovic-sa-markovicem-politika-sjecanja-obaveza-je-i-danasnjih-i-buducih-generacija\/#article","isPartOf":{"@id":"https:\/\/dmcsrb.com\/drustvo\/zekovic-sa-markovicem-politika-sjecanja-obaveza-je-i-danasnjih-i-buducih-generacija\/"},"author":{"name":"dmcsrbija.com@gmail.com","@id":"https:\/\/dmcsrb.com\/#\/schema\/person\/5c39170f12db1b8b457732d0b5c854e2"},"headline":"Zekovi\u0107 sa Markovi\u0107em: Politika sje\u0107anja obaveza je i dana\u0161njih i budu\u0107ih generacija","datePublished":"2025-10-04T08:39:00+00:00","mainEntityOfPage":{"@id":"https:\/\/dmcsrb.com\/drustvo\/zekovic-sa-markovicem-politika-sjecanja-obaveza-je-i-danasnjih-i-buducih-generacija\/"},"wordCount":391,"commentCount":0,"image":{"@id":"https:\/\/dmcsrb.com\/drustvo\/zekovic-sa-markovicem-politika-sjecanja-obaveza-je-i-danasnjih-i-buducih-generacija\/#primaryimage"},"thumbnailUrl":"https:\/\/dmcsrb.com\/wp-content\/uploads\/2026\/01\/zekovic-sa-mae.webp","keywords":["aleksandar yekovi\u0107","Du\u0161ko Markovi\u0107","poliika sje\u0107anja"],"articleSection":["Dru\u0161tvo"],"inLanguage":"en-GB","potentialAction":[{"@type":"CommentAction","name":"Comment","target":["https:\/\/dmcsrb.com\/drustvo\/zekovic-sa-markovicem-politika-sjecanja-obaveza-je-i-danasnjih-i-buducih-generacija\/#respond"]}]},{"@type":"WebPage","@id":"https:\/\/dmcsrb.com\/drustvo\/zekovic-sa-markovicem-politika-sjecanja-obaveza-je-i-danasnjih-i-buducih-generacija\/","url":"https:\/\/dmcsrb.com\/drustvo\/zekovic-sa-markovicem-politika-sjecanja-obaveza-je-i-danasnjih-i-buducih-generacija\/","name":"Zekovi\u0107 sa Markovi\u0107em: Politika sje\u0107anja obaveza je i dana\u0161njih i budu\u0107ih generacija - dmcsrb.com","isPartOf":{"@id":"https:\/\/dmcsrb.com\/#website"},"primaryImageOfPage":{"@id":"https:\/\/dmcsrb.com\/drustvo\/zekovic-sa-markovicem-politika-sjecanja-obaveza-je-i-danasnjih-i-buducih-generacija\/#primaryimage"},"image":{"@id":"https:\/\/dmcsrb.com\/drustvo\/zekovic-sa-markovicem-politika-sjecanja-obaveza-je-i-danasnjih-i-buducih-generacija\/#primaryimage"},"thumbnailUrl":"https:\/\/dmcsrb.com\/wp-content\/uploads\/2026\/01\/zekovic-sa-mae.webp","datePublished":"2025-10-04T08:39:00+00:00","author":{"@id":"https:\/\/dmcsrb.com\/#\/schema\/person\/5c39170f12db1b8b457732d0b5c854e2"},"breadcrumb":{"@id":"https:\/\/dmcsrb.com\/drustvo\/zekovic-sa-markovicem-politika-sjecanja-obaveza-je-i-danasnjih-i-buducih-generacija\/#breadcrumb"},"inLanguage":"en-GB","potentialAction":[{"@type":"ReadAction","target":["https:\/\/dmcsrb.com\/drustvo\/zekovic-sa-markovicem-politika-sjecanja-obaveza-je-i-danasnjih-i-buducih-generacija\/"]}]},{"@type":"ImageObject","inLanguage":"en-GB","@id":"https:\/\/dmcsrb.com\/drustvo\/zekovic-sa-markovicem-politika-sjecanja-obaveza-je-i-danasnjih-i-buducih-generacija\/#primaryimage","url":"https:\/\/dmcsrb.com\/wp-content\/uploads\/2026\/01\/zekovic-sa-mae.webp","contentUrl":"https:\/\/dmcsrb.com\/wp-content\/uploads\/2026\/01\/zekovic-sa-mae.webp","width":1320,"height":733},{"@type":"BreadcrumbList","@id":"https:\/\/dmcsrb.com\/drustvo\/zekovic-sa-markovicem-politika-sjecanja-obaveza-je-i-danasnjih-i-buducih-generacija\/#breadcrumb","itemListElement":[{"@type":"ListItem","position":1,"name":"Home","item":"https:\/\/dmcsrb.com\/"},{"@type":"ListItem","position":2,"name":"Zekovi\u0107 sa Markovi\u0107em: Politika sje\u0107anja obaveza je i dana\u0161njih i budu\u0107ih generacija"}]},{"@type":"WebSite","@id":"https:\/\/dmcsrb.com\/#website","url":"https:\/\/dmcsrb.com\/","name":"dmcsrb.com","description":"","potentialAction":[{"@type":"SearchAction","target":{"@type":"EntryPoint","urlTemplate":"https:\/\/dmcsrb.com\/?s={search_term_string}"},"query-input":{"@type":"PropertyValueSpecification","valueRequired":true,"valueName":"search_term_string"}}],"inLanguage":"en-GB"},{"@type":"Person","@id":"https:\/\/dmcsrb.com\/#\/schema\/person\/5c39170f12db1b8b457732d0b5c854e2","name":"dmcsrbija.com@gmail.com","image":{"@type":"ImageObject","inLanguage":"en-GB","@id":"https:\/\/secure.gravatar.com\/avatar\/68592660ad6347fad0fb587f8d5d8f1a7b44961362f56e4f2cd524feb87e9069?s=96&d=mm&r=g","url":"https:\/\/secure.gravatar.com\/avatar\/68592660ad6347fad0fb587f8d5d8f1a7b44961362f56e4f2cd524feb87e9069?s=96&d=mm&r=g","contentUrl":"https:\/\/secure.gravatar.com\/avatar\/68592660ad6347fad0fb587f8d5d8f1a7b44961362f56e4f2cd524feb87e9069?s=96&d=mm&r=g","caption":"dmcsrbija.com@gmail.com"},"sameAs":["https:\/\/dmcsrb.com"],"url":"https:\/\/dmcsrb.com\/en\/author\/dmcsrbija-comgmail-com\/"}]}},"_links":{"self":[{"href":"https:\/\/dmcsrb.com\/en\/wp-json\/wp\/v2\/posts\/955754","targetHints":{"allow":["GET"]}}],"collection":[{"href":"https:\/\/dmcsrb.com\/en\/wp-json\/wp\/v2\/posts"}],"about":[{"href":"https:\/\/dmcsrb.com\/en\/wp-json\/wp\/v2\/types\/post"}],"author":[{"embeddable":true,"href":"https:\/\/dmcsrb.com\/en\/wp-json\/wp\/v2\/users\/1"}],"replies":[{"embeddable":true,"href":"https:\/\/dmcsrb.com\/en\/wp-json\/wp\/v2\/comments?post=955754"}],"version-history":[{"count":0,"href":"https:\/\/dmcsrb.com\/en\/wp-json\/wp\/v2\/posts\/955754\/revisions"}],"wp:featuredmedia":[{"embeddable":true,"href":"https:\/\/dmcsrb.com\/en\/wp-json\/wp\/v2\/media\/955755"}],"wp:attachment":[{"href":"https:\/\/dmcsrb.com\/en\/wp-json\/wp\/v2\/media?parent=955754"}],"wp:term":[{"taxonomy":"category","embeddable":true,"href":"https:\/\/dmcsrb.com\/en\/wp-json\/wp\/v2\/categories?post=955754"},{"taxonomy":"post_tag","embeddable":true,"href":"https:\/\/dmcsrb.com\/en\/wp-json\/wp\/v2\/tags?post=955754"},{"taxonomy":"naslovna","embeddable":true,"href":"https:\/\/dmcsrb.com\/en\/wp-json\/wp\/v2\/naslovna?post=955754"}],"curies":[{"name":"wp","href":"https:\/\/api.w.org\/{rel}","templated":true}]}}