{"id":955697,"date":"2025-10-03T17:30:14","date_gmt":"2025-10-03T15:30:14","guid":{"rendered":"https:\/\/dmcsrb.com\/uncategorized\/pes-bijelo-polje-na-dan-kad-im-se-hapse-bivsi-celnici-bezbjednosnog-sektora-dps-optuzuje-pes-za-svoja-djela-iz-90-ih\/"},"modified":"2025-10-03T17:30:14","modified_gmt":"2025-10-03T15:30:14","slug":"pes-bijelo-polje-na-dan-kad-im-se-hapse-bivsi-celnici-bezbjednosnog-sektora-dps-optuzuje-pes-za-svoja-djela-iz-90-ih","status":"publish","type":"post","link":"https:\/\/dmcsrb.com\/en\/politika\/pes-bijelo-polje-na-dan-kad-im-se-hapse-bivsi-celnici-bezbjednosnog-sektora-dps-optuzuje-pes-za-svoja-djela-iz-90-ih\/","title":{"rendered":"PES Bijelo Polje: Na dan kad im se hapse biv\u0161i \u010delnici bezbjednosnog sektora, DPS optu\u017euje PES za svoja djela iz 90-ih"},"content":{"rendered":"<p><\/p>\n\n\n\n<p>Ne moramo podsje\u0107ati gra\u0111ane da je upravo DPS bio na istim talasnim du\u017einama kao i Radovan Karad\u017ei\u0107 i to u vrijeme najve\u0107eg zla na ovim prostorima, kada je ratovao za mir, istakao je Petri\u0107.<\/p>\n\n\n\n<p>&#8221;DPS je bio aktivni sau\u010desnik u zlo\u010dinima 90-ih i sada \u017eeli falsifikuju\u0107i istoriju da spere ljagu sa sebe. Da je bilo pravne osnove DPS bi nagradu oduzeo jo\u0161 2016. godine, kada je sli\u010dna inicijativa podnijeta od strane gra\u0111ana. Tada su imali istovjetna obrazlo\u017eenja koja danas nazivaju nemu\u0161tima. O\u010digledno je posrijedi ucjena Bo\u0161nja\u010dke stranke tako da su ovog puta bili primorani da u\u010destvuju u instrumentalizaciji lokalnog parlamenta&#8221;, naveo je Petri\u0107.<\/p>\n\n\n\n<p>Osje\u0107amo najdublji senzibilitet prema bolnim doga\u0111ajima iz na\u0161e pro\u0161losti, ali ovakvi potezi danas nemaju smisla osim ubiranja jeftinih politi\u010dkih poena, poru\u010dio je Petri\u0107.<\/p>\n\n\n\n<p>&#8221;Indikativno je da DPS i danas potencira teme iz pro\u0161losti, naro\u010dito u danu kad im se hapse biv\u0161i \u010delnici bezbjednosnog sektora, dok PES optu\u017euju za svoja djela iz 90-ih&#8221;, zaklju\u010duje Petri\u0107.<\/p>\n\n\n\n<p><\/p>","protected":false},"excerpt":{"rendered":"<p>Poslanik PES-a u Skup\u0161tini Crne Gore i odbornik u SO Bijelo Polje Dra\u017een Petri\u0107a saop\u0161tio je kako je i vi\u0161e nego jasno da Skup\u0161tina op\u0161tine Bijelo Polje nije nadle\u017ena ni za davanje ni za uzimanje nagrade \u201eRisto Ratkovi\u0107\u201c. \u00a0<\/p>","protected":false},"author":1,"featured_media":909819,"comment_status":"open","ping_status":"open","sticky":false,"template":"","format":"standard","meta":{"_acf_changed":false,"footnotes":""},"categories":[12],"tags":[10205,63,438,100,984],"naslovna":[],"class_list":["post-955697","post","type-post","status-publish","format-standard","has-post-thumbnail","hentry","category-politika","tag-bivsi-celnici-bezbjednosnog-sektora","tag-dps","tag-drazen-petric","tag-hapsenja-2","tag-pes"],"acf":[],"yoast_head":"<!-- This site is optimized with the Yoast SEO plugin v27.4 - https:\/\/yoast.com\/product\/yoast-seo-wordpress\/ -->\n<title>PES Bijelo Polje: Na dan kad im se hapse biv\u0161i \u010delnici bezbjednosnog sektora, DPS optu\u017euje PES za svoja djela iz 90-ih - dmcsrb.com<\/title>\n<meta name=\"robots\" content=\"index, follow, max-snippet:-1, max-image-preview:large, max-video-preview:-1\" \/>\n<link rel=\"canonical\" href=\"https:\/\/dmcsrb.com\/en\/politika\/pes-bijelo-polje-na-dan-kad-im-se-hapse-bivsi-celnici-bezbjednosnog-sektora-dps-optuzuje-pes-za-svoja-djela-iz-90-ih\/\" \/>\n<meta property=\"og:locale\" content=\"en_GB\" \/>\n<meta property=\"og:type\" content=\"article\" \/>\n<meta property=\"og:title\" content=\"PES Bijelo Polje: Na dan kad im se hapse biv\u0161i \u010delnici bezbjednosnog sektora, DPS optu\u017euje PES za svoja djela iz 90-ih - dmcsrb.com\" \/>\n<meta property=\"og:description\" content=\"Poslanik PES-a u Skup\u0161tini Crne Gore i odbornik u SO Bijelo Polje Dra\u017een Petri\u0107a saop\u0161tio je kako je i vi\u0161e nego jasno da Skup\u0161tina op\u0161tine Bijelo Polje nije nadle\u017ena ni za davanje ni za uzimanje nagrade \u201eRisto Ratkovi\u0107\u201c. \u00a0\" \/>\n<meta property=\"og:url\" content=\"https:\/\/dmcsrb.com\/en\/politika\/pes-bijelo-polje-na-dan-kad-im-se-hapse-bivsi-celnici-bezbjednosnog-sektora-dps-optuzuje-pes-za-svoja-djela-iz-90-ih\/\" \/>\n<meta property=\"og:site_name\" content=\"dmcsrb.com\" \/>\n<meta property=\"article:published_time\" content=\"2025-10-03T15:30:14+00:00\" \/>\n<meta property=\"og:image\" content=\"https:\/\/dmcsrb.com\/wp-content\/uploads\/2026\/01\/pes1.jpg\" \/>\n\t<meta property=\"og:image:width\" content=\"900\" \/>\n\t<meta property=\"og:image:height\" content=\"507\" \/>\n\t<meta property=\"og:image:type\" content=\"image\/jpeg\" \/>\n<meta name=\"author\" content=\"dmcsrbija.com@gmail.com\" \/>\n<meta name=\"twitter:card\" content=\"summary_large_image\" \/>\n<meta name=\"twitter:label1\" content=\"Written by\" \/>\n\t<meta name=\"twitter:data1\" content=\"dmcsrbija.com@gmail.com\" \/>\n\t<meta name=\"twitter:label2\" content=\"Estimated reading time\" \/>\n\t<meta name=\"twitter:data2\" content=\"1 minute\" \/>\n<script type=\"application\/ld+json\" class=\"yoast-schema-graph\">{\"@context\":\"https:\\\/\\\/schema.org\",\"@graph\":[{\"@type\":\"Article\",\"@id\":\"https:\\\/\\\/dmcsrb.com\\\/politika\\\/pes-bijelo-polje-na-dan-kad-im-se-hapse-bivsi-celnici-bezbjednosnog-sektora-dps-optuzuje-pes-za-svoja-djela-iz-90-ih\\\/#article\",\"isPartOf\":{\"@id\":\"https:\\\/\\\/dmcsrb.com\\\/politika\\\/pes-bijelo-polje-na-dan-kad-im-se-hapse-bivsi-celnici-bezbjednosnog-sektora-dps-optuzuje-pes-za-svoja-djela-iz-90-ih\\\/\"},\"author\":{\"name\":\"dmcsrbija.com@gmail.com\",\"@id\":\"https:\\\/\\\/dmcsrb.com\\\/#\\\/schema\\\/person\\\/5c39170f12db1b8b457732d0b5c854e2\"},\"headline\":\"PES Bijelo Polje: Na dan kad im se hapse biv\u0161i \u010delnici bezbjednosnog sektora, DPS optu\u017euje PES za svoja djela iz 90-ih\",\"datePublished\":\"2025-10-03T15:30:14+00:00\",\"mainEntityOfPage\":{\"@id\":\"https:\\\/\\\/dmcsrb.com\\\/politika\\\/pes-bijelo-polje-na-dan-kad-im-se-hapse-bivsi-celnici-bezbjednosnog-sektora-dps-optuzuje-pes-za-svoja-djela-iz-90-ih\\\/\"},\"wordCount\":206,\"commentCount\":0,\"image\":{\"@id\":\"https:\\\/\\\/dmcsrb.com\\\/politika\\\/pes-bijelo-polje-na-dan-kad-im-se-hapse-bivsi-celnici-bezbjednosnog-sektora-dps-optuzuje-pes-za-svoja-djela-iz-90-ih\\\/#primaryimage\"},\"thumbnailUrl\":\"https:\\\/\\\/dmcsrb.com\\\/wp-content\\\/uploads\\\/2026\\\/01\\\/pes1.jpg\",\"keywords\":[\"Biv\u0161i \u010delnici bezbjednosnog sektora\",\"DPS\",\"Dra\u017een Petri\u0107\",\"hap\u0161enja\",\"PES\"],\"articleSection\":[\"Politika\"],\"inLanguage\":\"en-GB\",\"potentialAction\":[{\"@type\":\"CommentAction\",\"name\":\"Comment\",\"target\":[\"https:\\\/\\\/dmcsrb.com\\\/politika\\\/pes-bijelo-polje-na-dan-kad-im-se-hapse-bivsi-celnici-bezbjednosnog-sektora-dps-optuzuje-pes-za-svoja-djela-iz-90-ih\\\/#respond\"]}]},{\"@type\":\"WebPage\",\"@id\":\"https:\\\/\\\/dmcsrb.com\\\/politika\\\/pes-bijelo-polje-na-dan-kad-im-se-hapse-bivsi-celnici-bezbjednosnog-sektora-dps-optuzuje-pes-za-svoja-djela-iz-90-ih\\\/\",\"url\":\"https:\\\/\\\/dmcsrb.com\\\/politika\\\/pes-bijelo-polje-na-dan-kad-im-se-hapse-bivsi-celnici-bezbjednosnog-sektora-dps-optuzuje-pes-za-svoja-djela-iz-90-ih\\\/\",\"name\":\"PES Bijelo Polje: Na dan kad im se hapse biv\u0161i \u010delnici bezbjednosnog sektora, DPS optu\u017euje PES za svoja djela iz 90-ih - dmcsrb.com\",\"isPartOf\":{\"@id\":\"https:\\\/\\\/dmcsrb.com\\\/#website\"},\"primaryImageOfPage\":{\"@id\":\"https:\\\/\\\/dmcsrb.com\\\/politika\\\/pes-bijelo-polje-na-dan-kad-im-se-hapse-bivsi-celnici-bezbjednosnog-sektora-dps-optuzuje-pes-za-svoja-djela-iz-90-ih\\\/#primaryimage\"},\"image\":{\"@id\":\"https:\\\/\\\/dmcsrb.com\\\/politika\\\/pes-bijelo-polje-na-dan-kad-im-se-hapse-bivsi-celnici-bezbjednosnog-sektora-dps-optuzuje-pes-za-svoja-djela-iz-90-ih\\\/#primaryimage\"},\"thumbnailUrl\":\"https:\\\/\\\/dmcsrb.com\\\/wp-content\\\/uploads\\\/2026\\\/01\\\/pes1.jpg\",\"datePublished\":\"2025-10-03T15:30:14+00:00\",\"author\":{\"@id\":\"https:\\\/\\\/dmcsrb.com\\\/#\\\/schema\\\/person\\\/5c39170f12db1b8b457732d0b5c854e2\"},\"breadcrumb\":{\"@id\":\"https:\\\/\\\/dmcsrb.com\\\/politika\\\/pes-bijelo-polje-na-dan-kad-im-se-hapse-bivsi-celnici-bezbjednosnog-sektora-dps-optuzuje-pes-za-svoja-djela-iz-90-ih\\\/#breadcrumb\"},\"inLanguage\":\"en-GB\",\"potentialAction\":[{\"@type\":\"ReadAction\",\"target\":[\"https:\\\/\\\/dmcsrb.com\\\/politika\\\/pes-bijelo-polje-na-dan-kad-im-se-hapse-bivsi-celnici-bezbjednosnog-sektora-dps-optuzuje-pes-za-svoja-djela-iz-90-ih\\\/\"]}]},{\"@type\":\"ImageObject\",\"inLanguage\":\"en-GB\",\"@id\":\"https:\\\/\\\/dmcsrb.com\\\/politika\\\/pes-bijelo-polje-na-dan-kad-im-se-hapse-bivsi-celnici-bezbjednosnog-sektora-dps-optuzuje-pes-za-svoja-djela-iz-90-ih\\\/#primaryimage\",\"url\":\"https:\\\/\\\/dmcsrb.com\\\/wp-content\\\/uploads\\\/2026\\\/01\\\/pes1.jpg\",\"contentUrl\":\"https:\\\/\\\/dmcsrb.com\\\/wp-content\\\/uploads\\\/2026\\\/01\\\/pes1.jpg\",\"width\":900,\"height\":507},{\"@type\":\"BreadcrumbList\",\"@id\":\"https:\\\/\\\/dmcsrb.com\\\/politika\\\/pes-bijelo-polje-na-dan-kad-im-se-hapse-bivsi-celnici-bezbjednosnog-sektora-dps-optuzuje-pes-za-svoja-djela-iz-90-ih\\\/#breadcrumb\",\"itemListElement\":[{\"@type\":\"ListItem\",\"position\":1,\"name\":\"Home\",\"item\":\"https:\\\/\\\/dmcsrb.com\\\/\"},{\"@type\":\"ListItem\",\"position\":2,\"name\":\"PES Bijelo Polje: Na dan kad im se hapse biv\u0161i \u010delnici bezbjednosnog sektora, DPS optu\u017euje PES za svoja djela iz 90-ih\"}]},{\"@type\":\"WebSite\",\"@id\":\"https:\\\/\\\/dmcsrb.com\\\/#website\",\"url\":\"https:\\\/\\\/dmcsrb.com\\\/\",\"name\":\"dmcsrb.com\",\"description\":\"\",\"potentialAction\":[{\"@type\":\"SearchAction\",\"target\":{\"@type\":\"EntryPoint\",\"urlTemplate\":\"https:\\\/\\\/dmcsrb.com\\\/?s={search_term_string}\"},\"query-input\":{\"@type\":\"PropertyValueSpecification\",\"valueRequired\":true,\"valueName\":\"search_term_string\"}}],\"inLanguage\":\"en-GB\"},{\"@type\":\"Person\",\"@id\":\"https:\\\/\\\/dmcsrb.com\\\/#\\\/schema\\\/person\\\/5c39170f12db1b8b457732d0b5c854e2\",\"name\":\"dmcsrbija.com@gmail.com\",\"image\":{\"@type\":\"ImageObject\",\"inLanguage\":\"en-GB\",\"@id\":\"https:\\\/\\\/secure.gravatar.com\\\/avatar\\\/68592660ad6347fad0fb587f8d5d8f1a7b44961362f56e4f2cd524feb87e9069?s=96&d=mm&r=g\",\"url\":\"https:\\\/\\\/secure.gravatar.com\\\/avatar\\\/68592660ad6347fad0fb587f8d5d8f1a7b44961362f56e4f2cd524feb87e9069?s=96&d=mm&r=g\",\"contentUrl\":\"https:\\\/\\\/secure.gravatar.com\\\/avatar\\\/68592660ad6347fad0fb587f8d5d8f1a7b44961362f56e4f2cd524feb87e9069?s=96&d=mm&r=g\",\"caption\":\"dmcsrbija.com@gmail.com\"},\"sameAs\":[\"https:\\\/\\\/dmcsrb.com\"],\"url\":\"https:\\\/\\\/dmcsrb.com\\\/en\\\/author\\\/dmcsrbija-comgmail-com\\\/\"}]}<\/script>\n<!-- \/ Yoast SEO plugin. -->","yoast_head_json":{"title":"PES Bijelo Polje: Na dan kad im se hapse biv\u0161i \u010delnici bezbjednosnog sektora, DPS optu\u017euje PES za svoja djela iz 90-ih - dmcsrb.com","robots":{"index":"index","follow":"follow","max-snippet":"max-snippet:-1","max-image-preview":"max-image-preview:large","max-video-preview":"max-video-preview:-1"},"canonical":"https:\/\/dmcsrb.com\/en\/politika\/pes-bijelo-polje-na-dan-kad-im-se-hapse-bivsi-celnici-bezbjednosnog-sektora-dps-optuzuje-pes-za-svoja-djela-iz-90-ih\/","og_locale":"en_GB","og_type":"article","og_title":"PES Bijelo Polje: Na dan kad im se hapse biv\u0161i \u010delnici bezbjednosnog sektora, DPS optu\u017euje PES za svoja djela iz 90-ih - dmcsrb.com","og_description":"Poslanik PES-a u Skup\u0161tini Crne Gore i odbornik u SO Bijelo Polje Dra\u017een Petri\u0107a saop\u0161tio je kako je i vi\u0161e nego jasno da Skup\u0161tina op\u0161tine Bijelo Polje nije nadle\u017ena ni za davanje ni za uzimanje nagrade \u201eRisto Ratkovi\u0107\u201c. \u00a0","og_url":"https:\/\/dmcsrb.com\/en\/politika\/pes-bijelo-polje-na-dan-kad-im-se-hapse-bivsi-celnici-bezbjednosnog-sektora-dps-optuzuje-pes-za-svoja-djela-iz-90-ih\/","og_site_name":"dmcsrb.com","article_published_time":"2025-10-03T15:30:14+00:00","og_image":[{"width":900,"height":507,"url":"https:\/\/dmcsrb.com\/wp-content\/uploads\/2026\/01\/pes1.jpg","type":"image\/jpeg"}],"author":"dmcsrbija.com@gmail.com","twitter_card":"summary_large_image","twitter_misc":{"Written by":"dmcsrbija.com@gmail.com","Estimated reading time":"1 minute"},"schema":{"@context":"https:\/\/schema.org","@graph":[{"@type":"Article","@id":"https:\/\/dmcsrb.com\/politika\/pes-bijelo-polje-na-dan-kad-im-se-hapse-bivsi-celnici-bezbjednosnog-sektora-dps-optuzuje-pes-za-svoja-djela-iz-90-ih\/#article","isPartOf":{"@id":"https:\/\/dmcsrb.com\/politika\/pes-bijelo-polje-na-dan-kad-im-se-hapse-bivsi-celnici-bezbjednosnog-sektora-dps-optuzuje-pes-za-svoja-djela-iz-90-ih\/"},"author":{"name":"dmcsrbija.com@gmail.com","@id":"https:\/\/dmcsrb.com\/#\/schema\/person\/5c39170f12db1b8b457732d0b5c854e2"},"headline":"PES Bijelo Polje: Na dan kad im se hapse biv\u0161i \u010delnici bezbjednosnog sektora, DPS optu\u017euje PES za svoja djela iz 90-ih","datePublished":"2025-10-03T15:30:14+00:00","mainEntityOfPage":{"@id":"https:\/\/dmcsrb.com\/politika\/pes-bijelo-polje-na-dan-kad-im-se-hapse-bivsi-celnici-bezbjednosnog-sektora-dps-optuzuje-pes-za-svoja-djela-iz-90-ih\/"},"wordCount":206,"commentCount":0,"image":{"@id":"https:\/\/dmcsrb.com\/politika\/pes-bijelo-polje-na-dan-kad-im-se-hapse-bivsi-celnici-bezbjednosnog-sektora-dps-optuzuje-pes-za-svoja-djela-iz-90-ih\/#primaryimage"},"thumbnailUrl":"https:\/\/dmcsrb.com\/wp-content\/uploads\/2026\/01\/pes1.jpg","keywords":["Biv\u0161i \u010delnici bezbjednosnog sektora","DPS","Dra\u017een Petri\u0107","hap\u0161enja","PES"],"articleSection":["Politika"],"inLanguage":"en-GB","potentialAction":[{"@type":"CommentAction","name":"Comment","target":["https:\/\/dmcsrb.com\/politika\/pes-bijelo-polje-na-dan-kad-im-se-hapse-bivsi-celnici-bezbjednosnog-sektora-dps-optuzuje-pes-za-svoja-djela-iz-90-ih\/#respond"]}]},{"@type":"WebPage","@id":"https:\/\/dmcsrb.com\/politika\/pes-bijelo-polje-na-dan-kad-im-se-hapse-bivsi-celnici-bezbjednosnog-sektora-dps-optuzuje-pes-za-svoja-djela-iz-90-ih\/","url":"https:\/\/dmcsrb.com\/politika\/pes-bijelo-polje-na-dan-kad-im-se-hapse-bivsi-celnici-bezbjednosnog-sektora-dps-optuzuje-pes-za-svoja-djela-iz-90-ih\/","name":"PES Bijelo Polje: Na dan kad im se hapse biv\u0161i \u010delnici bezbjednosnog sektora, DPS optu\u017euje PES za svoja djela iz 90-ih - dmcsrb.com","isPartOf":{"@id":"https:\/\/dmcsrb.com\/#website"},"primaryImageOfPage":{"@id":"https:\/\/dmcsrb.com\/politika\/pes-bijelo-polje-na-dan-kad-im-se-hapse-bivsi-celnici-bezbjednosnog-sektora-dps-optuzuje-pes-za-svoja-djela-iz-90-ih\/#primaryimage"},"image":{"@id":"https:\/\/dmcsrb.com\/politika\/pes-bijelo-polje-na-dan-kad-im-se-hapse-bivsi-celnici-bezbjednosnog-sektora-dps-optuzuje-pes-za-svoja-djela-iz-90-ih\/#primaryimage"},"thumbnailUrl":"https:\/\/dmcsrb.com\/wp-content\/uploads\/2026\/01\/pes1.jpg","datePublished":"2025-10-03T15:30:14+00:00","author":{"@id":"https:\/\/dmcsrb.com\/#\/schema\/person\/5c39170f12db1b8b457732d0b5c854e2"},"breadcrumb":{"@id":"https:\/\/dmcsrb.com\/politika\/pes-bijelo-polje-na-dan-kad-im-se-hapse-bivsi-celnici-bezbjednosnog-sektora-dps-optuzuje-pes-za-svoja-djela-iz-90-ih\/#breadcrumb"},"inLanguage":"en-GB","potentialAction":[{"@type":"ReadAction","target":["https:\/\/dmcsrb.com\/politika\/pes-bijelo-polje-na-dan-kad-im-se-hapse-bivsi-celnici-bezbjednosnog-sektora-dps-optuzuje-pes-za-svoja-djela-iz-90-ih\/"]}]},{"@type":"ImageObject","inLanguage":"en-GB","@id":"https:\/\/dmcsrb.com\/politika\/pes-bijelo-polje-na-dan-kad-im-se-hapse-bivsi-celnici-bezbjednosnog-sektora-dps-optuzuje-pes-za-svoja-djela-iz-90-ih\/#primaryimage","url":"https:\/\/dmcsrb.com\/wp-content\/uploads\/2026\/01\/pes1.jpg","contentUrl":"https:\/\/dmcsrb.com\/wp-content\/uploads\/2026\/01\/pes1.jpg","width":900,"height":507},{"@type":"BreadcrumbList","@id":"https:\/\/dmcsrb.com\/politika\/pes-bijelo-polje-na-dan-kad-im-se-hapse-bivsi-celnici-bezbjednosnog-sektora-dps-optuzuje-pes-za-svoja-djela-iz-90-ih\/#breadcrumb","itemListElement":[{"@type":"ListItem","position":1,"name":"Home","item":"https:\/\/dmcsrb.com\/"},{"@type":"ListItem","position":2,"name":"PES Bijelo Polje: Na dan kad im se hapse biv\u0161i \u010delnici bezbjednosnog sektora, DPS optu\u017euje PES za svoja djela iz 90-ih"}]},{"@type":"WebSite","@id":"https:\/\/dmcsrb.com\/#website","url":"https:\/\/dmcsrb.com\/","name":"dmcsrb.com","description":"","potentialAction":[{"@type":"SearchAction","target":{"@type":"EntryPoint","urlTemplate":"https:\/\/dmcsrb.com\/?s={search_term_string}"},"query-input":{"@type":"PropertyValueSpecification","valueRequired":true,"valueName":"search_term_string"}}],"inLanguage":"en-GB"},{"@type":"Person","@id":"https:\/\/dmcsrb.com\/#\/schema\/person\/5c39170f12db1b8b457732d0b5c854e2","name":"dmcsrbija.com@gmail.com","image":{"@type":"ImageObject","inLanguage":"en-GB","@id":"https:\/\/secure.gravatar.com\/avatar\/68592660ad6347fad0fb587f8d5d8f1a7b44961362f56e4f2cd524feb87e9069?s=96&d=mm&r=g","url":"https:\/\/secure.gravatar.com\/avatar\/68592660ad6347fad0fb587f8d5d8f1a7b44961362f56e4f2cd524feb87e9069?s=96&d=mm&r=g","contentUrl":"https:\/\/secure.gravatar.com\/avatar\/68592660ad6347fad0fb587f8d5d8f1a7b44961362f56e4f2cd524feb87e9069?s=96&d=mm&r=g","caption":"dmcsrbija.com@gmail.com"},"sameAs":["https:\/\/dmcsrb.com"],"url":"https:\/\/dmcsrb.com\/en\/author\/dmcsrbija-comgmail-com\/"}]}},"_links":{"self":[{"href":"https:\/\/dmcsrb.com\/en\/wp-json\/wp\/v2\/posts\/955697","targetHints":{"allow":["GET"]}}],"collection":[{"href":"https:\/\/dmcsrb.com\/en\/wp-json\/wp\/v2\/posts"}],"about":[{"href":"https:\/\/dmcsrb.com\/en\/wp-json\/wp\/v2\/types\/post"}],"author":[{"embeddable":true,"href":"https:\/\/dmcsrb.com\/en\/wp-json\/wp\/v2\/users\/1"}],"replies":[{"embeddable":true,"href":"https:\/\/dmcsrb.com\/en\/wp-json\/wp\/v2\/comments?post=955697"}],"version-history":[{"count":0,"href":"https:\/\/dmcsrb.com\/en\/wp-json\/wp\/v2\/posts\/955697\/revisions"}],"wp:featuredmedia":[{"embeddable":true,"href":"https:\/\/dmcsrb.com\/en\/wp-json\/wp\/v2\/media\/909819"}],"wp:attachment":[{"href":"https:\/\/dmcsrb.com\/en\/wp-json\/wp\/v2\/media?parent=955697"}],"wp:term":[{"taxonomy":"category","embeddable":true,"href":"https:\/\/dmcsrb.com\/en\/wp-json\/wp\/v2\/categories?post=955697"},{"taxonomy":"post_tag","embeddable":true,"href":"https:\/\/dmcsrb.com\/en\/wp-json\/wp\/v2\/tags?post=955697"},{"taxonomy":"naslovna","embeddable":true,"href":"https:\/\/dmcsrb.com\/en\/wp-json\/wp\/v2\/naslovna?post=955697"}],"curies":[{"name":"wp","href":"https:\/\/api.w.org\/{rel}","templated":true}]}}