{"id":955636,"date":"2025-10-03T15:42:00","date_gmt":"2025-10-03T13:42:00","guid":{"rendered":"https:\/\/dmcsrb.com\/uncategorized\/saradnja-pkcg-i-saveza-izvidjaca-vazna-podrske-privrede-projektu-boranka\/"},"modified":"2025-10-03T15:42:00","modified_gmt":"2025-10-03T13:42:00","slug":"saradnja-pkcg-i-saveza-izvidjaca-vazna-podrske-privrede-projektu-boranka","status":"publish","type":"post","link":"https:\/\/dmcsrb.com\/en\/drustvo\/saradnja-pkcg-i-saveza-izvidjaca-vazna-podrske-privrede-projektu-boranka\/","title":{"rendered":"Saradnja PKCG i Saveza izvi\u0111a\u010da: Va\u017ena podr\u0161ke privrede projektu \u201eBoranka\u201c"},"content":{"rendered":"<p>&#8220;Cilj saradnje PKCG i SICG bi\u0107e zajedni\u010dko djelovanje u oblasti po\u0161umljavanja, edukacije i dru\u0161tvene odgovornosti, kroz promociju volonterizma, odr\u017eivog razvoja i ekolo\u0161ke svijesti me\u0111u gra\u0111anima i privrednim subjektima&#8221;, navodi se u saop\u0161tenju.<\/p>\n\n\n\n<p>Predsjednica PKCG dr Nina Draki\u0107 je, kako ka\u017eu, istakla da projekti poput Boranke predstavljaju vi\u0161e od simboli\u010dne sadnje stabala \u2013 oni su konkretan doprinos odr\u017eivoj budu\u0107nosti.<\/p>\n\n\n\n<p>\u201ePrivredna komora Crne Gore, kao krovna institucija crnogorske privrede, prepoznaje va\u017enost dru\u0161tveno odgovornog djelovanja. Vjerujemo da odgovoran odnos prema prirodi i lokalnim zajednicama ne samo da ja\u010da imid\u017e preduze\u0107a, ve\u0107 i doprinosi stvaranju stabilnog, zdravog i odr\u017eivog dru\u0161tva\u201c, kazala je predsjednica Draki\u0107.<\/p>\n\n\n\n<p>Saradnja \u0107e se odvijati kroz zajedni\u010dko planiranje i sprovo\u0111enje aktivnosti u okviru projekta, razmjenu informacija i koordinaciju aktivnosti, u\u010de\u0161\u0107e predstavnika obje strane na doga\u0111ajima vezanim za projekat, mogu\u0107e zajedni\u010dke nastupe u javnosti, medijima i kampanjama promocije projekta. Privredna komora \u0107e pru\u017eiti podr\u0161ku realizaciji projekta kroz logisti\u010dku, organizacionu i\/ili finansijsku pomo\u0107, u skladu sa mogu\u0107nostima, promovisati ga me\u0111u \u010dlanicama PKCG i podsticati ih na uklju\u010divanje u njegove aktivnosti.<\/p>\n\n\n\n<p>Predsjednik SICG Peko Vukadinovi\u0107 je kazao da Savez i Komoru vezuje i to \u0161to su obje organizacije osnovane 1928. godine, te da \u0107e uskoro proslaviti vijek uspje\u0161nog trajanja. Isti\u010de da svi dru\u0161tveni akteri treba da doprinesu po\u0161umljavanju u po\u017earnom podru\u010dju kako bi se sprije\u010dila erozija terena, te izrazio uvjerenje da \u0107e do kraja godine uspjeti da dostignu i vi\u0161e od 70.000 posa\u0111enih stabala.<\/p>\n\n\n\n<p>\u201ePodr\u0161ka Privredne komore naro\u010dito nam zna\u010di u segmentu promocije ovog projekta koji sve vi\u0161e okuplja ljude. Va\u017eno je da na\u0161e kompanije vi\u0161e prepoznaju va\u017enost uloge koju bi mogle imati u ovom projektu i daju mu svoju podr\u0161ku\u201c, kazao je Vukadinovi\u0107.<\/p>\n\n\n\n<p>U saop\u0161tenju zaklju\u010duju da su u radu sastanka u\u010destvovali Borislav Jovovi\u0107, generalni sekretar Saveza izvi\u0111a\u010da Crne Gore, Eleonora Albijani\u0107, savjetnica predsjednice za odnose s javnostima i Slavica Pavlovi\u0107, direktorica Sektora udru\u017eenja u PKCG.<\/p>","protected":false},"excerpt":{"rendered":"<p>Predsjednica Privredne komore Crne Gore dr Nina Draki\u0107 i predsjednik Saveza izvi\u0111a\u010da Crne Gore Peko Vukadinovi\u0107 potpisali su Memorandum o saradnji ove dvije organizacije na realizaciji projekta \u201eBoranka u Crnoj Gori\u201c, najve\u0107oj volonterskoj inicijativi za po\u0161umljavanje opo\u017earenih podru\u010dja u na\u0161oj zemlji, saop\u0161teno je iz Privredne komore Crne Gore.<\/p>","protected":false},"author":1,"featured_media":955637,"comment_status":"open","ping_status":"open","sticky":false,"template":"","format":"standard","meta":{"_acf_changed":false,"footnotes":""},"categories":[2],"tags":[3438,10168,9754],"naslovna":[],"class_list":["post-955636","post","type-post","status-publish","format-standard","has-post-thumbnail","hentry","category-drustvo","tag-memorandum","tag-privredna-komora-crne-gore","tag-savez-izvidjaca"],"acf":[],"yoast_head":"<!-- This site is optimized with the Yoast SEO plugin v27.4 - https:\/\/yoast.com\/product\/yoast-seo-wordpress\/ -->\n<title>Saradnja PKCG i Saveza izvi\u0111a\u010da: Va\u017ena podr\u0161ke privrede projektu \u201eBoranka\u201c - dmcsrb.com<\/title>\n<meta name=\"robots\" content=\"index, follow, max-snippet:-1, max-image-preview:large, max-video-preview:-1\" \/>\n<link rel=\"canonical\" href=\"https:\/\/dmcsrb.com\/en\/drustvo\/saradnja-pkcg-i-saveza-izvidjaca-vazna-podrske-privrede-projektu-boranka\/\" \/>\n<meta property=\"og:locale\" content=\"en_GB\" \/>\n<meta property=\"og:type\" content=\"article\" \/>\n<meta property=\"og:title\" content=\"Saradnja PKCG i Saveza izvi\u0111a\u010da: Va\u017ena podr\u0161ke privrede projektu \u201eBoranka\u201c - dmcsrb.com\" \/>\n<meta property=\"og:description\" content=\"Predsjednica Privredne komore Crne Gore dr Nina Draki\u0107 i predsjednik Saveza izvi\u0111a\u010da Crne Gore Peko Vukadinovi\u0107 potpisali su Memorandum o saradnji ove dvije organizacije na realizaciji projekta \u201eBoranka u Crnoj Gori\u201c, najve\u0107oj volonterskoj inicijativi za po\u0161umljavanje opo\u017earenih podru\u010dja u na\u0161oj zemlji, saop\u0161teno je iz Privredne komore Crne Gore.\" \/>\n<meta property=\"og:url\" content=\"https:\/\/dmcsrb.com\/en\/drustvo\/saradnja-pkcg-i-saveza-izvidjaca-vazna-podrske-privrede-projektu-boranka\/\" \/>\n<meta property=\"og:site_name\" content=\"dmcsrb.com\" \/>\n<meta property=\"article:published_time\" content=\"2025-10-03T13:42:00+00:00\" \/>\n<meta property=\"og:image\" content=\"https:\/\/dmcsrb.com\/wp-content\/uploads\/2026\/01\/Privredna-komora-memorandum.webp\" \/>\n\t<meta property=\"og:image:width\" content=\"945\" \/>\n\t<meta property=\"og:image:height\" content=\"631\" \/>\n\t<meta property=\"og:image:type\" content=\"image\/jpeg\" \/>\n<meta name=\"author\" content=\"dmcsrbija.com@gmail.com\" \/>\n<meta name=\"twitter:card\" content=\"summary_large_image\" \/>\n<meta name=\"twitter:label1\" content=\"Written by\" \/>\n\t<meta name=\"twitter:data1\" content=\"dmcsrbija.com@gmail.com\" \/>\n\t<meta name=\"twitter:label2\" content=\"Estimated reading time\" \/>\n\t<meta name=\"twitter:data2\" content=\"2 minutes\" \/>\n<script type=\"application\/ld+json\" class=\"yoast-schema-graph\">{\"@context\":\"https:\\\/\\\/schema.org\",\"@graph\":[{\"@type\":\"Article\",\"@id\":\"https:\\\/\\\/dmcsrb.com\\\/drustvo\\\/saradnja-pkcg-i-saveza-izvidjaca-vazna-podrske-privrede-projektu-boranka\\\/#article\",\"isPartOf\":{\"@id\":\"https:\\\/\\\/dmcsrb.com\\\/drustvo\\\/saradnja-pkcg-i-saveza-izvidjaca-vazna-podrske-privrede-projektu-boranka\\\/\"},\"author\":{\"name\":\"dmcsrbija.com@gmail.com\",\"@id\":\"https:\\\/\\\/dmcsrb.com\\\/#\\\/schema\\\/person\\\/5c39170f12db1b8b457732d0b5c854e2\"},\"headline\":\"Saradnja PKCG i Saveza izvi\u0111a\u010da: Va\u017ena podr\u0161ke privrede projektu \u201eBoranka\u201c\",\"datePublished\":\"2025-10-03T13:42:00+00:00\",\"mainEntityOfPage\":{\"@id\":\"https:\\\/\\\/dmcsrb.com\\\/drustvo\\\/saradnja-pkcg-i-saveza-izvidjaca-vazna-podrske-privrede-projektu-boranka\\\/\"},\"wordCount\":372,\"commentCount\":0,\"image\":{\"@id\":\"https:\\\/\\\/dmcsrb.com\\\/drustvo\\\/saradnja-pkcg-i-saveza-izvidjaca-vazna-podrske-privrede-projektu-boranka\\\/#primaryimage\"},\"thumbnailUrl\":\"https:\\\/\\\/dmcsrb.com\\\/wp-content\\\/uploads\\\/2026\\\/01\\\/Privredna-komora-memorandum.webp\",\"keywords\":[\"memorandum\",\"Privredna komora Crne Gore\",\"Savez izvi\u0111a\u010da\"],\"articleSection\":[\"Dru\u0161tvo\"],\"inLanguage\":\"en-GB\",\"potentialAction\":[{\"@type\":\"CommentAction\",\"name\":\"Comment\",\"target\":[\"https:\\\/\\\/dmcsrb.com\\\/drustvo\\\/saradnja-pkcg-i-saveza-izvidjaca-vazna-podrske-privrede-projektu-boranka\\\/#respond\"]}]},{\"@type\":\"WebPage\",\"@id\":\"https:\\\/\\\/dmcsrb.com\\\/drustvo\\\/saradnja-pkcg-i-saveza-izvidjaca-vazna-podrske-privrede-projektu-boranka\\\/\",\"url\":\"https:\\\/\\\/dmcsrb.com\\\/drustvo\\\/saradnja-pkcg-i-saveza-izvidjaca-vazna-podrske-privrede-projektu-boranka\\\/\",\"name\":\"Saradnja PKCG i Saveza izvi\u0111a\u010da: Va\u017ena podr\u0161ke privrede projektu \u201eBoranka\u201c - dmcsrb.com\",\"isPartOf\":{\"@id\":\"https:\\\/\\\/dmcsrb.com\\\/#website\"},\"primaryImageOfPage\":{\"@id\":\"https:\\\/\\\/dmcsrb.com\\\/drustvo\\\/saradnja-pkcg-i-saveza-izvidjaca-vazna-podrske-privrede-projektu-boranka\\\/#primaryimage\"},\"image\":{\"@id\":\"https:\\\/\\\/dmcsrb.com\\\/drustvo\\\/saradnja-pkcg-i-saveza-izvidjaca-vazna-podrske-privrede-projektu-boranka\\\/#primaryimage\"},\"thumbnailUrl\":\"https:\\\/\\\/dmcsrb.com\\\/wp-content\\\/uploads\\\/2026\\\/01\\\/Privredna-komora-memorandum.webp\",\"datePublished\":\"2025-10-03T13:42:00+00:00\",\"author\":{\"@id\":\"https:\\\/\\\/dmcsrb.com\\\/#\\\/schema\\\/person\\\/5c39170f12db1b8b457732d0b5c854e2\"},\"breadcrumb\":{\"@id\":\"https:\\\/\\\/dmcsrb.com\\\/drustvo\\\/saradnja-pkcg-i-saveza-izvidjaca-vazna-podrske-privrede-projektu-boranka\\\/#breadcrumb\"},\"inLanguage\":\"en-GB\",\"potentialAction\":[{\"@type\":\"ReadAction\",\"target\":[\"https:\\\/\\\/dmcsrb.com\\\/drustvo\\\/saradnja-pkcg-i-saveza-izvidjaca-vazna-podrske-privrede-projektu-boranka\\\/\"]}]},{\"@type\":\"ImageObject\",\"inLanguage\":\"en-GB\",\"@id\":\"https:\\\/\\\/dmcsrb.com\\\/drustvo\\\/saradnja-pkcg-i-saveza-izvidjaca-vazna-podrske-privrede-projektu-boranka\\\/#primaryimage\",\"url\":\"https:\\\/\\\/dmcsrb.com\\\/wp-content\\\/uploads\\\/2026\\\/01\\\/Privredna-komora-memorandum.webp\",\"contentUrl\":\"https:\\\/\\\/dmcsrb.com\\\/wp-content\\\/uploads\\\/2026\\\/01\\\/Privredna-komora-memorandum.webp\",\"width\":945,\"height\":631},{\"@type\":\"BreadcrumbList\",\"@id\":\"https:\\\/\\\/dmcsrb.com\\\/drustvo\\\/saradnja-pkcg-i-saveza-izvidjaca-vazna-podrske-privrede-projektu-boranka\\\/#breadcrumb\",\"itemListElement\":[{\"@type\":\"ListItem\",\"position\":1,\"name\":\"Home\",\"item\":\"https:\\\/\\\/dmcsrb.com\\\/\"},{\"@type\":\"ListItem\",\"position\":2,\"name\":\"Saradnja PKCG i Saveza izvi\u0111a\u010da: Va\u017ena podr\u0161ke privrede projektu \u201eBoranka\u201c\"}]},{\"@type\":\"WebSite\",\"@id\":\"https:\\\/\\\/dmcsrb.com\\\/#website\",\"url\":\"https:\\\/\\\/dmcsrb.com\\\/\",\"name\":\"dmcsrb.com\",\"description\":\"\",\"potentialAction\":[{\"@type\":\"SearchAction\",\"target\":{\"@type\":\"EntryPoint\",\"urlTemplate\":\"https:\\\/\\\/dmcsrb.com\\\/?s={search_term_string}\"},\"query-input\":{\"@type\":\"PropertyValueSpecification\",\"valueRequired\":true,\"valueName\":\"search_term_string\"}}],\"inLanguage\":\"en-GB\"},{\"@type\":\"Person\",\"@id\":\"https:\\\/\\\/dmcsrb.com\\\/#\\\/schema\\\/person\\\/5c39170f12db1b8b457732d0b5c854e2\",\"name\":\"dmcsrbija.com@gmail.com\",\"image\":{\"@type\":\"ImageObject\",\"inLanguage\":\"en-GB\",\"@id\":\"https:\\\/\\\/secure.gravatar.com\\\/avatar\\\/68592660ad6347fad0fb587f8d5d8f1a7b44961362f56e4f2cd524feb87e9069?s=96&d=mm&r=g\",\"url\":\"https:\\\/\\\/secure.gravatar.com\\\/avatar\\\/68592660ad6347fad0fb587f8d5d8f1a7b44961362f56e4f2cd524feb87e9069?s=96&d=mm&r=g\",\"contentUrl\":\"https:\\\/\\\/secure.gravatar.com\\\/avatar\\\/68592660ad6347fad0fb587f8d5d8f1a7b44961362f56e4f2cd524feb87e9069?s=96&d=mm&r=g\",\"caption\":\"dmcsrbija.com@gmail.com\"},\"sameAs\":[\"https:\\\/\\\/dmcsrb.com\"],\"url\":\"https:\\\/\\\/dmcsrb.com\\\/en\\\/author\\\/dmcsrbija-comgmail-com\\\/\"}]}<\/script>\n<!-- \/ Yoast SEO plugin. -->","yoast_head_json":{"title":"Saradnja PKCG i Saveza izvi\u0111a\u010da: Va\u017ena podr\u0161ke privrede projektu \u201eBoranka\u201c - dmcsrb.com","robots":{"index":"index","follow":"follow","max-snippet":"max-snippet:-1","max-image-preview":"max-image-preview:large","max-video-preview":"max-video-preview:-1"},"canonical":"https:\/\/dmcsrb.com\/en\/drustvo\/saradnja-pkcg-i-saveza-izvidjaca-vazna-podrske-privrede-projektu-boranka\/","og_locale":"en_GB","og_type":"article","og_title":"Saradnja PKCG i Saveza izvi\u0111a\u010da: Va\u017ena podr\u0161ke privrede projektu \u201eBoranka\u201c - dmcsrb.com","og_description":"Predsjednica Privredne komore Crne Gore dr Nina Draki\u0107 i predsjednik Saveza izvi\u0111a\u010da Crne Gore Peko Vukadinovi\u0107 potpisali su Memorandum o saradnji ove dvije organizacije na realizaciji projekta \u201eBoranka u Crnoj Gori\u201c, najve\u0107oj volonterskoj inicijativi za po\u0161umljavanje opo\u017earenih podru\u010dja u na\u0161oj zemlji, saop\u0161teno je iz Privredne komore Crne Gore.","og_url":"https:\/\/dmcsrb.com\/en\/drustvo\/saradnja-pkcg-i-saveza-izvidjaca-vazna-podrske-privrede-projektu-boranka\/","og_site_name":"dmcsrb.com","article_published_time":"2025-10-03T13:42:00+00:00","og_image":[{"width":945,"height":631,"url":"https:\/\/dmcsrb.com\/wp-content\/uploads\/2026\/01\/Privredna-komora-memorandum.webp","type":"image\/jpeg"}],"author":"dmcsrbija.com@gmail.com","twitter_card":"summary_large_image","twitter_misc":{"Written by":"dmcsrbija.com@gmail.com","Estimated reading time":"2 minutes"},"schema":{"@context":"https:\/\/schema.org","@graph":[{"@type":"Article","@id":"https:\/\/dmcsrb.com\/drustvo\/saradnja-pkcg-i-saveza-izvidjaca-vazna-podrske-privrede-projektu-boranka\/#article","isPartOf":{"@id":"https:\/\/dmcsrb.com\/drustvo\/saradnja-pkcg-i-saveza-izvidjaca-vazna-podrske-privrede-projektu-boranka\/"},"author":{"name":"dmcsrbija.com@gmail.com","@id":"https:\/\/dmcsrb.com\/#\/schema\/person\/5c39170f12db1b8b457732d0b5c854e2"},"headline":"Saradnja PKCG i Saveza izvi\u0111a\u010da: Va\u017ena podr\u0161ke privrede projektu \u201eBoranka\u201c","datePublished":"2025-10-03T13:42:00+00:00","mainEntityOfPage":{"@id":"https:\/\/dmcsrb.com\/drustvo\/saradnja-pkcg-i-saveza-izvidjaca-vazna-podrske-privrede-projektu-boranka\/"},"wordCount":372,"commentCount":0,"image":{"@id":"https:\/\/dmcsrb.com\/drustvo\/saradnja-pkcg-i-saveza-izvidjaca-vazna-podrske-privrede-projektu-boranka\/#primaryimage"},"thumbnailUrl":"https:\/\/dmcsrb.com\/wp-content\/uploads\/2026\/01\/Privredna-komora-memorandum.webp","keywords":["memorandum","Privredna komora Crne Gore","Savez izvi\u0111a\u010da"],"articleSection":["Dru\u0161tvo"],"inLanguage":"en-GB","potentialAction":[{"@type":"CommentAction","name":"Comment","target":["https:\/\/dmcsrb.com\/drustvo\/saradnja-pkcg-i-saveza-izvidjaca-vazna-podrske-privrede-projektu-boranka\/#respond"]}]},{"@type":"WebPage","@id":"https:\/\/dmcsrb.com\/drustvo\/saradnja-pkcg-i-saveza-izvidjaca-vazna-podrske-privrede-projektu-boranka\/","url":"https:\/\/dmcsrb.com\/drustvo\/saradnja-pkcg-i-saveza-izvidjaca-vazna-podrske-privrede-projektu-boranka\/","name":"Saradnja PKCG i Saveza izvi\u0111a\u010da: Va\u017ena podr\u0161ke privrede projektu \u201eBoranka\u201c - dmcsrb.com","isPartOf":{"@id":"https:\/\/dmcsrb.com\/#website"},"primaryImageOfPage":{"@id":"https:\/\/dmcsrb.com\/drustvo\/saradnja-pkcg-i-saveza-izvidjaca-vazna-podrske-privrede-projektu-boranka\/#primaryimage"},"image":{"@id":"https:\/\/dmcsrb.com\/drustvo\/saradnja-pkcg-i-saveza-izvidjaca-vazna-podrske-privrede-projektu-boranka\/#primaryimage"},"thumbnailUrl":"https:\/\/dmcsrb.com\/wp-content\/uploads\/2026\/01\/Privredna-komora-memorandum.webp","datePublished":"2025-10-03T13:42:00+00:00","author":{"@id":"https:\/\/dmcsrb.com\/#\/schema\/person\/5c39170f12db1b8b457732d0b5c854e2"},"breadcrumb":{"@id":"https:\/\/dmcsrb.com\/drustvo\/saradnja-pkcg-i-saveza-izvidjaca-vazna-podrske-privrede-projektu-boranka\/#breadcrumb"},"inLanguage":"en-GB","potentialAction":[{"@type":"ReadAction","target":["https:\/\/dmcsrb.com\/drustvo\/saradnja-pkcg-i-saveza-izvidjaca-vazna-podrske-privrede-projektu-boranka\/"]}]},{"@type":"ImageObject","inLanguage":"en-GB","@id":"https:\/\/dmcsrb.com\/drustvo\/saradnja-pkcg-i-saveza-izvidjaca-vazna-podrske-privrede-projektu-boranka\/#primaryimage","url":"https:\/\/dmcsrb.com\/wp-content\/uploads\/2026\/01\/Privredna-komora-memorandum.webp","contentUrl":"https:\/\/dmcsrb.com\/wp-content\/uploads\/2026\/01\/Privredna-komora-memorandum.webp","width":945,"height":631},{"@type":"BreadcrumbList","@id":"https:\/\/dmcsrb.com\/drustvo\/saradnja-pkcg-i-saveza-izvidjaca-vazna-podrske-privrede-projektu-boranka\/#breadcrumb","itemListElement":[{"@type":"ListItem","position":1,"name":"Home","item":"https:\/\/dmcsrb.com\/"},{"@type":"ListItem","position":2,"name":"Saradnja PKCG i Saveza izvi\u0111a\u010da: Va\u017ena podr\u0161ke privrede projektu \u201eBoranka\u201c"}]},{"@type":"WebSite","@id":"https:\/\/dmcsrb.com\/#website","url":"https:\/\/dmcsrb.com\/","name":"dmcsrb.com","description":"","potentialAction":[{"@type":"SearchAction","target":{"@type":"EntryPoint","urlTemplate":"https:\/\/dmcsrb.com\/?s={search_term_string}"},"query-input":{"@type":"PropertyValueSpecification","valueRequired":true,"valueName":"search_term_string"}}],"inLanguage":"en-GB"},{"@type":"Person","@id":"https:\/\/dmcsrb.com\/#\/schema\/person\/5c39170f12db1b8b457732d0b5c854e2","name":"dmcsrbija.com@gmail.com","image":{"@type":"ImageObject","inLanguage":"en-GB","@id":"https:\/\/secure.gravatar.com\/avatar\/68592660ad6347fad0fb587f8d5d8f1a7b44961362f56e4f2cd524feb87e9069?s=96&d=mm&r=g","url":"https:\/\/secure.gravatar.com\/avatar\/68592660ad6347fad0fb587f8d5d8f1a7b44961362f56e4f2cd524feb87e9069?s=96&d=mm&r=g","contentUrl":"https:\/\/secure.gravatar.com\/avatar\/68592660ad6347fad0fb587f8d5d8f1a7b44961362f56e4f2cd524feb87e9069?s=96&d=mm&r=g","caption":"dmcsrbija.com@gmail.com"},"sameAs":["https:\/\/dmcsrb.com"],"url":"https:\/\/dmcsrb.com\/en\/author\/dmcsrbija-comgmail-com\/"}]}},"_links":{"self":[{"href":"https:\/\/dmcsrb.com\/en\/wp-json\/wp\/v2\/posts\/955636","targetHints":{"allow":["GET"]}}],"collection":[{"href":"https:\/\/dmcsrb.com\/en\/wp-json\/wp\/v2\/posts"}],"about":[{"href":"https:\/\/dmcsrb.com\/en\/wp-json\/wp\/v2\/types\/post"}],"author":[{"embeddable":true,"href":"https:\/\/dmcsrb.com\/en\/wp-json\/wp\/v2\/users\/1"}],"replies":[{"embeddable":true,"href":"https:\/\/dmcsrb.com\/en\/wp-json\/wp\/v2\/comments?post=955636"}],"version-history":[{"count":0,"href":"https:\/\/dmcsrb.com\/en\/wp-json\/wp\/v2\/posts\/955636\/revisions"}],"wp:featuredmedia":[{"embeddable":true,"href":"https:\/\/dmcsrb.com\/en\/wp-json\/wp\/v2\/media\/955637"}],"wp:attachment":[{"href":"https:\/\/dmcsrb.com\/en\/wp-json\/wp\/v2\/media?parent=955636"}],"wp:term":[{"taxonomy":"category","embeddable":true,"href":"https:\/\/dmcsrb.com\/en\/wp-json\/wp\/v2\/categories?post=955636"},{"taxonomy":"post_tag","embeddable":true,"href":"https:\/\/dmcsrb.com\/en\/wp-json\/wp\/v2\/tags?post=955636"},{"taxonomy":"naslovna","embeddable":true,"href":"https:\/\/dmcsrb.com\/en\/wp-json\/wp\/v2\/naslovna?post=955636"}],"curies":[{"name":"wp","href":"https:\/\/api.w.org\/{rel}","templated":true}]}}