{"id":955605,"date":"2025-10-03T13:18:00","date_gmt":"2025-10-03T11:18:00","guid":{"rendered":"https:\/\/dmcsrb.com\/uncategorized\/krnic-slovenska-plaza-pripada-gradjanima-a-ne-privatnim-interesima\/"},"modified":"2025-10-03T13:18:00","modified_gmt":"2025-10-03T11:18:00","slug":"krnic-slovenska-plaza-pripada-gradjanima-a-ne-privatnim-interesima","status":"publish","type":"post","link":"https:\/\/dmcsrb.com\/en\/ekonomija\/krnic-slovenska-plaza-pripada-gradjanima-a-ne-privatnim-interesima\/","title":{"rendered":"Krni\u0107: Slovenska pla\u017ea pripada gra\u0111anima, a ne privatnim interesima"},"content":{"rendered":"<p><\/p>\n\n\n\n<p>\u201cRadi se o problemu koji nije samo pitanje vlasni\u0161tva, ve\u0107 je to stvar odnosa prema zajednici i budu\u0107nosti grada\u201d, istakao je Mirza Krni\u0107.<\/p>\n\n\n\n<p>Slovenska pla\u017ea, dodaje on, nije samo zelena povr\u0161ina i zajedni\u010dki prostor gra\u0111ana Budve, ve\u0107 i jedinstveno uobli\u010den prostor koji samoj Budvi daje prepoznatljvost i kop\u010du sa prethodnim vremenima kada se prostor planirao i pa\u017eljivo oblikovao.<\/p>\n\n\n\n<p>\u201cOna ne smije postati jo\u0161 jedna \u017ertva betonizacije i sumnjivih privatizacija koje su godinama uni\u0161tavale obalu Crne Gore. Ujedno pozivamo i na sveobuhvatni dijalog sa lokalnom zajednicom kako se ne bi ni\u010dim naru\u0161io koncept kojim je Budvanska rivijera prepoznatljiv ne samo posolavni i turisti\u010dki, ve\u0107 i funkcionalni dio Budve\u201d, isti\u010de Mirza Krni\u0107.<\/p>","protected":false},"excerpt":{"rendered":"<p>Preokret podr\u017eava za sjutra najavljeni protest gra\u0111ana Budve protiv namjere da se Budvanska rivijera, a posebno Slovenska pla\u017ea, preda u privatne ruke, kazao je\u00a0Mirza Krni\u0107.<\/p>","protected":false},"author":1,"featured_media":913063,"comment_status":"open","ping_status":"open","sticky":false,"template":"","format":"standard","meta":{"_acf_changed":false,"footnotes":""},"categories":[27],"tags":[10152,10153,878],"naslovna":[],"class_list":["post-955605","post","type-post","status-publish","format-standard","has-post-thumbnail","hentry","category-ekonomija","tag-interesi","tag-krnic","tag-slovenska-plaza"],"acf":[],"yoast_head":"<!-- This site is optimized with the Yoast SEO plugin v27.4 - https:\/\/yoast.com\/product\/yoast-seo-wordpress\/ -->\n<title>Krni\u0107: Slovenska pla\u017ea pripada gra\u0111anima, a ne privatnim interesima - dmcsrb.com<\/title>\n<meta name=\"robots\" content=\"index, follow, max-snippet:-1, max-image-preview:large, max-video-preview:-1\" \/>\n<link rel=\"canonical\" href=\"https:\/\/dmcsrb.com\/en\/ekonomija\/krnic-slovenska-plaza-pripada-gradjanima-a-ne-privatnim-interesima\/\" \/>\n<meta property=\"og:locale\" content=\"en_GB\" \/>\n<meta property=\"og:type\" content=\"article\" \/>\n<meta property=\"og:title\" content=\"Krni\u0107: Slovenska pla\u017ea pripada gra\u0111anima, a ne privatnim interesima - dmcsrb.com\" \/>\n<meta property=\"og:description\" content=\"Preokret podr\u017eava za sjutra najavljeni protest gra\u0111ana Budve protiv namjere da se Budvanska rivijera, a posebno Slovenska pla\u017ea, preda u privatne ruke, kazao je\u00a0Mirza Krni\u0107.\" \/>\n<meta property=\"og:url\" content=\"https:\/\/dmcsrb.com\/en\/ekonomija\/krnic-slovenska-plaza-pripada-gradjanima-a-ne-privatnim-interesima\/\" \/>\n<meta property=\"og:site_name\" content=\"dmcsrb.com\" \/>\n<meta property=\"article:published_time\" content=\"2025-10-03T11:18:00+00:00\" \/>\n<meta property=\"og:image\" content=\"https:\/\/dmcsrb.com\/wp-content\/uploads\/2026\/01\/Mirza-Krnic-scaled-1.jpg\" \/>\n\t<meta property=\"og:image:width\" content=\"2560\" \/>\n\t<meta property=\"og:image:height\" content=\"1707\" \/>\n\t<meta property=\"og:image:type\" content=\"image\/jpeg\" \/>\n<meta name=\"author\" content=\"dmcsrbija.com@gmail.com\" \/>\n<meta name=\"twitter:card\" content=\"summary_large_image\" \/>\n<meta name=\"twitter:label1\" content=\"Written by\" \/>\n\t<meta name=\"twitter:data1\" content=\"dmcsrbija.com@gmail.com\" \/>\n\t<meta name=\"twitter:label2\" content=\"Estimated reading time\" \/>\n\t<meta name=\"twitter:data2\" content=\"1 minute\" \/>\n<script type=\"application\/ld+json\" class=\"yoast-schema-graph\">{\"@context\":\"https:\\\/\\\/schema.org\",\"@graph\":[{\"@type\":\"Article\",\"@id\":\"https:\\\/\\\/dmcsrb.com\\\/ekonomija\\\/krnic-slovenska-plaza-pripada-gradjanima-a-ne-privatnim-interesima\\\/#article\",\"isPartOf\":{\"@id\":\"https:\\\/\\\/dmcsrb.com\\\/ekonomija\\\/krnic-slovenska-plaza-pripada-gradjanima-a-ne-privatnim-interesima\\\/\"},\"author\":{\"name\":\"dmcsrbija.com@gmail.com\",\"@id\":\"https:\\\/\\\/dmcsrb.com\\\/#\\\/schema\\\/person\\\/5c39170f12db1b8b457732d0b5c854e2\"},\"headline\":\"Krni\u0107: Slovenska pla\u017ea pripada gra\u0111anima, a ne privatnim interesima\",\"datePublished\":\"2025-10-03T11:18:00+00:00\",\"mainEntityOfPage\":{\"@id\":\"https:\\\/\\\/dmcsrb.com\\\/ekonomija\\\/krnic-slovenska-plaza-pripada-gradjanima-a-ne-privatnim-interesima\\\/\"},\"wordCount\":135,\"commentCount\":0,\"image\":{\"@id\":\"https:\\\/\\\/dmcsrb.com\\\/ekonomija\\\/krnic-slovenska-plaza-pripada-gradjanima-a-ne-privatnim-interesima\\\/#primaryimage\"},\"thumbnailUrl\":\"https:\\\/\\\/dmcsrb.com\\\/wp-content\\\/uploads\\\/2026\\\/01\\\/Mirza-Krnic-scaled-1.jpg\",\"keywords\":[\"interesi\",\"krni\u0107\",\"slovenska pla\u017ea\"],\"articleSection\":[\"Ekonomija\"],\"inLanguage\":\"en-GB\",\"potentialAction\":[{\"@type\":\"CommentAction\",\"name\":\"Comment\",\"target\":[\"https:\\\/\\\/dmcsrb.com\\\/ekonomija\\\/krnic-slovenska-plaza-pripada-gradjanima-a-ne-privatnim-interesima\\\/#respond\"]}]},{\"@type\":\"WebPage\",\"@id\":\"https:\\\/\\\/dmcsrb.com\\\/ekonomija\\\/krnic-slovenska-plaza-pripada-gradjanima-a-ne-privatnim-interesima\\\/\",\"url\":\"https:\\\/\\\/dmcsrb.com\\\/ekonomija\\\/krnic-slovenska-plaza-pripada-gradjanima-a-ne-privatnim-interesima\\\/\",\"name\":\"Krni\u0107: Slovenska pla\u017ea pripada gra\u0111anima, a ne privatnim interesima - dmcsrb.com\",\"isPartOf\":{\"@id\":\"https:\\\/\\\/dmcsrb.com\\\/#website\"},\"primaryImageOfPage\":{\"@id\":\"https:\\\/\\\/dmcsrb.com\\\/ekonomija\\\/krnic-slovenska-plaza-pripada-gradjanima-a-ne-privatnim-interesima\\\/#primaryimage\"},\"image\":{\"@id\":\"https:\\\/\\\/dmcsrb.com\\\/ekonomija\\\/krnic-slovenska-plaza-pripada-gradjanima-a-ne-privatnim-interesima\\\/#primaryimage\"},\"thumbnailUrl\":\"https:\\\/\\\/dmcsrb.com\\\/wp-content\\\/uploads\\\/2026\\\/01\\\/Mirza-Krnic-scaled-1.jpg\",\"datePublished\":\"2025-10-03T11:18:00+00:00\",\"author\":{\"@id\":\"https:\\\/\\\/dmcsrb.com\\\/#\\\/schema\\\/person\\\/5c39170f12db1b8b457732d0b5c854e2\"},\"breadcrumb\":{\"@id\":\"https:\\\/\\\/dmcsrb.com\\\/ekonomija\\\/krnic-slovenska-plaza-pripada-gradjanima-a-ne-privatnim-interesima\\\/#breadcrumb\"},\"inLanguage\":\"en-GB\",\"potentialAction\":[{\"@type\":\"ReadAction\",\"target\":[\"https:\\\/\\\/dmcsrb.com\\\/ekonomija\\\/krnic-slovenska-plaza-pripada-gradjanima-a-ne-privatnim-interesima\\\/\"]}]},{\"@type\":\"ImageObject\",\"inLanguage\":\"en-GB\",\"@id\":\"https:\\\/\\\/dmcsrb.com\\\/ekonomija\\\/krnic-slovenska-plaza-pripada-gradjanima-a-ne-privatnim-interesima\\\/#primaryimage\",\"url\":\"https:\\\/\\\/dmcsrb.com\\\/wp-content\\\/uploads\\\/2026\\\/01\\\/Mirza-Krnic-scaled-1.jpg\",\"contentUrl\":\"https:\\\/\\\/dmcsrb.com\\\/wp-content\\\/uploads\\\/2026\\\/01\\\/Mirza-Krnic-scaled-1.jpg\",\"width\":2560,\"height\":1707},{\"@type\":\"BreadcrumbList\",\"@id\":\"https:\\\/\\\/dmcsrb.com\\\/ekonomija\\\/krnic-slovenska-plaza-pripada-gradjanima-a-ne-privatnim-interesima\\\/#breadcrumb\",\"itemListElement\":[{\"@type\":\"ListItem\",\"position\":1,\"name\":\"Home\",\"item\":\"https:\\\/\\\/dmcsrb.com\\\/\"},{\"@type\":\"ListItem\",\"position\":2,\"name\":\"Krni\u0107: Slovenska pla\u017ea pripada gra\u0111anima, a ne privatnim interesima\"}]},{\"@type\":\"WebSite\",\"@id\":\"https:\\\/\\\/dmcsrb.com\\\/#website\",\"url\":\"https:\\\/\\\/dmcsrb.com\\\/\",\"name\":\"dmcsrb.com\",\"description\":\"\",\"potentialAction\":[{\"@type\":\"SearchAction\",\"target\":{\"@type\":\"EntryPoint\",\"urlTemplate\":\"https:\\\/\\\/dmcsrb.com\\\/?s={search_term_string}\"},\"query-input\":{\"@type\":\"PropertyValueSpecification\",\"valueRequired\":true,\"valueName\":\"search_term_string\"}}],\"inLanguage\":\"en-GB\"},{\"@type\":\"Person\",\"@id\":\"https:\\\/\\\/dmcsrb.com\\\/#\\\/schema\\\/person\\\/5c39170f12db1b8b457732d0b5c854e2\",\"name\":\"dmcsrbija.com@gmail.com\",\"image\":{\"@type\":\"ImageObject\",\"inLanguage\":\"en-GB\",\"@id\":\"https:\\\/\\\/secure.gravatar.com\\\/avatar\\\/68592660ad6347fad0fb587f8d5d8f1a7b44961362f56e4f2cd524feb87e9069?s=96&d=mm&r=g\",\"url\":\"https:\\\/\\\/secure.gravatar.com\\\/avatar\\\/68592660ad6347fad0fb587f8d5d8f1a7b44961362f56e4f2cd524feb87e9069?s=96&d=mm&r=g\",\"contentUrl\":\"https:\\\/\\\/secure.gravatar.com\\\/avatar\\\/68592660ad6347fad0fb587f8d5d8f1a7b44961362f56e4f2cd524feb87e9069?s=96&d=mm&r=g\",\"caption\":\"dmcsrbija.com@gmail.com\"},\"sameAs\":[\"https:\\\/\\\/dmcsrb.com\"],\"url\":\"https:\\\/\\\/dmcsrb.com\\\/en\\\/author\\\/dmcsrbija-comgmail-com\\\/\"}]}<\/script>\n<!-- \/ Yoast SEO plugin. -->","yoast_head_json":{"title":"Krni\u0107: Slovenska pla\u017ea pripada gra\u0111anima, a ne privatnim interesima - dmcsrb.com","robots":{"index":"index","follow":"follow","max-snippet":"max-snippet:-1","max-image-preview":"max-image-preview:large","max-video-preview":"max-video-preview:-1"},"canonical":"https:\/\/dmcsrb.com\/en\/ekonomija\/krnic-slovenska-plaza-pripada-gradjanima-a-ne-privatnim-interesima\/","og_locale":"en_GB","og_type":"article","og_title":"Krni\u0107: Slovenska pla\u017ea pripada gra\u0111anima, a ne privatnim interesima - dmcsrb.com","og_description":"Preokret podr\u017eava za sjutra najavljeni protest gra\u0111ana Budve protiv namjere da se Budvanska rivijera, a posebno Slovenska pla\u017ea, preda u privatne ruke, kazao je\u00a0Mirza Krni\u0107.","og_url":"https:\/\/dmcsrb.com\/en\/ekonomija\/krnic-slovenska-plaza-pripada-gradjanima-a-ne-privatnim-interesima\/","og_site_name":"dmcsrb.com","article_published_time":"2025-10-03T11:18:00+00:00","og_image":[{"width":2560,"height":1707,"url":"https:\/\/dmcsrb.com\/wp-content\/uploads\/2026\/01\/Mirza-Krnic-scaled-1.jpg","type":"image\/jpeg"}],"author":"dmcsrbija.com@gmail.com","twitter_card":"summary_large_image","twitter_misc":{"Written by":"dmcsrbija.com@gmail.com","Estimated reading time":"1 minute"},"schema":{"@context":"https:\/\/schema.org","@graph":[{"@type":"Article","@id":"https:\/\/dmcsrb.com\/ekonomija\/krnic-slovenska-plaza-pripada-gradjanima-a-ne-privatnim-interesima\/#article","isPartOf":{"@id":"https:\/\/dmcsrb.com\/ekonomija\/krnic-slovenska-plaza-pripada-gradjanima-a-ne-privatnim-interesima\/"},"author":{"name":"dmcsrbija.com@gmail.com","@id":"https:\/\/dmcsrb.com\/#\/schema\/person\/5c39170f12db1b8b457732d0b5c854e2"},"headline":"Krni\u0107: Slovenska pla\u017ea pripada gra\u0111anima, a ne privatnim interesima","datePublished":"2025-10-03T11:18:00+00:00","mainEntityOfPage":{"@id":"https:\/\/dmcsrb.com\/ekonomija\/krnic-slovenska-plaza-pripada-gradjanima-a-ne-privatnim-interesima\/"},"wordCount":135,"commentCount":0,"image":{"@id":"https:\/\/dmcsrb.com\/ekonomija\/krnic-slovenska-plaza-pripada-gradjanima-a-ne-privatnim-interesima\/#primaryimage"},"thumbnailUrl":"https:\/\/dmcsrb.com\/wp-content\/uploads\/2026\/01\/Mirza-Krnic-scaled-1.jpg","keywords":["interesi","krni\u0107","slovenska pla\u017ea"],"articleSection":["Ekonomija"],"inLanguage":"en-GB","potentialAction":[{"@type":"CommentAction","name":"Comment","target":["https:\/\/dmcsrb.com\/ekonomija\/krnic-slovenska-plaza-pripada-gradjanima-a-ne-privatnim-interesima\/#respond"]}]},{"@type":"WebPage","@id":"https:\/\/dmcsrb.com\/ekonomija\/krnic-slovenska-plaza-pripada-gradjanima-a-ne-privatnim-interesima\/","url":"https:\/\/dmcsrb.com\/ekonomija\/krnic-slovenska-plaza-pripada-gradjanima-a-ne-privatnim-interesima\/","name":"Krni\u0107: Slovenska pla\u017ea pripada gra\u0111anima, a ne privatnim interesima - dmcsrb.com","isPartOf":{"@id":"https:\/\/dmcsrb.com\/#website"},"primaryImageOfPage":{"@id":"https:\/\/dmcsrb.com\/ekonomija\/krnic-slovenska-plaza-pripada-gradjanima-a-ne-privatnim-interesima\/#primaryimage"},"image":{"@id":"https:\/\/dmcsrb.com\/ekonomija\/krnic-slovenska-plaza-pripada-gradjanima-a-ne-privatnim-interesima\/#primaryimage"},"thumbnailUrl":"https:\/\/dmcsrb.com\/wp-content\/uploads\/2026\/01\/Mirza-Krnic-scaled-1.jpg","datePublished":"2025-10-03T11:18:00+00:00","author":{"@id":"https:\/\/dmcsrb.com\/#\/schema\/person\/5c39170f12db1b8b457732d0b5c854e2"},"breadcrumb":{"@id":"https:\/\/dmcsrb.com\/ekonomija\/krnic-slovenska-plaza-pripada-gradjanima-a-ne-privatnim-interesima\/#breadcrumb"},"inLanguage":"en-GB","potentialAction":[{"@type":"ReadAction","target":["https:\/\/dmcsrb.com\/ekonomija\/krnic-slovenska-plaza-pripada-gradjanima-a-ne-privatnim-interesima\/"]}]},{"@type":"ImageObject","inLanguage":"en-GB","@id":"https:\/\/dmcsrb.com\/ekonomija\/krnic-slovenska-plaza-pripada-gradjanima-a-ne-privatnim-interesima\/#primaryimage","url":"https:\/\/dmcsrb.com\/wp-content\/uploads\/2026\/01\/Mirza-Krnic-scaled-1.jpg","contentUrl":"https:\/\/dmcsrb.com\/wp-content\/uploads\/2026\/01\/Mirza-Krnic-scaled-1.jpg","width":2560,"height":1707},{"@type":"BreadcrumbList","@id":"https:\/\/dmcsrb.com\/ekonomija\/krnic-slovenska-plaza-pripada-gradjanima-a-ne-privatnim-interesima\/#breadcrumb","itemListElement":[{"@type":"ListItem","position":1,"name":"Home","item":"https:\/\/dmcsrb.com\/"},{"@type":"ListItem","position":2,"name":"Krni\u0107: Slovenska pla\u017ea pripada gra\u0111anima, a ne privatnim interesima"}]},{"@type":"WebSite","@id":"https:\/\/dmcsrb.com\/#website","url":"https:\/\/dmcsrb.com\/","name":"dmcsrb.com","description":"","potentialAction":[{"@type":"SearchAction","target":{"@type":"EntryPoint","urlTemplate":"https:\/\/dmcsrb.com\/?s={search_term_string}"},"query-input":{"@type":"PropertyValueSpecification","valueRequired":true,"valueName":"search_term_string"}}],"inLanguage":"en-GB"},{"@type":"Person","@id":"https:\/\/dmcsrb.com\/#\/schema\/person\/5c39170f12db1b8b457732d0b5c854e2","name":"dmcsrbija.com@gmail.com","image":{"@type":"ImageObject","inLanguage":"en-GB","@id":"https:\/\/secure.gravatar.com\/avatar\/68592660ad6347fad0fb587f8d5d8f1a7b44961362f56e4f2cd524feb87e9069?s=96&d=mm&r=g","url":"https:\/\/secure.gravatar.com\/avatar\/68592660ad6347fad0fb587f8d5d8f1a7b44961362f56e4f2cd524feb87e9069?s=96&d=mm&r=g","contentUrl":"https:\/\/secure.gravatar.com\/avatar\/68592660ad6347fad0fb587f8d5d8f1a7b44961362f56e4f2cd524feb87e9069?s=96&d=mm&r=g","caption":"dmcsrbija.com@gmail.com"},"sameAs":["https:\/\/dmcsrb.com"],"url":"https:\/\/dmcsrb.com\/en\/author\/dmcsrbija-comgmail-com\/"}]}},"_links":{"self":[{"href":"https:\/\/dmcsrb.com\/en\/wp-json\/wp\/v2\/posts\/955605","targetHints":{"allow":["GET"]}}],"collection":[{"href":"https:\/\/dmcsrb.com\/en\/wp-json\/wp\/v2\/posts"}],"about":[{"href":"https:\/\/dmcsrb.com\/en\/wp-json\/wp\/v2\/types\/post"}],"author":[{"embeddable":true,"href":"https:\/\/dmcsrb.com\/en\/wp-json\/wp\/v2\/users\/1"}],"replies":[{"embeddable":true,"href":"https:\/\/dmcsrb.com\/en\/wp-json\/wp\/v2\/comments?post=955605"}],"version-history":[{"count":0,"href":"https:\/\/dmcsrb.com\/en\/wp-json\/wp\/v2\/posts\/955605\/revisions"}],"wp:featuredmedia":[{"embeddable":true,"href":"https:\/\/dmcsrb.com\/en\/wp-json\/wp\/v2\/media\/913063"}],"wp:attachment":[{"href":"https:\/\/dmcsrb.com\/en\/wp-json\/wp\/v2\/media?parent=955605"}],"wp:term":[{"taxonomy":"category","embeddable":true,"href":"https:\/\/dmcsrb.com\/en\/wp-json\/wp\/v2\/categories?post=955605"},{"taxonomy":"post_tag","embeddable":true,"href":"https:\/\/dmcsrb.com\/en\/wp-json\/wp\/v2\/tags?post=955605"},{"taxonomy":"naslovna","embeddable":true,"href":"https:\/\/dmcsrb.com\/en\/wp-json\/wp\/v2\/naslovna?post=955605"}],"curies":[{"name":"wp","href":"https:\/\/api.w.org\/{rel}","templated":true}]}}