{"id":955600,"date":"2025-10-03T11:21:00","date_gmt":"2025-10-03T09:21:00","guid":{"rendered":"https:\/\/dmcsrb.com\/uncategorized\/zaposleni-u-sudstvu-od-ponedjeljka-obustavljaju-rad-na-po-sat-svakog-radnog-dana\/"},"modified":"2025-10-03T11:21:00","modified_gmt":"2025-10-03T09:21:00","slug":"zaposleni-u-sudstvu-od-ponedjeljka-obustavljaju-rad-na-po-sat-svakog-radnog-dana","status":"publish","type":"post","link":"https:\/\/dmcsrb.com\/en\/hronika\/zaposleni-u-sudstvu-od-ponedjeljka-obustavljaju-rad-na-po-sat-svakog-radnog-dana\/","title":{"rendered":"Zaposleni u sudstvu od ponedjeljka obustavljaju rad na po sat svakog radnog dana"},"content":{"rendered":"<p>\u201cSvjesni smo da ova odluka uti\u010de na gra\u0111ane i njihove svakodnevne obaveze. Zato \u017eelimo jasno da poru\u010dimo, ne \u010dinimo ovo da bi smo ugrozili prava gra\u0111ana, ve\u0107 da bi smo obezbijedili uslove u kojima \u0107e pravosu\u0111e mo\u0107i da funkcioni\u0161e, sa zadovoljnim radnicima\u201d, kazali su iz Sindikata.<\/p>\n\n\n\n<p>Imaju samo dva zahtjeva i napominju da su svi zaposleni jedinstveni u tome.<\/p>\n\n\n\n<p>\u201cZahtijevamo uve\u0107anje zarade od 30% za samostalne referente u sudskoj administraciji u grupi D i potpisivanje Granskog kolektivnog ugovora za pravosu\u0111e\u201d, naveli su iz Sindikata.<\/p>\n\n\n\n<p>Poru\u010dili su da ako ho\u0107emo da imamo jako sudstvo, moramo da imamo jaku sudsku administraciju.<\/p>\n\n\n\n<p>\u201cA svima je u interesu da se poglavlja 23 i 24 zavr\u0161e u realnom roku da bi Crna Gora u\u0161la u Evropsku uniju 2028.godine. Naglasio bih, da smo dobili podr\u0161ku svih relevantnih institucija, jer su svjesni da sudska administracija ima najmanje zarade u Crnoj Gori\u201d, naveo je predsjednik Sindikata Dejan \u0110uki\u0107.<\/p>\n\n\n\n<p>On je kazao da se Sindikat sudstva u proteklom periodu obra\u0107ao svim nadle\u017enim institucijama sa ciljem da uka\u017eu na te\u017eak polo\u017eaj u kojem se nalaze i da zatra\u017ee podr\u0161ku u rje\u0161avanju problema niskih primanja i niskog koeficijenta.<\/p>\n\n\n\n<p>\u201cMinistru finansija uputili smo vi\u0161e dopisa sa zahtjevom za pove\u0107anje koeficijenata, kako bi na\u0161e plate bile u skladu sa odgovorno\u0161\u0107u posla koji obavljamo. Ministru pravde smo se obra\u0107ali zahtjevom da pokrene postupak za potpisivanje Granskog kolektivnog ugovora u oblasti sudstva, kojim bi se jasno uredili uslovi rada i za\u0161titila prava zaposlenih, gdje od istog imamo punu podr\u0161ku i razumijevanje za na\u0161 trenutni status\u201d, kazao je \u0110uki\u0107.<\/p>\n\n\n\n<p>Prema njegovim rije\u010dima, zahtjevi nisu uva\u017eeni, a problemi kompletne administracije sudstva ostaju nerazrije\u0161eni.<\/p>\n\n\n\n<p>\u201cNapominjem, da smo iscrpili sve mehanizme dijaloga, prinu\u0111eni da preduzmemo radikalne mjere od kojih ne odustajemo do ispunjenja zahtjeva, a kao zakonsko sredstvo u borbi za dostojanstvo i bolji standard svih zaposlenih u sudstvu\u201d, kazao je on.<\/p>\n\n\n\n<p>&nbsp;Nagla\u0161avaju da ne tra\u017ee privilegije, ve\u0107 osnovne uslove, tj. uve\u0107anje zarada od 30 odsto, a koje je sada na nivou minimalne zarade \u2013 samostalni referent u sudskoj administraciji ima osnovicu 558 eura, a visokoobrazovani zaposleni sa pravosudnim ispitom imaju prosje\u010dnu platu od 820 eura.<\/p>","protected":false},"excerpt":{"rendered":"<p>Sindikat sudstva saop\u0161tio je da su donijeli odluku o obustavi rada  koja \u0107e se realizovati od ponedjeljka, 6. oktobra svakog radnog dana od 11 do 12 sati. Razlog su neadekvatna primanja i koeficijenti koji, kako su naveli, koji ne prate te\u017einu i odgovornost posla koji obavljaju. Kako je saop\u0161tio predsjednik Sindikata Dejan \u0110uki\u0107, tra\u017ee uve\u0107anje zarade od 30 odsto za samostalne referente u sudskoj administraciji u grupi D i potpisivanje Granskog kolektivnog ugovora za pravosu\u0111e.<\/p>","protected":false},"author":1,"featured_media":912484,"comment_status":"open","ping_status":"open","sticky":false,"template":"","format":"standard","meta":{"_acf_changed":false,"footnotes":""},"categories":[17],"tags":[6930,10150],"naslovna":[],"class_list":["post-955600","post","type-post","status-publish","format-standard","has-post-thumbnail","hentry","category-hronika","tag-obustava-rada","tag-sindikat-sudstva"],"acf":[],"yoast_head":"<!-- This site is optimized with the Yoast SEO plugin v27.0 - https:\/\/yoast.com\/product\/yoast-seo-wordpress\/ -->\n<title>Zaposleni u sudstvu od ponedjeljka obustavljaju rad na po sat svakog radnog dana - dmcsrb.com<\/title>\n<meta name=\"robots\" content=\"index, follow, max-snippet:-1, max-image-preview:large, max-video-preview:-1\" \/>\n<link rel=\"canonical\" href=\"https:\/\/dmcsrb.com\/en\/hronika\/zaposleni-u-sudstvu-od-ponedjeljka-obustavljaju-rad-na-po-sat-svakog-radnog-dana\/\" \/>\n<meta property=\"og:locale\" content=\"en_GB\" \/>\n<meta property=\"og:type\" content=\"article\" \/>\n<meta property=\"og:title\" content=\"Zaposleni u sudstvu od ponedjeljka obustavljaju rad na po sat svakog radnog dana - dmcsrb.com\" \/>\n<meta property=\"og:description\" content=\"Sindikat sudstva saop\u0161tio je da su donijeli odluku o obustavi rada koja \u0107e se realizovati od ponedjeljka, 6. oktobra svakog radnog dana od 11 do 12 sati. Razlog su neadekvatna primanja i koeficijenti koji, kako su naveli, koji ne prate te\u017einu i odgovornost posla koji obavljaju. Kako je saop\u0161tio predsjednik Sindikata Dejan \u0110uki\u0107, tra\u017ee uve\u0107anje zarade od 30 odsto za samostalne referente u sudskoj administraciji u grupi D i potpisivanje Granskog kolektivnog ugovora za pravosu\u0111e.\" \/>\n<meta property=\"og:url\" content=\"https:\/\/dmcsrb.com\/en\/hronika\/zaposleni-u-sudstvu-od-ponedjeljka-obustavljaju-rad-na-po-sat-svakog-radnog-dana\/\" \/>\n<meta property=\"og:site_name\" content=\"dmcsrb.com\" \/>\n<meta property=\"article:published_time\" content=\"2025-10-03T09:21:00+00:00\" \/>\n<meta property=\"og:image\" content=\"https:\/\/dmcsrb.com\/wp-content\/uploads\/2026\/01\/sud-odluka-presuda-sudija.jpg\" \/>\n\t<meta property=\"og:image:width\" content=\"900\" \/>\n\t<meta property=\"og:image:height\" content=\"600\" \/>\n\t<meta property=\"og:image:type\" content=\"image\/jpeg\" \/>\n<meta name=\"author\" content=\"dmcsrbija.com@gmail.com\" \/>\n<meta name=\"twitter:card\" content=\"summary_large_image\" \/>\n<meta name=\"twitter:label1\" content=\"Written by\" \/>\n\t<meta name=\"twitter:data1\" content=\"dmcsrbija.com@gmail.com\" \/>\n\t<meta name=\"twitter:label2\" content=\"Estimated reading time\" \/>\n\t<meta name=\"twitter:data2\" content=\"2 minutes\" \/>\n<script type=\"application\/ld+json\" class=\"yoast-schema-graph\">{\"@context\":\"https:\/\/schema.org\",\"@graph\":[{\"@type\":\"Article\",\"@id\":\"https:\/\/dmcsrb.com\/hronika\/zaposleni-u-sudstvu-od-ponedjeljka-obustavljaju-rad-na-po-sat-svakog-radnog-dana\/#article\",\"isPartOf\":{\"@id\":\"https:\/\/dmcsrb.com\/hronika\/zaposleni-u-sudstvu-od-ponedjeljka-obustavljaju-rad-na-po-sat-svakog-radnog-dana\/\"},\"author\":{\"name\":\"dmcsrbija.com@gmail.com\",\"@id\":\"https:\/\/dmcsrb.com\/#\/schema\/person\/5c39170f12db1b8b457732d0b5c854e2\"},\"headline\":\"Zaposleni u sudstvu od ponedjeljka obustavljaju rad na po sat svakog radnog dana\",\"datePublished\":\"2025-10-03T09:21:00+00:00\",\"mainEntityOfPage\":{\"@id\":\"https:\/\/dmcsrb.com\/hronika\/zaposleni-u-sudstvu-od-ponedjeljka-obustavljaju-rad-na-po-sat-svakog-radnog-dana\/\"},\"wordCount\":391,\"commentCount\":0,\"image\":{\"@id\":\"https:\/\/dmcsrb.com\/hronika\/zaposleni-u-sudstvu-od-ponedjeljka-obustavljaju-rad-na-po-sat-svakog-radnog-dana\/#primaryimage\"},\"thumbnailUrl\":\"https:\/\/dmcsrb.com\/wp-content\/uploads\/2026\/01\/sud-odluka-presuda-sudija.jpg\",\"keywords\":[\"obustava rada\",\"Sindikat sudstva\"],\"articleSection\":[\"Hronika\"],\"inLanguage\":\"en-GB\",\"potentialAction\":[{\"@type\":\"CommentAction\",\"name\":\"Comment\",\"target\":[\"https:\/\/dmcsrb.com\/hronika\/zaposleni-u-sudstvu-od-ponedjeljka-obustavljaju-rad-na-po-sat-svakog-radnog-dana\/#respond\"]}]},{\"@type\":\"WebPage\",\"@id\":\"https:\/\/dmcsrb.com\/hronika\/zaposleni-u-sudstvu-od-ponedjeljka-obustavljaju-rad-na-po-sat-svakog-radnog-dana\/\",\"url\":\"https:\/\/dmcsrb.com\/hronika\/zaposleni-u-sudstvu-od-ponedjeljka-obustavljaju-rad-na-po-sat-svakog-radnog-dana\/\",\"name\":\"Zaposleni u sudstvu od ponedjeljka obustavljaju rad na po sat svakog radnog dana - dmcsrb.com\",\"isPartOf\":{\"@id\":\"https:\/\/dmcsrb.com\/#website\"},\"primaryImageOfPage\":{\"@id\":\"https:\/\/dmcsrb.com\/hronika\/zaposleni-u-sudstvu-od-ponedjeljka-obustavljaju-rad-na-po-sat-svakog-radnog-dana\/#primaryimage\"},\"image\":{\"@id\":\"https:\/\/dmcsrb.com\/hronika\/zaposleni-u-sudstvu-od-ponedjeljka-obustavljaju-rad-na-po-sat-svakog-radnog-dana\/#primaryimage\"},\"thumbnailUrl\":\"https:\/\/dmcsrb.com\/wp-content\/uploads\/2026\/01\/sud-odluka-presuda-sudija.jpg\",\"datePublished\":\"2025-10-03T09:21:00+00:00\",\"author\":{\"@id\":\"https:\/\/dmcsrb.com\/#\/schema\/person\/5c39170f12db1b8b457732d0b5c854e2\"},\"breadcrumb\":{\"@id\":\"https:\/\/dmcsrb.com\/hronika\/zaposleni-u-sudstvu-od-ponedjeljka-obustavljaju-rad-na-po-sat-svakog-radnog-dana\/#breadcrumb\"},\"inLanguage\":\"en-GB\",\"potentialAction\":[{\"@type\":\"ReadAction\",\"target\":[\"https:\/\/dmcsrb.com\/hronika\/zaposleni-u-sudstvu-od-ponedjeljka-obustavljaju-rad-na-po-sat-svakog-radnog-dana\/\"]}]},{\"@type\":\"ImageObject\",\"inLanguage\":\"en-GB\",\"@id\":\"https:\/\/dmcsrb.com\/hronika\/zaposleni-u-sudstvu-od-ponedjeljka-obustavljaju-rad-na-po-sat-svakog-radnog-dana\/#primaryimage\",\"url\":\"https:\/\/dmcsrb.com\/wp-content\/uploads\/2026\/01\/sud-odluka-presuda-sudija.jpg\",\"contentUrl\":\"https:\/\/dmcsrb.com\/wp-content\/uploads\/2026\/01\/sud-odluka-presuda-sudija.jpg\",\"width\":900,\"height\":600},{\"@type\":\"BreadcrumbList\",\"@id\":\"https:\/\/dmcsrb.com\/hronika\/zaposleni-u-sudstvu-od-ponedjeljka-obustavljaju-rad-na-po-sat-svakog-radnog-dana\/#breadcrumb\",\"itemListElement\":[{\"@type\":\"ListItem\",\"position\":1,\"name\":\"Home\",\"item\":\"https:\/\/dmcsrb.com\/\"},{\"@type\":\"ListItem\",\"position\":2,\"name\":\"Zaposleni u sudstvu od ponedjeljka obustavljaju rad na po sat svakog radnog dana\"}]},{\"@type\":\"WebSite\",\"@id\":\"https:\/\/dmcsrb.com\/#website\",\"url\":\"https:\/\/dmcsrb.com\/\",\"name\":\"dmcsrb.com\",\"description\":\"\",\"potentialAction\":[{\"@type\":\"SearchAction\",\"target\":{\"@type\":\"EntryPoint\",\"urlTemplate\":\"https:\/\/dmcsrb.com\/?s={search_term_string}\"},\"query-input\":{\"@type\":\"PropertyValueSpecification\",\"valueRequired\":true,\"valueName\":\"search_term_string\"}}],\"inLanguage\":\"en-GB\"},{\"@type\":\"Person\",\"@id\":\"https:\/\/dmcsrb.com\/#\/schema\/person\/5c39170f12db1b8b457732d0b5c854e2\",\"name\":\"dmcsrbija.com@gmail.com\",\"image\":{\"@type\":\"ImageObject\",\"inLanguage\":\"en-GB\",\"@id\":\"https:\/\/dmcsrb.com\/#\/schema\/person\/image\/\",\"url\":\"https:\/\/secure.gravatar.com\/avatar\/68592660ad6347fad0fb587f8d5d8f1a7b44961362f56e4f2cd524feb87e9069?s=96&d=mm&r=g\",\"contentUrl\":\"https:\/\/secure.gravatar.com\/avatar\/68592660ad6347fad0fb587f8d5d8f1a7b44961362f56e4f2cd524feb87e9069?s=96&d=mm&r=g\",\"caption\":\"dmcsrbija.com@gmail.com\"},\"sameAs\":[\"https:\/\/dmcsrb.com\"],\"url\":\"https:\/\/dmcsrb.com\/en\/author\/dmcsrbija-comgmail-com\/\"}]}<\/script>\n<!-- \/ Yoast SEO plugin. -->","yoast_head_json":{"title":"Zaposleni u sudstvu od ponedjeljka obustavljaju rad na po sat svakog radnog dana - dmcsrb.com","robots":{"index":"index","follow":"follow","max-snippet":"max-snippet:-1","max-image-preview":"max-image-preview:large","max-video-preview":"max-video-preview:-1"},"canonical":"https:\/\/dmcsrb.com\/en\/hronika\/zaposleni-u-sudstvu-od-ponedjeljka-obustavljaju-rad-na-po-sat-svakog-radnog-dana\/","og_locale":"en_GB","og_type":"article","og_title":"Zaposleni u sudstvu od ponedjeljka obustavljaju rad na po sat svakog radnog dana - dmcsrb.com","og_description":"Sindikat sudstva saop\u0161tio je da su donijeli odluku o obustavi rada koja \u0107e se realizovati od ponedjeljka, 6. oktobra svakog radnog dana od 11 do 12 sati. Razlog su neadekvatna primanja i koeficijenti koji, kako su naveli, koji ne prate te\u017einu i odgovornost posla koji obavljaju. Kako je saop\u0161tio predsjednik Sindikata Dejan \u0110uki\u0107, tra\u017ee uve\u0107anje zarade od 30 odsto za samostalne referente u sudskoj administraciji u grupi D i potpisivanje Granskog kolektivnog ugovora za pravosu\u0111e.","og_url":"https:\/\/dmcsrb.com\/en\/hronika\/zaposleni-u-sudstvu-od-ponedjeljka-obustavljaju-rad-na-po-sat-svakog-radnog-dana\/","og_site_name":"dmcsrb.com","article_published_time":"2025-10-03T09:21:00+00:00","og_image":[{"width":900,"height":600,"url":"https:\/\/dmcsrb.com\/wp-content\/uploads\/2026\/01\/sud-odluka-presuda-sudija.jpg","type":"image\/jpeg"}],"author":"dmcsrbija.com@gmail.com","twitter_card":"summary_large_image","twitter_misc":{"Written by":"dmcsrbija.com@gmail.com","Estimated reading time":"2 minutes"},"schema":{"@context":"https:\/\/schema.org","@graph":[{"@type":"Article","@id":"https:\/\/dmcsrb.com\/hronika\/zaposleni-u-sudstvu-od-ponedjeljka-obustavljaju-rad-na-po-sat-svakog-radnog-dana\/#article","isPartOf":{"@id":"https:\/\/dmcsrb.com\/hronika\/zaposleni-u-sudstvu-od-ponedjeljka-obustavljaju-rad-na-po-sat-svakog-radnog-dana\/"},"author":{"name":"dmcsrbija.com@gmail.com","@id":"https:\/\/dmcsrb.com\/#\/schema\/person\/5c39170f12db1b8b457732d0b5c854e2"},"headline":"Zaposleni u sudstvu od ponedjeljka obustavljaju rad na po sat svakog radnog dana","datePublished":"2025-10-03T09:21:00+00:00","mainEntityOfPage":{"@id":"https:\/\/dmcsrb.com\/hronika\/zaposleni-u-sudstvu-od-ponedjeljka-obustavljaju-rad-na-po-sat-svakog-radnog-dana\/"},"wordCount":391,"commentCount":0,"image":{"@id":"https:\/\/dmcsrb.com\/hronika\/zaposleni-u-sudstvu-od-ponedjeljka-obustavljaju-rad-na-po-sat-svakog-radnog-dana\/#primaryimage"},"thumbnailUrl":"https:\/\/dmcsrb.com\/wp-content\/uploads\/2026\/01\/sud-odluka-presuda-sudija.jpg","keywords":["obustava rada","Sindikat sudstva"],"articleSection":["Hronika"],"inLanguage":"en-GB","potentialAction":[{"@type":"CommentAction","name":"Comment","target":["https:\/\/dmcsrb.com\/hronika\/zaposleni-u-sudstvu-od-ponedjeljka-obustavljaju-rad-na-po-sat-svakog-radnog-dana\/#respond"]}]},{"@type":"WebPage","@id":"https:\/\/dmcsrb.com\/hronika\/zaposleni-u-sudstvu-od-ponedjeljka-obustavljaju-rad-na-po-sat-svakog-radnog-dana\/","url":"https:\/\/dmcsrb.com\/hronika\/zaposleni-u-sudstvu-od-ponedjeljka-obustavljaju-rad-na-po-sat-svakog-radnog-dana\/","name":"Zaposleni u sudstvu od ponedjeljka obustavljaju rad na po sat svakog radnog dana - dmcsrb.com","isPartOf":{"@id":"https:\/\/dmcsrb.com\/#website"},"primaryImageOfPage":{"@id":"https:\/\/dmcsrb.com\/hronika\/zaposleni-u-sudstvu-od-ponedjeljka-obustavljaju-rad-na-po-sat-svakog-radnog-dana\/#primaryimage"},"image":{"@id":"https:\/\/dmcsrb.com\/hronika\/zaposleni-u-sudstvu-od-ponedjeljka-obustavljaju-rad-na-po-sat-svakog-radnog-dana\/#primaryimage"},"thumbnailUrl":"https:\/\/dmcsrb.com\/wp-content\/uploads\/2026\/01\/sud-odluka-presuda-sudija.jpg","datePublished":"2025-10-03T09:21:00+00:00","author":{"@id":"https:\/\/dmcsrb.com\/#\/schema\/person\/5c39170f12db1b8b457732d0b5c854e2"},"breadcrumb":{"@id":"https:\/\/dmcsrb.com\/hronika\/zaposleni-u-sudstvu-od-ponedjeljka-obustavljaju-rad-na-po-sat-svakog-radnog-dana\/#breadcrumb"},"inLanguage":"en-GB","potentialAction":[{"@type":"ReadAction","target":["https:\/\/dmcsrb.com\/hronika\/zaposleni-u-sudstvu-od-ponedjeljka-obustavljaju-rad-na-po-sat-svakog-radnog-dana\/"]}]},{"@type":"ImageObject","inLanguage":"en-GB","@id":"https:\/\/dmcsrb.com\/hronika\/zaposleni-u-sudstvu-od-ponedjeljka-obustavljaju-rad-na-po-sat-svakog-radnog-dana\/#primaryimage","url":"https:\/\/dmcsrb.com\/wp-content\/uploads\/2026\/01\/sud-odluka-presuda-sudija.jpg","contentUrl":"https:\/\/dmcsrb.com\/wp-content\/uploads\/2026\/01\/sud-odluka-presuda-sudija.jpg","width":900,"height":600},{"@type":"BreadcrumbList","@id":"https:\/\/dmcsrb.com\/hronika\/zaposleni-u-sudstvu-od-ponedjeljka-obustavljaju-rad-na-po-sat-svakog-radnog-dana\/#breadcrumb","itemListElement":[{"@type":"ListItem","position":1,"name":"Home","item":"https:\/\/dmcsrb.com\/"},{"@type":"ListItem","position":2,"name":"Zaposleni u sudstvu od ponedjeljka obustavljaju rad na po sat svakog radnog dana"}]},{"@type":"WebSite","@id":"https:\/\/dmcsrb.com\/#website","url":"https:\/\/dmcsrb.com\/","name":"dmcsrb.com","description":"","potentialAction":[{"@type":"SearchAction","target":{"@type":"EntryPoint","urlTemplate":"https:\/\/dmcsrb.com\/?s={search_term_string}"},"query-input":{"@type":"PropertyValueSpecification","valueRequired":true,"valueName":"search_term_string"}}],"inLanguage":"en-GB"},{"@type":"Person","@id":"https:\/\/dmcsrb.com\/#\/schema\/person\/5c39170f12db1b8b457732d0b5c854e2","name":"dmcsrbija.com@gmail.com","image":{"@type":"ImageObject","inLanguage":"en-GB","@id":"https:\/\/dmcsrb.com\/#\/schema\/person\/image\/","url":"https:\/\/secure.gravatar.com\/avatar\/68592660ad6347fad0fb587f8d5d8f1a7b44961362f56e4f2cd524feb87e9069?s=96&d=mm&r=g","contentUrl":"https:\/\/secure.gravatar.com\/avatar\/68592660ad6347fad0fb587f8d5d8f1a7b44961362f56e4f2cd524feb87e9069?s=96&d=mm&r=g","caption":"dmcsrbija.com@gmail.com"},"sameAs":["https:\/\/dmcsrb.com"],"url":"https:\/\/dmcsrb.com\/en\/author\/dmcsrbija-comgmail-com\/"}]}},"_links":{"self":[{"href":"https:\/\/dmcsrb.com\/en\/wp-json\/wp\/v2\/posts\/955600","targetHints":{"allow":["GET"]}}],"collection":[{"href":"https:\/\/dmcsrb.com\/en\/wp-json\/wp\/v2\/posts"}],"about":[{"href":"https:\/\/dmcsrb.com\/en\/wp-json\/wp\/v2\/types\/post"}],"author":[{"embeddable":true,"href":"https:\/\/dmcsrb.com\/en\/wp-json\/wp\/v2\/users\/1"}],"replies":[{"embeddable":true,"href":"https:\/\/dmcsrb.com\/en\/wp-json\/wp\/v2\/comments?post=955600"}],"version-history":[{"count":0,"href":"https:\/\/dmcsrb.com\/en\/wp-json\/wp\/v2\/posts\/955600\/revisions"}],"wp:featuredmedia":[{"embeddable":true,"href":"https:\/\/dmcsrb.com\/en\/wp-json\/wp\/v2\/media\/912484"}],"wp:attachment":[{"href":"https:\/\/dmcsrb.com\/en\/wp-json\/wp\/v2\/media?parent=955600"}],"wp:term":[{"taxonomy":"category","embeddable":true,"href":"https:\/\/dmcsrb.com\/en\/wp-json\/wp\/v2\/categories?post=955600"},{"taxonomy":"post_tag","embeddable":true,"href":"https:\/\/dmcsrb.com\/en\/wp-json\/wp\/v2\/tags?post=955600"},{"taxonomy":"naslovna","embeddable":true,"href":"https:\/\/dmcsrb.com\/en\/wp-json\/wp\/v2\/naslovna?post=955600"}],"curies":[{"name":"wp","href":"https:\/\/api.w.org\/{rel}","templated":true}]}}