{"id":955534,"date":"2025-10-03T10:36:00","date_gmt":"2025-10-03T08:36:00","guid":{"rendered":"https:\/\/dmcsrb.com\/uncategorized\/video-foto-akcija-hapsenja-na-saslusanju-mijajlovic-pavicevic-spicanovic-lazovic-i-tuziteljka-nastic\/"},"modified":"2025-10-03T10:36:00","modified_gmt":"2025-10-03T08:36:00","slug":"video-foto-akcija-hapsenja-na-saslusanju-mijajlovic-pavicevic-spicanovic-lazovic-i-tuziteljka-nastic","status":"publish","type":"post","link":"https:\/\/dmcsrb.com\/en\/hronika\/video-foto-akcija-hapsenja-na-saslusanju-mijajlovic-pavicevic-spicanovic-lazovic-i-tuziteljka-nastic\/","title":{"rendered":"(VIDEO\/FOTO) Akcija hap\u0161enja: Na saslu\u0161anju Mijajlovi\u0107, Pavi\u0107evi\u0107, Spi\u010danovi\u0107, Lazovi\u0107 i tu\u017eiteljka Nasti\u0107"},"content":{"rendered":"<p>Prema podacima &#8220;Vijesti&#8221;, uhap\u0161eni su nekada\u0161nji na\u010delnik Centra bezbjednosti Podgorica Milovan Pavi\u0107evi\u0107, policajac Vladan Lazovi\u0107, kao i biv\u0161i pomo\u0107nik direktora Uprave policije i nekada\u0161nji \u0161ef kontraobavje\u0161tajne za\u0161tite Agencije za nacionalnu bezbjednost Drago Spi\u010danovi\u0107.<\/p>\n\n\n\n<figure class=\"wp-block-video\"><video controls src=\"https:\/\/gradski.me\/wp-content\/uploads\/2025\/10\/80d1cd79-8e48-4474-99a8-2408b8675818-1.mp4\"><\/video><figcaption class=\"wp-element-caption\">video: Gradski.me\/M.Medenica<\/figcaption><\/figure>\n\n\n\n<p>SDT ih sumnji\u010di za stvaranje kriminalne organizacije.<\/p>\n\n\n\n<figure class=\"wp-block-image size-large\"><img decoding=\"async\" src=\"https:\/\/gradski.me\/wp-content\/uploads\/2025\/10\/IMG_0026-1024x577.jpeg\" alt=\"\" class=\"wp-image-844397\"\/><figcaption class=\"wp-element-caption\">foto: Gradski.me\/M.Medenica<\/figcaption><\/figure>\n\n\n\n<p>Slu\u017ebenici SPO-a sa nalogom za pretres trenuto pretresaju stan nekada\u0161njeg funkcionera UP Milovana Pavi\u0107evi\u0107a.<\/p>\n\n\n\n<p>Njemu se na teret stavlja krivi\u010dno djelo stvaranje kriminalne organizacije i zloupotreba slu\u017ebenog polo\u017eaja. Istragom u ovom predmetu rukovodi tu\u017eilac SDT-a Jovan Vukoti\u0107.<\/p>\n\n\n\n<p>Prema podacima &#8220;Vijesti&#8221;, slu\u017ebenici SPO na vi\u0161e lokacija pretresaju stanove uhap\u0161enih funkcionera i biznismena ai i jo\u0161 nekoliko osoba, koje su obuhva\u0107ene istragom u ovom predmetu.<\/p>\n\n\n\n<p>Tu\u017eiteljka Nasti\u0107 je sestra od strica Aleksandra Mijajlovi\u0107a.<\/p>\n\n\n\n<figure class=\"wp-block-image size-large\"><img decoding=\"async\" src=\"https:\/\/gradski.me\/wp-content\/uploads\/2025\/10\/IMG_0025-1024x577.jpeg\" alt=\"\" class=\"wp-image-844386\"\/><figcaption class=\"wp-element-caption\">foto: Gradski.me\/M.Medenica<\/figcaption><\/figure>\n\n\n\n<p>Vladan Lazovi\u0107 je bratani\u0107 Zorana Lazovi\u0107a, nekada\u0161njeg pomo\u0107nika direktora Uprave policije.<\/p>\n\n\n\n<p>Specijalno dr\u017eavno tu\u017eila\u0161tvo u junu ove godine predao je Specijalnom odjeljenju Vi\u0161eg suda u Podgorici optu\u017enicu protiv biznismena Aleksandra Aca Mijajlovi\u0107a, koji je u tom predmetu ozna\u010den kao \u0161ef kriminalne organizacije, koja se tokom 2019. do 2021. bavila \u0161vercom cigareta.<\/p>\n\n\n\n<p>Optu\u017enica je podnijeta protiv Mijajlovi\u0107a, Dejana Joki\u0107a, Zorana \u017dutog \u0110ukanovi\u0107a, Goluba Vojinovi\u0107a, Dragana Backovi\u0107a, Milenka Mi\u0107e Rabrenovi\u0107a, Radoja Rabrenovi\u0107a i Mirka Miju\u0161kovi\u0107a.<\/p>\n\n\n\n<p>Optu\u017enicom SDT-a, Mijajlovi\u0107 je okrivljen da je sa nepoznatom osobom, u periodu od 2019. do 2021. godine, u Crnoj Gori formirao kriminalnu organizaciju, \u010diji pripadnici su postali ostali okrivljeni i druga, za sada nepoznata lica, sa ciljem da se bavi krijum\u010darenjem neocarinjenih cigareta iz Slobodne carinske zone Luke Bar.<\/p>\n\n\n\n<figure class=\"wp-block-image size-large\"><img decoding=\"async\" src=\"https:\/\/gradski.me\/wp-content\/uploads\/2025\/10\/IMG_0030-1024x576.jpeg\" alt=\"\" class=\"wp-image-844411\"\/><figcaption class=\"wp-element-caption\">foto: Gradski.me\/M.Medenica<\/figcaption><\/figure>\n\n\n\n<p>Protiv Mijajlovi\u0107a i ostalih je u tom predmetu pokrenuta i finansijska istraga radi trajnog oduzimanja imovine ste\u010dene kriminalnom djelatno\u0161\u0107u.<\/p>","protected":false},"excerpt":{"rendered":"<p>U jednoj od najve\u0107ih operacija Specijalnog dr\u017eavnog tu\u017eila\u0161tva (SDT) i Specijalnog policijskog odjeljenja (SPO) jutros je uhap\u0161eno nekoliko biv\u0161ih visokih policijskih funkcionera, biznismen Aleksandar Mijajlovi\u0107 i vi\u0161a dr\u017eavna tu\u017eiteljka Andrijana Nasti\u0107, javlja reporter Gradskog portala.<\/p>","protected":false},"author":1,"featured_media":955535,"comment_status":"open","ping_status":"open","sticky":false,"template":"","format":"standard","meta":{"_acf_changed":false,"footnotes":""},"categories":[17],"tags":[1320,5155,10127,45,779,10128,10129],"naslovna":[],"class_list":["post-955534","post","type-post","status-publish","format-standard","has-post-thumbnail","hentry","category-hronika","tag-aleksandar-mijajlovic","tag-drago-spicanovic","tag-milovan-pavicevic","tag-policija","tag-sdt","tag-visa-drzavna-tuziteljka-andrijana-nastic","tag-vladan-lazovic"],"acf":[],"yoast_head":"<!-- This site is optimized with the Yoast SEO plugin v27.4 - https:\/\/yoast.com\/product\/yoast-seo-wordpress\/ -->\n<title>(VIDEO\/FOTO) Akcija hap\u0161enja: Na saslu\u0161anju Mijajlovi\u0107, Pavi\u0107evi\u0107, Spi\u010danovi\u0107, Lazovi\u0107 i tu\u017eiteljka Nasti\u0107 - dmcsrb.com<\/title>\n<meta name=\"robots\" content=\"index, follow, max-snippet:-1, max-image-preview:large, max-video-preview:-1\" \/>\n<link rel=\"canonical\" href=\"https:\/\/dmcsrb.com\/en\/hronika\/video-foto-akcija-hapsenja-na-saslusanju-mijajlovic-pavicevic-spicanovic-lazovic-i-tuziteljka-nastic\/\" \/>\n<meta property=\"og:locale\" content=\"en_GB\" \/>\n<meta property=\"og:type\" content=\"article\" \/>\n<meta property=\"og:title\" content=\"(VIDEO\/FOTO) Akcija hap\u0161enja: Na saslu\u0161anju Mijajlovi\u0107, Pavi\u0107evi\u0107, Spi\u010danovi\u0107, Lazovi\u0107 i tu\u017eiteljka Nasti\u0107 - dmcsrb.com\" \/>\n<meta property=\"og:description\" content=\"U jednoj od najve\u0107ih operacija Specijalnog dr\u017eavnog tu\u017eila\u0161tva (SDT) i Specijalnog policijskog odjeljenja (SPO) jutros je uhap\u0161eno nekoliko biv\u0161ih visokih policijskih funkcionera, biznismen Aleksandar Mijajlovi\u0107 i vi\u0161a dr\u017eavna tu\u017eiteljka Andrijana Nasti\u0107, javlja reporter Gradskog portala.\" \/>\n<meta property=\"og:url\" content=\"https:\/\/dmcsrb.com\/en\/hronika\/video-foto-akcija-hapsenja-na-saslusanju-mijajlovic-pavicevic-spicanovic-lazovic-i-tuziteljka-nastic\/\" \/>\n<meta property=\"og:site_name\" content=\"dmcsrb.com\" \/>\n<meta property=\"article:published_time\" content=\"2025-10-03T08:36:00+00:00\" \/>\n<meta property=\"og:image\" content=\"https:\/\/dmcsrb.com\/wp-content\/uploads\/2026\/01\/IMG_0029.webp\" \/>\n\t<meta property=\"og:image:width\" content=\"1600\" \/>\n\t<meta property=\"og:image:height\" content=\"1000\" \/>\n\t<meta property=\"og:image:type\" content=\"image\/jpeg\" \/>\n<meta name=\"author\" content=\"dmcsrbija.com@gmail.com\" \/>\n<meta name=\"twitter:card\" content=\"summary_large_image\" \/>\n<meta name=\"twitter:label1\" content=\"Written by\" \/>\n\t<meta name=\"twitter:data1\" content=\"dmcsrbija.com@gmail.com\" \/>\n\t<meta name=\"twitter:label2\" content=\"Estimated reading time\" \/>\n\t<meta name=\"twitter:data2\" content=\"2 minutes\" \/>\n<script type=\"application\/ld+json\" class=\"yoast-schema-graph\">{\"@context\":\"https:\\\/\\\/schema.org\",\"@graph\":[{\"@type\":\"Article\",\"@id\":\"https:\\\/\\\/dmcsrb.com\\\/hronika\\\/video-foto-akcija-hapsenja-na-saslusanju-mijajlovic-pavicevic-spicanovic-lazovic-i-tuziteljka-nastic\\\/#article\",\"isPartOf\":{\"@id\":\"https:\\\/\\\/dmcsrb.com\\\/hronika\\\/video-foto-akcija-hapsenja-na-saslusanju-mijajlovic-pavicevic-spicanovic-lazovic-i-tuziteljka-nastic\\\/\"},\"author\":{\"name\":\"dmcsrbija.com@gmail.com\",\"@id\":\"https:\\\/\\\/dmcsrb.com\\\/#\\\/schema\\\/person\\\/5c39170f12db1b8b457732d0b5c854e2\"},\"headline\":\"(VIDEO\\\/FOTO) Akcija hap\u0161enja: Na saslu\u0161anju Mijajlovi\u0107, Pavi\u0107evi\u0107, Spi\u010danovi\u0107, Lazovi\u0107 i tu\u017eiteljka Nasti\u0107\",\"datePublished\":\"2025-10-03T08:36:00+00:00\",\"mainEntityOfPage\":{\"@id\":\"https:\\\/\\\/dmcsrb.com\\\/hronika\\\/video-foto-akcija-hapsenja-na-saslusanju-mijajlovic-pavicevic-spicanovic-lazovic-i-tuziteljka-nastic\\\/\"},\"wordCount\":337,\"commentCount\":0,\"image\":{\"@id\":\"https:\\\/\\\/dmcsrb.com\\\/hronika\\\/video-foto-akcija-hapsenja-na-saslusanju-mijajlovic-pavicevic-spicanovic-lazovic-i-tuziteljka-nastic\\\/#primaryimage\"},\"thumbnailUrl\":\"https:\\\/\\\/dmcsrb.com\\\/wp-content\\\/uploads\\\/2026\\\/01\\\/IMG_0029.webp\",\"keywords\":[\"Aleksandar Mijajlovi\u0107\",\"Drago Spi\u010danovi\u0107\",\"Milovan Pavi\u0107evi\u0107\",\"policija\",\"SDT\",\"vi\u0161a dr\u017eavna tu\u017eiteljka Andrijana Nasti\u0107\",\"Vladan Lazovi\u0107\"],\"articleSection\":[\"Hronika\"],\"inLanguage\":\"en-GB\",\"potentialAction\":[{\"@type\":\"CommentAction\",\"name\":\"Comment\",\"target\":[\"https:\\\/\\\/dmcsrb.com\\\/hronika\\\/video-foto-akcija-hapsenja-na-saslusanju-mijajlovic-pavicevic-spicanovic-lazovic-i-tuziteljka-nastic\\\/#respond\"]}]},{\"@type\":\"WebPage\",\"@id\":\"https:\\\/\\\/dmcsrb.com\\\/hronika\\\/video-foto-akcija-hapsenja-na-saslusanju-mijajlovic-pavicevic-spicanovic-lazovic-i-tuziteljka-nastic\\\/\",\"url\":\"https:\\\/\\\/dmcsrb.com\\\/hronika\\\/video-foto-akcija-hapsenja-na-saslusanju-mijajlovic-pavicevic-spicanovic-lazovic-i-tuziteljka-nastic\\\/\",\"name\":\"(VIDEO\\\/FOTO) Akcija hap\u0161enja: Na saslu\u0161anju Mijajlovi\u0107, Pavi\u0107evi\u0107, Spi\u010danovi\u0107, Lazovi\u0107 i tu\u017eiteljka Nasti\u0107 - dmcsrb.com\",\"isPartOf\":{\"@id\":\"https:\\\/\\\/dmcsrb.com\\\/#website\"},\"primaryImageOfPage\":{\"@id\":\"https:\\\/\\\/dmcsrb.com\\\/hronika\\\/video-foto-akcija-hapsenja-na-saslusanju-mijajlovic-pavicevic-spicanovic-lazovic-i-tuziteljka-nastic\\\/#primaryimage\"},\"image\":{\"@id\":\"https:\\\/\\\/dmcsrb.com\\\/hronika\\\/video-foto-akcija-hapsenja-na-saslusanju-mijajlovic-pavicevic-spicanovic-lazovic-i-tuziteljka-nastic\\\/#primaryimage\"},\"thumbnailUrl\":\"https:\\\/\\\/dmcsrb.com\\\/wp-content\\\/uploads\\\/2026\\\/01\\\/IMG_0029.webp\",\"datePublished\":\"2025-10-03T08:36:00+00:00\",\"author\":{\"@id\":\"https:\\\/\\\/dmcsrb.com\\\/#\\\/schema\\\/person\\\/5c39170f12db1b8b457732d0b5c854e2\"},\"breadcrumb\":{\"@id\":\"https:\\\/\\\/dmcsrb.com\\\/hronika\\\/video-foto-akcija-hapsenja-na-saslusanju-mijajlovic-pavicevic-spicanovic-lazovic-i-tuziteljka-nastic\\\/#breadcrumb\"},\"inLanguage\":\"en-GB\",\"potentialAction\":[{\"@type\":\"ReadAction\",\"target\":[\"https:\\\/\\\/dmcsrb.com\\\/hronika\\\/video-foto-akcija-hapsenja-na-saslusanju-mijajlovic-pavicevic-spicanovic-lazovic-i-tuziteljka-nastic\\\/\"]}]},{\"@type\":\"ImageObject\",\"inLanguage\":\"en-GB\",\"@id\":\"https:\\\/\\\/dmcsrb.com\\\/hronika\\\/video-foto-akcija-hapsenja-na-saslusanju-mijajlovic-pavicevic-spicanovic-lazovic-i-tuziteljka-nastic\\\/#primaryimage\",\"url\":\"https:\\\/\\\/dmcsrb.com\\\/wp-content\\\/uploads\\\/2026\\\/01\\\/IMG_0029.webp\",\"contentUrl\":\"https:\\\/\\\/dmcsrb.com\\\/wp-content\\\/uploads\\\/2026\\\/01\\\/IMG_0029.webp\",\"width\":1600,\"height\":1000},{\"@type\":\"BreadcrumbList\",\"@id\":\"https:\\\/\\\/dmcsrb.com\\\/hronika\\\/video-foto-akcija-hapsenja-na-saslusanju-mijajlovic-pavicevic-spicanovic-lazovic-i-tuziteljka-nastic\\\/#breadcrumb\",\"itemListElement\":[{\"@type\":\"ListItem\",\"position\":1,\"name\":\"Home\",\"item\":\"https:\\\/\\\/dmcsrb.com\\\/\"},{\"@type\":\"ListItem\",\"position\":2,\"name\":\"(VIDEO\\\/FOTO) Akcija hap\u0161enja: Na saslu\u0161anju Mijajlovi\u0107, Pavi\u0107evi\u0107, Spi\u010danovi\u0107, Lazovi\u0107 i tu\u017eiteljka Nasti\u0107\"}]},{\"@type\":\"WebSite\",\"@id\":\"https:\\\/\\\/dmcsrb.com\\\/#website\",\"url\":\"https:\\\/\\\/dmcsrb.com\\\/\",\"name\":\"dmcsrb.com\",\"description\":\"\",\"potentialAction\":[{\"@type\":\"SearchAction\",\"target\":{\"@type\":\"EntryPoint\",\"urlTemplate\":\"https:\\\/\\\/dmcsrb.com\\\/?s={search_term_string}\"},\"query-input\":{\"@type\":\"PropertyValueSpecification\",\"valueRequired\":true,\"valueName\":\"search_term_string\"}}],\"inLanguage\":\"en-GB\"},{\"@type\":\"Person\",\"@id\":\"https:\\\/\\\/dmcsrb.com\\\/#\\\/schema\\\/person\\\/5c39170f12db1b8b457732d0b5c854e2\",\"name\":\"dmcsrbija.com@gmail.com\",\"image\":{\"@type\":\"ImageObject\",\"inLanguage\":\"en-GB\",\"@id\":\"https:\\\/\\\/secure.gravatar.com\\\/avatar\\\/68592660ad6347fad0fb587f8d5d8f1a7b44961362f56e4f2cd524feb87e9069?s=96&d=mm&r=g\",\"url\":\"https:\\\/\\\/secure.gravatar.com\\\/avatar\\\/68592660ad6347fad0fb587f8d5d8f1a7b44961362f56e4f2cd524feb87e9069?s=96&d=mm&r=g\",\"contentUrl\":\"https:\\\/\\\/secure.gravatar.com\\\/avatar\\\/68592660ad6347fad0fb587f8d5d8f1a7b44961362f56e4f2cd524feb87e9069?s=96&d=mm&r=g\",\"caption\":\"dmcsrbija.com@gmail.com\"},\"sameAs\":[\"https:\\\/\\\/dmcsrb.com\"],\"url\":\"https:\\\/\\\/dmcsrb.com\\\/en\\\/author\\\/dmcsrbija-comgmail-com\\\/\"}]}<\/script>\n<!-- \/ Yoast SEO plugin. -->","yoast_head_json":{"title":"(VIDEO\/FOTO) Akcija hap\u0161enja: Na saslu\u0161anju Mijajlovi\u0107, Pavi\u0107evi\u0107, Spi\u010danovi\u0107, Lazovi\u0107 i tu\u017eiteljka Nasti\u0107 - dmcsrb.com","robots":{"index":"index","follow":"follow","max-snippet":"max-snippet:-1","max-image-preview":"max-image-preview:large","max-video-preview":"max-video-preview:-1"},"canonical":"https:\/\/dmcsrb.com\/en\/hronika\/video-foto-akcija-hapsenja-na-saslusanju-mijajlovic-pavicevic-spicanovic-lazovic-i-tuziteljka-nastic\/","og_locale":"en_GB","og_type":"article","og_title":"(VIDEO\/FOTO) Akcija hap\u0161enja: Na saslu\u0161anju Mijajlovi\u0107, Pavi\u0107evi\u0107, Spi\u010danovi\u0107, Lazovi\u0107 i tu\u017eiteljka Nasti\u0107 - dmcsrb.com","og_description":"U jednoj od najve\u0107ih operacija Specijalnog dr\u017eavnog tu\u017eila\u0161tva (SDT) i Specijalnog policijskog odjeljenja (SPO) jutros je uhap\u0161eno nekoliko biv\u0161ih visokih policijskih funkcionera, biznismen Aleksandar Mijajlovi\u0107 i vi\u0161a dr\u017eavna tu\u017eiteljka Andrijana Nasti\u0107, javlja reporter Gradskog portala.","og_url":"https:\/\/dmcsrb.com\/en\/hronika\/video-foto-akcija-hapsenja-na-saslusanju-mijajlovic-pavicevic-spicanovic-lazovic-i-tuziteljka-nastic\/","og_site_name":"dmcsrb.com","article_published_time":"2025-10-03T08:36:00+00:00","og_image":[{"width":1600,"height":1000,"url":"https:\/\/dmcsrb.com\/wp-content\/uploads\/2026\/01\/IMG_0029.webp","type":"image\/jpeg"}],"author":"dmcsrbija.com@gmail.com","twitter_card":"summary_large_image","twitter_misc":{"Written by":"dmcsrbija.com@gmail.com","Estimated reading time":"2 minutes"},"schema":{"@context":"https:\/\/schema.org","@graph":[{"@type":"Article","@id":"https:\/\/dmcsrb.com\/hronika\/video-foto-akcija-hapsenja-na-saslusanju-mijajlovic-pavicevic-spicanovic-lazovic-i-tuziteljka-nastic\/#article","isPartOf":{"@id":"https:\/\/dmcsrb.com\/hronika\/video-foto-akcija-hapsenja-na-saslusanju-mijajlovic-pavicevic-spicanovic-lazovic-i-tuziteljka-nastic\/"},"author":{"name":"dmcsrbija.com@gmail.com","@id":"https:\/\/dmcsrb.com\/#\/schema\/person\/5c39170f12db1b8b457732d0b5c854e2"},"headline":"(VIDEO\/FOTO) Akcija hap\u0161enja: Na saslu\u0161anju Mijajlovi\u0107, Pavi\u0107evi\u0107, Spi\u010danovi\u0107, Lazovi\u0107 i tu\u017eiteljka Nasti\u0107","datePublished":"2025-10-03T08:36:00+00:00","mainEntityOfPage":{"@id":"https:\/\/dmcsrb.com\/hronika\/video-foto-akcija-hapsenja-na-saslusanju-mijajlovic-pavicevic-spicanovic-lazovic-i-tuziteljka-nastic\/"},"wordCount":337,"commentCount":0,"image":{"@id":"https:\/\/dmcsrb.com\/hronika\/video-foto-akcija-hapsenja-na-saslusanju-mijajlovic-pavicevic-spicanovic-lazovic-i-tuziteljka-nastic\/#primaryimage"},"thumbnailUrl":"https:\/\/dmcsrb.com\/wp-content\/uploads\/2026\/01\/IMG_0029.webp","keywords":["Aleksandar Mijajlovi\u0107","Drago Spi\u010danovi\u0107","Milovan Pavi\u0107evi\u0107","policija","SDT","vi\u0161a dr\u017eavna tu\u017eiteljka Andrijana Nasti\u0107","Vladan Lazovi\u0107"],"articleSection":["Hronika"],"inLanguage":"en-GB","potentialAction":[{"@type":"CommentAction","name":"Comment","target":["https:\/\/dmcsrb.com\/hronika\/video-foto-akcija-hapsenja-na-saslusanju-mijajlovic-pavicevic-spicanovic-lazovic-i-tuziteljka-nastic\/#respond"]}]},{"@type":"WebPage","@id":"https:\/\/dmcsrb.com\/hronika\/video-foto-akcija-hapsenja-na-saslusanju-mijajlovic-pavicevic-spicanovic-lazovic-i-tuziteljka-nastic\/","url":"https:\/\/dmcsrb.com\/hronika\/video-foto-akcija-hapsenja-na-saslusanju-mijajlovic-pavicevic-spicanovic-lazovic-i-tuziteljka-nastic\/","name":"(VIDEO\/FOTO) Akcija hap\u0161enja: Na saslu\u0161anju Mijajlovi\u0107, Pavi\u0107evi\u0107, Spi\u010danovi\u0107, Lazovi\u0107 i tu\u017eiteljka Nasti\u0107 - dmcsrb.com","isPartOf":{"@id":"https:\/\/dmcsrb.com\/#website"},"primaryImageOfPage":{"@id":"https:\/\/dmcsrb.com\/hronika\/video-foto-akcija-hapsenja-na-saslusanju-mijajlovic-pavicevic-spicanovic-lazovic-i-tuziteljka-nastic\/#primaryimage"},"image":{"@id":"https:\/\/dmcsrb.com\/hronika\/video-foto-akcija-hapsenja-na-saslusanju-mijajlovic-pavicevic-spicanovic-lazovic-i-tuziteljka-nastic\/#primaryimage"},"thumbnailUrl":"https:\/\/dmcsrb.com\/wp-content\/uploads\/2026\/01\/IMG_0029.webp","datePublished":"2025-10-03T08:36:00+00:00","author":{"@id":"https:\/\/dmcsrb.com\/#\/schema\/person\/5c39170f12db1b8b457732d0b5c854e2"},"breadcrumb":{"@id":"https:\/\/dmcsrb.com\/hronika\/video-foto-akcija-hapsenja-na-saslusanju-mijajlovic-pavicevic-spicanovic-lazovic-i-tuziteljka-nastic\/#breadcrumb"},"inLanguage":"en-GB","potentialAction":[{"@type":"ReadAction","target":["https:\/\/dmcsrb.com\/hronika\/video-foto-akcija-hapsenja-na-saslusanju-mijajlovic-pavicevic-spicanovic-lazovic-i-tuziteljka-nastic\/"]}]},{"@type":"ImageObject","inLanguage":"en-GB","@id":"https:\/\/dmcsrb.com\/hronika\/video-foto-akcija-hapsenja-na-saslusanju-mijajlovic-pavicevic-spicanovic-lazovic-i-tuziteljka-nastic\/#primaryimage","url":"https:\/\/dmcsrb.com\/wp-content\/uploads\/2026\/01\/IMG_0029.webp","contentUrl":"https:\/\/dmcsrb.com\/wp-content\/uploads\/2026\/01\/IMG_0029.webp","width":1600,"height":1000},{"@type":"BreadcrumbList","@id":"https:\/\/dmcsrb.com\/hronika\/video-foto-akcija-hapsenja-na-saslusanju-mijajlovic-pavicevic-spicanovic-lazovic-i-tuziteljka-nastic\/#breadcrumb","itemListElement":[{"@type":"ListItem","position":1,"name":"Home","item":"https:\/\/dmcsrb.com\/"},{"@type":"ListItem","position":2,"name":"(VIDEO\/FOTO) Akcija hap\u0161enja: Na saslu\u0161anju Mijajlovi\u0107, Pavi\u0107evi\u0107, Spi\u010danovi\u0107, Lazovi\u0107 i tu\u017eiteljka Nasti\u0107"}]},{"@type":"WebSite","@id":"https:\/\/dmcsrb.com\/#website","url":"https:\/\/dmcsrb.com\/","name":"dmcsrb.com","description":"","potentialAction":[{"@type":"SearchAction","target":{"@type":"EntryPoint","urlTemplate":"https:\/\/dmcsrb.com\/?s={search_term_string}"},"query-input":{"@type":"PropertyValueSpecification","valueRequired":true,"valueName":"search_term_string"}}],"inLanguage":"en-GB"},{"@type":"Person","@id":"https:\/\/dmcsrb.com\/#\/schema\/person\/5c39170f12db1b8b457732d0b5c854e2","name":"dmcsrbija.com@gmail.com","image":{"@type":"ImageObject","inLanguage":"en-GB","@id":"https:\/\/secure.gravatar.com\/avatar\/68592660ad6347fad0fb587f8d5d8f1a7b44961362f56e4f2cd524feb87e9069?s=96&d=mm&r=g","url":"https:\/\/secure.gravatar.com\/avatar\/68592660ad6347fad0fb587f8d5d8f1a7b44961362f56e4f2cd524feb87e9069?s=96&d=mm&r=g","contentUrl":"https:\/\/secure.gravatar.com\/avatar\/68592660ad6347fad0fb587f8d5d8f1a7b44961362f56e4f2cd524feb87e9069?s=96&d=mm&r=g","caption":"dmcsrbija.com@gmail.com"},"sameAs":["https:\/\/dmcsrb.com"],"url":"https:\/\/dmcsrb.com\/en\/author\/dmcsrbija-comgmail-com\/"}]}},"_links":{"self":[{"href":"https:\/\/dmcsrb.com\/en\/wp-json\/wp\/v2\/posts\/955534","targetHints":{"allow":["GET"]}}],"collection":[{"href":"https:\/\/dmcsrb.com\/en\/wp-json\/wp\/v2\/posts"}],"about":[{"href":"https:\/\/dmcsrb.com\/en\/wp-json\/wp\/v2\/types\/post"}],"author":[{"embeddable":true,"href":"https:\/\/dmcsrb.com\/en\/wp-json\/wp\/v2\/users\/1"}],"replies":[{"embeddable":true,"href":"https:\/\/dmcsrb.com\/en\/wp-json\/wp\/v2\/comments?post=955534"}],"version-history":[{"count":0,"href":"https:\/\/dmcsrb.com\/en\/wp-json\/wp\/v2\/posts\/955534\/revisions"}],"wp:featuredmedia":[{"embeddable":true,"href":"https:\/\/dmcsrb.com\/en\/wp-json\/wp\/v2\/media\/955535"}],"wp:attachment":[{"href":"https:\/\/dmcsrb.com\/en\/wp-json\/wp\/v2\/media?parent=955534"}],"wp:term":[{"taxonomy":"category","embeddable":true,"href":"https:\/\/dmcsrb.com\/en\/wp-json\/wp\/v2\/categories?post=955534"},{"taxonomy":"post_tag","embeddable":true,"href":"https:\/\/dmcsrb.com\/en\/wp-json\/wp\/v2\/tags?post=955534"},{"taxonomy":"naslovna","embeddable":true,"href":"https:\/\/dmcsrb.com\/en\/wp-json\/wp\/v2\/naslovna?post=955534"}],"curies":[{"name":"wp","href":"https:\/\/api.w.org\/{rel}","templated":true}]}}