{"id":955521,"date":"2025-10-03T07:57:00","date_gmt":"2025-10-03T05:57:00","guid":{"rendered":"https:\/\/dmcsrb.com\/uncategorized\/zelim-vidjeti-moje-planine-multimedijalna-izlozba-na-cetinju-sa-preko-50-umjetnika-na-vise-gradskih-lokacija-2\/"},"modified":"2025-10-03T07:57:00","modified_gmt":"2025-10-03T05:57:00","slug":"zelim-vidjeti-moje-planine-multimedijalna-izlozba-na-cetinju-sa-preko-50-umjetnika-na-vise-gradskih-lokacija-2","status":"publish","type":"post","link":"https:\/\/dmcsrb.com\/en\/kultura\/zelim-vidjeti-moje-planine-multimedijalna-izlozba-na-cetinju-sa-preko-50-umjetnika-na-vise-gradskih-lokacija-2\/","title":{"rendered":"\u201e\u017delim vidjeti moje planine\u201c \u2013 multimedijalna izlo\u017eba na Cetinju sa preko 50 umjetnika na vi\u0161e gradskih lokacija"},"content":{"rendered":"<p><\/p>\n\n\n\n<p><br><br>Prema konceptu izlo\u017ebe, afirmi\u0161e se umjetnost kao humani projekat, platforma za pozitivno preure\u0111enje \u017eivotne stvarnosti. Izlo\u017ebom se promovi\u0161e\u00a0umjetnost koja u fokus stavlja dimenziju revitalizovanja Grada i \u010covjeka, afirmaciju njihovih potencijala i potreba za dostojanstvenim postojanjem ispunjenim bri\u017eno\u0161\u0107u i povjerenjem, empatijom i zajedni\u0161tvom i\u00a0 senzitivno\u0161\u0107u za male, dragocjene u\u017eitke svakodnevice.\u00a0<br><br>&#8220;Izlo\u017eba <strong><em>\u017delim vidjeti moje planine <\/em><\/strong>\u0107e biti skoncentrisana na Cetinju, otvorena 4. i 5. oktobra i trajati do 30 oktobra uz u\u010de\u0161\u0107e oko 50 umjetnika u inostranoj i selekciji umjetnika iz Crne Gore. U galeriji 42<em>\u00b0<\/em>, u ve\u0107em prostoru se prikazuje serija video radova Bila Viole, u manjem izla\u017ee Darko Vu\u010dkovi\u0107. U Crnogorskoj galeriji umjetnosti <em>Miodrag Dado \u0110uri\u0107<\/em> bi\u0107e izlo\u017eeni radovi Marine Abramovi\u0107, Jozefa Bojsa, Lidije Deli\u0107, Marije Dragojlovi\u0107, Vukice \u0110ilas, Vlatka Gili\u0107a, Toma Gotovca, grupe IRWIN, Milene Jovi\u0107evi\u0107, Gordane Ku\u010d, Vlada Marteka, Jovana Milo\u0161evi\u0107a, Bojane Nik\u010devi\u0107, Lene Nik\u010devi\u0107, Milije Pavi\u0107evi\u0107a, Lazara Pejovi\u0107a, Bojane Popadi\u0107, Sini\u0161e Radulovi\u0107a, Andreja Savskog, Slobodana \u0160ijana i Ilije \u0160o\u0161ki\u0107a. U suterenskim prostorijama Ruskog poslanstva, bi\u0107e izlo\u017eeni radovi Lidije Deli\u0107, Ive i Nata\u0161e \u0110urovi\u0107, Sandre \u0110urovi\u0107, Anke Garda\u0161evi\u0107, Marka Kilibarde, Ane Novakovi\u0107 i Ma\u0161e Lakovi\u0107, Ivane Ma\u0161anovi\u0107, Teodore Nik\u010devi\u010d, Suzane Pajovi\u0107, Petra Perovi\u0107a i Bojane Vuk\u010devi\u0107. Izvjesne umjetni\u010dke instalacije \u0107e biti postavljene u javnim prostorima grada: u kamenoj ku\u0107i na Ljetnjoj pozornici, zajedni\u010dki izla\u017eu Sonja, Roman, Una i Dunja \u0110uranovi\u0107, u prostoru fabrike Obod Sini\u0161a Radulovi\u0107, na platou ispred FLU Nikola Radonji\u0107, Zdravko Beli Deliba\u0161i\u0107 i Iva Tripkovi\u0107, na zgradi u ulici Peka Pavlovi\u0107a 1 Janko Ljumovi\u0107 a na zgradi u Njego\u0161evoj 16 Aleksandra Bo\u017eovi\u0107, u stra\u017earskoj ku\u0107ici pored Muzeja Kralja Nikole izla\u017ee Brano Mandi\u0107, na pijaci Ivanka Vana Prelevi\u0107, u ba\u0161ti kod spomenika Ivana Crnojevi\u0107a Nada Ka\u017ei\u0107, u prostoru Vladi\u010dine Ba\u0161te Jelena Pavi\u0107evi\u0107 Markovi\u0107, u dvori\u0161tu engleskog poslanstva izla\u017ee se rekonstruisani rad pokojne Ane Miljkovac, intervenciju u prostoru i performans na stijeni kod Borovika izvodi An\u0111ela Bulatovi\u0107 gdje svoju intervenciu u prostoru ima i Jovan Milo\u0161evi\u0107 a Vuka\u0161in Tanjevi\u0107 izvodi performativnu \u0161etnju od Cetinja do Nik\u0161i\u0107a&#8221;, navodi se u saop\u0161tenju.<br><br>Realizaciju radova koji \u0107e biti prezentovani na ovoj izlo\u017ebi a koji su odabrani na osnovu javnog konkursa producirao je FLU Cetinje.<br><br>&#8220;Prvog dana otvaranja 4. oktobra, svi izlo\u017ebeni prostori \u0107e biti dostupni publici od 11:00 sati a za zavr\u0161nicu ovog dana planiran je poseban filmski program u Kraljevskom pozori\u0161tu Zetski dom, prikazivanje filmova Slobodana \u0160ijana <em>Video Fascikla \u2013 Tragom Hi\u010dkoka, <\/em>Branka Baleti\u0107a <em>Area Three <\/em>i Vukice \u0110ilas <em>Home Movies, <\/em>a na sve\u010danom otvaranju koje po\u010dinje u 20:00 i film Vlatka Gili\u0107a <em>Ljubav.<\/em> Drugog dana otvaranja 5. oktobra, od 16:00 se u Galeriji Dado \u0110uri\u0107 organizuju <em>Razgovori sa umjetnicima <\/em>a od 18:00 zajedni\u010dki performans <em>S.I.S.<\/em> umjetnice iz Pariza Boryane Petkove i umjetnice iz Sofije Iskre Blagoeve koje zastupa L.I.N.K. galerija iz Sofije i u kome \u0107e u\u010destvovati i studentkinje FLU&#8221;, kazali su u saop\u0161tenju.<\/p>","protected":false},"excerpt":{"rendered":"<p>Multimedijalnu umjetni\u010dku izlo\u017ebu\u00a0\u017delim vidjeti moje planine organizuje Fakultet likovnih umjetnosti Univerziteta Crne Gore u partnerstvu sa Prijestonicom Cetinje i Narodnim muzejom Crne Gore i uz podr\u0161ku Ministarstva kulture i medija Crne Gore, Univerziteta Crne Gore, Dr\u017eavnog arhiva Crne Gore, NLB banke, ambasade SR Njema\u010dke i ambasade Republike Slovenije u Crnoj Gori, Fakulteta za dramsku umjetnost na Cetinju i uz pomo\u0107 brojnih institucija, organizacija i pojedinaca. Kustoskinja izlo\u017ebe je Svetlana Racanovi\u0107, kazali su u saop\u0161tenju.<\/p>","protected":false},"author":1,"featured_media":955522,"comment_status":"open","ping_status":"open","sticky":false,"template":"","format":"standard","meta":{"_acf_changed":false,"footnotes":""},"categories":[50],"tags":[88,10120,10002],"naslovna":[],"class_list":["post-955521","post","type-post","status-publish","format-standard","has-post-thumbnail","hentry","category-kultura","tag-cetinje","tag-zelim","tag-zelim-vidjeti-moje-planine"],"acf":[],"yoast_head":"<!-- This site is optimized with the Yoast SEO plugin v27.0 - https:\/\/yoast.com\/product\/yoast-seo-wordpress\/ -->\n<title>\u201e\u017delim vidjeti moje planine\u201c \u2013 multimedijalna izlo\u017eba na Cetinju sa preko 50 umjetnika na vi\u0161e gradskih lokacija - dmcsrb.com<\/title>\n<meta name=\"robots\" content=\"index, follow, max-snippet:-1, max-image-preview:large, max-video-preview:-1\" \/>\n<link rel=\"canonical\" href=\"https:\/\/dmcsrb.com\/en\/kultura\/zelim-vidjeti-moje-planine-multimedijalna-izlozba-na-cetinju-sa-preko-50-umjetnika-na-vise-gradskih-lokacija-2\/\" \/>\n<meta property=\"og:locale\" content=\"en_GB\" \/>\n<meta property=\"og:type\" content=\"article\" \/>\n<meta property=\"og:title\" content=\"\u201e\u017delim vidjeti moje planine\u201c \u2013 multimedijalna izlo\u017eba na Cetinju sa preko 50 umjetnika na vi\u0161e gradskih lokacija - dmcsrb.com\" \/>\n<meta property=\"og:description\" content=\"Multimedijalnu umjetni\u010dku izlo\u017ebu\u00a0\u017delim vidjeti moje planine organizuje Fakultet likovnih umjetnosti Univerziteta Crne Gore u partnerstvu sa Prijestonicom Cetinje i Narodnim muzejom Crne Gore i uz podr\u0161ku Ministarstva kulture i medija Crne Gore, Univerziteta Crne Gore, Dr\u017eavnog arhiva Crne Gore, NLB banke, ambasade SR Njema\u010dke i ambasade Republike Slovenije u Crnoj Gori, Fakulteta za dramsku umjetnost na Cetinju i uz pomo\u0107 brojnih institucija, organizacija i pojedinaca. Kustoskinja izlo\u017ebe je Svetlana Racanovi\u0107, kazali su u saop\u0161tenju.\" \/>\n<meta property=\"og:url\" content=\"https:\/\/dmcsrb.com\/en\/kultura\/zelim-vidjeti-moje-planine-multimedijalna-izlozba-na-cetinju-sa-preko-50-umjetnika-na-vise-gradskih-lokacija-2\/\" \/>\n<meta property=\"og:site_name\" content=\"dmcsrb.com\" \/>\n<meta property=\"article:published_time\" content=\"2025-10-03T05:57:00+00:00\" \/>\n<meta property=\"og:image\" content=\"https:\/\/dmcsrb.com\/wp-content\/uploads\/2026\/01\/tumber-13.webp\" \/>\n\t<meta property=\"og:image:width\" content=\"968\" \/>\n\t<meta property=\"og:image:height\" content=\"645\" \/>\n\t<meta property=\"og:image:type\" content=\"image\/jpeg\" \/>\n<meta name=\"author\" content=\"dmcsrbija.com@gmail.com\" \/>\n<meta name=\"twitter:card\" content=\"summary_large_image\" \/>\n<meta name=\"twitter:label1\" content=\"Written by\" \/>\n\t<meta name=\"twitter:data1\" content=\"dmcsrbija.com@gmail.com\" \/>\n\t<meta name=\"twitter:label2\" content=\"Estimated reading time\" \/>\n\t<meta name=\"twitter:data2\" content=\"3 minutes\" \/>\n<script type=\"application\/ld+json\" class=\"yoast-schema-graph\">{\"@context\":\"https:\/\/schema.org\",\"@graph\":[{\"@type\":\"Article\",\"@id\":\"https:\/\/dmcsrb.com\/kultura\/zelim-vidjeti-moje-planine-multimedijalna-izlozba-na-cetinju-sa-preko-50-umjetnika-na-vise-gradskih-lokacija-2\/#article\",\"isPartOf\":{\"@id\":\"https:\/\/dmcsrb.com\/kultura\/zelim-vidjeti-moje-planine-multimedijalna-izlozba-na-cetinju-sa-preko-50-umjetnika-na-vise-gradskih-lokacija-2\/\"},\"author\":{\"name\":\"dmcsrbija.com@gmail.com\",\"@id\":\"https:\/\/dmcsrb.com\/#\/schema\/person\/5c39170f12db1b8b457732d0b5c854e2\"},\"headline\":\"\u201e\u017delim vidjeti moje planine\u201c \u2013 multimedijalna izlo\u017eba na Cetinju sa preko 50 umjetnika na vi\u0161e gradskih lokacija\",\"datePublished\":\"2025-10-03T05:57:00+00:00\",\"mainEntityOfPage\":{\"@id\":\"https:\/\/dmcsrb.com\/kultura\/zelim-vidjeti-moje-planine-multimedijalna-izlozba-na-cetinju-sa-preko-50-umjetnika-na-vise-gradskih-lokacija-2\/\"},\"wordCount\":544,\"commentCount\":0,\"image\":{\"@id\":\"https:\/\/dmcsrb.com\/kultura\/zelim-vidjeti-moje-planine-multimedijalna-izlozba-na-cetinju-sa-preko-50-umjetnika-na-vise-gradskih-lokacija-2\/#primaryimage\"},\"thumbnailUrl\":\"https:\/\/dmcsrb.com\/wp-content\/uploads\/2026\/01\/tumber-13.webp\",\"keywords\":[\"Cetinje\",\"\u017delim\",\"\u017delim vidjeti moje planine\"],\"articleSection\":[\"Kultura\"],\"inLanguage\":\"en-GB\",\"potentialAction\":[{\"@type\":\"CommentAction\",\"name\":\"Comment\",\"target\":[\"https:\/\/dmcsrb.com\/kultura\/zelim-vidjeti-moje-planine-multimedijalna-izlozba-na-cetinju-sa-preko-50-umjetnika-na-vise-gradskih-lokacija-2\/#respond\"]}]},{\"@type\":\"WebPage\",\"@id\":\"https:\/\/dmcsrb.com\/kultura\/zelim-vidjeti-moje-planine-multimedijalna-izlozba-na-cetinju-sa-preko-50-umjetnika-na-vise-gradskih-lokacija-2\/\",\"url\":\"https:\/\/dmcsrb.com\/kultura\/zelim-vidjeti-moje-planine-multimedijalna-izlozba-na-cetinju-sa-preko-50-umjetnika-na-vise-gradskih-lokacija-2\/\",\"name\":\"\u201e\u017delim vidjeti moje planine\u201c \u2013 multimedijalna izlo\u017eba na Cetinju sa preko 50 umjetnika na vi\u0161e gradskih lokacija - dmcsrb.com\",\"isPartOf\":{\"@id\":\"https:\/\/dmcsrb.com\/#website\"},\"primaryImageOfPage\":{\"@id\":\"https:\/\/dmcsrb.com\/kultura\/zelim-vidjeti-moje-planine-multimedijalna-izlozba-na-cetinju-sa-preko-50-umjetnika-na-vise-gradskih-lokacija-2\/#primaryimage\"},\"image\":{\"@id\":\"https:\/\/dmcsrb.com\/kultura\/zelim-vidjeti-moje-planine-multimedijalna-izlozba-na-cetinju-sa-preko-50-umjetnika-na-vise-gradskih-lokacija-2\/#primaryimage\"},\"thumbnailUrl\":\"https:\/\/dmcsrb.com\/wp-content\/uploads\/2026\/01\/tumber-13.webp\",\"datePublished\":\"2025-10-03T05:57:00+00:00\",\"author\":{\"@id\":\"https:\/\/dmcsrb.com\/#\/schema\/person\/5c39170f12db1b8b457732d0b5c854e2\"},\"breadcrumb\":{\"@id\":\"https:\/\/dmcsrb.com\/kultura\/zelim-vidjeti-moje-planine-multimedijalna-izlozba-na-cetinju-sa-preko-50-umjetnika-na-vise-gradskih-lokacija-2\/#breadcrumb\"},\"inLanguage\":\"en-GB\",\"potentialAction\":[{\"@type\":\"ReadAction\",\"target\":[\"https:\/\/dmcsrb.com\/kultura\/zelim-vidjeti-moje-planine-multimedijalna-izlozba-na-cetinju-sa-preko-50-umjetnika-na-vise-gradskih-lokacija-2\/\"]}]},{\"@type\":\"ImageObject\",\"inLanguage\":\"en-GB\",\"@id\":\"https:\/\/dmcsrb.com\/kultura\/zelim-vidjeti-moje-planine-multimedijalna-izlozba-na-cetinju-sa-preko-50-umjetnika-na-vise-gradskih-lokacija-2\/#primaryimage\",\"url\":\"https:\/\/dmcsrb.com\/wp-content\/uploads\/2026\/01\/tumber-13.webp\",\"contentUrl\":\"https:\/\/dmcsrb.com\/wp-content\/uploads\/2026\/01\/tumber-13.webp\",\"width\":968,\"height\":645},{\"@type\":\"BreadcrumbList\",\"@id\":\"https:\/\/dmcsrb.com\/kultura\/zelim-vidjeti-moje-planine-multimedijalna-izlozba-na-cetinju-sa-preko-50-umjetnika-na-vise-gradskih-lokacija-2\/#breadcrumb\",\"itemListElement\":[{\"@type\":\"ListItem\",\"position\":1,\"name\":\"Home\",\"item\":\"https:\/\/dmcsrb.com\/\"},{\"@type\":\"ListItem\",\"position\":2,\"name\":\"\u201e\u017delim vidjeti moje planine\u201c \u2013 multimedijalna izlo\u017eba na Cetinju sa preko 50 umjetnika na vi\u0161e gradskih lokacija\"}]},{\"@type\":\"WebSite\",\"@id\":\"https:\/\/dmcsrb.com\/#website\",\"url\":\"https:\/\/dmcsrb.com\/\",\"name\":\"dmcsrb.com\",\"description\":\"\",\"potentialAction\":[{\"@type\":\"SearchAction\",\"target\":{\"@type\":\"EntryPoint\",\"urlTemplate\":\"https:\/\/dmcsrb.com\/?s={search_term_string}\"},\"query-input\":{\"@type\":\"PropertyValueSpecification\",\"valueRequired\":true,\"valueName\":\"search_term_string\"}}],\"inLanguage\":\"en-GB\"},{\"@type\":\"Person\",\"@id\":\"https:\/\/dmcsrb.com\/#\/schema\/person\/5c39170f12db1b8b457732d0b5c854e2\",\"name\":\"dmcsrbija.com@gmail.com\",\"image\":{\"@type\":\"ImageObject\",\"inLanguage\":\"en-GB\",\"@id\":\"https:\/\/dmcsrb.com\/#\/schema\/person\/image\/\",\"url\":\"https:\/\/secure.gravatar.com\/avatar\/68592660ad6347fad0fb587f8d5d8f1a7b44961362f56e4f2cd524feb87e9069?s=96&d=mm&r=g\",\"contentUrl\":\"https:\/\/secure.gravatar.com\/avatar\/68592660ad6347fad0fb587f8d5d8f1a7b44961362f56e4f2cd524feb87e9069?s=96&d=mm&r=g\",\"caption\":\"dmcsrbija.com@gmail.com\"},\"sameAs\":[\"https:\/\/dmcsrb.com\"],\"url\":\"https:\/\/dmcsrb.com\/en\/author\/dmcsrbija-comgmail-com\/\"}]}<\/script>\n<!-- \/ Yoast SEO plugin. -->","yoast_head_json":{"title":"\u201e\u017delim vidjeti moje planine\u201c \u2013 multimedijalna izlo\u017eba na Cetinju sa preko 50 umjetnika na vi\u0161e gradskih lokacija - dmcsrb.com","robots":{"index":"index","follow":"follow","max-snippet":"max-snippet:-1","max-image-preview":"max-image-preview:large","max-video-preview":"max-video-preview:-1"},"canonical":"https:\/\/dmcsrb.com\/en\/kultura\/zelim-vidjeti-moje-planine-multimedijalna-izlozba-na-cetinju-sa-preko-50-umjetnika-na-vise-gradskih-lokacija-2\/","og_locale":"en_GB","og_type":"article","og_title":"\u201e\u017delim vidjeti moje planine\u201c \u2013 multimedijalna izlo\u017eba na Cetinju sa preko 50 umjetnika na vi\u0161e gradskih lokacija - dmcsrb.com","og_description":"Multimedijalnu umjetni\u010dku izlo\u017ebu\u00a0\u017delim vidjeti moje planine organizuje Fakultet likovnih umjetnosti Univerziteta Crne Gore u partnerstvu sa Prijestonicom Cetinje i Narodnim muzejom Crne Gore i uz podr\u0161ku Ministarstva kulture i medija Crne Gore, Univerziteta Crne Gore, Dr\u017eavnog arhiva Crne Gore, NLB banke, ambasade SR Njema\u010dke i ambasade Republike Slovenije u Crnoj Gori, Fakulteta za dramsku umjetnost na Cetinju i uz pomo\u0107 brojnih institucija, organizacija i pojedinaca. Kustoskinja izlo\u017ebe je Svetlana Racanovi\u0107, kazali su u saop\u0161tenju.","og_url":"https:\/\/dmcsrb.com\/en\/kultura\/zelim-vidjeti-moje-planine-multimedijalna-izlozba-na-cetinju-sa-preko-50-umjetnika-na-vise-gradskih-lokacija-2\/","og_site_name":"dmcsrb.com","article_published_time":"2025-10-03T05:57:00+00:00","og_image":[{"width":968,"height":645,"url":"https:\/\/dmcsrb.com\/wp-content\/uploads\/2026\/01\/tumber-13.webp","type":"image\/jpeg"}],"author":"dmcsrbija.com@gmail.com","twitter_card":"summary_large_image","twitter_misc":{"Written by":"dmcsrbija.com@gmail.com","Estimated reading time":"3 minutes"},"schema":{"@context":"https:\/\/schema.org","@graph":[{"@type":"Article","@id":"https:\/\/dmcsrb.com\/kultura\/zelim-vidjeti-moje-planine-multimedijalna-izlozba-na-cetinju-sa-preko-50-umjetnika-na-vise-gradskih-lokacija-2\/#article","isPartOf":{"@id":"https:\/\/dmcsrb.com\/kultura\/zelim-vidjeti-moje-planine-multimedijalna-izlozba-na-cetinju-sa-preko-50-umjetnika-na-vise-gradskih-lokacija-2\/"},"author":{"name":"dmcsrbija.com@gmail.com","@id":"https:\/\/dmcsrb.com\/#\/schema\/person\/5c39170f12db1b8b457732d0b5c854e2"},"headline":"\u201e\u017delim vidjeti moje planine\u201c \u2013 multimedijalna izlo\u017eba na Cetinju sa preko 50 umjetnika na vi\u0161e gradskih lokacija","datePublished":"2025-10-03T05:57:00+00:00","mainEntityOfPage":{"@id":"https:\/\/dmcsrb.com\/kultura\/zelim-vidjeti-moje-planine-multimedijalna-izlozba-na-cetinju-sa-preko-50-umjetnika-na-vise-gradskih-lokacija-2\/"},"wordCount":544,"commentCount":0,"image":{"@id":"https:\/\/dmcsrb.com\/kultura\/zelim-vidjeti-moje-planine-multimedijalna-izlozba-na-cetinju-sa-preko-50-umjetnika-na-vise-gradskih-lokacija-2\/#primaryimage"},"thumbnailUrl":"https:\/\/dmcsrb.com\/wp-content\/uploads\/2026\/01\/tumber-13.webp","keywords":["Cetinje","\u017delim","\u017delim vidjeti moje planine"],"articleSection":["Kultura"],"inLanguage":"en-GB","potentialAction":[{"@type":"CommentAction","name":"Comment","target":["https:\/\/dmcsrb.com\/kultura\/zelim-vidjeti-moje-planine-multimedijalna-izlozba-na-cetinju-sa-preko-50-umjetnika-na-vise-gradskih-lokacija-2\/#respond"]}]},{"@type":"WebPage","@id":"https:\/\/dmcsrb.com\/kultura\/zelim-vidjeti-moje-planine-multimedijalna-izlozba-na-cetinju-sa-preko-50-umjetnika-na-vise-gradskih-lokacija-2\/","url":"https:\/\/dmcsrb.com\/kultura\/zelim-vidjeti-moje-planine-multimedijalna-izlozba-na-cetinju-sa-preko-50-umjetnika-na-vise-gradskih-lokacija-2\/","name":"\u201e\u017delim vidjeti moje planine\u201c \u2013 multimedijalna izlo\u017eba na Cetinju sa preko 50 umjetnika na vi\u0161e gradskih lokacija - dmcsrb.com","isPartOf":{"@id":"https:\/\/dmcsrb.com\/#website"},"primaryImageOfPage":{"@id":"https:\/\/dmcsrb.com\/kultura\/zelim-vidjeti-moje-planine-multimedijalna-izlozba-na-cetinju-sa-preko-50-umjetnika-na-vise-gradskih-lokacija-2\/#primaryimage"},"image":{"@id":"https:\/\/dmcsrb.com\/kultura\/zelim-vidjeti-moje-planine-multimedijalna-izlozba-na-cetinju-sa-preko-50-umjetnika-na-vise-gradskih-lokacija-2\/#primaryimage"},"thumbnailUrl":"https:\/\/dmcsrb.com\/wp-content\/uploads\/2026\/01\/tumber-13.webp","datePublished":"2025-10-03T05:57:00+00:00","author":{"@id":"https:\/\/dmcsrb.com\/#\/schema\/person\/5c39170f12db1b8b457732d0b5c854e2"},"breadcrumb":{"@id":"https:\/\/dmcsrb.com\/kultura\/zelim-vidjeti-moje-planine-multimedijalna-izlozba-na-cetinju-sa-preko-50-umjetnika-na-vise-gradskih-lokacija-2\/#breadcrumb"},"inLanguage":"en-GB","potentialAction":[{"@type":"ReadAction","target":["https:\/\/dmcsrb.com\/kultura\/zelim-vidjeti-moje-planine-multimedijalna-izlozba-na-cetinju-sa-preko-50-umjetnika-na-vise-gradskih-lokacija-2\/"]}]},{"@type":"ImageObject","inLanguage":"en-GB","@id":"https:\/\/dmcsrb.com\/kultura\/zelim-vidjeti-moje-planine-multimedijalna-izlozba-na-cetinju-sa-preko-50-umjetnika-na-vise-gradskih-lokacija-2\/#primaryimage","url":"https:\/\/dmcsrb.com\/wp-content\/uploads\/2026\/01\/tumber-13.webp","contentUrl":"https:\/\/dmcsrb.com\/wp-content\/uploads\/2026\/01\/tumber-13.webp","width":968,"height":645},{"@type":"BreadcrumbList","@id":"https:\/\/dmcsrb.com\/kultura\/zelim-vidjeti-moje-planine-multimedijalna-izlozba-na-cetinju-sa-preko-50-umjetnika-na-vise-gradskih-lokacija-2\/#breadcrumb","itemListElement":[{"@type":"ListItem","position":1,"name":"Home","item":"https:\/\/dmcsrb.com\/"},{"@type":"ListItem","position":2,"name":"\u201e\u017delim vidjeti moje planine\u201c \u2013 multimedijalna izlo\u017eba na Cetinju sa preko 50 umjetnika na vi\u0161e gradskih lokacija"}]},{"@type":"WebSite","@id":"https:\/\/dmcsrb.com\/#website","url":"https:\/\/dmcsrb.com\/","name":"dmcsrb.com","description":"","potentialAction":[{"@type":"SearchAction","target":{"@type":"EntryPoint","urlTemplate":"https:\/\/dmcsrb.com\/?s={search_term_string}"},"query-input":{"@type":"PropertyValueSpecification","valueRequired":true,"valueName":"search_term_string"}}],"inLanguage":"en-GB"},{"@type":"Person","@id":"https:\/\/dmcsrb.com\/#\/schema\/person\/5c39170f12db1b8b457732d0b5c854e2","name":"dmcsrbija.com@gmail.com","image":{"@type":"ImageObject","inLanguage":"en-GB","@id":"https:\/\/dmcsrb.com\/#\/schema\/person\/image\/","url":"https:\/\/secure.gravatar.com\/avatar\/68592660ad6347fad0fb587f8d5d8f1a7b44961362f56e4f2cd524feb87e9069?s=96&d=mm&r=g","contentUrl":"https:\/\/secure.gravatar.com\/avatar\/68592660ad6347fad0fb587f8d5d8f1a7b44961362f56e4f2cd524feb87e9069?s=96&d=mm&r=g","caption":"dmcsrbija.com@gmail.com"},"sameAs":["https:\/\/dmcsrb.com"],"url":"https:\/\/dmcsrb.com\/en\/author\/dmcsrbija-comgmail-com\/"}]}},"_links":{"self":[{"href":"https:\/\/dmcsrb.com\/en\/wp-json\/wp\/v2\/posts\/955521","targetHints":{"allow":["GET"]}}],"collection":[{"href":"https:\/\/dmcsrb.com\/en\/wp-json\/wp\/v2\/posts"}],"about":[{"href":"https:\/\/dmcsrb.com\/en\/wp-json\/wp\/v2\/types\/post"}],"author":[{"embeddable":true,"href":"https:\/\/dmcsrb.com\/en\/wp-json\/wp\/v2\/users\/1"}],"replies":[{"embeddable":true,"href":"https:\/\/dmcsrb.com\/en\/wp-json\/wp\/v2\/comments?post=955521"}],"version-history":[{"count":0,"href":"https:\/\/dmcsrb.com\/en\/wp-json\/wp\/v2\/posts\/955521\/revisions"}],"wp:featuredmedia":[{"embeddable":true,"href":"https:\/\/dmcsrb.com\/en\/wp-json\/wp\/v2\/media\/955522"}],"wp:attachment":[{"href":"https:\/\/dmcsrb.com\/en\/wp-json\/wp\/v2\/media?parent=955521"}],"wp:term":[{"taxonomy":"category","embeddable":true,"href":"https:\/\/dmcsrb.com\/en\/wp-json\/wp\/v2\/categories?post=955521"},{"taxonomy":"post_tag","embeddable":true,"href":"https:\/\/dmcsrb.com\/en\/wp-json\/wp\/v2\/tags?post=955521"},{"taxonomy":"naslovna","embeddable":true,"href":"https:\/\/dmcsrb.com\/en\/wp-json\/wp\/v2\/naslovna?post=955521"}],"curies":[{"name":"wp","href":"https:\/\/api.w.org\/{rel}","templated":true}]}}