{"id":955515,"date":"2025-10-03T06:50:00","date_gmt":"2025-10-03T04:50:00","guid":{"rendered":"https:\/\/dmcsrb.com\/uncategorized\/rijeka-cehotina-proglasena-spomenikom-prirode\/"},"modified":"2025-10-03T06:50:00","modified_gmt":"2025-10-03T04:50:00","slug":"rijeka-cehotina-proglasena-spomenikom-prirode","status":"publish","type":"post","link":"https:\/\/dmcsrb.com\/en\/drustvo\/rijeka-cehotina-proglasena-spomenikom-prirode\/","title":{"rendered":"Rijeka \u0106ehotina progla\u0161ena spomenikom prirode"},"content":{"rendered":"<p><\/p>\n\n\n\n<p>Rijeka \u0106ehotina, koja izvire u podno\u017eju planine Sto\u017eer i svojim tokom oblikuje pejza\u017ee Bijelog Polja i Pljevalja, sada dobija, kako ka\u017eu, status podru\u010dja od posebnog prirodnog zna\u010daja. Na teritoriji Bijelog Polja pod za\u0161titom je sada 516 hektara rije\u010dnog i priobalnog prostora, koji \u010dini spomenik prirode \u2018Rijeka \u0106ehotina\u2019. Oko njega uspostavljen je i dodatni za\u0161titni pojas od 528 hektara, \u010dija je uloga da sprije\u010di negativne uticaje iz okoline i obezbijedi trajno o\u010duvanje vrijednosti rijeke.<\/p>\n\n\n\n<p>Odlukom su jasno definisane zone stroge i odr\u017eive za\u0161tite, \u010dime se obezbje\u0111uje o\u010duvanje biodiverziteta, ali i mogu\u0107nost kontrolisanog kori\u0161\u0107enja resursa i razvoja ekoturizma.<\/p>\n\n\n\n<p>\u201eProgla\u0161enje \u0106ehotine za za\u0161ti\u0107eno podru\u010dje dokaz je na\u0161e posve\u0107enosti da Bijelo Polje razvijamo u skladu sa prirodom. Ovim \u010dinom \u0161aljemo poruku da o\u010duvanje rijeka i prirodnih bogatstava nije prepreka, ve\u0107 osnova za odr\u017eivi razvoj na\u0161e op\u0161tine. Tako\u0111e, za\u0161titom \u0106ehotine pro\u0161irujemo mre\u017eu za\u0161ti\u0107enih podru\u010dja u Crnoj Gori i time pored toga \u0161to doprinosimo ispunjavanju formalnih obaveza Crne Gore na putu ka EU, kroz za\u0161titu kreiramo platformu za brendiranje Crne Gore kao ekolo\u0161ke dr\u017eave\u201c, poru\u010dio je predsjednik Op\u0161tine Bijelo Polje <strong>Petar Smolovi\u0107<\/strong>.<\/p>\n\n\n\n<p>Za\u0161tita \u0106ehotine rezultat je vi\u0161egodi\u0161njeg rada i partnerstva izme\u0111u lokalnih vlasti i organizacija civilnog dru\u0161tva. Nevladina organizacija Eko-tim, u saradnji sa globalnom organizacijom za za\u0161titu prirode The Nature Conservancy, kroz regionalnu inicijativu Zajedno za rijeke, ulo\u017eila je veliki trud kako bi se pokrenuo proces i obezbijedila nau\u010dna i stru\u010dna podloga za ovakvu odluku.<\/p>\n\n\n\n<p>\u201eOvaj trenutak pokazuje da zajedni\u010dkim radom mo\u017eemo sa\u010duvati rijeke koje su od \u017eivotnog zna\u010daja za ljude, prirodu i budu\u0107e generacije. \u0106ehotina je simbol rada na\u0161e organizacije kao i na\u0161e borbe za \u010diste i slobodne rijeke, i ponosni smo \u0161to je sada pod trajnom za\u0161titom\u201c, izjavio je Milija \u010cabarkapa, izvr\u0161ni direktor NVO Eko-tim.<\/p>\n\n\n\n<p>Organizacija The Nature Conservancy, kroz inicijativu Zajedno za rijeke, podr\u017eava napore lokalnih zajednica i organizacija u regionu za o\u010duvajnjem rijeka.<\/p>\n\n\n\n<p>\u201eZa\u0161tita \u0106ehotine je sjajan primjer kako lokalne zajednice i globalni partneri mogu zajedno da postignu velike rezultate. Bez bliske saradnje sa lokalnim zajednicama i relevantnim institucijama, trajna za\u0161tita rijeka i prirode te\u0161ko je odr\u017eiva. Progla\u0161enjem za\u0161ti\u0107enog podru\u010dja na\u0161 anga\u017eman na \u0106ehotini dodatno je osna\u017een, a cilj nam je da u narednom periodu pru\u017eimo podr\u0161ku upravlja\u010du u izradi plana upravljanja i ja\u010danju sopstvenih kapaciteta\u201c, istakao je <strong>Igor Vejnovi\u0107<\/strong>, direktor Programa za Jugoisto\u010dnu Evropu, The Nature Conservancy.<\/p>\n\n\n\n<p>Progla\u0161enje rijeke \u0106ehotine za za\u0161ti\u0107eno podru\u010dje predstavlja i potvrdu da Bijelo Polje ide u korak sa evropskim standardima o\u010duvanja prirode, ali i jasnu poruku da razvoj i za\u0161tita mogu i moraju i\u0107i zajedno. Lokalna zajednica ovim dobija priliku da prirodna bogatstva valorizuje kroz odr\u017eive modele, od ekoturizma do istra\u017eiva\u010dkih i obrazovnih programa, uz o\u010duvanje onoga \u0161to je najvrjednije.<\/p>","protected":false},"excerpt":{"rendered":"<p>Skup\u0161tina Op\u0161tine Bijelo Polje na ju\u010dera\u0161njoj sjednici donijela je odluku o progla\u0161enju dijela rijeke \u0106ehotine za za\u0161ti\u0107eno podru\u010dje \u2013 spomenik prirode. Time je jo\u0161 jedan biser crnogorskih rijeka stavljen pod pravnu i institucionalnu za\u0161titu, \u0161to predstavlja zna\u010dajnu vrijednost za op\u0161tinu Bijelo Polje i cijelu Crnu Goru, saop\u0161teno je iz Nevladine organizacije Eko-tim.<\/p>","protected":false},"author":1,"featured_media":955516,"comment_status":"open","ping_status":"open","sticky":false,"template":"","format":"standard","meta":{"_acf_changed":false,"footnotes":""},"categories":[2],"tags":[1144,2806,10117,10118,3054,10119],"naslovna":[],"class_list":["post-955515","post","type-post","status-publish","format-standard","has-post-thumbnail","hentry","category-drustvo","tag-bijelo-polje","tag-eko-tim-2","tag-igor-vejnovic","tag-organizacija-the-nature-conservancy","tag-petar-smolovic","tag-rijeka-cehotina"],"acf":[],"yoast_head":"<!-- This site is optimized with the Yoast SEO plugin v27.4 - https:\/\/yoast.com\/product\/yoast-seo-wordpress\/ -->\n<title>Rijeka \u0106ehotina progla\u0161ena spomenikom prirode - dmcsrb.com<\/title>\n<meta name=\"robots\" content=\"index, follow, max-snippet:-1, max-image-preview:large, max-video-preview:-1\" \/>\n<link rel=\"canonical\" href=\"https:\/\/dmcsrb.com\/en\/drustvo\/rijeka-cehotina-proglasena-spomenikom-prirode\/\" \/>\n<meta property=\"og:locale\" content=\"en_GB\" \/>\n<meta property=\"og:type\" content=\"article\" \/>\n<meta property=\"og:title\" content=\"Rijeka \u0106ehotina progla\u0161ena spomenikom prirode - dmcsrb.com\" \/>\n<meta property=\"og:description\" content=\"Skup\u0161tina Op\u0161tine Bijelo Polje na ju\u010dera\u0161njoj sjednici donijela je odluku o progla\u0161enju dijela rijeke \u0106ehotine za za\u0161ti\u0107eno podru\u010dje \u2013 spomenik prirode. Time je jo\u0161 jedan biser crnogorskih rijeka stavljen pod pravnu i institucionalnu za\u0161titu, \u0161to predstavlja zna\u010dajnu vrijednost za op\u0161tinu Bijelo Polje i cijelu Crnu Goru, saop\u0161teno je iz Nevladine organizacije Eko-tim.\" \/>\n<meta property=\"og:url\" content=\"https:\/\/dmcsrb.com\/en\/drustvo\/rijeka-cehotina-proglasena-spomenikom-prirode\/\" \/>\n<meta property=\"og:site_name\" content=\"dmcsrb.com\" \/>\n<meta property=\"article:published_time\" content=\"2025-10-03T04:50:00+00:00\" \/>\n<meta property=\"og:image\" content=\"https:\/\/dmcsrb.com\/wp-content\/uploads\/2026\/01\/Cehotina-foto-NVO-Eko-tim.webp\" \/>\n\t<meta property=\"og:image:width\" content=\"650\" \/>\n\t<meta property=\"og:image:height\" content=\"474\" \/>\n\t<meta property=\"og:image:type\" content=\"image\/jpeg\" \/>\n<meta name=\"author\" content=\"dmcsrbija.com@gmail.com\" \/>\n<meta name=\"twitter:card\" content=\"summary_large_image\" \/>\n<meta name=\"twitter:label1\" content=\"Written by\" \/>\n\t<meta name=\"twitter:data1\" content=\"dmcsrbija.com@gmail.com\" \/>\n\t<meta name=\"twitter:label2\" content=\"Estimated reading time\" \/>\n\t<meta name=\"twitter:data2\" content=\"3 minutes\" \/>\n<script type=\"application\/ld+json\" class=\"yoast-schema-graph\">{\"@context\":\"https:\\\/\\\/schema.org\",\"@graph\":[{\"@type\":\"Article\",\"@id\":\"https:\\\/\\\/dmcsrb.com\\\/drustvo\\\/rijeka-cehotina-proglasena-spomenikom-prirode\\\/#article\",\"isPartOf\":{\"@id\":\"https:\\\/\\\/dmcsrb.com\\\/drustvo\\\/rijeka-cehotina-proglasena-spomenikom-prirode\\\/\"},\"author\":{\"name\":\"dmcsrbija.com@gmail.com\",\"@id\":\"https:\\\/\\\/dmcsrb.com\\\/#\\\/schema\\\/person\\\/5c39170f12db1b8b457732d0b5c854e2\"},\"headline\":\"Rijeka \u0106ehotina progla\u0161ena spomenikom prirode\",\"datePublished\":\"2025-10-03T04:50:00+00:00\",\"mainEntityOfPage\":{\"@id\":\"https:\\\/\\\/dmcsrb.com\\\/drustvo\\\/rijeka-cehotina-proglasena-spomenikom-prirode\\\/\"},\"wordCount\":523,\"commentCount\":0,\"image\":{\"@id\":\"https:\\\/\\\/dmcsrb.com\\\/drustvo\\\/rijeka-cehotina-proglasena-spomenikom-prirode\\\/#primaryimage\"},\"thumbnailUrl\":\"https:\\\/\\\/dmcsrb.com\\\/wp-content\\\/uploads\\\/2026\\\/01\\\/Cehotina-foto-NVO-Eko-tim.webp\",\"keywords\":[\"Bijelo Polje\",\"Eko-tim\",\"Igor Vejnovi\u0107\",\"Organizacija The Nature Conservancy\",\"Petar Smolovi\u0107\",\"Rijeka \u0106ehotina\"],\"articleSection\":[\"Dru\u0161tvo\"],\"inLanguage\":\"en-GB\",\"potentialAction\":[{\"@type\":\"CommentAction\",\"name\":\"Comment\",\"target\":[\"https:\\\/\\\/dmcsrb.com\\\/drustvo\\\/rijeka-cehotina-proglasena-spomenikom-prirode\\\/#respond\"]}]},{\"@type\":\"WebPage\",\"@id\":\"https:\\\/\\\/dmcsrb.com\\\/drustvo\\\/rijeka-cehotina-proglasena-spomenikom-prirode\\\/\",\"url\":\"https:\\\/\\\/dmcsrb.com\\\/drustvo\\\/rijeka-cehotina-proglasena-spomenikom-prirode\\\/\",\"name\":\"Rijeka \u0106ehotina progla\u0161ena spomenikom prirode - dmcsrb.com\",\"isPartOf\":{\"@id\":\"https:\\\/\\\/dmcsrb.com\\\/#website\"},\"primaryImageOfPage\":{\"@id\":\"https:\\\/\\\/dmcsrb.com\\\/drustvo\\\/rijeka-cehotina-proglasena-spomenikom-prirode\\\/#primaryimage\"},\"image\":{\"@id\":\"https:\\\/\\\/dmcsrb.com\\\/drustvo\\\/rijeka-cehotina-proglasena-spomenikom-prirode\\\/#primaryimage\"},\"thumbnailUrl\":\"https:\\\/\\\/dmcsrb.com\\\/wp-content\\\/uploads\\\/2026\\\/01\\\/Cehotina-foto-NVO-Eko-tim.webp\",\"datePublished\":\"2025-10-03T04:50:00+00:00\",\"author\":{\"@id\":\"https:\\\/\\\/dmcsrb.com\\\/#\\\/schema\\\/person\\\/5c39170f12db1b8b457732d0b5c854e2\"},\"breadcrumb\":{\"@id\":\"https:\\\/\\\/dmcsrb.com\\\/drustvo\\\/rijeka-cehotina-proglasena-spomenikom-prirode\\\/#breadcrumb\"},\"inLanguage\":\"en-GB\",\"potentialAction\":[{\"@type\":\"ReadAction\",\"target\":[\"https:\\\/\\\/dmcsrb.com\\\/drustvo\\\/rijeka-cehotina-proglasena-spomenikom-prirode\\\/\"]}]},{\"@type\":\"ImageObject\",\"inLanguage\":\"en-GB\",\"@id\":\"https:\\\/\\\/dmcsrb.com\\\/drustvo\\\/rijeka-cehotina-proglasena-spomenikom-prirode\\\/#primaryimage\",\"url\":\"https:\\\/\\\/dmcsrb.com\\\/wp-content\\\/uploads\\\/2026\\\/01\\\/Cehotina-foto-NVO-Eko-tim.webp\",\"contentUrl\":\"https:\\\/\\\/dmcsrb.com\\\/wp-content\\\/uploads\\\/2026\\\/01\\\/Cehotina-foto-NVO-Eko-tim.webp\",\"width\":650,\"height\":474},{\"@type\":\"BreadcrumbList\",\"@id\":\"https:\\\/\\\/dmcsrb.com\\\/drustvo\\\/rijeka-cehotina-proglasena-spomenikom-prirode\\\/#breadcrumb\",\"itemListElement\":[{\"@type\":\"ListItem\",\"position\":1,\"name\":\"Home\",\"item\":\"https:\\\/\\\/dmcsrb.com\\\/\"},{\"@type\":\"ListItem\",\"position\":2,\"name\":\"Rijeka \u0106ehotina progla\u0161ena spomenikom prirode\"}]},{\"@type\":\"WebSite\",\"@id\":\"https:\\\/\\\/dmcsrb.com\\\/#website\",\"url\":\"https:\\\/\\\/dmcsrb.com\\\/\",\"name\":\"dmcsrb.com\",\"description\":\"\",\"potentialAction\":[{\"@type\":\"SearchAction\",\"target\":{\"@type\":\"EntryPoint\",\"urlTemplate\":\"https:\\\/\\\/dmcsrb.com\\\/?s={search_term_string}\"},\"query-input\":{\"@type\":\"PropertyValueSpecification\",\"valueRequired\":true,\"valueName\":\"search_term_string\"}}],\"inLanguage\":\"en-GB\"},{\"@type\":\"Person\",\"@id\":\"https:\\\/\\\/dmcsrb.com\\\/#\\\/schema\\\/person\\\/5c39170f12db1b8b457732d0b5c854e2\",\"name\":\"dmcsrbija.com@gmail.com\",\"image\":{\"@type\":\"ImageObject\",\"inLanguage\":\"en-GB\",\"@id\":\"https:\\\/\\\/secure.gravatar.com\\\/avatar\\\/68592660ad6347fad0fb587f8d5d8f1a7b44961362f56e4f2cd524feb87e9069?s=96&d=mm&r=g\",\"url\":\"https:\\\/\\\/secure.gravatar.com\\\/avatar\\\/68592660ad6347fad0fb587f8d5d8f1a7b44961362f56e4f2cd524feb87e9069?s=96&d=mm&r=g\",\"contentUrl\":\"https:\\\/\\\/secure.gravatar.com\\\/avatar\\\/68592660ad6347fad0fb587f8d5d8f1a7b44961362f56e4f2cd524feb87e9069?s=96&d=mm&r=g\",\"caption\":\"dmcsrbija.com@gmail.com\"},\"sameAs\":[\"https:\\\/\\\/dmcsrb.com\"],\"url\":\"https:\\\/\\\/dmcsrb.com\\\/en\\\/author\\\/dmcsrbija-comgmail-com\\\/\"}]}<\/script>\n<!-- \/ Yoast SEO plugin. -->","yoast_head_json":{"title":"Rijeka \u0106ehotina progla\u0161ena spomenikom prirode - dmcsrb.com","robots":{"index":"index","follow":"follow","max-snippet":"max-snippet:-1","max-image-preview":"max-image-preview:large","max-video-preview":"max-video-preview:-1"},"canonical":"https:\/\/dmcsrb.com\/en\/drustvo\/rijeka-cehotina-proglasena-spomenikom-prirode\/","og_locale":"en_GB","og_type":"article","og_title":"Rijeka \u0106ehotina progla\u0161ena spomenikom prirode - dmcsrb.com","og_description":"Skup\u0161tina Op\u0161tine Bijelo Polje na ju\u010dera\u0161njoj sjednici donijela je odluku o progla\u0161enju dijela rijeke \u0106ehotine za za\u0161ti\u0107eno podru\u010dje \u2013 spomenik prirode. Time je jo\u0161 jedan biser crnogorskih rijeka stavljen pod pravnu i institucionalnu za\u0161titu, \u0161to predstavlja zna\u010dajnu vrijednost za op\u0161tinu Bijelo Polje i cijelu Crnu Goru, saop\u0161teno je iz Nevladine organizacije Eko-tim.","og_url":"https:\/\/dmcsrb.com\/en\/drustvo\/rijeka-cehotina-proglasena-spomenikom-prirode\/","og_site_name":"dmcsrb.com","article_published_time":"2025-10-03T04:50:00+00:00","og_image":[{"width":650,"height":474,"url":"https:\/\/dmcsrb.com\/wp-content\/uploads\/2026\/01\/Cehotina-foto-NVO-Eko-tim.webp","type":"image\/jpeg"}],"author":"dmcsrbija.com@gmail.com","twitter_card":"summary_large_image","twitter_misc":{"Written by":"dmcsrbija.com@gmail.com","Estimated reading time":"3 minutes"},"schema":{"@context":"https:\/\/schema.org","@graph":[{"@type":"Article","@id":"https:\/\/dmcsrb.com\/drustvo\/rijeka-cehotina-proglasena-spomenikom-prirode\/#article","isPartOf":{"@id":"https:\/\/dmcsrb.com\/drustvo\/rijeka-cehotina-proglasena-spomenikom-prirode\/"},"author":{"name":"dmcsrbija.com@gmail.com","@id":"https:\/\/dmcsrb.com\/#\/schema\/person\/5c39170f12db1b8b457732d0b5c854e2"},"headline":"Rijeka \u0106ehotina progla\u0161ena spomenikom prirode","datePublished":"2025-10-03T04:50:00+00:00","mainEntityOfPage":{"@id":"https:\/\/dmcsrb.com\/drustvo\/rijeka-cehotina-proglasena-spomenikom-prirode\/"},"wordCount":523,"commentCount":0,"image":{"@id":"https:\/\/dmcsrb.com\/drustvo\/rijeka-cehotina-proglasena-spomenikom-prirode\/#primaryimage"},"thumbnailUrl":"https:\/\/dmcsrb.com\/wp-content\/uploads\/2026\/01\/Cehotina-foto-NVO-Eko-tim.webp","keywords":["Bijelo Polje","Eko-tim","Igor Vejnovi\u0107","Organizacija The Nature Conservancy","Petar Smolovi\u0107","Rijeka \u0106ehotina"],"articleSection":["Dru\u0161tvo"],"inLanguage":"en-GB","potentialAction":[{"@type":"CommentAction","name":"Comment","target":["https:\/\/dmcsrb.com\/drustvo\/rijeka-cehotina-proglasena-spomenikom-prirode\/#respond"]}]},{"@type":"WebPage","@id":"https:\/\/dmcsrb.com\/drustvo\/rijeka-cehotina-proglasena-spomenikom-prirode\/","url":"https:\/\/dmcsrb.com\/drustvo\/rijeka-cehotina-proglasena-spomenikom-prirode\/","name":"Rijeka \u0106ehotina progla\u0161ena spomenikom prirode - dmcsrb.com","isPartOf":{"@id":"https:\/\/dmcsrb.com\/#website"},"primaryImageOfPage":{"@id":"https:\/\/dmcsrb.com\/drustvo\/rijeka-cehotina-proglasena-spomenikom-prirode\/#primaryimage"},"image":{"@id":"https:\/\/dmcsrb.com\/drustvo\/rijeka-cehotina-proglasena-spomenikom-prirode\/#primaryimage"},"thumbnailUrl":"https:\/\/dmcsrb.com\/wp-content\/uploads\/2026\/01\/Cehotina-foto-NVO-Eko-tim.webp","datePublished":"2025-10-03T04:50:00+00:00","author":{"@id":"https:\/\/dmcsrb.com\/#\/schema\/person\/5c39170f12db1b8b457732d0b5c854e2"},"breadcrumb":{"@id":"https:\/\/dmcsrb.com\/drustvo\/rijeka-cehotina-proglasena-spomenikom-prirode\/#breadcrumb"},"inLanguage":"en-GB","potentialAction":[{"@type":"ReadAction","target":["https:\/\/dmcsrb.com\/drustvo\/rijeka-cehotina-proglasena-spomenikom-prirode\/"]}]},{"@type":"ImageObject","inLanguage":"en-GB","@id":"https:\/\/dmcsrb.com\/drustvo\/rijeka-cehotina-proglasena-spomenikom-prirode\/#primaryimage","url":"https:\/\/dmcsrb.com\/wp-content\/uploads\/2026\/01\/Cehotina-foto-NVO-Eko-tim.webp","contentUrl":"https:\/\/dmcsrb.com\/wp-content\/uploads\/2026\/01\/Cehotina-foto-NVO-Eko-tim.webp","width":650,"height":474},{"@type":"BreadcrumbList","@id":"https:\/\/dmcsrb.com\/drustvo\/rijeka-cehotina-proglasena-spomenikom-prirode\/#breadcrumb","itemListElement":[{"@type":"ListItem","position":1,"name":"Home","item":"https:\/\/dmcsrb.com\/"},{"@type":"ListItem","position":2,"name":"Rijeka \u0106ehotina progla\u0161ena spomenikom prirode"}]},{"@type":"WebSite","@id":"https:\/\/dmcsrb.com\/#website","url":"https:\/\/dmcsrb.com\/","name":"dmcsrb.com","description":"","potentialAction":[{"@type":"SearchAction","target":{"@type":"EntryPoint","urlTemplate":"https:\/\/dmcsrb.com\/?s={search_term_string}"},"query-input":{"@type":"PropertyValueSpecification","valueRequired":true,"valueName":"search_term_string"}}],"inLanguage":"en-GB"},{"@type":"Person","@id":"https:\/\/dmcsrb.com\/#\/schema\/person\/5c39170f12db1b8b457732d0b5c854e2","name":"dmcsrbija.com@gmail.com","image":{"@type":"ImageObject","inLanguage":"en-GB","@id":"https:\/\/secure.gravatar.com\/avatar\/68592660ad6347fad0fb587f8d5d8f1a7b44961362f56e4f2cd524feb87e9069?s=96&d=mm&r=g","url":"https:\/\/secure.gravatar.com\/avatar\/68592660ad6347fad0fb587f8d5d8f1a7b44961362f56e4f2cd524feb87e9069?s=96&d=mm&r=g","contentUrl":"https:\/\/secure.gravatar.com\/avatar\/68592660ad6347fad0fb587f8d5d8f1a7b44961362f56e4f2cd524feb87e9069?s=96&d=mm&r=g","caption":"dmcsrbija.com@gmail.com"},"sameAs":["https:\/\/dmcsrb.com"],"url":"https:\/\/dmcsrb.com\/en\/author\/dmcsrbija-comgmail-com\/"}]}},"_links":{"self":[{"href":"https:\/\/dmcsrb.com\/en\/wp-json\/wp\/v2\/posts\/955515","targetHints":{"allow":["GET"]}}],"collection":[{"href":"https:\/\/dmcsrb.com\/en\/wp-json\/wp\/v2\/posts"}],"about":[{"href":"https:\/\/dmcsrb.com\/en\/wp-json\/wp\/v2\/types\/post"}],"author":[{"embeddable":true,"href":"https:\/\/dmcsrb.com\/en\/wp-json\/wp\/v2\/users\/1"}],"replies":[{"embeddable":true,"href":"https:\/\/dmcsrb.com\/en\/wp-json\/wp\/v2\/comments?post=955515"}],"version-history":[{"count":0,"href":"https:\/\/dmcsrb.com\/en\/wp-json\/wp\/v2\/posts\/955515\/revisions"}],"wp:featuredmedia":[{"embeddable":true,"href":"https:\/\/dmcsrb.com\/en\/wp-json\/wp\/v2\/media\/955516"}],"wp:attachment":[{"href":"https:\/\/dmcsrb.com\/en\/wp-json\/wp\/v2\/media?parent=955515"}],"wp:term":[{"taxonomy":"category","embeddable":true,"href":"https:\/\/dmcsrb.com\/en\/wp-json\/wp\/v2\/categories?post=955515"},{"taxonomy":"post_tag","embeddable":true,"href":"https:\/\/dmcsrb.com\/en\/wp-json\/wp\/v2\/tags?post=955515"},{"taxonomy":"naslovna","embeddable":true,"href":"https:\/\/dmcsrb.com\/en\/wp-json\/wp\/v2\/naslovna?post=955515"}],"curies":[{"name":"wp","href":"https:\/\/api.w.org\/{rel}","templated":true}]}}