{"id":955492,"date":"2025-10-02T20:13:44","date_gmt":"2025-10-02T18:13:44","guid":{"rendered":"https:\/\/dmcsrb.com\/uncategorized\/so-bijelo-polje-usvojena-inicijativa-o-oduzimanju-nagrade-risto-ratkovic-radovanu-karadzicu\/"},"modified":"2025-10-02T20:13:44","modified_gmt":"2025-10-02T18:13:44","slug":"so-bijelo-polje-usvojena-inicijativa-o-oduzimanju-nagrade-risto-ratkovic-radovanu-karadzicu","status":"publish","type":"post","link":"https:\/\/dmcsrb.com\/en\/politika\/so-bijelo-polje-usvojena-inicijativa-o-oduzimanju-nagrade-risto-ratkovic-radovanu-karadzicu\/","title":{"rendered":"SO Bijelo Polje: Usvojena inicijativa o oduzimanju nagrade &#8220;Risto Ratkovi\u0107&#8221; Radovanu Karad\u017ei\u0107u"},"content":{"rendered":"<p><\/p>\n\n\n\n<p>Za je glasalo 19 odbornika, dok odbornici opozicije nisu u\u010destvovali u odlu\u010divanju, napustili su salu prije glasanja.<\/p>\n\n\n\n<p>Inicijativa BS bila je druga ta\u010dka dnevnog reda. Sjednici je prisustvovalo 29 odbornika.<\/p>\n\n\n\n<p>Odbornik NSD Vaso Obradovi\u0107 tra\u017eio je da se povu\u010de ta ta\u010dka sa dnevnog reda, me\u0111utim, predlog nije pro\u0161ao.<\/p>\n\n\n\n<p>On ga je obrazlo\u017eio time da SO nije nadle\u017ena i da taj potez mo\u017ee da uzrokuje negativne efekte.<\/p>\n\n\n\n<p>Za skidanje druge ta\u010dke s dnevnog reda glasalo je 10, dok je protiv bilo 17 odbornika.&nbsp;<\/p>\n\n\n\n<p>Poslanica PES-a i odbornica u lokalnom parlamentu Jelenka Andri\u0107 kazala je da su saglasni sa mi\u0161ljenjem Obradovi\u0107a da SO nije nadle\u017ena da oduzima nagradu jer je ona svjedo\u010danstvo jednog vremena. Ne\u0107e se izja\u0161njavati o Karad\u017ei\u0107u, ka\u017ee, jer su se o njemu svi izjasnili raznim rezolucijama.<\/p>\n\n\n\n<p>&#8220;Inicijativa BS je na\u010din da se ubere koji politi\u010dki poen i da se ka\u017ee ko je za, a ko protiv Radovana, a zapostavljaju se va\u017eni \u017eivotni problemi gra\u0111ana Bijelog Polja. PES ne\u0107e glasati ve\u010deras jer je ovo pravno neodr\u017eivo. Ovo je poku\u0161aj da se ne\u0161to pravno nemogu\u0107e uradi i da se naprave podjele u dru\u0161tvu&#8221;, kazala je Andri\u0107.<\/p>\n\n\n\n<p>Obradovi\u0107 je kazao da nisu za glasanje za i protiv Karad\u017ei\u0107a, ve\u0107 za i protiv Ustava i zakona.<\/p>\n\n\n\n<p>Odbornik Demokrata Marko Ljuji\u0107 kazao je da ta partija ne\u0107e u\u010destvovati u glasanju jer ne \u017eele da daju legitimitet kr\u0161enju zakona.<\/p>","protected":false},"excerpt":{"rendered":"<p>Skup\u0161tina op\u0161tine Bijelo Polje odlu\u010dila je ve\u0107inom glasova da se oduzme knji\u017eevna nagrada &#8220;Risto Ratkovi\u0107&#8221; biv\u0161em predsjedniku bosanskohercegova\u010dkog entiteta Republika Srpska i osu\u0111enom ratnom zlo\u010dincu Radovanu Karad\u017ei\u0107u.<\/p>","protected":false},"author":1,"featured_media":955493,"comment_status":"open","ping_status":"open","sticky":false,"template":"","format":"standard","meta":{"_acf_changed":false,"footnotes":""},"categories":[12],"tags":[10099,10100,3405,10101],"naslovna":[],"class_list":["post-955492","post","type-post","status-publish","format-standard","has-post-thumbnail","hentry","category-politika","tag-oduzimanje-nagrade-risto-ratkovic","tag-radovan-karadzic","tag-so-bijelo-polje","tag-usvojena-inicijativa"],"acf":[],"yoast_head":"<!-- This site is optimized with the Yoast SEO plugin v27.4 - https:\/\/yoast.com\/product\/yoast-seo-wordpress\/ -->\n<title>SO Bijelo Polje: Usvojena inicijativa o oduzimanju nagrade &quot;Risto Ratkovi\u0107&quot; Radovanu Karad\u017ei\u0107u - dmcsrb.com<\/title>\n<meta name=\"robots\" content=\"index, follow, max-snippet:-1, max-image-preview:large, max-video-preview:-1\" \/>\n<link rel=\"canonical\" href=\"https:\/\/dmcsrb.com\/en\/politika\/so-bijelo-polje-usvojena-inicijativa-o-oduzimanju-nagrade-risto-ratkovic-radovanu-karadzicu\/\" \/>\n<meta property=\"og:locale\" content=\"en_GB\" \/>\n<meta property=\"og:type\" content=\"article\" \/>\n<meta property=\"og:title\" content=\"SO Bijelo Polje: Usvojena inicijativa o oduzimanju nagrade &quot;Risto Ratkovi\u0107&quot; Radovanu Karad\u017ei\u0107u - dmcsrb.com\" \/>\n<meta property=\"og:description\" content=\"Skup\u0161tina op\u0161tine Bijelo Polje odlu\u010dila je ve\u0107inom glasova da se oduzme knji\u017eevna nagrada &quot;Risto Ratkovi\u0107&quot; biv\u0161em predsjedniku bosanskohercegova\u010dkog entiteta Republika Srpska i osu\u0111enom ratnom zlo\u010dincu Radovanu Karad\u017ei\u0107u.\" \/>\n<meta property=\"og:url\" content=\"https:\/\/dmcsrb.com\/en\/politika\/so-bijelo-polje-usvojena-inicijativa-o-oduzimanju-nagrade-risto-ratkovic-radovanu-karadzicu\/\" \/>\n<meta property=\"og:site_name\" content=\"dmcsrb.com\" \/>\n<meta property=\"article:published_time\" content=\"2025-10-02T18:13:44+00:00\" \/>\n<meta property=\"og:image\" content=\"https:\/\/dmcsrb.com\/wp-content\/uploads\/2026\/01\/viber_image_2025-10-02_19-05-33-509_675x900.webp\" \/>\n\t<meta property=\"og:image:width\" content=\"900\" \/>\n\t<meta property=\"og:image:height\" content=\"675\" \/>\n\t<meta property=\"og:image:type\" content=\"image\/jpeg\" \/>\n<meta name=\"author\" content=\"dmcsrbija.com@gmail.com\" \/>\n<meta name=\"twitter:card\" content=\"summary_large_image\" \/>\n<meta name=\"twitter:label1\" content=\"Written by\" \/>\n\t<meta name=\"twitter:data1\" content=\"dmcsrbija.com@gmail.com\" \/>\n\t<meta name=\"twitter:label2\" content=\"Estimated reading time\" \/>\n\t<meta name=\"twitter:data2\" content=\"1 minute\" \/>\n<script type=\"application\/ld+json\" class=\"yoast-schema-graph\">{\"@context\":\"https:\\\/\\\/schema.org\",\"@graph\":[{\"@type\":\"Article\",\"@id\":\"https:\\\/\\\/dmcsrb.com\\\/politika\\\/so-bijelo-polje-usvojena-inicijativa-o-oduzimanju-nagrade-risto-ratkovic-radovanu-karadzicu\\\/#article\",\"isPartOf\":{\"@id\":\"https:\\\/\\\/dmcsrb.com\\\/politika\\\/so-bijelo-polje-usvojena-inicijativa-o-oduzimanju-nagrade-risto-ratkovic-radovanu-karadzicu\\\/\"},\"author\":{\"name\":\"dmcsrbija.com@gmail.com\",\"@id\":\"https:\\\/\\\/dmcsrb.com\\\/#\\\/schema\\\/person\\\/5c39170f12db1b8b457732d0b5c854e2\"},\"headline\":\"SO Bijelo Polje: Usvojena inicijativa o oduzimanju nagrade &#8220;Risto Ratkovi\u0107&#8221; Radovanu Karad\u017ei\u0107u\",\"datePublished\":\"2025-10-02T18:13:44+00:00\",\"mainEntityOfPage\":{\"@id\":\"https:\\\/\\\/dmcsrb.com\\\/politika\\\/so-bijelo-polje-usvojena-inicijativa-o-oduzimanju-nagrade-risto-ratkovic-radovanu-karadzicu\\\/\"},\"wordCount\":273,\"commentCount\":0,\"image\":{\"@id\":\"https:\\\/\\\/dmcsrb.com\\\/politika\\\/so-bijelo-polje-usvojena-inicijativa-o-oduzimanju-nagrade-risto-ratkovic-radovanu-karadzicu\\\/#primaryimage\"},\"thumbnailUrl\":\"https:\\\/\\\/dmcsrb.com\\\/wp-content\\\/uploads\\\/2026\\\/01\\\/viber_image_2025-10-02_19-05-33-509_675x900.webp\",\"keywords\":[\"Oduzimanje nagrade ''Risto Ratkovi\u0107''\",\"Radovan Karad\u017ei\u0107\",\"SO Bijelo Polje\",\"Usvojena inicijativa\"],\"articleSection\":[\"Politika\"],\"inLanguage\":\"en-GB\",\"potentialAction\":[{\"@type\":\"CommentAction\",\"name\":\"Comment\",\"target\":[\"https:\\\/\\\/dmcsrb.com\\\/politika\\\/so-bijelo-polje-usvojena-inicijativa-o-oduzimanju-nagrade-risto-ratkovic-radovanu-karadzicu\\\/#respond\"]}]},{\"@type\":\"WebPage\",\"@id\":\"https:\\\/\\\/dmcsrb.com\\\/politika\\\/so-bijelo-polje-usvojena-inicijativa-o-oduzimanju-nagrade-risto-ratkovic-radovanu-karadzicu\\\/\",\"url\":\"https:\\\/\\\/dmcsrb.com\\\/politika\\\/so-bijelo-polje-usvojena-inicijativa-o-oduzimanju-nagrade-risto-ratkovic-radovanu-karadzicu\\\/\",\"name\":\"SO Bijelo Polje: Usvojena inicijativa o oduzimanju nagrade \\\"Risto Ratkovi\u0107\\\" Radovanu Karad\u017ei\u0107u - dmcsrb.com\",\"isPartOf\":{\"@id\":\"https:\\\/\\\/dmcsrb.com\\\/#website\"},\"primaryImageOfPage\":{\"@id\":\"https:\\\/\\\/dmcsrb.com\\\/politika\\\/so-bijelo-polje-usvojena-inicijativa-o-oduzimanju-nagrade-risto-ratkovic-radovanu-karadzicu\\\/#primaryimage\"},\"image\":{\"@id\":\"https:\\\/\\\/dmcsrb.com\\\/politika\\\/so-bijelo-polje-usvojena-inicijativa-o-oduzimanju-nagrade-risto-ratkovic-radovanu-karadzicu\\\/#primaryimage\"},\"thumbnailUrl\":\"https:\\\/\\\/dmcsrb.com\\\/wp-content\\\/uploads\\\/2026\\\/01\\\/viber_image_2025-10-02_19-05-33-509_675x900.webp\",\"datePublished\":\"2025-10-02T18:13:44+00:00\",\"author\":{\"@id\":\"https:\\\/\\\/dmcsrb.com\\\/#\\\/schema\\\/person\\\/5c39170f12db1b8b457732d0b5c854e2\"},\"breadcrumb\":{\"@id\":\"https:\\\/\\\/dmcsrb.com\\\/politika\\\/so-bijelo-polje-usvojena-inicijativa-o-oduzimanju-nagrade-risto-ratkovic-radovanu-karadzicu\\\/#breadcrumb\"},\"inLanguage\":\"en-GB\",\"potentialAction\":[{\"@type\":\"ReadAction\",\"target\":[\"https:\\\/\\\/dmcsrb.com\\\/politika\\\/so-bijelo-polje-usvojena-inicijativa-o-oduzimanju-nagrade-risto-ratkovic-radovanu-karadzicu\\\/\"]}]},{\"@type\":\"ImageObject\",\"inLanguage\":\"en-GB\",\"@id\":\"https:\\\/\\\/dmcsrb.com\\\/politika\\\/so-bijelo-polje-usvojena-inicijativa-o-oduzimanju-nagrade-risto-ratkovic-radovanu-karadzicu\\\/#primaryimage\",\"url\":\"https:\\\/\\\/dmcsrb.com\\\/wp-content\\\/uploads\\\/2026\\\/01\\\/viber_image_2025-10-02_19-05-33-509_675x900.webp\",\"contentUrl\":\"https:\\\/\\\/dmcsrb.com\\\/wp-content\\\/uploads\\\/2026\\\/01\\\/viber_image_2025-10-02_19-05-33-509_675x900.webp\",\"width\":900,\"height\":675},{\"@type\":\"BreadcrumbList\",\"@id\":\"https:\\\/\\\/dmcsrb.com\\\/politika\\\/so-bijelo-polje-usvojena-inicijativa-o-oduzimanju-nagrade-risto-ratkovic-radovanu-karadzicu\\\/#breadcrumb\",\"itemListElement\":[{\"@type\":\"ListItem\",\"position\":1,\"name\":\"Home\",\"item\":\"https:\\\/\\\/dmcsrb.com\\\/\"},{\"@type\":\"ListItem\",\"position\":2,\"name\":\"SO Bijelo Polje: Usvojena inicijativa o oduzimanju nagrade &#8220;Risto Ratkovi\u0107&#8221; Radovanu Karad\u017ei\u0107u\"}]},{\"@type\":\"WebSite\",\"@id\":\"https:\\\/\\\/dmcsrb.com\\\/#website\",\"url\":\"https:\\\/\\\/dmcsrb.com\\\/\",\"name\":\"dmcsrb.com\",\"description\":\"\",\"potentialAction\":[{\"@type\":\"SearchAction\",\"target\":{\"@type\":\"EntryPoint\",\"urlTemplate\":\"https:\\\/\\\/dmcsrb.com\\\/?s={search_term_string}\"},\"query-input\":{\"@type\":\"PropertyValueSpecification\",\"valueRequired\":true,\"valueName\":\"search_term_string\"}}],\"inLanguage\":\"en-GB\"},{\"@type\":\"Person\",\"@id\":\"https:\\\/\\\/dmcsrb.com\\\/#\\\/schema\\\/person\\\/5c39170f12db1b8b457732d0b5c854e2\",\"name\":\"dmcsrbija.com@gmail.com\",\"image\":{\"@type\":\"ImageObject\",\"inLanguage\":\"en-GB\",\"@id\":\"https:\\\/\\\/secure.gravatar.com\\\/avatar\\\/68592660ad6347fad0fb587f8d5d8f1a7b44961362f56e4f2cd524feb87e9069?s=96&d=mm&r=g\",\"url\":\"https:\\\/\\\/secure.gravatar.com\\\/avatar\\\/68592660ad6347fad0fb587f8d5d8f1a7b44961362f56e4f2cd524feb87e9069?s=96&d=mm&r=g\",\"contentUrl\":\"https:\\\/\\\/secure.gravatar.com\\\/avatar\\\/68592660ad6347fad0fb587f8d5d8f1a7b44961362f56e4f2cd524feb87e9069?s=96&d=mm&r=g\",\"caption\":\"dmcsrbija.com@gmail.com\"},\"sameAs\":[\"https:\\\/\\\/dmcsrb.com\"],\"url\":\"https:\\\/\\\/dmcsrb.com\\\/en\\\/author\\\/dmcsrbija-comgmail-com\\\/\"}]}<\/script>\n<!-- \/ Yoast SEO plugin. -->","yoast_head_json":{"title":"SO Bijelo Polje: Usvojena inicijativa o oduzimanju nagrade \"Risto Ratkovi\u0107\" Radovanu Karad\u017ei\u0107u - dmcsrb.com","robots":{"index":"index","follow":"follow","max-snippet":"max-snippet:-1","max-image-preview":"max-image-preview:large","max-video-preview":"max-video-preview:-1"},"canonical":"https:\/\/dmcsrb.com\/en\/politika\/so-bijelo-polje-usvojena-inicijativa-o-oduzimanju-nagrade-risto-ratkovic-radovanu-karadzicu\/","og_locale":"en_GB","og_type":"article","og_title":"SO Bijelo Polje: Usvojena inicijativa o oduzimanju nagrade \"Risto Ratkovi\u0107\" Radovanu Karad\u017ei\u0107u - dmcsrb.com","og_description":"Skup\u0161tina op\u0161tine Bijelo Polje odlu\u010dila je ve\u0107inom glasova da se oduzme knji\u017eevna nagrada \"Risto Ratkovi\u0107\" biv\u0161em predsjedniku bosanskohercegova\u010dkog entiteta Republika Srpska i osu\u0111enom ratnom zlo\u010dincu Radovanu Karad\u017ei\u0107u.","og_url":"https:\/\/dmcsrb.com\/en\/politika\/so-bijelo-polje-usvojena-inicijativa-o-oduzimanju-nagrade-risto-ratkovic-radovanu-karadzicu\/","og_site_name":"dmcsrb.com","article_published_time":"2025-10-02T18:13:44+00:00","og_image":[{"width":900,"height":675,"url":"https:\/\/dmcsrb.com\/wp-content\/uploads\/2026\/01\/viber_image_2025-10-02_19-05-33-509_675x900.webp","type":"image\/jpeg"}],"author":"dmcsrbija.com@gmail.com","twitter_card":"summary_large_image","twitter_misc":{"Written by":"dmcsrbija.com@gmail.com","Estimated reading time":"1 minute"},"schema":{"@context":"https:\/\/schema.org","@graph":[{"@type":"Article","@id":"https:\/\/dmcsrb.com\/politika\/so-bijelo-polje-usvojena-inicijativa-o-oduzimanju-nagrade-risto-ratkovic-radovanu-karadzicu\/#article","isPartOf":{"@id":"https:\/\/dmcsrb.com\/politika\/so-bijelo-polje-usvojena-inicijativa-o-oduzimanju-nagrade-risto-ratkovic-radovanu-karadzicu\/"},"author":{"name":"dmcsrbija.com@gmail.com","@id":"https:\/\/dmcsrb.com\/#\/schema\/person\/5c39170f12db1b8b457732d0b5c854e2"},"headline":"SO Bijelo Polje: Usvojena inicijativa o oduzimanju nagrade &#8220;Risto Ratkovi\u0107&#8221; Radovanu Karad\u017ei\u0107u","datePublished":"2025-10-02T18:13:44+00:00","mainEntityOfPage":{"@id":"https:\/\/dmcsrb.com\/politika\/so-bijelo-polje-usvojena-inicijativa-o-oduzimanju-nagrade-risto-ratkovic-radovanu-karadzicu\/"},"wordCount":273,"commentCount":0,"image":{"@id":"https:\/\/dmcsrb.com\/politika\/so-bijelo-polje-usvojena-inicijativa-o-oduzimanju-nagrade-risto-ratkovic-radovanu-karadzicu\/#primaryimage"},"thumbnailUrl":"https:\/\/dmcsrb.com\/wp-content\/uploads\/2026\/01\/viber_image_2025-10-02_19-05-33-509_675x900.webp","keywords":["Oduzimanje nagrade ''Risto Ratkovi\u0107''","Radovan Karad\u017ei\u0107","SO Bijelo Polje","Usvojena inicijativa"],"articleSection":["Politika"],"inLanguage":"en-GB","potentialAction":[{"@type":"CommentAction","name":"Comment","target":["https:\/\/dmcsrb.com\/politika\/so-bijelo-polje-usvojena-inicijativa-o-oduzimanju-nagrade-risto-ratkovic-radovanu-karadzicu\/#respond"]}]},{"@type":"WebPage","@id":"https:\/\/dmcsrb.com\/politika\/so-bijelo-polje-usvojena-inicijativa-o-oduzimanju-nagrade-risto-ratkovic-radovanu-karadzicu\/","url":"https:\/\/dmcsrb.com\/politika\/so-bijelo-polje-usvojena-inicijativa-o-oduzimanju-nagrade-risto-ratkovic-radovanu-karadzicu\/","name":"SO Bijelo Polje: Usvojena inicijativa o oduzimanju nagrade \"Risto Ratkovi\u0107\" Radovanu Karad\u017ei\u0107u - dmcsrb.com","isPartOf":{"@id":"https:\/\/dmcsrb.com\/#website"},"primaryImageOfPage":{"@id":"https:\/\/dmcsrb.com\/politika\/so-bijelo-polje-usvojena-inicijativa-o-oduzimanju-nagrade-risto-ratkovic-radovanu-karadzicu\/#primaryimage"},"image":{"@id":"https:\/\/dmcsrb.com\/politika\/so-bijelo-polje-usvojena-inicijativa-o-oduzimanju-nagrade-risto-ratkovic-radovanu-karadzicu\/#primaryimage"},"thumbnailUrl":"https:\/\/dmcsrb.com\/wp-content\/uploads\/2026\/01\/viber_image_2025-10-02_19-05-33-509_675x900.webp","datePublished":"2025-10-02T18:13:44+00:00","author":{"@id":"https:\/\/dmcsrb.com\/#\/schema\/person\/5c39170f12db1b8b457732d0b5c854e2"},"breadcrumb":{"@id":"https:\/\/dmcsrb.com\/politika\/so-bijelo-polje-usvojena-inicijativa-o-oduzimanju-nagrade-risto-ratkovic-radovanu-karadzicu\/#breadcrumb"},"inLanguage":"en-GB","potentialAction":[{"@type":"ReadAction","target":["https:\/\/dmcsrb.com\/politika\/so-bijelo-polje-usvojena-inicijativa-o-oduzimanju-nagrade-risto-ratkovic-radovanu-karadzicu\/"]}]},{"@type":"ImageObject","inLanguage":"en-GB","@id":"https:\/\/dmcsrb.com\/politika\/so-bijelo-polje-usvojena-inicijativa-o-oduzimanju-nagrade-risto-ratkovic-radovanu-karadzicu\/#primaryimage","url":"https:\/\/dmcsrb.com\/wp-content\/uploads\/2026\/01\/viber_image_2025-10-02_19-05-33-509_675x900.webp","contentUrl":"https:\/\/dmcsrb.com\/wp-content\/uploads\/2026\/01\/viber_image_2025-10-02_19-05-33-509_675x900.webp","width":900,"height":675},{"@type":"BreadcrumbList","@id":"https:\/\/dmcsrb.com\/politika\/so-bijelo-polje-usvojena-inicijativa-o-oduzimanju-nagrade-risto-ratkovic-radovanu-karadzicu\/#breadcrumb","itemListElement":[{"@type":"ListItem","position":1,"name":"Home","item":"https:\/\/dmcsrb.com\/"},{"@type":"ListItem","position":2,"name":"SO Bijelo Polje: Usvojena inicijativa o oduzimanju nagrade &#8220;Risto Ratkovi\u0107&#8221; Radovanu Karad\u017ei\u0107u"}]},{"@type":"WebSite","@id":"https:\/\/dmcsrb.com\/#website","url":"https:\/\/dmcsrb.com\/","name":"dmcsrb.com","description":"","potentialAction":[{"@type":"SearchAction","target":{"@type":"EntryPoint","urlTemplate":"https:\/\/dmcsrb.com\/?s={search_term_string}"},"query-input":{"@type":"PropertyValueSpecification","valueRequired":true,"valueName":"search_term_string"}}],"inLanguage":"en-GB"},{"@type":"Person","@id":"https:\/\/dmcsrb.com\/#\/schema\/person\/5c39170f12db1b8b457732d0b5c854e2","name":"dmcsrbija.com@gmail.com","image":{"@type":"ImageObject","inLanguage":"en-GB","@id":"https:\/\/secure.gravatar.com\/avatar\/68592660ad6347fad0fb587f8d5d8f1a7b44961362f56e4f2cd524feb87e9069?s=96&d=mm&r=g","url":"https:\/\/secure.gravatar.com\/avatar\/68592660ad6347fad0fb587f8d5d8f1a7b44961362f56e4f2cd524feb87e9069?s=96&d=mm&r=g","contentUrl":"https:\/\/secure.gravatar.com\/avatar\/68592660ad6347fad0fb587f8d5d8f1a7b44961362f56e4f2cd524feb87e9069?s=96&d=mm&r=g","caption":"dmcsrbija.com@gmail.com"},"sameAs":["https:\/\/dmcsrb.com"],"url":"https:\/\/dmcsrb.com\/en\/author\/dmcsrbija-comgmail-com\/"}]}},"_links":{"self":[{"href":"https:\/\/dmcsrb.com\/en\/wp-json\/wp\/v2\/posts\/955492","targetHints":{"allow":["GET"]}}],"collection":[{"href":"https:\/\/dmcsrb.com\/en\/wp-json\/wp\/v2\/posts"}],"about":[{"href":"https:\/\/dmcsrb.com\/en\/wp-json\/wp\/v2\/types\/post"}],"author":[{"embeddable":true,"href":"https:\/\/dmcsrb.com\/en\/wp-json\/wp\/v2\/users\/1"}],"replies":[{"embeddable":true,"href":"https:\/\/dmcsrb.com\/en\/wp-json\/wp\/v2\/comments?post=955492"}],"version-history":[{"count":0,"href":"https:\/\/dmcsrb.com\/en\/wp-json\/wp\/v2\/posts\/955492\/revisions"}],"wp:featuredmedia":[{"embeddable":true,"href":"https:\/\/dmcsrb.com\/en\/wp-json\/wp\/v2\/media\/955493"}],"wp:attachment":[{"href":"https:\/\/dmcsrb.com\/en\/wp-json\/wp\/v2\/media?parent=955492"}],"wp:term":[{"taxonomy":"category","embeddable":true,"href":"https:\/\/dmcsrb.com\/en\/wp-json\/wp\/v2\/categories?post=955492"},{"taxonomy":"post_tag","embeddable":true,"href":"https:\/\/dmcsrb.com\/en\/wp-json\/wp\/v2\/tags?post=955492"},{"taxonomy":"naslovna","embeddable":true,"href":"https:\/\/dmcsrb.com\/en\/wp-json\/wp\/v2\/naslovna?post=955492"}],"curies":[{"name":"wp","href":"https:\/\/api.w.org\/{rel}","templated":true}]}}