{"id":955450,"date":"2025-10-02T17:26:00","date_gmt":"2025-10-02T15:26:00","guid":{"rendered":"https:\/\/dmcsrb.com\/uncategorized\/video-sjutra-protest-radnika-nekadasnjeg-radoja-dakica-istrajace-u-zahtjevima-sve-dok-drzava-ne-ispuni-obaveze\/"},"modified":"2025-10-02T17:26:00","modified_gmt":"2025-10-02T15:26:00","slug":"video-sjutra-protest-radnika-nekadasnjeg-radoja-dakica-istrajace-u-zahtjevima-sve-dok-drzava-ne-ispuni-obaveze","status":"publish","type":"post","link":"https:\/\/dmcsrb.com\/en\/podgorica\/video-sjutra-protest-radnika-nekadasnjeg-radoja-dakica-istrajace-u-zahtjevima-sve-dok-drzava-ne-ispuni-obaveze\/","title":{"rendered":"(VIDEO) Sjutra protest radnika nekada\u0161njeg &#8220;Radoja Daki\u0107a&#8221;, istraja\u0107e u zahtjevima sve dok dr\u017eava ne ispuni obaveze"},"content":{"rendered":"<p>Pred institucijama sistema punih 16 godina traje borba radnika nekada\u0161njeg &#8216;Radoja Daki\u0107a&#8217;, ka\u017ee predstavnik udru\u017eenja malih akcionara Milan Vuk\u010devi\u0107. Sjutra \u0107e, isti\u010de, obilje\u017eiti Dan fabrike u kojoj su nekada radili.&nbsp;<\/p>\n\n\n\n<p>&#8220;79 godina od kako su dr\u017eavni organi tj. Vlada Crne Gore osnovali \u201eRadoje Daki\u0107\u201c koja je tada imala 3.400 radnika u Podgorici i po 700 radnika u Nik\u0161i\u0107u i Bijelom Polju&#8221;, kazao je Vuk\u010devi\u0107.<\/p>\n\n\n\n<p>Vuk\u010devi\u0107 navodi da je, u me\u0111uvremenu, preminulo vi\u0161e od 900 biv\u0161ih radnika, \u010dekaju\u0107i obe\u0161te\u0107enje u vi\u0161emilionskom iznosu.<\/p>\n\n\n\n<p>\u201eOna prethodna vlast je prodala tu\u0111u imovinu, privatnu imovinu, to je udar na temelj dru\u0161tva. To je tihi dr\u017eavni udar. Ovi ljudi koji su do\u0161li sad treba da vide je li to pravedno i da nam odgovore-ili niste ili jeste u pravu\u201c, naglasio je Vuk\u010devi\u0107.<\/p>\n\n\n\n<p>Podsjetio je da su zbog, kako ka\u017ee, \u010dekanja na svoja prava pravdu morali da potra\u017ee i pred Evropskim sudom za ljudska prava, koji je presudio u njihovu korist.<\/p>\n\n\n\n<p>\u201eSa te\u0161koga srca to, da ja sad tu\u017eim nekoga i svoju vlast. Ipak je ovu vlast birao narod, nije prihvatljivo da oni nakon 10 mjeseci ne odgovore, prema ustavu su du\u017eni. A mi se ve\u0107 sedam-osam puta skupljamo pred Vladom i idemo do Skup\u0161tine\u201c, zaklju\u010dio je Vuk\u010devi\u0107.<\/p>\n\n\n\n<p>Biv\u0161i radnici &#8216;Radoja Daki\u0107a&#8217; poru\u010duju da \u0107e istrajati u zahtjevima, sve dok dr\u017eava ne ispuni obaveze prema njima.<br><br><\/p>\n\n\n\n<figure class=\"wp-block-embed is-type-video is-provider-youtube wp-block-embed-youtube wp-embed-aspect-16-9 wp-has-aspect-ratio\"><div class=\"wp-block-embed__wrapper\">\n<iframe loading=\"lazy\" title=\"Sjutra protest radnika nekada\u0161njeg \u201eRadoja Daki\u0107a\u201c, istraja\u0107e u zahtjevima\" width=\"500\" height=\"281\" src=\"https:\/\/www.youtube.com\/embed\/kcqkZrDDa7Y?feature=oembed\" frameborder=\"0\" allow=\"accelerometer; autoplay; clipboard-write; encrypted-media; gyroscope; picture-in-picture; web-share\" referrerpolicy=\"strict-origin-when-cross-origin\" allowfullscreen><\/iframe>\n<\/div><\/figure>","protected":false},"excerpt":{"rendered":"<p>Radnici biv\u0161eg &#8216;Radoja Daki\u0107a&#8217; najavili su nedavno proteste sve dok ih, kako ka\u017eu, dr\u017eava ne obe\u0161teti \u2013 sjutra \u0107e ispred Skup\u0161tine odr\u017eati skup pod nazivom &#8216;In memoriam&#8217;.<\/p>","protected":false},"author":1,"featured_media":955451,"comment_status":"open","ping_status":"open","sticky":false,"template":"","format":"standard","meta":{"_acf_changed":false,"footnotes":""},"categories":[56],"tags":[10079,455,8036],"naslovna":[],"class_list":["post-955450","post","type-post","status-publish","format-standard","has-post-thumbnail","hentry","category-podgorica","tag-milan-vukcevic","tag-protest","tag-radoje-dakic"],"acf":[],"yoast_head":"<!-- This site is optimized with the Yoast SEO plugin v27.4 - https:\/\/yoast.com\/product\/yoast-seo-wordpress\/ -->\n<title>(VIDEO) Sjutra protest radnika nekada\u0161njeg &quot;Radoja Daki\u0107a&quot;, istraja\u0107e u zahtjevima sve dok dr\u017eava ne ispuni obaveze - dmcsrb.com<\/title>\n<meta name=\"robots\" content=\"index, follow, max-snippet:-1, max-image-preview:large, max-video-preview:-1\" \/>\n<link rel=\"canonical\" href=\"https:\/\/dmcsrb.com\/en\/podgorica\/video-sjutra-protest-radnika-nekadasnjeg-radoja-dakica-istrajace-u-zahtjevima-sve-dok-drzava-ne-ispuni-obaveze\/\" \/>\n<meta property=\"og:locale\" content=\"en_GB\" \/>\n<meta property=\"og:type\" content=\"article\" \/>\n<meta property=\"og:title\" content=\"(VIDEO) Sjutra protest radnika nekada\u0161njeg &quot;Radoja Daki\u0107a&quot;, istraja\u0107e u zahtjevima sve dok dr\u017eava ne ispuni obaveze - dmcsrb.com\" \/>\n<meta property=\"og:description\" content=\"Radnici biv\u0161eg &#039;Radoja Daki\u0107a&#039; najavili su nedavno proteste sve dok ih, kako ka\u017eu, dr\u017eava ne obe\u0161teti \u2013 sjutra \u0107e ispred Skup\u0161tine odr\u017eati skup pod nazivom &#039;In memoriam&#039;.\" \/>\n<meta property=\"og:url\" content=\"https:\/\/dmcsrb.com\/en\/podgorica\/video-sjutra-protest-radnika-nekadasnjeg-radoja-dakica-istrajace-u-zahtjevima-sve-dok-drzava-ne-ispuni-obaveze\/\" \/>\n<meta property=\"og:site_name\" content=\"dmcsrb.com\" \/>\n<meta property=\"article:published_time\" content=\"2025-10-02T15:26:00+00:00\" \/>\n<meta property=\"og:image\" content=\"https:\/\/dmcsrb.com\/wp-content\/uploads\/2026\/01\/Milan-Vukcevic.webp\" \/>\n\t<meta property=\"og:image:width\" content=\"1835\" \/>\n\t<meta property=\"og:image:height\" content=\"771\" \/>\n\t<meta property=\"og:image:type\" content=\"image\/jpeg\" \/>\n<meta name=\"author\" content=\"dmcsrbija.com@gmail.com\" \/>\n<meta name=\"twitter:card\" content=\"summary_large_image\" \/>\n<meta name=\"twitter:label1\" content=\"Written by\" \/>\n\t<meta name=\"twitter:data1\" content=\"dmcsrbija.com@gmail.com\" \/>\n\t<meta name=\"twitter:label2\" content=\"Estimated reading time\" \/>\n\t<meta name=\"twitter:data2\" content=\"1 minute\" \/>\n<script type=\"application\/ld+json\" class=\"yoast-schema-graph\">{\"@context\":\"https:\\\/\\\/schema.org\",\"@graph\":[{\"@type\":\"Article\",\"@id\":\"https:\\\/\\\/dmcsrb.com\\\/podgorica\\\/video-sjutra-protest-radnika-nekadasnjeg-radoja-dakica-istrajace-u-zahtjevima-sve-dok-drzava-ne-ispuni-obaveze\\\/#article\",\"isPartOf\":{\"@id\":\"https:\\\/\\\/dmcsrb.com\\\/podgorica\\\/video-sjutra-protest-radnika-nekadasnjeg-radoja-dakica-istrajace-u-zahtjevima-sve-dok-drzava-ne-ispuni-obaveze\\\/\"},\"author\":{\"name\":\"dmcsrbija.com@gmail.com\",\"@id\":\"https:\\\/\\\/dmcsrb.com\\\/#\\\/schema\\\/person\\\/5c39170f12db1b8b457732d0b5c854e2\"},\"headline\":\"(VIDEO) Sjutra protest radnika nekada\u0161njeg &#8220;Radoja Daki\u0107a&#8221;, istraja\u0107e u zahtjevima sve dok dr\u017eava ne ispuni obaveze\",\"datePublished\":\"2025-10-02T15:26:00+00:00\",\"mainEntityOfPage\":{\"@id\":\"https:\\\/\\\/dmcsrb.com\\\/podgorica\\\/video-sjutra-protest-radnika-nekadasnjeg-radoja-dakica-istrajace-u-zahtjevima-sve-dok-drzava-ne-ispuni-obaveze\\\/\"},\"wordCount\":275,\"commentCount\":0,\"image\":{\"@id\":\"https:\\\/\\\/dmcsrb.com\\\/podgorica\\\/video-sjutra-protest-radnika-nekadasnjeg-radoja-dakica-istrajace-u-zahtjevima-sve-dok-drzava-ne-ispuni-obaveze\\\/#primaryimage\"},\"thumbnailUrl\":\"https:\\\/\\\/dmcsrb.com\\\/wp-content\\\/uploads\\\/2026\\\/01\\\/Milan-Vukcevic.webp\",\"keywords\":[\"Milan VUk\u010devi\u0107\",\"Protest\",\"Radoje Dakic\"],\"articleSection\":[\"Podgorica\"],\"inLanguage\":\"en-GB\",\"potentialAction\":[{\"@type\":\"CommentAction\",\"name\":\"Comment\",\"target\":[\"https:\\\/\\\/dmcsrb.com\\\/podgorica\\\/video-sjutra-protest-radnika-nekadasnjeg-radoja-dakica-istrajace-u-zahtjevima-sve-dok-drzava-ne-ispuni-obaveze\\\/#respond\"]}]},{\"@type\":\"WebPage\",\"@id\":\"https:\\\/\\\/dmcsrb.com\\\/podgorica\\\/video-sjutra-protest-radnika-nekadasnjeg-radoja-dakica-istrajace-u-zahtjevima-sve-dok-drzava-ne-ispuni-obaveze\\\/\",\"url\":\"https:\\\/\\\/dmcsrb.com\\\/podgorica\\\/video-sjutra-protest-radnika-nekadasnjeg-radoja-dakica-istrajace-u-zahtjevima-sve-dok-drzava-ne-ispuni-obaveze\\\/\",\"name\":\"(VIDEO) Sjutra protest radnika nekada\u0161njeg \\\"Radoja Daki\u0107a\\\", istraja\u0107e u zahtjevima sve dok dr\u017eava ne ispuni obaveze - dmcsrb.com\",\"isPartOf\":{\"@id\":\"https:\\\/\\\/dmcsrb.com\\\/#website\"},\"primaryImageOfPage\":{\"@id\":\"https:\\\/\\\/dmcsrb.com\\\/podgorica\\\/video-sjutra-protest-radnika-nekadasnjeg-radoja-dakica-istrajace-u-zahtjevima-sve-dok-drzava-ne-ispuni-obaveze\\\/#primaryimage\"},\"image\":{\"@id\":\"https:\\\/\\\/dmcsrb.com\\\/podgorica\\\/video-sjutra-protest-radnika-nekadasnjeg-radoja-dakica-istrajace-u-zahtjevima-sve-dok-drzava-ne-ispuni-obaveze\\\/#primaryimage\"},\"thumbnailUrl\":\"https:\\\/\\\/dmcsrb.com\\\/wp-content\\\/uploads\\\/2026\\\/01\\\/Milan-Vukcevic.webp\",\"datePublished\":\"2025-10-02T15:26:00+00:00\",\"author\":{\"@id\":\"https:\\\/\\\/dmcsrb.com\\\/#\\\/schema\\\/person\\\/5c39170f12db1b8b457732d0b5c854e2\"},\"breadcrumb\":{\"@id\":\"https:\\\/\\\/dmcsrb.com\\\/podgorica\\\/video-sjutra-protest-radnika-nekadasnjeg-radoja-dakica-istrajace-u-zahtjevima-sve-dok-drzava-ne-ispuni-obaveze\\\/#breadcrumb\"},\"inLanguage\":\"en-GB\",\"potentialAction\":[{\"@type\":\"ReadAction\",\"target\":[\"https:\\\/\\\/dmcsrb.com\\\/podgorica\\\/video-sjutra-protest-radnika-nekadasnjeg-radoja-dakica-istrajace-u-zahtjevima-sve-dok-drzava-ne-ispuni-obaveze\\\/\"]}]},{\"@type\":\"ImageObject\",\"inLanguage\":\"en-GB\",\"@id\":\"https:\\\/\\\/dmcsrb.com\\\/podgorica\\\/video-sjutra-protest-radnika-nekadasnjeg-radoja-dakica-istrajace-u-zahtjevima-sve-dok-drzava-ne-ispuni-obaveze\\\/#primaryimage\",\"url\":\"https:\\\/\\\/dmcsrb.com\\\/wp-content\\\/uploads\\\/2026\\\/01\\\/Milan-Vukcevic.webp\",\"contentUrl\":\"https:\\\/\\\/dmcsrb.com\\\/wp-content\\\/uploads\\\/2026\\\/01\\\/Milan-Vukcevic.webp\",\"width\":1835,\"height\":771},{\"@type\":\"BreadcrumbList\",\"@id\":\"https:\\\/\\\/dmcsrb.com\\\/podgorica\\\/video-sjutra-protest-radnika-nekadasnjeg-radoja-dakica-istrajace-u-zahtjevima-sve-dok-drzava-ne-ispuni-obaveze\\\/#breadcrumb\",\"itemListElement\":[{\"@type\":\"ListItem\",\"position\":1,\"name\":\"Home\",\"item\":\"https:\\\/\\\/dmcsrb.com\\\/\"},{\"@type\":\"ListItem\",\"position\":2,\"name\":\"(VIDEO) Sjutra protest radnika nekada\u0161njeg &#8220;Radoja Daki\u0107a&#8221;, istraja\u0107e u zahtjevima sve dok dr\u017eava ne ispuni obaveze\"}]},{\"@type\":\"WebSite\",\"@id\":\"https:\\\/\\\/dmcsrb.com\\\/#website\",\"url\":\"https:\\\/\\\/dmcsrb.com\\\/\",\"name\":\"dmcsrb.com\",\"description\":\"\",\"potentialAction\":[{\"@type\":\"SearchAction\",\"target\":{\"@type\":\"EntryPoint\",\"urlTemplate\":\"https:\\\/\\\/dmcsrb.com\\\/?s={search_term_string}\"},\"query-input\":{\"@type\":\"PropertyValueSpecification\",\"valueRequired\":true,\"valueName\":\"search_term_string\"}}],\"inLanguage\":\"en-GB\"},{\"@type\":\"Person\",\"@id\":\"https:\\\/\\\/dmcsrb.com\\\/#\\\/schema\\\/person\\\/5c39170f12db1b8b457732d0b5c854e2\",\"name\":\"dmcsrbija.com@gmail.com\",\"image\":{\"@type\":\"ImageObject\",\"inLanguage\":\"en-GB\",\"@id\":\"https:\\\/\\\/secure.gravatar.com\\\/avatar\\\/68592660ad6347fad0fb587f8d5d8f1a7b44961362f56e4f2cd524feb87e9069?s=96&d=mm&r=g\",\"url\":\"https:\\\/\\\/secure.gravatar.com\\\/avatar\\\/68592660ad6347fad0fb587f8d5d8f1a7b44961362f56e4f2cd524feb87e9069?s=96&d=mm&r=g\",\"contentUrl\":\"https:\\\/\\\/secure.gravatar.com\\\/avatar\\\/68592660ad6347fad0fb587f8d5d8f1a7b44961362f56e4f2cd524feb87e9069?s=96&d=mm&r=g\",\"caption\":\"dmcsrbija.com@gmail.com\"},\"sameAs\":[\"https:\\\/\\\/dmcsrb.com\"],\"url\":\"https:\\\/\\\/dmcsrb.com\\\/en\\\/author\\\/dmcsrbija-comgmail-com\\\/\"}]}<\/script>\n<!-- \/ Yoast SEO plugin. -->","yoast_head_json":{"title":"(VIDEO) Sjutra protest radnika nekada\u0161njeg \"Radoja Daki\u0107a\", istraja\u0107e u zahtjevima sve dok dr\u017eava ne ispuni obaveze - dmcsrb.com","robots":{"index":"index","follow":"follow","max-snippet":"max-snippet:-1","max-image-preview":"max-image-preview:large","max-video-preview":"max-video-preview:-1"},"canonical":"https:\/\/dmcsrb.com\/en\/podgorica\/video-sjutra-protest-radnika-nekadasnjeg-radoja-dakica-istrajace-u-zahtjevima-sve-dok-drzava-ne-ispuni-obaveze\/","og_locale":"en_GB","og_type":"article","og_title":"(VIDEO) Sjutra protest radnika nekada\u0161njeg \"Radoja Daki\u0107a\", istraja\u0107e u zahtjevima sve dok dr\u017eava ne ispuni obaveze - dmcsrb.com","og_description":"Radnici biv\u0161eg 'Radoja Daki\u0107a' najavili su nedavno proteste sve dok ih, kako ka\u017eu, dr\u017eava ne obe\u0161teti \u2013 sjutra \u0107e ispred Skup\u0161tine odr\u017eati skup pod nazivom 'In memoriam'.","og_url":"https:\/\/dmcsrb.com\/en\/podgorica\/video-sjutra-protest-radnika-nekadasnjeg-radoja-dakica-istrajace-u-zahtjevima-sve-dok-drzava-ne-ispuni-obaveze\/","og_site_name":"dmcsrb.com","article_published_time":"2025-10-02T15:26:00+00:00","og_image":[{"width":1835,"height":771,"url":"https:\/\/dmcsrb.com\/wp-content\/uploads\/2026\/01\/Milan-Vukcevic.webp","type":"image\/jpeg"}],"author":"dmcsrbija.com@gmail.com","twitter_card":"summary_large_image","twitter_misc":{"Written by":"dmcsrbija.com@gmail.com","Estimated reading time":"1 minute"},"schema":{"@context":"https:\/\/schema.org","@graph":[{"@type":"Article","@id":"https:\/\/dmcsrb.com\/podgorica\/video-sjutra-protest-radnika-nekadasnjeg-radoja-dakica-istrajace-u-zahtjevima-sve-dok-drzava-ne-ispuni-obaveze\/#article","isPartOf":{"@id":"https:\/\/dmcsrb.com\/podgorica\/video-sjutra-protest-radnika-nekadasnjeg-radoja-dakica-istrajace-u-zahtjevima-sve-dok-drzava-ne-ispuni-obaveze\/"},"author":{"name":"dmcsrbija.com@gmail.com","@id":"https:\/\/dmcsrb.com\/#\/schema\/person\/5c39170f12db1b8b457732d0b5c854e2"},"headline":"(VIDEO) Sjutra protest radnika nekada\u0161njeg &#8220;Radoja Daki\u0107a&#8221;, istraja\u0107e u zahtjevima sve dok dr\u017eava ne ispuni obaveze","datePublished":"2025-10-02T15:26:00+00:00","mainEntityOfPage":{"@id":"https:\/\/dmcsrb.com\/podgorica\/video-sjutra-protest-radnika-nekadasnjeg-radoja-dakica-istrajace-u-zahtjevima-sve-dok-drzava-ne-ispuni-obaveze\/"},"wordCount":275,"commentCount":0,"image":{"@id":"https:\/\/dmcsrb.com\/podgorica\/video-sjutra-protest-radnika-nekadasnjeg-radoja-dakica-istrajace-u-zahtjevima-sve-dok-drzava-ne-ispuni-obaveze\/#primaryimage"},"thumbnailUrl":"https:\/\/dmcsrb.com\/wp-content\/uploads\/2026\/01\/Milan-Vukcevic.webp","keywords":["Milan VUk\u010devi\u0107","Protest","Radoje Dakic"],"articleSection":["Podgorica"],"inLanguage":"en-GB","potentialAction":[{"@type":"CommentAction","name":"Comment","target":["https:\/\/dmcsrb.com\/podgorica\/video-sjutra-protest-radnika-nekadasnjeg-radoja-dakica-istrajace-u-zahtjevima-sve-dok-drzava-ne-ispuni-obaveze\/#respond"]}]},{"@type":"WebPage","@id":"https:\/\/dmcsrb.com\/podgorica\/video-sjutra-protest-radnika-nekadasnjeg-radoja-dakica-istrajace-u-zahtjevima-sve-dok-drzava-ne-ispuni-obaveze\/","url":"https:\/\/dmcsrb.com\/podgorica\/video-sjutra-protest-radnika-nekadasnjeg-radoja-dakica-istrajace-u-zahtjevima-sve-dok-drzava-ne-ispuni-obaveze\/","name":"(VIDEO) Sjutra protest radnika nekada\u0161njeg \"Radoja Daki\u0107a\", istraja\u0107e u zahtjevima sve dok dr\u017eava ne ispuni obaveze - dmcsrb.com","isPartOf":{"@id":"https:\/\/dmcsrb.com\/#website"},"primaryImageOfPage":{"@id":"https:\/\/dmcsrb.com\/podgorica\/video-sjutra-protest-radnika-nekadasnjeg-radoja-dakica-istrajace-u-zahtjevima-sve-dok-drzava-ne-ispuni-obaveze\/#primaryimage"},"image":{"@id":"https:\/\/dmcsrb.com\/podgorica\/video-sjutra-protest-radnika-nekadasnjeg-radoja-dakica-istrajace-u-zahtjevima-sve-dok-drzava-ne-ispuni-obaveze\/#primaryimage"},"thumbnailUrl":"https:\/\/dmcsrb.com\/wp-content\/uploads\/2026\/01\/Milan-Vukcevic.webp","datePublished":"2025-10-02T15:26:00+00:00","author":{"@id":"https:\/\/dmcsrb.com\/#\/schema\/person\/5c39170f12db1b8b457732d0b5c854e2"},"breadcrumb":{"@id":"https:\/\/dmcsrb.com\/podgorica\/video-sjutra-protest-radnika-nekadasnjeg-radoja-dakica-istrajace-u-zahtjevima-sve-dok-drzava-ne-ispuni-obaveze\/#breadcrumb"},"inLanguage":"en-GB","potentialAction":[{"@type":"ReadAction","target":["https:\/\/dmcsrb.com\/podgorica\/video-sjutra-protest-radnika-nekadasnjeg-radoja-dakica-istrajace-u-zahtjevima-sve-dok-drzava-ne-ispuni-obaveze\/"]}]},{"@type":"ImageObject","inLanguage":"en-GB","@id":"https:\/\/dmcsrb.com\/podgorica\/video-sjutra-protest-radnika-nekadasnjeg-radoja-dakica-istrajace-u-zahtjevima-sve-dok-drzava-ne-ispuni-obaveze\/#primaryimage","url":"https:\/\/dmcsrb.com\/wp-content\/uploads\/2026\/01\/Milan-Vukcevic.webp","contentUrl":"https:\/\/dmcsrb.com\/wp-content\/uploads\/2026\/01\/Milan-Vukcevic.webp","width":1835,"height":771},{"@type":"BreadcrumbList","@id":"https:\/\/dmcsrb.com\/podgorica\/video-sjutra-protest-radnika-nekadasnjeg-radoja-dakica-istrajace-u-zahtjevima-sve-dok-drzava-ne-ispuni-obaveze\/#breadcrumb","itemListElement":[{"@type":"ListItem","position":1,"name":"Home","item":"https:\/\/dmcsrb.com\/"},{"@type":"ListItem","position":2,"name":"(VIDEO) Sjutra protest radnika nekada\u0161njeg &#8220;Radoja Daki\u0107a&#8221;, istraja\u0107e u zahtjevima sve dok dr\u017eava ne ispuni obaveze"}]},{"@type":"WebSite","@id":"https:\/\/dmcsrb.com\/#website","url":"https:\/\/dmcsrb.com\/","name":"dmcsrb.com","description":"","potentialAction":[{"@type":"SearchAction","target":{"@type":"EntryPoint","urlTemplate":"https:\/\/dmcsrb.com\/?s={search_term_string}"},"query-input":{"@type":"PropertyValueSpecification","valueRequired":true,"valueName":"search_term_string"}}],"inLanguage":"en-GB"},{"@type":"Person","@id":"https:\/\/dmcsrb.com\/#\/schema\/person\/5c39170f12db1b8b457732d0b5c854e2","name":"dmcsrbija.com@gmail.com","image":{"@type":"ImageObject","inLanguage":"en-GB","@id":"https:\/\/secure.gravatar.com\/avatar\/68592660ad6347fad0fb587f8d5d8f1a7b44961362f56e4f2cd524feb87e9069?s=96&d=mm&r=g","url":"https:\/\/secure.gravatar.com\/avatar\/68592660ad6347fad0fb587f8d5d8f1a7b44961362f56e4f2cd524feb87e9069?s=96&d=mm&r=g","contentUrl":"https:\/\/secure.gravatar.com\/avatar\/68592660ad6347fad0fb587f8d5d8f1a7b44961362f56e4f2cd524feb87e9069?s=96&d=mm&r=g","caption":"dmcsrbija.com@gmail.com"},"sameAs":["https:\/\/dmcsrb.com"],"url":"https:\/\/dmcsrb.com\/en\/author\/dmcsrbija-comgmail-com\/"}]}},"_links":{"self":[{"href":"https:\/\/dmcsrb.com\/en\/wp-json\/wp\/v2\/posts\/955450","targetHints":{"allow":["GET"]}}],"collection":[{"href":"https:\/\/dmcsrb.com\/en\/wp-json\/wp\/v2\/posts"}],"about":[{"href":"https:\/\/dmcsrb.com\/en\/wp-json\/wp\/v2\/types\/post"}],"author":[{"embeddable":true,"href":"https:\/\/dmcsrb.com\/en\/wp-json\/wp\/v2\/users\/1"}],"replies":[{"embeddable":true,"href":"https:\/\/dmcsrb.com\/en\/wp-json\/wp\/v2\/comments?post=955450"}],"version-history":[{"count":0,"href":"https:\/\/dmcsrb.com\/en\/wp-json\/wp\/v2\/posts\/955450\/revisions"}],"wp:featuredmedia":[{"embeddable":true,"href":"https:\/\/dmcsrb.com\/en\/wp-json\/wp\/v2\/media\/955451"}],"wp:attachment":[{"href":"https:\/\/dmcsrb.com\/en\/wp-json\/wp\/v2\/media?parent=955450"}],"wp:term":[{"taxonomy":"category","embeddable":true,"href":"https:\/\/dmcsrb.com\/en\/wp-json\/wp\/v2\/categories?post=955450"},{"taxonomy":"post_tag","embeddable":true,"href":"https:\/\/dmcsrb.com\/en\/wp-json\/wp\/v2\/tags?post=955450"},{"taxonomy":"naslovna","embeddable":true,"href":"https:\/\/dmcsrb.com\/en\/wp-json\/wp\/v2\/naslovna?post=955450"}],"curies":[{"name":"wp","href":"https:\/\/api.w.org\/{rel}","templated":true}]}}