{"id":955389,"date":"2025-10-02T15:26:00","date_gmt":"2025-10-02T13:26:00","guid":{"rendered":"https:\/\/dmcsrb.com\/uncategorized\/nikcevic-i-bulatovic-potpisali-ugovor-sa-americkom-izdavackom-kucom-navona-records\/"},"modified":"2025-10-02T15:26:00","modified_gmt":"2025-10-02T13:26:00","slug":"nikcevic-i-bulatovic-potpisali-ugovor-sa-americkom-izdavackom-kucom-navona-records","status":"publish","type":"post","link":"https:\/\/dmcsrb.com\/en\/kultura\/nikcevic-i-bulatovic-potpisali-ugovor-sa-americkom-izdavackom-kucom-navona-records\/","title":{"rendered":"Nik\u010devi\u0107\u00a0i\u00a0Bulatovi\u0107\u00a0potpisali ugovor sa ameri\u010dkom izdava\u010dkom ku\u0107om\u00a0Navona Records"},"content":{"rendered":"<p><\/p>\n\n\n\n<p>Na izdanju \u0107e se na\u0107i njihova dva kapitalna djela, koja predstavljaju najzna\u010dajnija ostvarenja njihovog vi\u0161edecenijskog stvarala\u0161tva:<\/p>\n\n\n\n<p><strong>Europe Symphony<\/strong>&nbsp;\u2013 simfonija u trajanju od oko 44 minuta, u pet stavova. Djelo odi\u0161e muzi\u010dkom raznoliko\u0161\u0107u i oslikava senzibilitet, karakter, tradiciju i multikulturalnost Evrope kroz umjetni\u010dku vizuru crnogorskih kompozitora. Kroz tematski razvoj, ovo djelo slavi kulturnu raznovrsnost, spajaju\u0107i duh Crne Gore sa savremenim evropskim orkestarskim izrazom.<\/p>\n\n\n\n<p>Etnomuzikolog prof. dr Dimitrije Golemovi\u0107 zapisao je:<\/p>\n\n\n\n<p>\u201eEurope Symphony Darka Nik\u010devi\u0107a i Sr\u0111ana Bulatovi\u0107a u vremenu kad umjetni\u010dka muzika svojim savremenim zvukom naj\u010de\u0161\u0107e odbija slu\u0161aoce, svojim sadr\u017eajem \u010dini da se oni osje\u0107aju ugodno i ispunjeno najljep\u0161im emocijama. Ona skladno kombinuje elemente lokalnog tla sa onima koji poti\u010du iz drugih sredina, stvaraju\u0107i djelo koje nadilazi svoju sredinu i vrijeme u kojem je nastalo.\u201c<\/p>\n\n\n\n<p><strong>The Secret \u2014 Fantasia Concertante for Two Guitars and Orchestra<\/strong>&nbsp;\u2013 mo\u0107no i izra\u017eajno djelo koje isprepli\u0107e virtuozne gitarske dionice sa bogatim orkestarskim teksturama, stvaraju\u0107i dinami\u010dno i sugestivno muzi\u010dko iskustvo.&nbsp;<em>\u201eTajna\u201c<\/em>&nbsp;simbolizuje nedoku\u010divost nastanka ideje, porijeklo inspiracije i kreativni put koji kompozitori prolaze u procesu stvaranja.<\/p>\n\n\n\n<p>Prof. Golemovi\u0107 isti\u010de:<\/p>\n\n\n\n<p>\u201eKoncertantna fantazija Darka Nik\u010devi\u0107a i Sr\u0111ana Bulatovi\u0107a, iako pripada domenu umjetni\u010dke muzike, pravi iskorak prema onoj koja se smatra \u2018popularnom\u2019, \u0161to je rijetkost u savremenom stvarala\u0161tvu koje je \u010desto udaljeno od slu\u0161alaca. Upravo taj iskorak ne umanjuje vrijednost djela, ve\u0107 je pove\u0107ava, za \u0161ta i istorija muzike poznaje mnoge primjere, neretko i u stvarala\u0161tvu velikih kompozitora kao \u0161to su na primer to F. \u0160open i P. I. \u010cajkovski.\u201c<\/p>\n\n\n\n<p>Oba djela orkestrirao je i dirigovao na snimanju renomirani dirigent i orkestrator&nbsp;<strong>Claudio Ianni<\/strong>, poznat po radu na vi\u0161e od stotinu filmskih projekata, uklju\u010duju\u0107i i brojne holivudske produkcije.<\/p>\n\n\n\n<p>Snimanja su izvedena u&nbsp;<strong>FAME Studio<\/strong>, sa istoimenim simfonijskim orkestrom.<\/p>\n\n\n\n<p>Izdava\u010dka ku\u0107a Navona Records u\u017eiva sna\u017ean me\u0111unarodni ugled \u2014 ove godine je dobila svoju tre\u0107u Grammy nagradu, \u010dime potvr\u0111uje svoj zna\u010daj na globalnoj muzi\u010dkoj sceni.<\/p>\n\n\n\n<p>Objavljivanje ovog izdanja na etiketici Navona Records otvara novo poglavlje u me\u0111unarodnoj afirmaciji stvarala\u0161tva Darka Nik\u010devi\u0107a i Sr\u0111ana Bulatovi\u0107a.<\/p>\n\n\n\n<p>Snimanje ovih djela podr\u017eali su:\u00a0Sekretarijat za kulturu \u2013 Glavnog grada Podgorica, Ministarstvo kulture i medija Crne Gore, kao i Organizacija za za\u0161titu prava autora muzike Crne Gore (PAM CG).<\/p>","protected":false},"excerpt":{"rendered":"<p>Crnogorski gitaristi i kompozitori\u00a0Darko Nik\u010devi\u0107\u00a0i\u00a0Sr\u0111an Bulatovi\u0107\u00a0potpisali su ugovor sa ameri\u010dkom izdava\u010dkom ku\u0107om\u00a0Navona Records, specijalizovanom za umjetni\u010dku muziku, o objavljivanju njihovog novog izdanja, koje \u0107e pod nazivom\u00a0Europe Symphony and The Secret \u2013 Two Symphonic Works for the 21st Century\u00a0biti objavljeno po\u010detkom naredne godine.<\/p>","protected":false},"author":1,"featured_media":955390,"comment_status":"open","ping_status":"open","sticky":false,"template":"","format":"standard","meta":{"_acf_changed":false,"footnotes":""},"categories":[50],"tags":[10047,10048,1094],"naslovna":[],"class_list":["post-955389","post","type-post","status-publish","format-standard","has-post-thumbnail","hentry","category-kultura","tag-americka-izdavacka-kuca-navona-records","tag-darko-nikcevic-i-srdjan-bulatovic","tag-potpisan-ugovor"],"acf":[],"yoast_head":"<!-- This site is optimized with the Yoast SEO plugin v27.0 - https:\/\/yoast.com\/product\/yoast-seo-wordpress\/ -->\n<title>Nik\u010devi\u0107\u00a0i\u00a0Bulatovi\u0107\u00a0potpisali ugovor sa ameri\u010dkom izdava\u010dkom ku\u0107om\u00a0Navona Records - dmcsrb.com<\/title>\n<meta name=\"robots\" content=\"index, follow, max-snippet:-1, max-image-preview:large, max-video-preview:-1\" \/>\n<link rel=\"canonical\" href=\"https:\/\/dmcsrb.com\/en\/kultura\/nikcevic-i-bulatovic-potpisali-ugovor-sa-americkom-izdavackom-kucom-navona-records\/\" \/>\n<meta property=\"og:locale\" content=\"en_GB\" \/>\n<meta property=\"og:type\" content=\"article\" \/>\n<meta property=\"og:title\" content=\"Nik\u010devi\u0107\u00a0i\u00a0Bulatovi\u0107\u00a0potpisali ugovor sa ameri\u010dkom izdava\u010dkom ku\u0107om\u00a0Navona Records - dmcsrb.com\" \/>\n<meta property=\"og:description\" content=\"Crnogorski gitaristi i kompozitori\u00a0Darko Nik\u010devi\u0107\u00a0i\u00a0Sr\u0111an Bulatovi\u0107\u00a0potpisali su ugovor sa ameri\u010dkom izdava\u010dkom ku\u0107om\u00a0Navona Records, specijalizovanom za umjetni\u010dku muziku, o objavljivanju njihovog novog izdanja, koje \u0107e pod nazivom\u00a0Europe Symphony and The Secret \u2013 Two Symphonic Works for the 21st Century\u00a0biti objavljeno po\u010detkom naredne godine.\" \/>\n<meta property=\"og:url\" content=\"https:\/\/dmcsrb.com\/en\/kultura\/nikcevic-i-bulatovic-potpisali-ugovor-sa-americkom-izdavackom-kucom-navona-records\/\" \/>\n<meta property=\"og:site_name\" content=\"dmcsrb.com\" \/>\n<meta property=\"article:published_time\" content=\"2025-10-02T13:26:00+00:00\" \/>\n<meta property=\"og:image\" content=\"https:\/\/dmcsrb.com\/wp-content\/uploads\/2026\/01\/54822380844_73b1daf2f9_o-1-scaled-1.webp\" \/>\n\t<meta property=\"og:image:width\" content=\"2560\" \/>\n\t<meta property=\"og:image:height\" content=\"1707\" \/>\n\t<meta property=\"og:image:type\" content=\"image\/jpeg\" \/>\n<meta name=\"author\" content=\"dmcsrbija.com@gmail.com\" \/>\n<meta name=\"twitter:card\" content=\"summary_large_image\" \/>\n<meta name=\"twitter:label1\" content=\"Written by\" \/>\n\t<meta name=\"twitter:data1\" content=\"dmcsrbija.com@gmail.com\" \/>\n\t<meta name=\"twitter:label2\" content=\"Estimated reading time\" \/>\n\t<meta name=\"twitter:data2\" content=\"2 minutes\" \/>\n<script type=\"application\/ld+json\" class=\"yoast-schema-graph\">{\"@context\":\"https:\/\/schema.org\",\"@graph\":[{\"@type\":\"Article\",\"@id\":\"https:\/\/dmcsrb.com\/kultura\/nikcevic-i-bulatovic-potpisali-ugovor-sa-americkom-izdavackom-kucom-navona-records\/#article\",\"isPartOf\":{\"@id\":\"https:\/\/dmcsrb.com\/kultura\/nikcevic-i-bulatovic-potpisali-ugovor-sa-americkom-izdavackom-kucom-navona-records\/\"},\"author\":{\"name\":\"dmcsrbija.com@gmail.com\",\"@id\":\"https:\/\/dmcsrb.com\/#\/schema\/person\/5c39170f12db1b8b457732d0b5c854e2\"},\"headline\":\"Nik\u010devi\u0107\u00a0i\u00a0Bulatovi\u0107\u00a0potpisali ugovor sa ameri\u010dkom izdava\u010dkom ku\u0107om\u00a0Navona Records\",\"datePublished\":\"2025-10-02T13:26:00+00:00\",\"mainEntityOfPage\":{\"@id\":\"https:\/\/dmcsrb.com\/kultura\/nikcevic-i-bulatovic-potpisali-ugovor-sa-americkom-izdavackom-kucom-navona-records\/\"},\"wordCount\":428,\"commentCount\":0,\"image\":{\"@id\":\"https:\/\/dmcsrb.com\/kultura\/nikcevic-i-bulatovic-potpisali-ugovor-sa-americkom-izdavackom-kucom-navona-records\/#primaryimage\"},\"thumbnailUrl\":\"https:\/\/dmcsrb.com\/wp-content\/uploads\/2026\/01\/54822380844_73b1daf2f9_o-1-scaled-1.webp\",\"keywords\":[\"Ameri\u010dka izdava\u010dka ku\u0107a ''Navona Records''\",\"Darko Nik\u010devi\u0107 i Sr\u0111an Bulatovi\u0107\",\"Potpisan ugovor\"],\"articleSection\":[\"Kultura\"],\"inLanguage\":\"en-GB\",\"potentialAction\":[{\"@type\":\"CommentAction\",\"name\":\"Comment\",\"target\":[\"https:\/\/dmcsrb.com\/kultura\/nikcevic-i-bulatovic-potpisali-ugovor-sa-americkom-izdavackom-kucom-navona-records\/#respond\"]}]},{\"@type\":\"WebPage\",\"@id\":\"https:\/\/dmcsrb.com\/kultura\/nikcevic-i-bulatovic-potpisali-ugovor-sa-americkom-izdavackom-kucom-navona-records\/\",\"url\":\"https:\/\/dmcsrb.com\/kultura\/nikcevic-i-bulatovic-potpisali-ugovor-sa-americkom-izdavackom-kucom-navona-records\/\",\"name\":\"Nik\u010devi\u0107\u00a0i\u00a0Bulatovi\u0107\u00a0potpisali ugovor sa ameri\u010dkom izdava\u010dkom ku\u0107om\u00a0Navona Records - dmcsrb.com\",\"isPartOf\":{\"@id\":\"https:\/\/dmcsrb.com\/#website\"},\"primaryImageOfPage\":{\"@id\":\"https:\/\/dmcsrb.com\/kultura\/nikcevic-i-bulatovic-potpisali-ugovor-sa-americkom-izdavackom-kucom-navona-records\/#primaryimage\"},\"image\":{\"@id\":\"https:\/\/dmcsrb.com\/kultura\/nikcevic-i-bulatovic-potpisali-ugovor-sa-americkom-izdavackom-kucom-navona-records\/#primaryimage\"},\"thumbnailUrl\":\"https:\/\/dmcsrb.com\/wp-content\/uploads\/2026\/01\/54822380844_73b1daf2f9_o-1-scaled-1.webp\",\"datePublished\":\"2025-10-02T13:26:00+00:00\",\"author\":{\"@id\":\"https:\/\/dmcsrb.com\/#\/schema\/person\/5c39170f12db1b8b457732d0b5c854e2\"},\"breadcrumb\":{\"@id\":\"https:\/\/dmcsrb.com\/kultura\/nikcevic-i-bulatovic-potpisali-ugovor-sa-americkom-izdavackom-kucom-navona-records\/#breadcrumb\"},\"inLanguage\":\"en-GB\",\"potentialAction\":[{\"@type\":\"ReadAction\",\"target\":[\"https:\/\/dmcsrb.com\/kultura\/nikcevic-i-bulatovic-potpisali-ugovor-sa-americkom-izdavackom-kucom-navona-records\/\"]}]},{\"@type\":\"ImageObject\",\"inLanguage\":\"en-GB\",\"@id\":\"https:\/\/dmcsrb.com\/kultura\/nikcevic-i-bulatovic-potpisali-ugovor-sa-americkom-izdavackom-kucom-navona-records\/#primaryimage\",\"url\":\"https:\/\/dmcsrb.com\/wp-content\/uploads\/2026\/01\/54822380844_73b1daf2f9_o-1-scaled-1.webp\",\"contentUrl\":\"https:\/\/dmcsrb.com\/wp-content\/uploads\/2026\/01\/54822380844_73b1daf2f9_o-1-scaled-1.webp\",\"width\":2560,\"height\":1707},{\"@type\":\"BreadcrumbList\",\"@id\":\"https:\/\/dmcsrb.com\/kultura\/nikcevic-i-bulatovic-potpisali-ugovor-sa-americkom-izdavackom-kucom-navona-records\/#breadcrumb\",\"itemListElement\":[{\"@type\":\"ListItem\",\"position\":1,\"name\":\"Home\",\"item\":\"https:\/\/dmcsrb.com\/\"},{\"@type\":\"ListItem\",\"position\":2,\"name\":\"Nik\u010devi\u0107\u00a0i\u00a0Bulatovi\u0107\u00a0potpisali ugovor sa ameri\u010dkom izdava\u010dkom ku\u0107om\u00a0Navona Records\"}]},{\"@type\":\"WebSite\",\"@id\":\"https:\/\/dmcsrb.com\/#website\",\"url\":\"https:\/\/dmcsrb.com\/\",\"name\":\"dmcsrb.com\",\"description\":\"\",\"potentialAction\":[{\"@type\":\"SearchAction\",\"target\":{\"@type\":\"EntryPoint\",\"urlTemplate\":\"https:\/\/dmcsrb.com\/?s={search_term_string}\"},\"query-input\":{\"@type\":\"PropertyValueSpecification\",\"valueRequired\":true,\"valueName\":\"search_term_string\"}}],\"inLanguage\":\"en-GB\"},{\"@type\":\"Person\",\"@id\":\"https:\/\/dmcsrb.com\/#\/schema\/person\/5c39170f12db1b8b457732d0b5c854e2\",\"name\":\"dmcsrbija.com@gmail.com\",\"image\":{\"@type\":\"ImageObject\",\"inLanguage\":\"en-GB\",\"@id\":\"https:\/\/dmcsrb.com\/#\/schema\/person\/image\/\",\"url\":\"https:\/\/secure.gravatar.com\/avatar\/68592660ad6347fad0fb587f8d5d8f1a7b44961362f56e4f2cd524feb87e9069?s=96&d=mm&r=g\",\"contentUrl\":\"https:\/\/secure.gravatar.com\/avatar\/68592660ad6347fad0fb587f8d5d8f1a7b44961362f56e4f2cd524feb87e9069?s=96&d=mm&r=g\",\"caption\":\"dmcsrbija.com@gmail.com\"},\"sameAs\":[\"https:\/\/dmcsrb.com\"],\"url\":\"https:\/\/dmcsrb.com\/en\/author\/dmcsrbija-comgmail-com\/\"}]}<\/script>\n<!-- \/ Yoast SEO plugin. -->","yoast_head_json":{"title":"Nik\u010devi\u0107\u00a0i\u00a0Bulatovi\u0107\u00a0potpisali ugovor sa ameri\u010dkom izdava\u010dkom ku\u0107om\u00a0Navona Records - dmcsrb.com","robots":{"index":"index","follow":"follow","max-snippet":"max-snippet:-1","max-image-preview":"max-image-preview:large","max-video-preview":"max-video-preview:-1"},"canonical":"https:\/\/dmcsrb.com\/en\/kultura\/nikcevic-i-bulatovic-potpisali-ugovor-sa-americkom-izdavackom-kucom-navona-records\/","og_locale":"en_GB","og_type":"article","og_title":"Nik\u010devi\u0107\u00a0i\u00a0Bulatovi\u0107\u00a0potpisali ugovor sa ameri\u010dkom izdava\u010dkom ku\u0107om\u00a0Navona Records - dmcsrb.com","og_description":"Crnogorski gitaristi i kompozitori\u00a0Darko Nik\u010devi\u0107\u00a0i\u00a0Sr\u0111an Bulatovi\u0107\u00a0potpisali su ugovor sa ameri\u010dkom izdava\u010dkom ku\u0107om\u00a0Navona Records, specijalizovanom za umjetni\u010dku muziku, o objavljivanju njihovog novog izdanja, koje \u0107e pod nazivom\u00a0Europe Symphony and The Secret \u2013 Two Symphonic Works for the 21st Century\u00a0biti objavljeno po\u010detkom naredne godine.","og_url":"https:\/\/dmcsrb.com\/en\/kultura\/nikcevic-i-bulatovic-potpisali-ugovor-sa-americkom-izdavackom-kucom-navona-records\/","og_site_name":"dmcsrb.com","article_published_time":"2025-10-02T13:26:00+00:00","og_image":[{"width":2560,"height":1707,"url":"https:\/\/dmcsrb.com\/wp-content\/uploads\/2026\/01\/54822380844_73b1daf2f9_o-1-scaled-1.webp","type":"image\/jpeg"}],"author":"dmcsrbija.com@gmail.com","twitter_card":"summary_large_image","twitter_misc":{"Written by":"dmcsrbija.com@gmail.com","Estimated reading time":"2 minutes"},"schema":{"@context":"https:\/\/schema.org","@graph":[{"@type":"Article","@id":"https:\/\/dmcsrb.com\/kultura\/nikcevic-i-bulatovic-potpisali-ugovor-sa-americkom-izdavackom-kucom-navona-records\/#article","isPartOf":{"@id":"https:\/\/dmcsrb.com\/kultura\/nikcevic-i-bulatovic-potpisali-ugovor-sa-americkom-izdavackom-kucom-navona-records\/"},"author":{"name":"dmcsrbija.com@gmail.com","@id":"https:\/\/dmcsrb.com\/#\/schema\/person\/5c39170f12db1b8b457732d0b5c854e2"},"headline":"Nik\u010devi\u0107\u00a0i\u00a0Bulatovi\u0107\u00a0potpisali ugovor sa ameri\u010dkom izdava\u010dkom ku\u0107om\u00a0Navona Records","datePublished":"2025-10-02T13:26:00+00:00","mainEntityOfPage":{"@id":"https:\/\/dmcsrb.com\/kultura\/nikcevic-i-bulatovic-potpisali-ugovor-sa-americkom-izdavackom-kucom-navona-records\/"},"wordCount":428,"commentCount":0,"image":{"@id":"https:\/\/dmcsrb.com\/kultura\/nikcevic-i-bulatovic-potpisali-ugovor-sa-americkom-izdavackom-kucom-navona-records\/#primaryimage"},"thumbnailUrl":"https:\/\/dmcsrb.com\/wp-content\/uploads\/2026\/01\/54822380844_73b1daf2f9_o-1-scaled-1.webp","keywords":["Ameri\u010dka izdava\u010dka ku\u0107a ''Navona Records''","Darko Nik\u010devi\u0107 i Sr\u0111an Bulatovi\u0107","Potpisan ugovor"],"articleSection":["Kultura"],"inLanguage":"en-GB","potentialAction":[{"@type":"CommentAction","name":"Comment","target":["https:\/\/dmcsrb.com\/kultura\/nikcevic-i-bulatovic-potpisali-ugovor-sa-americkom-izdavackom-kucom-navona-records\/#respond"]}]},{"@type":"WebPage","@id":"https:\/\/dmcsrb.com\/kultura\/nikcevic-i-bulatovic-potpisali-ugovor-sa-americkom-izdavackom-kucom-navona-records\/","url":"https:\/\/dmcsrb.com\/kultura\/nikcevic-i-bulatovic-potpisali-ugovor-sa-americkom-izdavackom-kucom-navona-records\/","name":"Nik\u010devi\u0107\u00a0i\u00a0Bulatovi\u0107\u00a0potpisali ugovor sa ameri\u010dkom izdava\u010dkom ku\u0107om\u00a0Navona Records - dmcsrb.com","isPartOf":{"@id":"https:\/\/dmcsrb.com\/#website"},"primaryImageOfPage":{"@id":"https:\/\/dmcsrb.com\/kultura\/nikcevic-i-bulatovic-potpisali-ugovor-sa-americkom-izdavackom-kucom-navona-records\/#primaryimage"},"image":{"@id":"https:\/\/dmcsrb.com\/kultura\/nikcevic-i-bulatovic-potpisali-ugovor-sa-americkom-izdavackom-kucom-navona-records\/#primaryimage"},"thumbnailUrl":"https:\/\/dmcsrb.com\/wp-content\/uploads\/2026\/01\/54822380844_73b1daf2f9_o-1-scaled-1.webp","datePublished":"2025-10-02T13:26:00+00:00","author":{"@id":"https:\/\/dmcsrb.com\/#\/schema\/person\/5c39170f12db1b8b457732d0b5c854e2"},"breadcrumb":{"@id":"https:\/\/dmcsrb.com\/kultura\/nikcevic-i-bulatovic-potpisali-ugovor-sa-americkom-izdavackom-kucom-navona-records\/#breadcrumb"},"inLanguage":"en-GB","potentialAction":[{"@type":"ReadAction","target":["https:\/\/dmcsrb.com\/kultura\/nikcevic-i-bulatovic-potpisali-ugovor-sa-americkom-izdavackom-kucom-navona-records\/"]}]},{"@type":"ImageObject","inLanguage":"en-GB","@id":"https:\/\/dmcsrb.com\/kultura\/nikcevic-i-bulatovic-potpisali-ugovor-sa-americkom-izdavackom-kucom-navona-records\/#primaryimage","url":"https:\/\/dmcsrb.com\/wp-content\/uploads\/2026\/01\/54822380844_73b1daf2f9_o-1-scaled-1.webp","contentUrl":"https:\/\/dmcsrb.com\/wp-content\/uploads\/2026\/01\/54822380844_73b1daf2f9_o-1-scaled-1.webp","width":2560,"height":1707},{"@type":"BreadcrumbList","@id":"https:\/\/dmcsrb.com\/kultura\/nikcevic-i-bulatovic-potpisali-ugovor-sa-americkom-izdavackom-kucom-navona-records\/#breadcrumb","itemListElement":[{"@type":"ListItem","position":1,"name":"Home","item":"https:\/\/dmcsrb.com\/"},{"@type":"ListItem","position":2,"name":"Nik\u010devi\u0107\u00a0i\u00a0Bulatovi\u0107\u00a0potpisali ugovor sa ameri\u010dkom izdava\u010dkom ku\u0107om\u00a0Navona Records"}]},{"@type":"WebSite","@id":"https:\/\/dmcsrb.com\/#website","url":"https:\/\/dmcsrb.com\/","name":"dmcsrb.com","description":"","potentialAction":[{"@type":"SearchAction","target":{"@type":"EntryPoint","urlTemplate":"https:\/\/dmcsrb.com\/?s={search_term_string}"},"query-input":{"@type":"PropertyValueSpecification","valueRequired":true,"valueName":"search_term_string"}}],"inLanguage":"en-GB"},{"@type":"Person","@id":"https:\/\/dmcsrb.com\/#\/schema\/person\/5c39170f12db1b8b457732d0b5c854e2","name":"dmcsrbija.com@gmail.com","image":{"@type":"ImageObject","inLanguage":"en-GB","@id":"https:\/\/dmcsrb.com\/#\/schema\/person\/image\/","url":"https:\/\/secure.gravatar.com\/avatar\/68592660ad6347fad0fb587f8d5d8f1a7b44961362f56e4f2cd524feb87e9069?s=96&d=mm&r=g","contentUrl":"https:\/\/secure.gravatar.com\/avatar\/68592660ad6347fad0fb587f8d5d8f1a7b44961362f56e4f2cd524feb87e9069?s=96&d=mm&r=g","caption":"dmcsrbija.com@gmail.com"},"sameAs":["https:\/\/dmcsrb.com"],"url":"https:\/\/dmcsrb.com\/en\/author\/dmcsrbija-comgmail-com\/"}]}},"_links":{"self":[{"href":"https:\/\/dmcsrb.com\/en\/wp-json\/wp\/v2\/posts\/955389","targetHints":{"allow":["GET"]}}],"collection":[{"href":"https:\/\/dmcsrb.com\/en\/wp-json\/wp\/v2\/posts"}],"about":[{"href":"https:\/\/dmcsrb.com\/en\/wp-json\/wp\/v2\/types\/post"}],"author":[{"embeddable":true,"href":"https:\/\/dmcsrb.com\/en\/wp-json\/wp\/v2\/users\/1"}],"replies":[{"embeddable":true,"href":"https:\/\/dmcsrb.com\/en\/wp-json\/wp\/v2\/comments?post=955389"}],"version-history":[{"count":0,"href":"https:\/\/dmcsrb.com\/en\/wp-json\/wp\/v2\/posts\/955389\/revisions"}],"wp:featuredmedia":[{"embeddable":true,"href":"https:\/\/dmcsrb.com\/en\/wp-json\/wp\/v2\/media\/955390"}],"wp:attachment":[{"href":"https:\/\/dmcsrb.com\/en\/wp-json\/wp\/v2\/media?parent=955389"}],"wp:term":[{"taxonomy":"category","embeddable":true,"href":"https:\/\/dmcsrb.com\/en\/wp-json\/wp\/v2\/categories?post=955389"},{"taxonomy":"post_tag","embeddable":true,"href":"https:\/\/dmcsrb.com\/en\/wp-json\/wp\/v2\/tags?post=955389"},{"taxonomy":"naslovna","embeddable":true,"href":"https:\/\/dmcsrb.com\/en\/wp-json\/wp\/v2\/naslovna?post=955389"}],"curies":[{"name":"wp","href":"https:\/\/api.w.org\/{rel}","templated":true}]}}