{"id":955328,"date":"2025-10-02T11:32:00","date_gmt":"2025-10-02T09:32:00","guid":{"rendered":"https:\/\/dmcsrb.com\/uncategorized\/ivanovic-ocekujem-uzbudljivu-i-neizvjesnu-sezonu\/"},"modified":"2025-10-02T11:32:00","modified_gmt":"2025-10-02T09:32:00","slug":"ivanovic-ocekujem-uzbudljivu-i-neizvjesnu-sezonu","status":"publish","type":"post","link":"https:\/\/dmcsrb.com\/en\/sport\/ivanovic-ocekujem-uzbudljivu-i-neizvjesnu-sezonu\/","title":{"rendered":"Ivanovi\u0107: O\u010dekujem uzbudljivu i neizvjesnu sezonu"},"content":{"rendered":"<p>Podgorica je na okupu od 11. avgusta, kada je pod vo\u0111stvom novog \u0161efa stru\u010dnog \u0161taba Miodraga Kadije krenula sa podmla\u0111enim timom da polako hvata zalet za nove izazove. Nakon mjesec i po priprema, te sedam kontrolnih utakmica, Podgorica Bemax je u zavr\u0161noj fazi spremanja za novu sezonu.<\/p>\n\n\n\n<p>-Imali smo zaista naporne pripreme. Radili smo dosta da se spremimo, kako fizi\u010dki, tako i takti\u010dki. Nije bilo lako, ali smo svi nastojali da ispunimo sve zahtjeve stru\u010dnog \u0161taba, ali i da svaki trening koristimo maksimalno, kako bi napredovali. Ba\u0161 zbog toga mislim da smo dobro iskoristili ovaj period i da ekipa spremna ulazi u&nbsp; sezonu. Imali smo zaista dosta vremena, veliki posao je odra\u0111en i zadovoljan sam kompletnim pripremama \u2013 kazao je za klupski sajt Danilo Ivanovi\u0107, kapiten Podgorice Bemax.<\/p>\n\n\n\n<p>U pauzi izme\u0111u dvije sezone nije bilo promjena samo na klupi, ve\u0107 i u igra\u010dkom kadru \u2013 Podgorica Bemax sa nikad mla\u0111im timom ulazi u sezoni. Poslije godinu provedenih u Teodu u tim se vratio Danilo Ivanovi\u0107, a osim njega za Podgoricu Bemax potpisali su Stefan Ad\u017ei\u0107, Sr\u0111a Bulatovi\u0107, Aleksa Bulaji\u0107, Petar Mini\u0107a, Sini\u0161a \u0160orak, , Lazar Radeti\u0107 i Du\u0161an Mahor\u010di\u0107.<\/p>\n\n\n\n<p>-Prije svega moram da naglasim da mi je zaista drago \u0161to sam ponovo ovdje. Ekipa je stvarno dosta podmla\u0111ena , ali to je ujedno i prednost, jer momci imaju energiju, \u017eelju i glad za dokazivanjem. Atmosfera je dobra, svi guramo jedan drugoga i siguran sam da mo\u017eemo da napredujemo i napravimo rezultat \u2013 optimisti\u010dki je poru\u010dio plejmejker Podgorice.<\/p>\n\n\n\n<p>Miodrag Kadija kroz sedam utakmica imao je priliku da uigrava tim \u2013 nakon prva tri me\u010da (Ba\u0161kimi, Sutjeska i Kotor), te tri provjere na Zlatiboru (Al Ahli, Sloboda i Zlatibor), Podgorica je dokazala da je u usponu forme protiv Mornara u Baru.<\/p>\n\n\n\n<p>-Pripremne utakmice su bile va\u017ene, iako rezultat nije bio u prvom planu, ve\u0107 da vidimo \u0161ta treba da popravimo. Svaki me\u010d nam je pomogao da se bolje upoznamo na terenu, da uigramo sistem i da polako gradimo formu za ono \u0161to nas \u010deka u sezoni \u2013 dodao je novi kapiten Podgorice.<\/p>\n\n\n\n<p>Nova sezona u ABA 2 ligi po\u010dinje 7. oktobra, a voljom \u017erijeba drugo po kvalitetu regionalno takmi\u010denje u sezoni 2025\/2026 kre\u0107e iz ,,Bemax arene\u201c, gdje \u0107e tog dana od 18 \u010dasova Podgorica Bemax ugostiti ekipu Borca iz Banjaluke. &nbsp;Podgorica \u0107e nakon prve runde, imati dva vezana gostovanja \u2013 prvo ide u Tuzlu u okviru drugog kola (21.oktobra) na megdan Slobodi, a zatim 5.novembra Podgorica igra protiv Jahorine. Podgorica Bemax \u0107e 18.novembra ugostiti Student, zatim 16.decembra gostuje Vojvodini, dok \u0107e prvi me\u010d u 2026.godini igrati 14.januara u \u201cBemax areni\u201d protiv Cibone.<\/p>\n\n\n\n<p>-O\u010dekujem uzbudljivu i neizvjesnu sezonu u ABA 2 ligi. Ne\u0107e biti lakih utakmica, a na nama je da idemo korak po korak, da vjerujemo u to \u0161to radimo i sve \u0107e do\u0107i na svoje \u2013 jasan je Ivanovi\u0107, koji je zatim akcenat stavio na prvog rivala i premijerno me\u010d.<\/p>\n\n\n\n<p>-Mi otvaramo sezonu protiv ekipe Borca iz Banjaluke. To je sli\u010dna ekipa kao na\u0161a, odnosno predstavljaju miks mladih igra\u010da sa par iskusnijih. Kroz pripreme smo vidjeli da mo\u017eemo sa svima da igramo, tako da vjerujem u ekipu i nadam se da \u0107emo sezonu otvoriti pobjedom \u2013 naglasio je Ivanovi\u0107.<\/p>","protected":false},"excerpt":{"rendered":"<p>Odbrojavanje ulazi u zavr\u0161nicu \u2013 ko\u0161arka\u0161i Podgorice Bemax za \u0161est dana (utorak, 7.oktobar od 18 \u010dasova) ugosti\u0107e u ,,Bemax areni\u201c ekipu Borca iz Banjaluke, \u010dime \u0107e i zvani\u010dno otvoriti novu sezonu.<\/p>","protected":false},"author":1,"featured_media":955329,"comment_status":"open","ping_status":"open","sticky":false,"template":"","format":"standard","meta":{"_acf_changed":false,"footnotes":""},"categories":[148],"tags":[5492,10014,1013],"naslovna":[],"class_list":["post-955328","post","type-post","status-publish","format-standard","has-post-thumbnail","hentry","category-sport","tag-danilo-ivanovic","tag-kk-borac-banjaluka","tag-kk-podgorica-bemax"],"acf":[],"yoast_head":"<!-- This site is optimized with the Yoast SEO plugin v27.4 - https:\/\/yoast.com\/product\/yoast-seo-wordpress\/ -->\n<title>Ivanovi\u0107: O\u010dekujem uzbudljivu i neizvjesnu sezonu - dmcsrb.com<\/title>\n<meta name=\"robots\" content=\"index, follow, max-snippet:-1, max-image-preview:large, max-video-preview:-1\" \/>\n<link rel=\"canonical\" href=\"https:\/\/dmcsrb.com\/en\/sport\/ivanovic-ocekujem-uzbudljivu-i-neizvjesnu-sezonu\/\" \/>\n<meta property=\"og:locale\" content=\"en_GB\" \/>\n<meta property=\"og:type\" content=\"article\" \/>\n<meta property=\"og:title\" content=\"Ivanovi\u0107: O\u010dekujem uzbudljivu i neizvjesnu sezonu - dmcsrb.com\" \/>\n<meta property=\"og:description\" content=\"Odbrojavanje ulazi u zavr\u0161nicu \u2013 ko\u0161arka\u0161i Podgorice Bemax za \u0161est dana (utorak, 7.oktobar od 18 \u010dasova) ugosti\u0107e u ,,Bemax areni\u201c ekipu Borca iz Banjaluke, \u010dime \u0107e i zvani\u010dno otvoriti novu sezonu.\" \/>\n<meta property=\"og:url\" content=\"https:\/\/dmcsrb.com\/en\/sport\/ivanovic-ocekujem-uzbudljivu-i-neizvjesnu-sezonu\/\" \/>\n<meta property=\"og:site_name\" content=\"dmcsrb.com\" \/>\n<meta property=\"article:published_time\" content=\"2025-10-02T09:32:00+00:00\" \/>\n<meta property=\"og:image\" content=\"https:\/\/dmcsrb.com\/wp-content\/uploads\/2026\/01\/Danilo-Ivanovic-KK-Podgorica-Bemax.webp\" \/>\n\t<meta property=\"og:image:width\" content=\"2048\" \/>\n\t<meta property=\"og:image:height\" content=\"1536\" \/>\n\t<meta property=\"og:image:type\" content=\"image\/jpeg\" \/>\n<meta name=\"author\" content=\"dmcsrbija.com@gmail.com\" \/>\n<meta name=\"twitter:card\" content=\"summary_large_image\" \/>\n<meta name=\"twitter:label1\" content=\"Written by\" \/>\n\t<meta name=\"twitter:data1\" content=\"dmcsrbija.com@gmail.com\" \/>\n\t<meta name=\"twitter:label2\" content=\"Estimated reading time\" \/>\n\t<meta name=\"twitter:data2\" content=\"3 minutes\" \/>\n<script type=\"application\/ld+json\" class=\"yoast-schema-graph\">{\"@context\":\"https:\\\/\\\/schema.org\",\"@graph\":[{\"@type\":\"Article\",\"@id\":\"https:\\\/\\\/dmcsrb.com\\\/sport\\\/ivanovic-ocekujem-uzbudljivu-i-neizvjesnu-sezonu\\\/#article\",\"isPartOf\":{\"@id\":\"https:\\\/\\\/dmcsrb.com\\\/sport\\\/ivanovic-ocekujem-uzbudljivu-i-neizvjesnu-sezonu\\\/\"},\"author\":{\"name\":\"dmcsrbija.com@gmail.com\",\"@id\":\"https:\\\/\\\/dmcsrb.com\\\/#\\\/schema\\\/person\\\/5c39170f12db1b8b457732d0b5c854e2\"},\"headline\":\"Ivanovi\u0107: O\u010dekujem uzbudljivu i neizvjesnu sezonu\",\"datePublished\":\"2025-10-02T09:32:00+00:00\",\"mainEntityOfPage\":{\"@id\":\"https:\\\/\\\/dmcsrb.com\\\/sport\\\/ivanovic-ocekujem-uzbudljivu-i-neizvjesnu-sezonu\\\/\"},\"wordCount\":555,\"commentCount\":0,\"image\":{\"@id\":\"https:\\\/\\\/dmcsrb.com\\\/sport\\\/ivanovic-ocekujem-uzbudljivu-i-neizvjesnu-sezonu\\\/#primaryimage\"},\"thumbnailUrl\":\"https:\\\/\\\/dmcsrb.com\\\/wp-content\\\/uploads\\\/2026\\\/01\\\/Danilo-Ivanovic-KK-Podgorica-Bemax.webp\",\"keywords\":[\"Danilo Ivanovi\u0107\",\"KK Borac Banjaluka\",\"KK Podgorica Bemax\"],\"articleSection\":[\"Sport\"],\"inLanguage\":\"en-GB\",\"potentialAction\":[{\"@type\":\"CommentAction\",\"name\":\"Comment\",\"target\":[\"https:\\\/\\\/dmcsrb.com\\\/sport\\\/ivanovic-ocekujem-uzbudljivu-i-neizvjesnu-sezonu\\\/#respond\"]}]},{\"@type\":\"WebPage\",\"@id\":\"https:\\\/\\\/dmcsrb.com\\\/sport\\\/ivanovic-ocekujem-uzbudljivu-i-neizvjesnu-sezonu\\\/\",\"url\":\"https:\\\/\\\/dmcsrb.com\\\/sport\\\/ivanovic-ocekujem-uzbudljivu-i-neizvjesnu-sezonu\\\/\",\"name\":\"Ivanovi\u0107: O\u010dekujem uzbudljivu i neizvjesnu sezonu - dmcsrb.com\",\"isPartOf\":{\"@id\":\"https:\\\/\\\/dmcsrb.com\\\/#website\"},\"primaryImageOfPage\":{\"@id\":\"https:\\\/\\\/dmcsrb.com\\\/sport\\\/ivanovic-ocekujem-uzbudljivu-i-neizvjesnu-sezonu\\\/#primaryimage\"},\"image\":{\"@id\":\"https:\\\/\\\/dmcsrb.com\\\/sport\\\/ivanovic-ocekujem-uzbudljivu-i-neizvjesnu-sezonu\\\/#primaryimage\"},\"thumbnailUrl\":\"https:\\\/\\\/dmcsrb.com\\\/wp-content\\\/uploads\\\/2026\\\/01\\\/Danilo-Ivanovic-KK-Podgorica-Bemax.webp\",\"datePublished\":\"2025-10-02T09:32:00+00:00\",\"author\":{\"@id\":\"https:\\\/\\\/dmcsrb.com\\\/#\\\/schema\\\/person\\\/5c39170f12db1b8b457732d0b5c854e2\"},\"breadcrumb\":{\"@id\":\"https:\\\/\\\/dmcsrb.com\\\/sport\\\/ivanovic-ocekujem-uzbudljivu-i-neizvjesnu-sezonu\\\/#breadcrumb\"},\"inLanguage\":\"en-GB\",\"potentialAction\":[{\"@type\":\"ReadAction\",\"target\":[\"https:\\\/\\\/dmcsrb.com\\\/sport\\\/ivanovic-ocekujem-uzbudljivu-i-neizvjesnu-sezonu\\\/\"]}]},{\"@type\":\"ImageObject\",\"inLanguage\":\"en-GB\",\"@id\":\"https:\\\/\\\/dmcsrb.com\\\/sport\\\/ivanovic-ocekujem-uzbudljivu-i-neizvjesnu-sezonu\\\/#primaryimage\",\"url\":\"https:\\\/\\\/dmcsrb.com\\\/wp-content\\\/uploads\\\/2026\\\/01\\\/Danilo-Ivanovic-KK-Podgorica-Bemax.webp\",\"contentUrl\":\"https:\\\/\\\/dmcsrb.com\\\/wp-content\\\/uploads\\\/2026\\\/01\\\/Danilo-Ivanovic-KK-Podgorica-Bemax.webp\",\"width\":2048,\"height\":1536},{\"@type\":\"BreadcrumbList\",\"@id\":\"https:\\\/\\\/dmcsrb.com\\\/sport\\\/ivanovic-ocekujem-uzbudljivu-i-neizvjesnu-sezonu\\\/#breadcrumb\",\"itemListElement\":[{\"@type\":\"ListItem\",\"position\":1,\"name\":\"Home\",\"item\":\"https:\\\/\\\/dmcsrb.com\\\/\"},{\"@type\":\"ListItem\",\"position\":2,\"name\":\"Ivanovi\u0107: O\u010dekujem uzbudljivu i neizvjesnu sezonu\"}]},{\"@type\":\"WebSite\",\"@id\":\"https:\\\/\\\/dmcsrb.com\\\/#website\",\"url\":\"https:\\\/\\\/dmcsrb.com\\\/\",\"name\":\"dmcsrb.com\",\"description\":\"\",\"potentialAction\":[{\"@type\":\"SearchAction\",\"target\":{\"@type\":\"EntryPoint\",\"urlTemplate\":\"https:\\\/\\\/dmcsrb.com\\\/?s={search_term_string}\"},\"query-input\":{\"@type\":\"PropertyValueSpecification\",\"valueRequired\":true,\"valueName\":\"search_term_string\"}}],\"inLanguage\":\"en-GB\"},{\"@type\":\"Person\",\"@id\":\"https:\\\/\\\/dmcsrb.com\\\/#\\\/schema\\\/person\\\/5c39170f12db1b8b457732d0b5c854e2\",\"name\":\"dmcsrbija.com@gmail.com\",\"image\":{\"@type\":\"ImageObject\",\"inLanguage\":\"en-GB\",\"@id\":\"https:\\\/\\\/secure.gravatar.com\\\/avatar\\\/68592660ad6347fad0fb587f8d5d8f1a7b44961362f56e4f2cd524feb87e9069?s=96&d=mm&r=g\",\"url\":\"https:\\\/\\\/secure.gravatar.com\\\/avatar\\\/68592660ad6347fad0fb587f8d5d8f1a7b44961362f56e4f2cd524feb87e9069?s=96&d=mm&r=g\",\"contentUrl\":\"https:\\\/\\\/secure.gravatar.com\\\/avatar\\\/68592660ad6347fad0fb587f8d5d8f1a7b44961362f56e4f2cd524feb87e9069?s=96&d=mm&r=g\",\"caption\":\"dmcsrbija.com@gmail.com\"},\"sameAs\":[\"https:\\\/\\\/dmcsrb.com\"],\"url\":\"https:\\\/\\\/dmcsrb.com\\\/en\\\/author\\\/dmcsrbija-comgmail-com\\\/\"}]}<\/script>\n<!-- \/ Yoast SEO plugin. -->","yoast_head_json":{"title":"Ivanovi\u0107: O\u010dekujem uzbudljivu i neizvjesnu sezonu - dmcsrb.com","robots":{"index":"index","follow":"follow","max-snippet":"max-snippet:-1","max-image-preview":"max-image-preview:large","max-video-preview":"max-video-preview:-1"},"canonical":"https:\/\/dmcsrb.com\/en\/sport\/ivanovic-ocekujem-uzbudljivu-i-neizvjesnu-sezonu\/","og_locale":"en_GB","og_type":"article","og_title":"Ivanovi\u0107: O\u010dekujem uzbudljivu i neizvjesnu sezonu - dmcsrb.com","og_description":"Odbrojavanje ulazi u zavr\u0161nicu \u2013 ko\u0161arka\u0161i Podgorice Bemax za \u0161est dana (utorak, 7.oktobar od 18 \u010dasova) ugosti\u0107e u ,,Bemax areni\u201c ekipu Borca iz Banjaluke, \u010dime \u0107e i zvani\u010dno otvoriti novu sezonu.","og_url":"https:\/\/dmcsrb.com\/en\/sport\/ivanovic-ocekujem-uzbudljivu-i-neizvjesnu-sezonu\/","og_site_name":"dmcsrb.com","article_published_time":"2025-10-02T09:32:00+00:00","og_image":[{"width":2048,"height":1536,"url":"https:\/\/dmcsrb.com\/wp-content\/uploads\/2026\/01\/Danilo-Ivanovic-KK-Podgorica-Bemax.webp","type":"image\/jpeg"}],"author":"dmcsrbija.com@gmail.com","twitter_card":"summary_large_image","twitter_misc":{"Written by":"dmcsrbija.com@gmail.com","Estimated reading time":"3 minutes"},"schema":{"@context":"https:\/\/schema.org","@graph":[{"@type":"Article","@id":"https:\/\/dmcsrb.com\/sport\/ivanovic-ocekujem-uzbudljivu-i-neizvjesnu-sezonu\/#article","isPartOf":{"@id":"https:\/\/dmcsrb.com\/sport\/ivanovic-ocekujem-uzbudljivu-i-neizvjesnu-sezonu\/"},"author":{"name":"dmcsrbija.com@gmail.com","@id":"https:\/\/dmcsrb.com\/#\/schema\/person\/5c39170f12db1b8b457732d0b5c854e2"},"headline":"Ivanovi\u0107: O\u010dekujem uzbudljivu i neizvjesnu sezonu","datePublished":"2025-10-02T09:32:00+00:00","mainEntityOfPage":{"@id":"https:\/\/dmcsrb.com\/sport\/ivanovic-ocekujem-uzbudljivu-i-neizvjesnu-sezonu\/"},"wordCount":555,"commentCount":0,"image":{"@id":"https:\/\/dmcsrb.com\/sport\/ivanovic-ocekujem-uzbudljivu-i-neizvjesnu-sezonu\/#primaryimage"},"thumbnailUrl":"https:\/\/dmcsrb.com\/wp-content\/uploads\/2026\/01\/Danilo-Ivanovic-KK-Podgorica-Bemax.webp","keywords":["Danilo Ivanovi\u0107","KK Borac Banjaluka","KK Podgorica Bemax"],"articleSection":["Sport"],"inLanguage":"en-GB","potentialAction":[{"@type":"CommentAction","name":"Comment","target":["https:\/\/dmcsrb.com\/sport\/ivanovic-ocekujem-uzbudljivu-i-neizvjesnu-sezonu\/#respond"]}]},{"@type":"WebPage","@id":"https:\/\/dmcsrb.com\/sport\/ivanovic-ocekujem-uzbudljivu-i-neizvjesnu-sezonu\/","url":"https:\/\/dmcsrb.com\/sport\/ivanovic-ocekujem-uzbudljivu-i-neizvjesnu-sezonu\/","name":"Ivanovi\u0107: O\u010dekujem uzbudljivu i neizvjesnu sezonu - dmcsrb.com","isPartOf":{"@id":"https:\/\/dmcsrb.com\/#website"},"primaryImageOfPage":{"@id":"https:\/\/dmcsrb.com\/sport\/ivanovic-ocekujem-uzbudljivu-i-neizvjesnu-sezonu\/#primaryimage"},"image":{"@id":"https:\/\/dmcsrb.com\/sport\/ivanovic-ocekujem-uzbudljivu-i-neizvjesnu-sezonu\/#primaryimage"},"thumbnailUrl":"https:\/\/dmcsrb.com\/wp-content\/uploads\/2026\/01\/Danilo-Ivanovic-KK-Podgorica-Bemax.webp","datePublished":"2025-10-02T09:32:00+00:00","author":{"@id":"https:\/\/dmcsrb.com\/#\/schema\/person\/5c39170f12db1b8b457732d0b5c854e2"},"breadcrumb":{"@id":"https:\/\/dmcsrb.com\/sport\/ivanovic-ocekujem-uzbudljivu-i-neizvjesnu-sezonu\/#breadcrumb"},"inLanguage":"en-GB","potentialAction":[{"@type":"ReadAction","target":["https:\/\/dmcsrb.com\/sport\/ivanovic-ocekujem-uzbudljivu-i-neizvjesnu-sezonu\/"]}]},{"@type":"ImageObject","inLanguage":"en-GB","@id":"https:\/\/dmcsrb.com\/sport\/ivanovic-ocekujem-uzbudljivu-i-neizvjesnu-sezonu\/#primaryimage","url":"https:\/\/dmcsrb.com\/wp-content\/uploads\/2026\/01\/Danilo-Ivanovic-KK-Podgorica-Bemax.webp","contentUrl":"https:\/\/dmcsrb.com\/wp-content\/uploads\/2026\/01\/Danilo-Ivanovic-KK-Podgorica-Bemax.webp","width":2048,"height":1536},{"@type":"BreadcrumbList","@id":"https:\/\/dmcsrb.com\/sport\/ivanovic-ocekujem-uzbudljivu-i-neizvjesnu-sezonu\/#breadcrumb","itemListElement":[{"@type":"ListItem","position":1,"name":"Home","item":"https:\/\/dmcsrb.com\/"},{"@type":"ListItem","position":2,"name":"Ivanovi\u0107: O\u010dekujem uzbudljivu i neizvjesnu sezonu"}]},{"@type":"WebSite","@id":"https:\/\/dmcsrb.com\/#website","url":"https:\/\/dmcsrb.com\/","name":"dmcsrb.com","description":"","potentialAction":[{"@type":"SearchAction","target":{"@type":"EntryPoint","urlTemplate":"https:\/\/dmcsrb.com\/?s={search_term_string}"},"query-input":{"@type":"PropertyValueSpecification","valueRequired":true,"valueName":"search_term_string"}}],"inLanguage":"en-GB"},{"@type":"Person","@id":"https:\/\/dmcsrb.com\/#\/schema\/person\/5c39170f12db1b8b457732d0b5c854e2","name":"dmcsrbija.com@gmail.com","image":{"@type":"ImageObject","inLanguage":"en-GB","@id":"https:\/\/secure.gravatar.com\/avatar\/68592660ad6347fad0fb587f8d5d8f1a7b44961362f56e4f2cd524feb87e9069?s=96&d=mm&r=g","url":"https:\/\/secure.gravatar.com\/avatar\/68592660ad6347fad0fb587f8d5d8f1a7b44961362f56e4f2cd524feb87e9069?s=96&d=mm&r=g","contentUrl":"https:\/\/secure.gravatar.com\/avatar\/68592660ad6347fad0fb587f8d5d8f1a7b44961362f56e4f2cd524feb87e9069?s=96&d=mm&r=g","caption":"dmcsrbija.com@gmail.com"},"sameAs":["https:\/\/dmcsrb.com"],"url":"https:\/\/dmcsrb.com\/en\/author\/dmcsrbija-comgmail-com\/"}]}},"_links":{"self":[{"href":"https:\/\/dmcsrb.com\/en\/wp-json\/wp\/v2\/posts\/955328","targetHints":{"allow":["GET"]}}],"collection":[{"href":"https:\/\/dmcsrb.com\/en\/wp-json\/wp\/v2\/posts"}],"about":[{"href":"https:\/\/dmcsrb.com\/en\/wp-json\/wp\/v2\/types\/post"}],"author":[{"embeddable":true,"href":"https:\/\/dmcsrb.com\/en\/wp-json\/wp\/v2\/users\/1"}],"replies":[{"embeddable":true,"href":"https:\/\/dmcsrb.com\/en\/wp-json\/wp\/v2\/comments?post=955328"}],"version-history":[{"count":0,"href":"https:\/\/dmcsrb.com\/en\/wp-json\/wp\/v2\/posts\/955328\/revisions"}],"wp:featuredmedia":[{"embeddable":true,"href":"https:\/\/dmcsrb.com\/en\/wp-json\/wp\/v2\/media\/955329"}],"wp:attachment":[{"href":"https:\/\/dmcsrb.com\/en\/wp-json\/wp\/v2\/media?parent=955328"}],"wp:term":[{"taxonomy":"category","embeddable":true,"href":"https:\/\/dmcsrb.com\/en\/wp-json\/wp\/v2\/categories?post=955328"},{"taxonomy":"post_tag","embeddable":true,"href":"https:\/\/dmcsrb.com\/en\/wp-json\/wp\/v2\/tags?post=955328"},{"taxonomy":"naslovna","embeddable":true,"href":"https:\/\/dmcsrb.com\/en\/wp-json\/wp\/v2\/naslovna?post=955328"}],"curies":[{"name":"wp","href":"https:\/\/api.w.org\/{rel}","templated":true}]}}