{"id":955294,"date":"2025-10-02T09:01:54","date_gmt":"2025-10-02T07:01:54","guid":{"rendered":"https:\/\/dmcsrb.com\/uncategorized\/demokrate-budva-dps-u-poslu-izgradnje-postrojenja-u-vjestici-napravio-finansijsku-i-ekolosku-katarstofu\/"},"modified":"2025-10-02T09:01:54","modified_gmt":"2025-10-02T07:01:54","slug":"demokrate-budva-dps-u-poslu-izgradnje-postrojenja-u-vjestici-napravio-finansijsku-i-ekolosku-katarstofu","status":"publish","type":"post","link":"https:\/\/dmcsrb.com\/en\/politika\/demokrate-budva-dps-u-poslu-izgradnje-postrojenja-u-vjestici-napravio-finansijsku-i-ekolosku-katarstofu\/","title":{"rendered":"Demokrate Budva: DPS u poslu izgradnje postrojenja u Vje\u0161tici napravio finansijsku i ekolo\u0161ku katarstofu"},"content":{"rendered":"<p><\/p>\n\n\n\n<p>&#8220;Na\u0161 grad se posljedi\u010dno suo\u010dio sa blokadom ra\u010duna, sudskim i arbitra\u017enim postupcima kao epilog kriminalnih aktivnosti prvaka DPS-a. Jedan od najglasnijih u kritikama prethodnih godina bio je sada\u0161nji predsjednik op\u0161tine Nikola Jovanovi\u0107. Vi\u0161e puta se javno hvalio pobjedom u arbitra\u017enim postupcima koji su vo\u0111eni. Javnost, a naro\u010dito Skup\u0161tina op\u0161tine Budva, nikada nijesu upoznati sa pravosna\u017enim presudama i odlukom o arbitra\u017ei. Podsjeti\u0107emo da je advokatski tim koji zastupa op\u0161tinu Budva u ovom slu\u010daju podmetnut Skup\u0161tini op\u0161tine od strane biv\u0161eg predsjednika op\u0161tine Marka Carevi\u0107a i tada\u0161njeg \u0161efa kabineta Nikole Jovanovi\u0107a, \u0161to nijesmo podr\u017eali. Smatrali smo kako tada, tako i danas, da se radi o bje\u017eanju od odgovornosti za sudski epilog i prebacivanje odgovornosti na odbornike&#8221;, isti\u010de se u saop\u0161tenju<\/p>\n\n\n\n<p>Kako god, dodaju, &#8220;novi advokatski tim je u javnim nastupima, predvo\u0111en Mirojem Jovanovi\u0107em, potencirao kako se radi o kriminalnom poslu sklopljenom da bi se oplja\u010dkala op\u0161tina Budva, sa \u010dime se sla\u017eemo&#8221;.<\/p>\n\n\n\n<p>&#8220;Tako\u0111e se slavila i pobjeda u arbitra\u017enom postupku. Kad podvu\u010demo crtu za izvr\u0161ena krivi\u010dna djela odgovorni funkcioneri DPS-a ka\u017enjeni su sitnom zatvorskom kaznom i jo\u0161 sitnijom nov\u010danom, firmama koje su u\u010destvovale u ovom koruptivnom poslu po raznim osnovama je do sada ispla\u0107eno preko 40 miliona eura, advokatskom timu je po na\u0161im saznanjima ispla\u0107eno oko 2 miliona eura, a na odbornike SO Budva \u017eeli se prevaliti odgovornost za jo\u0161 3,5 miliona eura za poravnanje u arbitra\u017ei u kojoj smo pobijedili. \u00a0O\u010digledno je da DPS nakon povratka na vlast napla\u0107uje svoju podr\u0161ku Nikoli Jovanovi\u0107u novcem gra\u0111ana Budve kroz kriminalne afere koje su isti oni izazvali. Pravosna\u017ene presude koje se pominju nigdje nijesu objavljene, iako je obaveza predsjednika op\u0161tine da o procesu arbitra\u017ee informi\u0161e Skup\u0161tinu op\u0161tine Budva na mjese\u010dnom nivou&#8221;, zaklju\u010duje se u saop\u0161tenju.<\/p>","protected":false},"excerpt":{"rendered":"<p>Vjerujemo da nema sugra\u0111anina koji nije svjestan \u010dinjenice da je u poslu izgradnje postrojenja za preradu otpadnih voda u Vje\u0161tici DPS napravio i finansijsku i ekolo\u0161ku katastrofu. Zbog milionske korupcije odgovarali su Svetozar Marovi\u0107 i Lazar Ra\u0111enovi\u0107 \u2013 simboli\u010dnim presudama od 6 mjeseci robije i sitnim nov\u010danim kaznama. Utisak je da se ovaj lopovluk koristio za obra\u010dun sa neistomi\u0161ljenicima u DPS-u umjesto da se zaista detaljno istra\u017ei cijeli slu\u010daj i kazne svi odgovorni za vi\u0161emilionsku korupciju, saop\u0161teno je iz budvanskog odbora Demokrata.<\/p>","protected":false},"author":1,"featured_media":915196,"comment_status":"open","ping_status":"open","sticky":false,"template":"","format":"standard","meta":{"_acf_changed":false,"footnotes":""},"categories":[12],"tags":[186,1355,63,587],"naslovna":[],"class_list":["post-955294","post","type-post","status-publish","format-standard","has-post-thumbnail","hentry","category-politika","tag-budva","tag-demokrate","tag-dps","tag-postrojenje"],"acf":[],"yoast_head":"<!-- This site is optimized with the Yoast SEO plugin v27.0 - https:\/\/yoast.com\/product\/yoast-seo-wordpress\/ -->\n<title>Demokrate Budva: DPS u poslu izgradnje postrojenja u Vje\u0161tici napravio finansijsku i ekolo\u0161ku katarstofu - dmcsrb.com<\/title>\n<meta name=\"robots\" content=\"index, follow, max-snippet:-1, max-image-preview:large, max-video-preview:-1\" \/>\n<link rel=\"canonical\" href=\"https:\/\/dmcsrb.com\/en\/politika\/demokrate-budva-dps-u-poslu-izgradnje-postrojenja-u-vjestici-napravio-finansijsku-i-ekolosku-katarstofu\/\" \/>\n<meta property=\"og:locale\" content=\"en_GB\" \/>\n<meta property=\"og:type\" content=\"article\" \/>\n<meta property=\"og:title\" content=\"Demokrate Budva: DPS u poslu izgradnje postrojenja u Vje\u0161tici napravio finansijsku i ekolo\u0161ku katarstofu - dmcsrb.com\" \/>\n<meta property=\"og:description\" content=\"Vjerujemo da nema sugra\u0111anina koji nije svjestan \u010dinjenice da je u poslu izgradnje postrojenja za preradu otpadnih voda u Vje\u0161tici DPS napravio i finansijsku i ekolo\u0161ku katastrofu. Zbog milionske korupcije odgovarali su Svetozar Marovi\u0107 i Lazar Ra\u0111enovi\u0107 \u2013 simboli\u010dnim presudama od 6 mjeseci robije i sitnim nov\u010danim kaznama. Utisak je da se ovaj lopovluk koristio za obra\u010dun sa neistomi\u0161ljenicima u DPS-u umjesto da se zaista detaljno istra\u017ei cijeli slu\u010daj i kazne svi odgovorni za vi\u0161emilionsku korupciju, saop\u0161teno je iz budvanskog odbora Demokrata.\" \/>\n<meta property=\"og:url\" content=\"https:\/\/dmcsrb.com\/en\/politika\/demokrate-budva-dps-u-poslu-izgradnje-postrojenja-u-vjestici-napravio-finansijsku-i-ekolosku-katarstofu\/\" \/>\n<meta property=\"og:site_name\" content=\"dmcsrb.com\" \/>\n<meta property=\"article:published_time\" content=\"2025-10-02T07:01:54+00:00\" \/>\n<meta property=\"og:image\" content=\"https:\/\/dmcsrb.com\/wp-content\/uploads\/2026\/01\/demokrate-logo-5.jpg\" \/>\n\t<meta property=\"og:image:width\" content=\"1260\" \/>\n\t<meta property=\"og:image:height\" content=\"1023\" \/>\n\t<meta property=\"og:image:type\" content=\"image\/jpeg\" \/>\n<meta name=\"author\" content=\"dmcsrbija.com@gmail.com\" \/>\n<meta name=\"twitter:card\" content=\"summary_large_image\" \/>\n<meta name=\"twitter:label1\" content=\"Written by\" \/>\n\t<meta name=\"twitter:data1\" content=\"dmcsrbija.com@gmail.com\" \/>\n\t<meta name=\"twitter:label2\" content=\"Estimated reading time\" \/>\n\t<meta name=\"twitter:data2\" content=\"2 minutes\" \/>\n<script type=\"application\/ld+json\" class=\"yoast-schema-graph\">{\"@context\":\"https:\/\/schema.org\",\"@graph\":[{\"@type\":\"Article\",\"@id\":\"https:\/\/dmcsrb.com\/politika\/demokrate-budva-dps-u-poslu-izgradnje-postrojenja-u-vjestici-napravio-finansijsku-i-ekolosku-katarstofu\/#article\",\"isPartOf\":{\"@id\":\"https:\/\/dmcsrb.com\/politika\/demokrate-budva-dps-u-poslu-izgradnje-postrojenja-u-vjestici-napravio-finansijsku-i-ekolosku-katarstofu\/\"},\"author\":{\"name\":\"dmcsrbija.com@gmail.com\",\"@id\":\"https:\/\/dmcsrb.com\/#\/schema\/person\/5c39170f12db1b8b457732d0b5c854e2\"},\"headline\":\"Demokrate Budva: DPS u poslu izgradnje postrojenja u Vje\u0161tici napravio finansijsku i ekolo\u0161ku katarstofu\",\"datePublished\":\"2025-10-02T07:01:54+00:00\",\"mainEntityOfPage\":{\"@id\":\"https:\/\/dmcsrb.com\/politika\/demokrate-budva-dps-u-poslu-izgradnje-postrojenja-u-vjestici-napravio-finansijsku-i-ekolosku-katarstofu\/\"},\"wordCount\":351,\"commentCount\":0,\"image\":{\"@id\":\"https:\/\/dmcsrb.com\/politika\/demokrate-budva-dps-u-poslu-izgradnje-postrojenja-u-vjestici-napravio-finansijsku-i-ekolosku-katarstofu\/#primaryimage\"},\"thumbnailUrl\":\"https:\/\/dmcsrb.com\/wp-content\/uploads\/2026\/01\/demokrate-logo-5.jpg\",\"keywords\":[\"budva\",\"Demokrate\",\"DPS\",\"Postrojenje\"],\"articleSection\":[\"Politika\"],\"inLanguage\":\"en-GB\",\"potentialAction\":[{\"@type\":\"CommentAction\",\"name\":\"Comment\",\"target\":[\"https:\/\/dmcsrb.com\/politika\/demokrate-budva-dps-u-poslu-izgradnje-postrojenja-u-vjestici-napravio-finansijsku-i-ekolosku-katarstofu\/#respond\"]}]},{\"@type\":\"WebPage\",\"@id\":\"https:\/\/dmcsrb.com\/politika\/demokrate-budva-dps-u-poslu-izgradnje-postrojenja-u-vjestici-napravio-finansijsku-i-ekolosku-katarstofu\/\",\"url\":\"https:\/\/dmcsrb.com\/politika\/demokrate-budva-dps-u-poslu-izgradnje-postrojenja-u-vjestici-napravio-finansijsku-i-ekolosku-katarstofu\/\",\"name\":\"Demokrate Budva: DPS u poslu izgradnje postrojenja u Vje\u0161tici napravio finansijsku i ekolo\u0161ku katarstofu - dmcsrb.com\",\"isPartOf\":{\"@id\":\"https:\/\/dmcsrb.com\/#website\"},\"primaryImageOfPage\":{\"@id\":\"https:\/\/dmcsrb.com\/politika\/demokrate-budva-dps-u-poslu-izgradnje-postrojenja-u-vjestici-napravio-finansijsku-i-ekolosku-katarstofu\/#primaryimage\"},\"image\":{\"@id\":\"https:\/\/dmcsrb.com\/politika\/demokrate-budva-dps-u-poslu-izgradnje-postrojenja-u-vjestici-napravio-finansijsku-i-ekolosku-katarstofu\/#primaryimage\"},\"thumbnailUrl\":\"https:\/\/dmcsrb.com\/wp-content\/uploads\/2026\/01\/demokrate-logo-5.jpg\",\"datePublished\":\"2025-10-02T07:01:54+00:00\",\"author\":{\"@id\":\"https:\/\/dmcsrb.com\/#\/schema\/person\/5c39170f12db1b8b457732d0b5c854e2\"},\"breadcrumb\":{\"@id\":\"https:\/\/dmcsrb.com\/politika\/demokrate-budva-dps-u-poslu-izgradnje-postrojenja-u-vjestici-napravio-finansijsku-i-ekolosku-katarstofu\/#breadcrumb\"},\"inLanguage\":\"en-GB\",\"potentialAction\":[{\"@type\":\"ReadAction\",\"target\":[\"https:\/\/dmcsrb.com\/politika\/demokrate-budva-dps-u-poslu-izgradnje-postrojenja-u-vjestici-napravio-finansijsku-i-ekolosku-katarstofu\/\"]}]},{\"@type\":\"ImageObject\",\"inLanguage\":\"en-GB\",\"@id\":\"https:\/\/dmcsrb.com\/politika\/demokrate-budva-dps-u-poslu-izgradnje-postrojenja-u-vjestici-napravio-finansijsku-i-ekolosku-katarstofu\/#primaryimage\",\"url\":\"https:\/\/dmcsrb.com\/wp-content\/uploads\/2026\/01\/demokrate-logo-5.jpg\",\"contentUrl\":\"https:\/\/dmcsrb.com\/wp-content\/uploads\/2026\/01\/demokrate-logo-5.jpg\",\"width\":1260,\"height\":1023},{\"@type\":\"BreadcrumbList\",\"@id\":\"https:\/\/dmcsrb.com\/politika\/demokrate-budva-dps-u-poslu-izgradnje-postrojenja-u-vjestici-napravio-finansijsku-i-ekolosku-katarstofu\/#breadcrumb\",\"itemListElement\":[{\"@type\":\"ListItem\",\"position\":1,\"name\":\"Home\",\"item\":\"https:\/\/dmcsrb.com\/\"},{\"@type\":\"ListItem\",\"position\":2,\"name\":\"Demokrate Budva: DPS u poslu izgradnje postrojenja u Vje\u0161tici napravio finansijsku i ekolo\u0161ku katarstofu\"}]},{\"@type\":\"WebSite\",\"@id\":\"https:\/\/dmcsrb.com\/#website\",\"url\":\"https:\/\/dmcsrb.com\/\",\"name\":\"dmcsrb.com\",\"description\":\"\",\"potentialAction\":[{\"@type\":\"SearchAction\",\"target\":{\"@type\":\"EntryPoint\",\"urlTemplate\":\"https:\/\/dmcsrb.com\/?s={search_term_string}\"},\"query-input\":{\"@type\":\"PropertyValueSpecification\",\"valueRequired\":true,\"valueName\":\"search_term_string\"}}],\"inLanguage\":\"en-GB\"},{\"@type\":\"Person\",\"@id\":\"https:\/\/dmcsrb.com\/#\/schema\/person\/5c39170f12db1b8b457732d0b5c854e2\",\"name\":\"dmcsrbija.com@gmail.com\",\"image\":{\"@type\":\"ImageObject\",\"inLanguage\":\"en-GB\",\"@id\":\"https:\/\/dmcsrb.com\/#\/schema\/person\/image\/\",\"url\":\"https:\/\/secure.gravatar.com\/avatar\/68592660ad6347fad0fb587f8d5d8f1a7b44961362f56e4f2cd524feb87e9069?s=96&d=mm&r=g\",\"contentUrl\":\"https:\/\/secure.gravatar.com\/avatar\/68592660ad6347fad0fb587f8d5d8f1a7b44961362f56e4f2cd524feb87e9069?s=96&d=mm&r=g\",\"caption\":\"dmcsrbija.com@gmail.com\"},\"sameAs\":[\"https:\/\/dmcsrb.com\"],\"url\":\"https:\/\/dmcsrb.com\/en\/author\/dmcsrbija-comgmail-com\/\"}]}<\/script>\n<!-- \/ Yoast SEO plugin. -->","yoast_head_json":{"title":"Demokrate Budva: DPS u poslu izgradnje postrojenja u Vje\u0161tici napravio finansijsku i ekolo\u0161ku katarstofu - dmcsrb.com","robots":{"index":"index","follow":"follow","max-snippet":"max-snippet:-1","max-image-preview":"max-image-preview:large","max-video-preview":"max-video-preview:-1"},"canonical":"https:\/\/dmcsrb.com\/en\/politika\/demokrate-budva-dps-u-poslu-izgradnje-postrojenja-u-vjestici-napravio-finansijsku-i-ekolosku-katarstofu\/","og_locale":"en_GB","og_type":"article","og_title":"Demokrate Budva: DPS u poslu izgradnje postrojenja u Vje\u0161tici napravio finansijsku i ekolo\u0161ku katarstofu - dmcsrb.com","og_description":"Vjerujemo da nema sugra\u0111anina koji nije svjestan \u010dinjenice da je u poslu izgradnje postrojenja za preradu otpadnih voda u Vje\u0161tici DPS napravio i finansijsku i ekolo\u0161ku katastrofu. Zbog milionske korupcije odgovarali su Svetozar Marovi\u0107 i Lazar Ra\u0111enovi\u0107 \u2013 simboli\u010dnim presudama od 6 mjeseci robije i sitnim nov\u010danim kaznama. Utisak je da se ovaj lopovluk koristio za obra\u010dun sa neistomi\u0161ljenicima u DPS-u umjesto da se zaista detaljno istra\u017ei cijeli slu\u010daj i kazne svi odgovorni za vi\u0161emilionsku korupciju, saop\u0161teno je iz budvanskog odbora Demokrata.","og_url":"https:\/\/dmcsrb.com\/en\/politika\/demokrate-budva-dps-u-poslu-izgradnje-postrojenja-u-vjestici-napravio-finansijsku-i-ekolosku-katarstofu\/","og_site_name":"dmcsrb.com","article_published_time":"2025-10-02T07:01:54+00:00","og_image":[{"width":1260,"height":1023,"url":"https:\/\/dmcsrb.com\/wp-content\/uploads\/2026\/01\/demokrate-logo-5.jpg","type":"image\/jpeg"}],"author":"dmcsrbija.com@gmail.com","twitter_card":"summary_large_image","twitter_misc":{"Written by":"dmcsrbija.com@gmail.com","Estimated reading time":"2 minutes"},"schema":{"@context":"https:\/\/schema.org","@graph":[{"@type":"Article","@id":"https:\/\/dmcsrb.com\/politika\/demokrate-budva-dps-u-poslu-izgradnje-postrojenja-u-vjestici-napravio-finansijsku-i-ekolosku-katarstofu\/#article","isPartOf":{"@id":"https:\/\/dmcsrb.com\/politika\/demokrate-budva-dps-u-poslu-izgradnje-postrojenja-u-vjestici-napravio-finansijsku-i-ekolosku-katarstofu\/"},"author":{"name":"dmcsrbija.com@gmail.com","@id":"https:\/\/dmcsrb.com\/#\/schema\/person\/5c39170f12db1b8b457732d0b5c854e2"},"headline":"Demokrate Budva: DPS u poslu izgradnje postrojenja u Vje\u0161tici napravio finansijsku i ekolo\u0161ku katarstofu","datePublished":"2025-10-02T07:01:54+00:00","mainEntityOfPage":{"@id":"https:\/\/dmcsrb.com\/politika\/demokrate-budva-dps-u-poslu-izgradnje-postrojenja-u-vjestici-napravio-finansijsku-i-ekolosku-katarstofu\/"},"wordCount":351,"commentCount":0,"image":{"@id":"https:\/\/dmcsrb.com\/politika\/demokrate-budva-dps-u-poslu-izgradnje-postrojenja-u-vjestici-napravio-finansijsku-i-ekolosku-katarstofu\/#primaryimage"},"thumbnailUrl":"https:\/\/dmcsrb.com\/wp-content\/uploads\/2026\/01\/demokrate-logo-5.jpg","keywords":["budva","Demokrate","DPS","Postrojenje"],"articleSection":["Politika"],"inLanguage":"en-GB","potentialAction":[{"@type":"CommentAction","name":"Comment","target":["https:\/\/dmcsrb.com\/politika\/demokrate-budva-dps-u-poslu-izgradnje-postrojenja-u-vjestici-napravio-finansijsku-i-ekolosku-katarstofu\/#respond"]}]},{"@type":"WebPage","@id":"https:\/\/dmcsrb.com\/politika\/demokrate-budva-dps-u-poslu-izgradnje-postrojenja-u-vjestici-napravio-finansijsku-i-ekolosku-katarstofu\/","url":"https:\/\/dmcsrb.com\/politika\/demokrate-budva-dps-u-poslu-izgradnje-postrojenja-u-vjestici-napravio-finansijsku-i-ekolosku-katarstofu\/","name":"Demokrate Budva: DPS u poslu izgradnje postrojenja u Vje\u0161tici napravio finansijsku i ekolo\u0161ku katarstofu - dmcsrb.com","isPartOf":{"@id":"https:\/\/dmcsrb.com\/#website"},"primaryImageOfPage":{"@id":"https:\/\/dmcsrb.com\/politika\/demokrate-budva-dps-u-poslu-izgradnje-postrojenja-u-vjestici-napravio-finansijsku-i-ekolosku-katarstofu\/#primaryimage"},"image":{"@id":"https:\/\/dmcsrb.com\/politika\/demokrate-budva-dps-u-poslu-izgradnje-postrojenja-u-vjestici-napravio-finansijsku-i-ekolosku-katarstofu\/#primaryimage"},"thumbnailUrl":"https:\/\/dmcsrb.com\/wp-content\/uploads\/2026\/01\/demokrate-logo-5.jpg","datePublished":"2025-10-02T07:01:54+00:00","author":{"@id":"https:\/\/dmcsrb.com\/#\/schema\/person\/5c39170f12db1b8b457732d0b5c854e2"},"breadcrumb":{"@id":"https:\/\/dmcsrb.com\/politika\/demokrate-budva-dps-u-poslu-izgradnje-postrojenja-u-vjestici-napravio-finansijsku-i-ekolosku-katarstofu\/#breadcrumb"},"inLanguage":"en-GB","potentialAction":[{"@type":"ReadAction","target":["https:\/\/dmcsrb.com\/politika\/demokrate-budva-dps-u-poslu-izgradnje-postrojenja-u-vjestici-napravio-finansijsku-i-ekolosku-katarstofu\/"]}]},{"@type":"ImageObject","inLanguage":"en-GB","@id":"https:\/\/dmcsrb.com\/politika\/demokrate-budva-dps-u-poslu-izgradnje-postrojenja-u-vjestici-napravio-finansijsku-i-ekolosku-katarstofu\/#primaryimage","url":"https:\/\/dmcsrb.com\/wp-content\/uploads\/2026\/01\/demokrate-logo-5.jpg","contentUrl":"https:\/\/dmcsrb.com\/wp-content\/uploads\/2026\/01\/demokrate-logo-5.jpg","width":1260,"height":1023},{"@type":"BreadcrumbList","@id":"https:\/\/dmcsrb.com\/politika\/demokrate-budva-dps-u-poslu-izgradnje-postrojenja-u-vjestici-napravio-finansijsku-i-ekolosku-katarstofu\/#breadcrumb","itemListElement":[{"@type":"ListItem","position":1,"name":"Home","item":"https:\/\/dmcsrb.com\/"},{"@type":"ListItem","position":2,"name":"Demokrate Budva: DPS u poslu izgradnje postrojenja u Vje\u0161tici napravio finansijsku i ekolo\u0161ku katarstofu"}]},{"@type":"WebSite","@id":"https:\/\/dmcsrb.com\/#website","url":"https:\/\/dmcsrb.com\/","name":"dmcsrb.com","description":"","potentialAction":[{"@type":"SearchAction","target":{"@type":"EntryPoint","urlTemplate":"https:\/\/dmcsrb.com\/?s={search_term_string}"},"query-input":{"@type":"PropertyValueSpecification","valueRequired":true,"valueName":"search_term_string"}}],"inLanguage":"en-GB"},{"@type":"Person","@id":"https:\/\/dmcsrb.com\/#\/schema\/person\/5c39170f12db1b8b457732d0b5c854e2","name":"dmcsrbija.com@gmail.com","image":{"@type":"ImageObject","inLanguage":"en-GB","@id":"https:\/\/dmcsrb.com\/#\/schema\/person\/image\/","url":"https:\/\/secure.gravatar.com\/avatar\/68592660ad6347fad0fb587f8d5d8f1a7b44961362f56e4f2cd524feb87e9069?s=96&d=mm&r=g","contentUrl":"https:\/\/secure.gravatar.com\/avatar\/68592660ad6347fad0fb587f8d5d8f1a7b44961362f56e4f2cd524feb87e9069?s=96&d=mm&r=g","caption":"dmcsrbija.com@gmail.com"},"sameAs":["https:\/\/dmcsrb.com"],"url":"https:\/\/dmcsrb.com\/en\/author\/dmcsrbija-comgmail-com\/"}]}},"_links":{"self":[{"href":"https:\/\/dmcsrb.com\/en\/wp-json\/wp\/v2\/posts\/955294","targetHints":{"allow":["GET"]}}],"collection":[{"href":"https:\/\/dmcsrb.com\/en\/wp-json\/wp\/v2\/posts"}],"about":[{"href":"https:\/\/dmcsrb.com\/en\/wp-json\/wp\/v2\/types\/post"}],"author":[{"embeddable":true,"href":"https:\/\/dmcsrb.com\/en\/wp-json\/wp\/v2\/users\/1"}],"replies":[{"embeddable":true,"href":"https:\/\/dmcsrb.com\/en\/wp-json\/wp\/v2\/comments?post=955294"}],"version-history":[{"count":0,"href":"https:\/\/dmcsrb.com\/en\/wp-json\/wp\/v2\/posts\/955294\/revisions"}],"wp:featuredmedia":[{"embeddable":true,"href":"https:\/\/dmcsrb.com\/en\/wp-json\/wp\/v2\/media\/915196"}],"wp:attachment":[{"href":"https:\/\/dmcsrb.com\/en\/wp-json\/wp\/v2\/media?parent=955294"}],"wp:term":[{"taxonomy":"category","embeddable":true,"href":"https:\/\/dmcsrb.com\/en\/wp-json\/wp\/v2\/categories?post=955294"},{"taxonomy":"post_tag","embeddable":true,"href":"https:\/\/dmcsrb.com\/en\/wp-json\/wp\/v2\/tags?post=955294"},{"taxonomy":"naslovna","embeddable":true,"href":"https:\/\/dmcsrb.com\/en\/wp-json\/wp\/v2\/naslovna?post=955294"}],"curies":[{"name":"wp","href":"https:\/\/api.w.org\/{rel}","templated":true}]}}