{"id":955256,"date":"2025-10-02T07:35:00","date_gmt":"2025-10-02T05:35:00","guid":{"rendered":"https:\/\/dmcsrb.com\/uncategorized\/belan-manjina-u-vladi-koja-ne-bastini-cetnicku-ideologiju-trpi-zbog-fotelja-a-pod-krinkom-evropske-agende\/"},"modified":"2025-10-02T07:35:00","modified_gmt":"2025-10-02T05:35:00","slug":"belan-manjina-u-vladi-koja-ne-bastini-cetnicku-ideologiju-trpi-zbog-fotelja-a-pod-krinkom-evropske-agende","status":"publish","type":"post","link":"https:\/\/dmcsrb.com\/en\/politika\/belan-manjina-u-vladi-koja-ne-bastini-cetnicku-ideologiju-trpi-zbog-fotelja-a-pod-krinkom-evropske-agende\/","title":{"rendered":"Belan: Manjina u Vladi koja ne ba\u0161tini \u010detni\u010dku ideologiju &#8220;trpi&#8221; zbog fotelja, a pod krinkom &#8220;evropske agende&#8221;"},"content":{"rendered":"<p><\/p>\n\n\n\n<p><\/p>\n\n\n\n<p>\u201eTo im je \u010dak i neka vrsta uvrnutog alibija koji im se pru\u017ea. Radi se o farsi dogovorenoj sa SPC. Da li vjerujemo da Aleksa Be\u010di\u0107 i Danilo \u0160aranovi\u0107, uz nezainteresovanog Milojka Spaji\u0107a, zaista SPC-u \u017eele oduzeti tu skarednu fa\u0161isti\u010dku gvo\u017e\u0111uriju ali im vol\u0161ebno izmi\u010de kao Pink Panter? Naravno da ne\u201d, naglasio je Belan.<\/p>\n\n\n\n<p>Prema njegovim rije\u010dima, Vlada ovo ne \u017eeli rije\u0161iti u skladu sa zakonom, jer u njoj dominiraju subjekti koji slave lik i nedjelo kolja\u010da \u0110uri\u0161i\u0107a i \u010dvrsto stoje uz SPC i u ovom slu\u010daju.<\/p>\n\n\n\n<p>\u201eManjina u Vladi koja ne ba\u0161tini \u010detni\u010dku ideologiju &#8220;trpi&#8221; zbog fotelja, a pod krinkom &#8220;evropske agende&#8221;\u201d, zaklju\u010dio je Belan.<\/p>","protected":false},"excerpt":{"rendered":"<p>U ovoj \u0161aradi od &#8220;lova&#8221; na statuu fa\u0161isti\u010dkog zlo\u010dinca Pavla \u0110uri\u0161i\u0107a naivno je Policiju prozivati za nesposobnost, poru\u010dio je Vatroslav Belan, predsjednik Liberalne partije i jedan od lidera Evropskog saveza.<\/p>","protected":false},"author":1,"featured_media":946032,"comment_status":"open","ping_status":"open","sticky":false,"template":"","format":"standard","meta":{"_acf_changed":false,"footnotes":""},"categories":[12],"tags":[9975,2847],"naslovna":[],"class_list":["post-955256","post","type-post","status-publish","format-standard","has-post-thumbnail","hentry","category-politika","tag-liberalna-partija","tag-vatroslav-belan"],"acf":[],"yoast_head":"<!-- This site is optimized with the Yoast SEO plugin v27.0 - https:\/\/yoast.com\/product\/yoast-seo-wordpress\/ -->\n<title>Belan: Manjina u Vladi koja ne ba\u0161tini \u010detni\u010dku ideologiju &quot;trpi&quot; zbog fotelja, a pod krinkom &quot;evropske agende&quot; - dmcsrb.com<\/title>\n<meta name=\"robots\" content=\"index, follow, max-snippet:-1, max-image-preview:large, max-video-preview:-1\" \/>\n<link rel=\"canonical\" href=\"https:\/\/dmcsrb.com\/en\/politika\/belan-manjina-u-vladi-koja-ne-bastini-cetnicku-ideologiju-trpi-zbog-fotelja-a-pod-krinkom-evropske-agende\/\" \/>\n<meta property=\"og:locale\" content=\"en_GB\" \/>\n<meta property=\"og:type\" content=\"article\" \/>\n<meta property=\"og:title\" content=\"Belan: Manjina u Vladi koja ne ba\u0161tini \u010detni\u010dku ideologiju &quot;trpi&quot; zbog fotelja, a pod krinkom &quot;evropske agende&quot; - dmcsrb.com\" \/>\n<meta property=\"og:description\" content=\"U ovoj \u0161aradi od &quot;lova&quot; na statuu fa\u0161isti\u010dkog zlo\u010dinca Pavla \u0110uri\u0161i\u0107a naivno je Policiju prozivati za nesposobnost, poru\u010dio je Vatroslav Belan, predsjednik Liberalne partije i jedan od lidera Evropskog saveza.\" \/>\n<meta property=\"og:url\" content=\"https:\/\/dmcsrb.com\/en\/politika\/belan-manjina-u-vladi-koja-ne-bastini-cetnicku-ideologiju-trpi-zbog-fotelja-a-pod-krinkom-evropske-agende\/\" \/>\n<meta property=\"og:site_name\" content=\"dmcsrb.com\" \/>\n<meta property=\"article:published_time\" content=\"2025-10-02T05:35:00+00:00\" \/>\n<meta property=\"og:image\" content=\"https:\/\/dmcsrb.com\/wp-content\/uploads\/2026\/01\/Belan1.webp\" \/>\n\t<meta property=\"og:image:width\" content=\"895\" \/>\n\t<meta property=\"og:image:height\" content=\"450\" \/>\n\t<meta property=\"og:image:type\" content=\"image\/jpeg\" \/>\n<meta name=\"author\" content=\"dmcsrbija.com@gmail.com\" \/>\n<meta name=\"twitter:card\" content=\"summary_large_image\" \/>\n<meta name=\"twitter:label1\" content=\"Written by\" \/>\n\t<meta name=\"twitter:data1\" content=\"dmcsrbija.com@gmail.com\" \/>\n\t<meta name=\"twitter:label2\" content=\"Estimated reading time\" \/>\n\t<meta name=\"twitter:data2\" content=\"1 minute\" \/>\n<script type=\"application\/ld+json\" class=\"yoast-schema-graph\">{\"@context\":\"https:\/\/schema.org\",\"@graph\":[{\"@type\":\"Article\",\"@id\":\"https:\/\/dmcsrb.com\/politika\/belan-manjina-u-vladi-koja-ne-bastini-cetnicku-ideologiju-trpi-zbog-fotelja-a-pod-krinkom-evropske-agende\/#article\",\"isPartOf\":{\"@id\":\"https:\/\/dmcsrb.com\/politika\/belan-manjina-u-vladi-koja-ne-bastini-cetnicku-ideologiju-trpi-zbog-fotelja-a-pod-krinkom-evropske-agende\/\"},\"author\":{\"name\":\"dmcsrbija.com@gmail.com\",\"@id\":\"https:\/\/dmcsrb.com\/#\/schema\/person\/5c39170f12db1b8b457732d0b5c854e2\"},\"headline\":\"Belan: Manjina u Vladi koja ne ba\u0161tini \u010detni\u010dku ideologiju &#8220;trpi&#8221; zbog fotelja, a pod krinkom &#8220;evropske agende&#8221;\",\"datePublished\":\"2025-10-02T05:35:00+00:00\",\"mainEntityOfPage\":{\"@id\":\"https:\/\/dmcsrb.com\/politika\/belan-manjina-u-vladi-koja-ne-bastini-cetnicku-ideologiju-trpi-zbog-fotelja-a-pod-krinkom-evropske-agende\/\"},\"wordCount\":142,\"commentCount\":0,\"image\":{\"@id\":\"https:\/\/dmcsrb.com\/politika\/belan-manjina-u-vladi-koja-ne-bastini-cetnicku-ideologiju-trpi-zbog-fotelja-a-pod-krinkom-evropske-agende\/#primaryimage\"},\"thumbnailUrl\":\"https:\/\/dmcsrb.com\/wp-content\/uploads\/2026\/01\/Belan1.webp\",\"keywords\":[\"Liberalna partija\",\"Vatroslav Belan\"],\"articleSection\":[\"Politika\"],\"inLanguage\":\"en-GB\",\"potentialAction\":[{\"@type\":\"CommentAction\",\"name\":\"Comment\",\"target\":[\"https:\/\/dmcsrb.com\/politika\/belan-manjina-u-vladi-koja-ne-bastini-cetnicku-ideologiju-trpi-zbog-fotelja-a-pod-krinkom-evropske-agende\/#respond\"]}]},{\"@type\":\"WebPage\",\"@id\":\"https:\/\/dmcsrb.com\/politika\/belan-manjina-u-vladi-koja-ne-bastini-cetnicku-ideologiju-trpi-zbog-fotelja-a-pod-krinkom-evropske-agende\/\",\"url\":\"https:\/\/dmcsrb.com\/politika\/belan-manjina-u-vladi-koja-ne-bastini-cetnicku-ideologiju-trpi-zbog-fotelja-a-pod-krinkom-evropske-agende\/\",\"name\":\"Belan: Manjina u Vladi koja ne ba\u0161tini \u010detni\u010dku ideologiju \\\"trpi\\\" zbog fotelja, a pod krinkom \\\"evropske agende\\\" - dmcsrb.com\",\"isPartOf\":{\"@id\":\"https:\/\/dmcsrb.com\/#website\"},\"primaryImageOfPage\":{\"@id\":\"https:\/\/dmcsrb.com\/politika\/belan-manjina-u-vladi-koja-ne-bastini-cetnicku-ideologiju-trpi-zbog-fotelja-a-pod-krinkom-evropske-agende\/#primaryimage\"},\"image\":{\"@id\":\"https:\/\/dmcsrb.com\/politika\/belan-manjina-u-vladi-koja-ne-bastini-cetnicku-ideologiju-trpi-zbog-fotelja-a-pod-krinkom-evropske-agende\/#primaryimage\"},\"thumbnailUrl\":\"https:\/\/dmcsrb.com\/wp-content\/uploads\/2026\/01\/Belan1.webp\",\"datePublished\":\"2025-10-02T05:35:00+00:00\",\"author\":{\"@id\":\"https:\/\/dmcsrb.com\/#\/schema\/person\/5c39170f12db1b8b457732d0b5c854e2\"},\"breadcrumb\":{\"@id\":\"https:\/\/dmcsrb.com\/politika\/belan-manjina-u-vladi-koja-ne-bastini-cetnicku-ideologiju-trpi-zbog-fotelja-a-pod-krinkom-evropske-agende\/#breadcrumb\"},\"inLanguage\":\"en-GB\",\"potentialAction\":[{\"@type\":\"ReadAction\",\"target\":[\"https:\/\/dmcsrb.com\/politika\/belan-manjina-u-vladi-koja-ne-bastini-cetnicku-ideologiju-trpi-zbog-fotelja-a-pod-krinkom-evropske-agende\/\"]}]},{\"@type\":\"ImageObject\",\"inLanguage\":\"en-GB\",\"@id\":\"https:\/\/dmcsrb.com\/politika\/belan-manjina-u-vladi-koja-ne-bastini-cetnicku-ideologiju-trpi-zbog-fotelja-a-pod-krinkom-evropske-agende\/#primaryimage\",\"url\":\"https:\/\/dmcsrb.com\/wp-content\/uploads\/2026\/01\/Belan1.webp\",\"contentUrl\":\"https:\/\/dmcsrb.com\/wp-content\/uploads\/2026\/01\/Belan1.webp\",\"width\":895,\"height\":450},{\"@type\":\"BreadcrumbList\",\"@id\":\"https:\/\/dmcsrb.com\/politika\/belan-manjina-u-vladi-koja-ne-bastini-cetnicku-ideologiju-trpi-zbog-fotelja-a-pod-krinkom-evropske-agende\/#breadcrumb\",\"itemListElement\":[{\"@type\":\"ListItem\",\"position\":1,\"name\":\"Home\",\"item\":\"https:\/\/dmcsrb.com\/\"},{\"@type\":\"ListItem\",\"position\":2,\"name\":\"Belan: Manjina u Vladi koja ne ba\u0161tini \u010detni\u010dku ideologiju &#8220;trpi&#8221; zbog fotelja, a pod krinkom &#8220;evropske agende&#8221;\"}]},{\"@type\":\"WebSite\",\"@id\":\"https:\/\/dmcsrb.com\/#website\",\"url\":\"https:\/\/dmcsrb.com\/\",\"name\":\"dmcsrb.com\",\"description\":\"\",\"potentialAction\":[{\"@type\":\"SearchAction\",\"target\":{\"@type\":\"EntryPoint\",\"urlTemplate\":\"https:\/\/dmcsrb.com\/?s={search_term_string}\"},\"query-input\":{\"@type\":\"PropertyValueSpecification\",\"valueRequired\":true,\"valueName\":\"search_term_string\"}}],\"inLanguage\":\"en-GB\"},{\"@type\":\"Person\",\"@id\":\"https:\/\/dmcsrb.com\/#\/schema\/person\/5c39170f12db1b8b457732d0b5c854e2\",\"name\":\"dmcsrbija.com@gmail.com\",\"image\":{\"@type\":\"ImageObject\",\"inLanguage\":\"en-GB\",\"@id\":\"https:\/\/dmcsrb.com\/#\/schema\/person\/image\/\",\"url\":\"https:\/\/secure.gravatar.com\/avatar\/68592660ad6347fad0fb587f8d5d8f1a7b44961362f56e4f2cd524feb87e9069?s=96&d=mm&r=g\",\"contentUrl\":\"https:\/\/secure.gravatar.com\/avatar\/68592660ad6347fad0fb587f8d5d8f1a7b44961362f56e4f2cd524feb87e9069?s=96&d=mm&r=g\",\"caption\":\"dmcsrbija.com@gmail.com\"},\"sameAs\":[\"https:\/\/dmcsrb.com\"],\"url\":\"https:\/\/dmcsrb.com\/en\/author\/dmcsrbija-comgmail-com\/\"}]}<\/script>\n<!-- \/ Yoast SEO plugin. -->","yoast_head_json":{"title":"Belan: Manjina u Vladi koja ne ba\u0161tini \u010detni\u010dku ideologiju \"trpi\" zbog fotelja, a pod krinkom \"evropske agende\" - dmcsrb.com","robots":{"index":"index","follow":"follow","max-snippet":"max-snippet:-1","max-image-preview":"max-image-preview:large","max-video-preview":"max-video-preview:-1"},"canonical":"https:\/\/dmcsrb.com\/en\/politika\/belan-manjina-u-vladi-koja-ne-bastini-cetnicku-ideologiju-trpi-zbog-fotelja-a-pod-krinkom-evropske-agende\/","og_locale":"en_GB","og_type":"article","og_title":"Belan: Manjina u Vladi koja ne ba\u0161tini \u010detni\u010dku ideologiju \"trpi\" zbog fotelja, a pod krinkom \"evropske agende\" - dmcsrb.com","og_description":"U ovoj \u0161aradi od \"lova\" na statuu fa\u0161isti\u010dkog zlo\u010dinca Pavla \u0110uri\u0161i\u0107a naivno je Policiju prozivati za nesposobnost, poru\u010dio je Vatroslav Belan, predsjednik Liberalne partije i jedan od lidera Evropskog saveza.","og_url":"https:\/\/dmcsrb.com\/en\/politika\/belan-manjina-u-vladi-koja-ne-bastini-cetnicku-ideologiju-trpi-zbog-fotelja-a-pod-krinkom-evropske-agende\/","og_site_name":"dmcsrb.com","article_published_time":"2025-10-02T05:35:00+00:00","og_image":[{"width":895,"height":450,"url":"https:\/\/dmcsrb.com\/wp-content\/uploads\/2026\/01\/Belan1.webp","type":"image\/jpeg"}],"author":"dmcsrbija.com@gmail.com","twitter_card":"summary_large_image","twitter_misc":{"Written by":"dmcsrbija.com@gmail.com","Estimated reading time":"1 minute"},"schema":{"@context":"https:\/\/schema.org","@graph":[{"@type":"Article","@id":"https:\/\/dmcsrb.com\/politika\/belan-manjina-u-vladi-koja-ne-bastini-cetnicku-ideologiju-trpi-zbog-fotelja-a-pod-krinkom-evropske-agende\/#article","isPartOf":{"@id":"https:\/\/dmcsrb.com\/politika\/belan-manjina-u-vladi-koja-ne-bastini-cetnicku-ideologiju-trpi-zbog-fotelja-a-pod-krinkom-evropske-agende\/"},"author":{"name":"dmcsrbija.com@gmail.com","@id":"https:\/\/dmcsrb.com\/#\/schema\/person\/5c39170f12db1b8b457732d0b5c854e2"},"headline":"Belan: Manjina u Vladi koja ne ba\u0161tini \u010detni\u010dku ideologiju &#8220;trpi&#8221; zbog fotelja, a pod krinkom &#8220;evropske agende&#8221;","datePublished":"2025-10-02T05:35:00+00:00","mainEntityOfPage":{"@id":"https:\/\/dmcsrb.com\/politika\/belan-manjina-u-vladi-koja-ne-bastini-cetnicku-ideologiju-trpi-zbog-fotelja-a-pod-krinkom-evropske-agende\/"},"wordCount":142,"commentCount":0,"image":{"@id":"https:\/\/dmcsrb.com\/politika\/belan-manjina-u-vladi-koja-ne-bastini-cetnicku-ideologiju-trpi-zbog-fotelja-a-pod-krinkom-evropske-agende\/#primaryimage"},"thumbnailUrl":"https:\/\/dmcsrb.com\/wp-content\/uploads\/2026\/01\/Belan1.webp","keywords":["Liberalna partija","Vatroslav Belan"],"articleSection":["Politika"],"inLanguage":"en-GB","potentialAction":[{"@type":"CommentAction","name":"Comment","target":["https:\/\/dmcsrb.com\/politika\/belan-manjina-u-vladi-koja-ne-bastini-cetnicku-ideologiju-trpi-zbog-fotelja-a-pod-krinkom-evropske-agende\/#respond"]}]},{"@type":"WebPage","@id":"https:\/\/dmcsrb.com\/politika\/belan-manjina-u-vladi-koja-ne-bastini-cetnicku-ideologiju-trpi-zbog-fotelja-a-pod-krinkom-evropske-agende\/","url":"https:\/\/dmcsrb.com\/politika\/belan-manjina-u-vladi-koja-ne-bastini-cetnicku-ideologiju-trpi-zbog-fotelja-a-pod-krinkom-evropske-agende\/","name":"Belan: Manjina u Vladi koja ne ba\u0161tini \u010detni\u010dku ideologiju \"trpi\" zbog fotelja, a pod krinkom \"evropske agende\" - dmcsrb.com","isPartOf":{"@id":"https:\/\/dmcsrb.com\/#website"},"primaryImageOfPage":{"@id":"https:\/\/dmcsrb.com\/politika\/belan-manjina-u-vladi-koja-ne-bastini-cetnicku-ideologiju-trpi-zbog-fotelja-a-pod-krinkom-evropske-agende\/#primaryimage"},"image":{"@id":"https:\/\/dmcsrb.com\/politika\/belan-manjina-u-vladi-koja-ne-bastini-cetnicku-ideologiju-trpi-zbog-fotelja-a-pod-krinkom-evropske-agende\/#primaryimage"},"thumbnailUrl":"https:\/\/dmcsrb.com\/wp-content\/uploads\/2026\/01\/Belan1.webp","datePublished":"2025-10-02T05:35:00+00:00","author":{"@id":"https:\/\/dmcsrb.com\/#\/schema\/person\/5c39170f12db1b8b457732d0b5c854e2"},"breadcrumb":{"@id":"https:\/\/dmcsrb.com\/politika\/belan-manjina-u-vladi-koja-ne-bastini-cetnicku-ideologiju-trpi-zbog-fotelja-a-pod-krinkom-evropske-agende\/#breadcrumb"},"inLanguage":"en-GB","potentialAction":[{"@type":"ReadAction","target":["https:\/\/dmcsrb.com\/politika\/belan-manjina-u-vladi-koja-ne-bastini-cetnicku-ideologiju-trpi-zbog-fotelja-a-pod-krinkom-evropske-agende\/"]}]},{"@type":"ImageObject","inLanguage":"en-GB","@id":"https:\/\/dmcsrb.com\/politika\/belan-manjina-u-vladi-koja-ne-bastini-cetnicku-ideologiju-trpi-zbog-fotelja-a-pod-krinkom-evropske-agende\/#primaryimage","url":"https:\/\/dmcsrb.com\/wp-content\/uploads\/2026\/01\/Belan1.webp","contentUrl":"https:\/\/dmcsrb.com\/wp-content\/uploads\/2026\/01\/Belan1.webp","width":895,"height":450},{"@type":"BreadcrumbList","@id":"https:\/\/dmcsrb.com\/politika\/belan-manjina-u-vladi-koja-ne-bastini-cetnicku-ideologiju-trpi-zbog-fotelja-a-pod-krinkom-evropske-agende\/#breadcrumb","itemListElement":[{"@type":"ListItem","position":1,"name":"Home","item":"https:\/\/dmcsrb.com\/"},{"@type":"ListItem","position":2,"name":"Belan: Manjina u Vladi koja ne ba\u0161tini \u010detni\u010dku ideologiju &#8220;trpi&#8221; zbog fotelja, a pod krinkom &#8220;evropske agende&#8221;"}]},{"@type":"WebSite","@id":"https:\/\/dmcsrb.com\/#website","url":"https:\/\/dmcsrb.com\/","name":"dmcsrb.com","description":"","potentialAction":[{"@type":"SearchAction","target":{"@type":"EntryPoint","urlTemplate":"https:\/\/dmcsrb.com\/?s={search_term_string}"},"query-input":{"@type":"PropertyValueSpecification","valueRequired":true,"valueName":"search_term_string"}}],"inLanguage":"en-GB"},{"@type":"Person","@id":"https:\/\/dmcsrb.com\/#\/schema\/person\/5c39170f12db1b8b457732d0b5c854e2","name":"dmcsrbija.com@gmail.com","image":{"@type":"ImageObject","inLanguage":"en-GB","@id":"https:\/\/dmcsrb.com\/#\/schema\/person\/image\/","url":"https:\/\/secure.gravatar.com\/avatar\/68592660ad6347fad0fb587f8d5d8f1a7b44961362f56e4f2cd524feb87e9069?s=96&d=mm&r=g","contentUrl":"https:\/\/secure.gravatar.com\/avatar\/68592660ad6347fad0fb587f8d5d8f1a7b44961362f56e4f2cd524feb87e9069?s=96&d=mm&r=g","caption":"dmcsrbija.com@gmail.com"},"sameAs":["https:\/\/dmcsrb.com"],"url":"https:\/\/dmcsrb.com\/en\/author\/dmcsrbija-comgmail-com\/"}]}},"_links":{"self":[{"href":"https:\/\/dmcsrb.com\/en\/wp-json\/wp\/v2\/posts\/955256","targetHints":{"allow":["GET"]}}],"collection":[{"href":"https:\/\/dmcsrb.com\/en\/wp-json\/wp\/v2\/posts"}],"about":[{"href":"https:\/\/dmcsrb.com\/en\/wp-json\/wp\/v2\/types\/post"}],"author":[{"embeddable":true,"href":"https:\/\/dmcsrb.com\/en\/wp-json\/wp\/v2\/users\/1"}],"replies":[{"embeddable":true,"href":"https:\/\/dmcsrb.com\/en\/wp-json\/wp\/v2\/comments?post=955256"}],"version-history":[{"count":0,"href":"https:\/\/dmcsrb.com\/en\/wp-json\/wp\/v2\/posts\/955256\/revisions"}],"wp:featuredmedia":[{"embeddable":true,"href":"https:\/\/dmcsrb.com\/en\/wp-json\/wp\/v2\/media\/946032"}],"wp:attachment":[{"href":"https:\/\/dmcsrb.com\/en\/wp-json\/wp\/v2\/media?parent=955256"}],"wp:term":[{"taxonomy":"category","embeddable":true,"href":"https:\/\/dmcsrb.com\/en\/wp-json\/wp\/v2\/categories?post=955256"},{"taxonomy":"post_tag","embeddable":true,"href":"https:\/\/dmcsrb.com\/en\/wp-json\/wp\/v2\/tags?post=955256"},{"taxonomy":"naslovna","embeddable":true,"href":"https:\/\/dmcsrb.com\/en\/wp-json\/wp\/v2\/naslovna?post=955256"}],"curies":[{"name":"wp","href":"https:\/\/api.w.org\/{rel}","templated":true}]}}