{"id":955240,"date":"2025-10-02T05:53:00","date_gmt":"2025-10-02T03:53:00","guid":{"rendered":"https:\/\/dmcsrb.com\/uncategorized\/simijanovicu-sjutra-presuda-sudu-javio-da-je-bolestan\/"},"modified":"2025-10-02T05:53:00","modified_gmt":"2025-10-02T03:53:00","slug":"simijanovicu-sjutra-presuda-sudu-javio-da-je-bolestan","status":"publish","type":"post","link":"https:\/\/dmcsrb.com\/en\/hronika\/simijanovicu-sjutra-presuda-sudu-javio-da-je-bolestan\/","title":{"rendered":"Simijanovi\u0107u sjutra presuda, sudu javio da je bolestan"},"content":{"rendered":"<p><\/p>\n\n\n\n<p>On je potra\u017eivan zbog vo\u0111enja postupka za krivi\u010dno djelo falsifikovanje isprava. Naime, Simijanovi\u0107 je u Crnu Goru do\u0161ao nakon promjene vlasti 2020. godine i predstavljao se kao ameri\u010dki diplomata. Ambasada SAD u Podgorici je zvani\u010dno obavijestila crnogorsku policiju da jeste rije\u010d o ameri\u010dkom dr\u017eavljaninu, ali ne i o ameri\u010dkom diplomati koji radi u Ambasadi SAD u Be\u010du pri misiji OEBS-a, kako se Simijanovi\u0107 predstavljao i kako je napisano na vizit-karti koja je prona\u0111ena kod njega prilikom hap\u0161enja. Oni su tada odbacili bilo kakvu njegovu povezanost sa ameri\u010dkim dr\u017eavnim poslovima u Crnoj Gori.<\/p>\n\n\n\n<p>Su\u0111enje Simijanovi\u0107u zavr\u0161eno je u ponedjeljak pred sudijom nik\u0161i\u0107kog Osnovnog suda Mirkom Kojovi\u0107em. Kako &#8220;Dan&#8221; nezvani\u010dno saznaje, tokom trajanja su\u0111enja, la\u017eni diplomata se obratio sudu navode\u0107i da zbog zdravstvenog stanja ne mo\u017ee da prisustvuje pretresima, zbog \u010dega je tra\u017eio da mu se sudi u odsustvu. Na pretresu u ponedjeljak u svojstvu svjedoka saslu\u0161an je jedan policajac, a bilo je planirano saslu\u0161anje jo\u0161 dvojice njegovih kolega. Me\u0111utim, jedan od njih je u me\u0111uvremenu preminuo, dok je drugi napustio Crnu Goru. Nakon toga, iznesene su zavr\u0161ne rije\u010di tokom kojih je tu\u017eilac tra\u017eio da Simijanovi\u0107 bude osu\u0111en, a njegov branilac po slu\u017ebenoj du\u017enosti da mu se u nedostatku dokaza izrekne osloba\u0111aju\u0107a presuda.<\/p>\n\n\n\n<p>I dok sudija Kojovi\u0107 pi\u0161e presudu zbog la\u017enog diplomatskog paso\u0161a, protiv Simijanovi\u0107a se pred pravosudnim organima Italije vodi ekstradicioni postupak.<\/p>\n\n\n\n<p>Hap\u0161enje Simijanovi\u0107a u Italiji prekju\u010de je zvani\u010dno potvr\u0111eno iz Uprave policije.<\/p>\n\n\n\n<p>\u2013 Za S.S. je tokom jula 2025. godine raspisana me\u0111unarodna potjernica koja je inicirana od strane Nacionalnog centralnog biroa Interpola Podgorica, imaju\u0107i u vidu optu\u017eni predlog Osnovnog suda u Nik\u0161i\u0107u i \u010dinjenicu da predmetno lice nije bilo dostupno nadle\u017enim organima Crne Gore, a radi obezbje\u0111enja njegovog prisustva u krivi\u010dnom postupku koji se protiv njega vodi pred Osnovnim sudom u Nik\u0161i\u0107u zbog osnovane sumnje da je izvr\u0161io krivi\u010dno djelo falsifikovanje isprave, saop\u0161teno je iz UP.<\/p>\n\n\n\n<p>Simijanovi\u0107u je pritvor odre\u0111en uo\u010di pretresa zakazanog za 14. februar ove godibe, iako je uhap\u0161en 8. februara 2021. godine u Nik\u0161i\u0107u, kada je zaustavljeno njegovo vozilo i nakon \u0161to je ustanovljeno da posjeduje la\u017eni diplomatski paso\u0161 SAD. Prije toga se u politi\u010dkim i drugim krugovima predstavljao kao ameri\u010dki diplomata i dogovarao razli\u010dite vrste poslova, navodno i preuzimanje biznisa \u0161verca cigareta preko luke Bar.<br>ODT u Nik\u0161i\u0107u podiglo je optu\u017eni predlog protiv njega zbog krivi\u010dnog djela falsifikovanje isprave skoro osam mjeseci nakon njegovog bjekstva. Osnovni sud je u aprilu 2022. vratio optu\u017eni predlog, uz obrazlo\u017eenje i instrukcije tu\u017eila\u0161tvu da je potrebno bolje razrje\u0161enje stanja stvari. ODT je novi optu\u017eni predlog dostavilo 3. oktobra 2022. godine.<\/p>\n\n\n\n<p><strong>Pu\u0161ten nakon privo\u0111enja, pa pobjegao u Srbiju<\/strong><\/p>\n\n\n\n<p>Simijanovi\u0107 je privo\u0111en 8. februara 2021. godine u Nik\u0161i\u0107u zbog sumnje da je koristio falsifikovani diplomatski paso\u0161 Sjedinjenih Ameri\u010dkih Dr\u017eava. Nakon privo\u0111enja, osnovna tu\u017eiteljka u Nik\u0161i\u0107u Ana Doderovi\u0107 pustila je Simijanovi\u0107a da se brani sa slobode, a on je 12. februara 2021. napustio Crnu Goru i preko grani\u010dnog prelaza Dobrakovo pre\u0161ao u Srbiju.<\/p>","protected":false},"excerpt":{"rendered":"<p>Osnovni sud u Nik\u0161i\u0107u sjutra \u0107e izre\u0107i presudu la\u017enom diplomati Stevanu Simijanovi\u0107u, koji je po potjernici Crne Gore prekju\u010de uhap\u0161en u Milanu.<\/p>","protected":false},"author":1,"featured_media":955241,"comment_status":"open","ping_status":"open","sticky":false,"template":"","format":"standard","meta":{"_acf_changed":false,"footnotes":""},"categories":[17],"tags":[9963,9964,9965],"naslovna":[],"class_list":["post-955240","post","type-post","status-publish","format-standard","has-post-thumbnail","hentry","category-hronika","tag-lazni-diplomata","tag-osnovni-sud-niksic","tag-stevan-simijanovic"],"acf":[],"yoast_head":"<!-- This site is optimized with the Yoast SEO plugin v27.4 - https:\/\/yoast.com\/product\/yoast-seo-wordpress\/ -->\n<title>Simijanovi\u0107u sjutra presuda, sudu javio da je bolestan - dmcsrb.com<\/title>\n<meta name=\"robots\" content=\"index, follow, max-snippet:-1, max-image-preview:large, max-video-preview:-1\" \/>\n<link rel=\"canonical\" href=\"https:\/\/dmcsrb.com\/en\/hronika\/simijanovicu-sjutra-presuda-sudu-javio-da-je-bolestan\/\" \/>\n<meta property=\"og:locale\" content=\"en_GB\" \/>\n<meta property=\"og:type\" content=\"article\" \/>\n<meta property=\"og:title\" content=\"Simijanovi\u0107u sjutra presuda, sudu javio da je bolestan - dmcsrb.com\" \/>\n<meta property=\"og:description\" content=\"Osnovni sud u Nik\u0161i\u0107u sjutra \u0107e izre\u0107i presudu la\u017enom diplomati Stevanu Simijanovi\u0107u, koji je po potjernici Crne Gore prekju\u010de uhap\u0161en u Milanu.\" \/>\n<meta property=\"og:url\" content=\"https:\/\/dmcsrb.com\/en\/hronika\/simijanovicu-sjutra-presuda-sudu-javio-da-je-bolestan\/\" \/>\n<meta property=\"og:site_name\" content=\"dmcsrb.com\" \/>\n<meta property=\"article:published_time\" content=\"2025-10-02T03:53:00+00:00\" \/>\n<meta property=\"og:image\" content=\"https:\/\/dmcsrb.com\/wp-content\/uploads\/2026\/01\/1-1-2.webp\" \/>\n\t<meta property=\"og:image:width\" content=\"720\" \/>\n\t<meta property=\"og:image:height\" content=\"405\" \/>\n\t<meta property=\"og:image:type\" content=\"image\/jpeg\" \/>\n<meta name=\"author\" content=\"dmcsrbija.com@gmail.com\" \/>\n<meta name=\"twitter:card\" content=\"summary_large_image\" \/>\n<meta name=\"twitter:label1\" content=\"Written by\" \/>\n\t<meta name=\"twitter:data1\" content=\"dmcsrbija.com@gmail.com\" \/>\n\t<meta name=\"twitter:label2\" content=\"Estimated reading time\" \/>\n\t<meta name=\"twitter:data2\" content=\"3 minutes\" \/>\n<script type=\"application\/ld+json\" class=\"yoast-schema-graph\">{\"@context\":\"https:\\\/\\\/schema.org\",\"@graph\":[{\"@type\":\"Article\",\"@id\":\"https:\\\/\\\/dmcsrb.com\\\/hronika\\\/simijanovicu-sjutra-presuda-sudu-javio-da-je-bolestan\\\/#article\",\"isPartOf\":{\"@id\":\"https:\\\/\\\/dmcsrb.com\\\/hronika\\\/simijanovicu-sjutra-presuda-sudu-javio-da-je-bolestan\\\/\"},\"author\":{\"name\":\"dmcsrbija.com@gmail.com\",\"@id\":\"https:\\\/\\\/dmcsrb.com\\\/#\\\/schema\\\/person\\\/5c39170f12db1b8b457732d0b5c854e2\"},\"headline\":\"Simijanovi\u0107u sjutra presuda, sudu javio da je bolestan\",\"datePublished\":\"2025-10-02T03:53:00+00:00\",\"mainEntityOfPage\":{\"@id\":\"https:\\\/\\\/dmcsrb.com\\\/hronika\\\/simijanovicu-sjutra-presuda-sudu-javio-da-je-bolestan\\\/\"},\"wordCount\":572,\"commentCount\":0,\"image\":{\"@id\":\"https:\\\/\\\/dmcsrb.com\\\/hronika\\\/simijanovicu-sjutra-presuda-sudu-javio-da-je-bolestan\\\/#primaryimage\"},\"thumbnailUrl\":\"https:\\\/\\\/dmcsrb.com\\\/wp-content\\\/uploads\\\/2026\\\/01\\\/1-1-2.webp\",\"keywords\":[\"La\u017eni diplomata\",\"Osnovni sud Nik\u0161i\u0107\",\"Stevan Simijanovi\u0107\"],\"articleSection\":[\"Hronika\"],\"inLanguage\":\"en-GB\",\"potentialAction\":[{\"@type\":\"CommentAction\",\"name\":\"Comment\",\"target\":[\"https:\\\/\\\/dmcsrb.com\\\/hronika\\\/simijanovicu-sjutra-presuda-sudu-javio-da-je-bolestan\\\/#respond\"]}]},{\"@type\":\"WebPage\",\"@id\":\"https:\\\/\\\/dmcsrb.com\\\/hronika\\\/simijanovicu-sjutra-presuda-sudu-javio-da-je-bolestan\\\/\",\"url\":\"https:\\\/\\\/dmcsrb.com\\\/hronika\\\/simijanovicu-sjutra-presuda-sudu-javio-da-je-bolestan\\\/\",\"name\":\"Simijanovi\u0107u sjutra presuda, sudu javio da je bolestan - dmcsrb.com\",\"isPartOf\":{\"@id\":\"https:\\\/\\\/dmcsrb.com\\\/#website\"},\"primaryImageOfPage\":{\"@id\":\"https:\\\/\\\/dmcsrb.com\\\/hronika\\\/simijanovicu-sjutra-presuda-sudu-javio-da-je-bolestan\\\/#primaryimage\"},\"image\":{\"@id\":\"https:\\\/\\\/dmcsrb.com\\\/hronika\\\/simijanovicu-sjutra-presuda-sudu-javio-da-je-bolestan\\\/#primaryimage\"},\"thumbnailUrl\":\"https:\\\/\\\/dmcsrb.com\\\/wp-content\\\/uploads\\\/2026\\\/01\\\/1-1-2.webp\",\"datePublished\":\"2025-10-02T03:53:00+00:00\",\"author\":{\"@id\":\"https:\\\/\\\/dmcsrb.com\\\/#\\\/schema\\\/person\\\/5c39170f12db1b8b457732d0b5c854e2\"},\"breadcrumb\":{\"@id\":\"https:\\\/\\\/dmcsrb.com\\\/hronika\\\/simijanovicu-sjutra-presuda-sudu-javio-da-je-bolestan\\\/#breadcrumb\"},\"inLanguage\":\"en-GB\",\"potentialAction\":[{\"@type\":\"ReadAction\",\"target\":[\"https:\\\/\\\/dmcsrb.com\\\/hronika\\\/simijanovicu-sjutra-presuda-sudu-javio-da-je-bolestan\\\/\"]}]},{\"@type\":\"ImageObject\",\"inLanguage\":\"en-GB\",\"@id\":\"https:\\\/\\\/dmcsrb.com\\\/hronika\\\/simijanovicu-sjutra-presuda-sudu-javio-da-je-bolestan\\\/#primaryimage\",\"url\":\"https:\\\/\\\/dmcsrb.com\\\/wp-content\\\/uploads\\\/2026\\\/01\\\/1-1-2.webp\",\"contentUrl\":\"https:\\\/\\\/dmcsrb.com\\\/wp-content\\\/uploads\\\/2026\\\/01\\\/1-1-2.webp\",\"width\":720,\"height\":405},{\"@type\":\"BreadcrumbList\",\"@id\":\"https:\\\/\\\/dmcsrb.com\\\/hronika\\\/simijanovicu-sjutra-presuda-sudu-javio-da-je-bolestan\\\/#breadcrumb\",\"itemListElement\":[{\"@type\":\"ListItem\",\"position\":1,\"name\":\"Home\",\"item\":\"https:\\\/\\\/dmcsrb.com\\\/\"},{\"@type\":\"ListItem\",\"position\":2,\"name\":\"Simijanovi\u0107u sjutra presuda, sudu javio da je bolestan\"}]},{\"@type\":\"WebSite\",\"@id\":\"https:\\\/\\\/dmcsrb.com\\\/#website\",\"url\":\"https:\\\/\\\/dmcsrb.com\\\/\",\"name\":\"dmcsrb.com\",\"description\":\"\",\"potentialAction\":[{\"@type\":\"SearchAction\",\"target\":{\"@type\":\"EntryPoint\",\"urlTemplate\":\"https:\\\/\\\/dmcsrb.com\\\/?s={search_term_string}\"},\"query-input\":{\"@type\":\"PropertyValueSpecification\",\"valueRequired\":true,\"valueName\":\"search_term_string\"}}],\"inLanguage\":\"en-GB\"},{\"@type\":\"Person\",\"@id\":\"https:\\\/\\\/dmcsrb.com\\\/#\\\/schema\\\/person\\\/5c39170f12db1b8b457732d0b5c854e2\",\"name\":\"dmcsrbija.com@gmail.com\",\"image\":{\"@type\":\"ImageObject\",\"inLanguage\":\"en-GB\",\"@id\":\"https:\\\/\\\/secure.gravatar.com\\\/avatar\\\/68592660ad6347fad0fb587f8d5d8f1a7b44961362f56e4f2cd524feb87e9069?s=96&d=mm&r=g\",\"url\":\"https:\\\/\\\/secure.gravatar.com\\\/avatar\\\/68592660ad6347fad0fb587f8d5d8f1a7b44961362f56e4f2cd524feb87e9069?s=96&d=mm&r=g\",\"contentUrl\":\"https:\\\/\\\/secure.gravatar.com\\\/avatar\\\/68592660ad6347fad0fb587f8d5d8f1a7b44961362f56e4f2cd524feb87e9069?s=96&d=mm&r=g\",\"caption\":\"dmcsrbija.com@gmail.com\"},\"sameAs\":[\"https:\\\/\\\/dmcsrb.com\"],\"url\":\"https:\\\/\\\/dmcsrb.com\\\/en\\\/author\\\/dmcsrbija-comgmail-com\\\/\"}]}<\/script>\n<!-- \/ Yoast SEO plugin. -->","yoast_head_json":{"title":"Simijanovi\u0107u sjutra presuda, sudu javio da je bolestan - dmcsrb.com","robots":{"index":"index","follow":"follow","max-snippet":"max-snippet:-1","max-image-preview":"max-image-preview:large","max-video-preview":"max-video-preview:-1"},"canonical":"https:\/\/dmcsrb.com\/en\/hronika\/simijanovicu-sjutra-presuda-sudu-javio-da-je-bolestan\/","og_locale":"en_GB","og_type":"article","og_title":"Simijanovi\u0107u sjutra presuda, sudu javio da je bolestan - dmcsrb.com","og_description":"Osnovni sud u Nik\u0161i\u0107u sjutra \u0107e izre\u0107i presudu la\u017enom diplomati Stevanu Simijanovi\u0107u, koji je po potjernici Crne Gore prekju\u010de uhap\u0161en u Milanu.","og_url":"https:\/\/dmcsrb.com\/en\/hronika\/simijanovicu-sjutra-presuda-sudu-javio-da-je-bolestan\/","og_site_name":"dmcsrb.com","article_published_time":"2025-10-02T03:53:00+00:00","og_image":[{"width":720,"height":405,"url":"https:\/\/dmcsrb.com\/wp-content\/uploads\/2026\/01\/1-1-2.webp","type":"image\/jpeg"}],"author":"dmcsrbija.com@gmail.com","twitter_card":"summary_large_image","twitter_misc":{"Written by":"dmcsrbija.com@gmail.com","Estimated reading time":"3 minutes"},"schema":{"@context":"https:\/\/schema.org","@graph":[{"@type":"Article","@id":"https:\/\/dmcsrb.com\/hronika\/simijanovicu-sjutra-presuda-sudu-javio-da-je-bolestan\/#article","isPartOf":{"@id":"https:\/\/dmcsrb.com\/hronika\/simijanovicu-sjutra-presuda-sudu-javio-da-je-bolestan\/"},"author":{"name":"dmcsrbija.com@gmail.com","@id":"https:\/\/dmcsrb.com\/#\/schema\/person\/5c39170f12db1b8b457732d0b5c854e2"},"headline":"Simijanovi\u0107u sjutra presuda, sudu javio da je bolestan","datePublished":"2025-10-02T03:53:00+00:00","mainEntityOfPage":{"@id":"https:\/\/dmcsrb.com\/hronika\/simijanovicu-sjutra-presuda-sudu-javio-da-je-bolestan\/"},"wordCount":572,"commentCount":0,"image":{"@id":"https:\/\/dmcsrb.com\/hronika\/simijanovicu-sjutra-presuda-sudu-javio-da-je-bolestan\/#primaryimage"},"thumbnailUrl":"https:\/\/dmcsrb.com\/wp-content\/uploads\/2026\/01\/1-1-2.webp","keywords":["La\u017eni diplomata","Osnovni sud Nik\u0161i\u0107","Stevan Simijanovi\u0107"],"articleSection":["Hronika"],"inLanguage":"en-GB","potentialAction":[{"@type":"CommentAction","name":"Comment","target":["https:\/\/dmcsrb.com\/hronika\/simijanovicu-sjutra-presuda-sudu-javio-da-je-bolestan\/#respond"]}]},{"@type":"WebPage","@id":"https:\/\/dmcsrb.com\/hronika\/simijanovicu-sjutra-presuda-sudu-javio-da-je-bolestan\/","url":"https:\/\/dmcsrb.com\/hronika\/simijanovicu-sjutra-presuda-sudu-javio-da-je-bolestan\/","name":"Simijanovi\u0107u sjutra presuda, sudu javio da je bolestan - dmcsrb.com","isPartOf":{"@id":"https:\/\/dmcsrb.com\/#website"},"primaryImageOfPage":{"@id":"https:\/\/dmcsrb.com\/hronika\/simijanovicu-sjutra-presuda-sudu-javio-da-je-bolestan\/#primaryimage"},"image":{"@id":"https:\/\/dmcsrb.com\/hronika\/simijanovicu-sjutra-presuda-sudu-javio-da-je-bolestan\/#primaryimage"},"thumbnailUrl":"https:\/\/dmcsrb.com\/wp-content\/uploads\/2026\/01\/1-1-2.webp","datePublished":"2025-10-02T03:53:00+00:00","author":{"@id":"https:\/\/dmcsrb.com\/#\/schema\/person\/5c39170f12db1b8b457732d0b5c854e2"},"breadcrumb":{"@id":"https:\/\/dmcsrb.com\/hronika\/simijanovicu-sjutra-presuda-sudu-javio-da-je-bolestan\/#breadcrumb"},"inLanguage":"en-GB","potentialAction":[{"@type":"ReadAction","target":["https:\/\/dmcsrb.com\/hronika\/simijanovicu-sjutra-presuda-sudu-javio-da-je-bolestan\/"]}]},{"@type":"ImageObject","inLanguage":"en-GB","@id":"https:\/\/dmcsrb.com\/hronika\/simijanovicu-sjutra-presuda-sudu-javio-da-je-bolestan\/#primaryimage","url":"https:\/\/dmcsrb.com\/wp-content\/uploads\/2026\/01\/1-1-2.webp","contentUrl":"https:\/\/dmcsrb.com\/wp-content\/uploads\/2026\/01\/1-1-2.webp","width":720,"height":405},{"@type":"BreadcrumbList","@id":"https:\/\/dmcsrb.com\/hronika\/simijanovicu-sjutra-presuda-sudu-javio-da-je-bolestan\/#breadcrumb","itemListElement":[{"@type":"ListItem","position":1,"name":"Home","item":"https:\/\/dmcsrb.com\/"},{"@type":"ListItem","position":2,"name":"Simijanovi\u0107u sjutra presuda, sudu javio da je bolestan"}]},{"@type":"WebSite","@id":"https:\/\/dmcsrb.com\/#website","url":"https:\/\/dmcsrb.com\/","name":"dmcsrb.com","description":"","potentialAction":[{"@type":"SearchAction","target":{"@type":"EntryPoint","urlTemplate":"https:\/\/dmcsrb.com\/?s={search_term_string}"},"query-input":{"@type":"PropertyValueSpecification","valueRequired":true,"valueName":"search_term_string"}}],"inLanguage":"en-GB"},{"@type":"Person","@id":"https:\/\/dmcsrb.com\/#\/schema\/person\/5c39170f12db1b8b457732d0b5c854e2","name":"dmcsrbija.com@gmail.com","image":{"@type":"ImageObject","inLanguage":"en-GB","@id":"https:\/\/secure.gravatar.com\/avatar\/68592660ad6347fad0fb587f8d5d8f1a7b44961362f56e4f2cd524feb87e9069?s=96&d=mm&r=g","url":"https:\/\/secure.gravatar.com\/avatar\/68592660ad6347fad0fb587f8d5d8f1a7b44961362f56e4f2cd524feb87e9069?s=96&d=mm&r=g","contentUrl":"https:\/\/secure.gravatar.com\/avatar\/68592660ad6347fad0fb587f8d5d8f1a7b44961362f56e4f2cd524feb87e9069?s=96&d=mm&r=g","caption":"dmcsrbija.com@gmail.com"},"sameAs":["https:\/\/dmcsrb.com"],"url":"https:\/\/dmcsrb.com\/en\/author\/dmcsrbija-comgmail-com\/"}]}},"_links":{"self":[{"href":"https:\/\/dmcsrb.com\/en\/wp-json\/wp\/v2\/posts\/955240","targetHints":{"allow":["GET"]}}],"collection":[{"href":"https:\/\/dmcsrb.com\/en\/wp-json\/wp\/v2\/posts"}],"about":[{"href":"https:\/\/dmcsrb.com\/en\/wp-json\/wp\/v2\/types\/post"}],"author":[{"embeddable":true,"href":"https:\/\/dmcsrb.com\/en\/wp-json\/wp\/v2\/users\/1"}],"replies":[{"embeddable":true,"href":"https:\/\/dmcsrb.com\/en\/wp-json\/wp\/v2\/comments?post=955240"}],"version-history":[{"count":0,"href":"https:\/\/dmcsrb.com\/en\/wp-json\/wp\/v2\/posts\/955240\/revisions"}],"wp:featuredmedia":[{"embeddable":true,"href":"https:\/\/dmcsrb.com\/en\/wp-json\/wp\/v2\/media\/955241"}],"wp:attachment":[{"href":"https:\/\/dmcsrb.com\/en\/wp-json\/wp\/v2\/media?parent=955240"}],"wp:term":[{"taxonomy":"category","embeddable":true,"href":"https:\/\/dmcsrb.com\/en\/wp-json\/wp\/v2\/categories?post=955240"},{"taxonomy":"post_tag","embeddable":true,"href":"https:\/\/dmcsrb.com\/en\/wp-json\/wp\/v2\/tags?post=955240"},{"taxonomy":"naslovna","embeddable":true,"href":"https:\/\/dmcsrb.com\/en\/wp-json\/wp\/v2\/naslovna?post=955240"}],"curies":[{"name":"wp","href":"https:\/\/api.w.org\/{rel}","templated":true}]}}