{"id":955194,"date":"2025-10-01T18:40:00","date_gmt":"2025-10-01T16:40:00","guid":{"rendered":"https:\/\/dmcsrb.com\/uncategorized\/poceo-medjunarodni-naucni-skup-hriscanstvo-i-hriscanska-kultura-na-prostoru-crne-gore\/"},"modified":"2025-10-01T18:40:00","modified_gmt":"2025-10-01T16:40:00","slug":"poceo-medjunarodni-naucni-skup-hriscanstvo-i-hriscanska-kultura-na-prostoru-crne-gore","status":"publish","type":"post","link":"https:\/\/dmcsrb.com\/en\/kultura\/poceo-medjunarodni-naucni-skup-hriscanstvo-i-hriscanska-kultura-na-prostoru-crne-gore\/","title":{"rendered":"Po\u010deo me\u0111unarodni nau\u010dni skup \u201eHri\u0161\u0107anstvo i hri\u0161\u0107anska kultura na prostoru Crne Gore\u201c"},"content":{"rendered":"<p>Hri\u0161\u0107anstvo, istakao je predsjednik Matice crnogorske na samom po\u010detku Nau\u010dnog skupa, predstavlja polaznu osnovu na dugom putu oblikovanja identiteta Crne Gore i crnogorskog naroda, \u010diji tragovi smje\u0161taju na\u0161 narod i dr\u017eavu u evropski civilizacijski kontekst, od najranijih vremena pa do savremenog doba.<\/p>\n\n\n\n<p>Jovovi\u0107 je naveo da je cilj organizovanja ovog Nau\u010dnog skupa prezentovanje novih saznanja i njihova interpretacija kako bi se \u0161to bolje osvijetlila uloga i zna\u010daj hri\u0161\u0107anstva kao religije, civilizacije i kulture na prostoru Crne Gore.<\/p>\n\n\n\n<p>&#8220;Zahvaljuju\u0107i Crkvi, odnosno njenim ustanovama, koja je uprkos brojnim devastacijama i uni\u0161tenju pisane gra\u0111e, kao i sakralnih objekata, \u0161to je naro\u010dito bilo izra\u017eeno za vrijeme osmanske uprave, ostali su dokazi milenijumskog prisustva crnogorskog naroda i njegove integrisanosti u hri\u0161\u0107ansku kulturu uklju\u010duju\u0107i i onu duhovnu i dr\u017eavnu tradiciju dukljanskih Slovena, \u010diji su sukcesori upravo Crnogorci&#8221;, objasnio je on.<\/p>\n\n\n\n<p>Dodao je da je intencija organizatora ovog skupa bila da, u mjeri mogu\u0107eg, podvrgne sudu stru\u010dne i nau\u010dne javnosti odre\u0111ene istorijske konstrukcije i narative koji su potekli s regionalnih katedri, u kojima je crnogorska istorija, pa samim tim i hri\u0161\u0107anska kultura na prostoru Crne Gore tretirana u okviru nekih \u0161irih tema, kao da na ovom prostoru nijesu djelovale crkvene institucije, poput Dukljansko-barske nadbiskupije i Crnogorske mitropolije, tj. Crnogorske pravoslavne crkve koje su bitni faktori i markeri identiteta crnogorskog naroda i dr\u017eave.<\/p>\n\n\n\n<p>&#8220;Reprezentativna djela nastala tokom srednjeg vijeka u okrilju naprijed navedenih crkvenih institucija, kao \u0161to su \u201eLjetopis Popa Dukljanina\u201c, \u201eMiroslavljevo jevan\u0111elje\u201c ili \u0107irili\u010dne inkunabule iz \u0161tamparije Crnojevi\u0107a predstavljaju kulturnu zaostav\u0161tinu na\u0161ih predaka, koja je proiza\u0161la iz potrebe sna\u017eenja i odbrane hri\u0161\u0107anstva, odnosno crkve, a ujedno i dr\u017eavnog i narodnog integriteta&#8221;, objasnio je Jovovi\u0107 i dao osvrt na za\u010detke i \u0161irenje hri\u0161\u0107anske tradicije u Crnoj Gori.<\/p>\n\n\n\n<p>On je ukazao i na devastaciju crnogorskog sakralnog naslje\u0111a i savremene trendove klerikalizacije crnogorskog dru\u0161tva, \u0161to nije izolovan dru\u0161tveni fenomen kod nas, ve\u0107 ra\u0161irena pojava u zemljama regiona, uklju\u010duju\u0107i i pojedine \u010dlanice Evropske unije.<\/p>\n\n\n\n<p>Kako navode u saop\u0161tenju, tokom prvog dana u dvije sesije svoja izlaganja imalo je 15 u\u010desnika Skupa.<\/p>\n\n\n\n<p>Nau\u010dni skup \u201eHri\u0161\u0107anstvo i hri\u0161\u0107anska kultura na prostoru Crne Gore\u201c bi\u0107e nastavljen sjutra i odvija\u0107e se u dvije sesije. Nakon zavr\u0161etka radnog dijela Nau\u010dnog skupa u Umjetni\u010dkom paviljonu Udru\u017eenja likovnih umjetnika Crna Gore \u0107e u 19 sati biti otvorena izlo\u017eba Matice crnogorske \u201eKult Bla\u017eene Ozane Kotorke\u201c.<\/p>","protected":false},"excerpt":{"rendered":"<p>Hri\u0161\u0107anstvo, istakao je predsjednik Matice crnogorske na samom po\u010detku Nau\u010dnog skupa, predstavlja polaznu osnovu na dugom putu oblikovanja identiteta Crne Gore i crnogorskog naroda, \u010diji tragovi smje\u0161taju na\u0161 narod i dr\u017eavu u evropski civilizacijski kontekst, od najranijih vremena pa do savremenog doba. Jovovi\u0107 je naveo da je cilj organizovanja ovog Nau\u010dnog skupa prezentovanje novih saznanja [&hellip;]<\/p>\n","protected":false},"author":1,"featured_media":955195,"comment_status":"open","ping_status":"open","sticky":false,"template":"","format":"standard","meta":{"_acf_changed":false,"footnotes":""},"categories":[50],"tags":[1226],"naslovna":[],"class_list":["post-955194","post","type-post","status-publish","format-standard","has-post-thumbnail","hentry","category-kultura","tag-matica-crnogorska"],"acf":[],"yoast_head":"<!-- This site is optimized with the Yoast SEO plugin v27.4 - https:\/\/yoast.com\/product\/yoast-seo-wordpress\/ -->\n<title>Po\u010deo me\u0111unarodni nau\u010dni skup \u201eHri\u0161\u0107anstvo i hri\u0161\u0107anska kultura na prostoru Crne Gore\u201c - dmcsrb.com<\/title>\n<meta name=\"robots\" content=\"index, follow, max-snippet:-1, max-image-preview:large, max-video-preview:-1\" \/>\n<link rel=\"canonical\" href=\"https:\/\/dmcsrb.com\/en\/kultura\/poceo-medjunarodni-naucni-skup-hriscanstvo-i-hriscanska-kultura-na-prostoru-crne-gore\/\" \/>\n<meta property=\"og:locale\" content=\"en_GB\" \/>\n<meta property=\"og:type\" content=\"article\" \/>\n<meta property=\"og:title\" content=\"Po\u010deo me\u0111unarodni nau\u010dni skup \u201eHri\u0161\u0107anstvo i hri\u0161\u0107anska kultura na prostoru Crne Gore\u201c - dmcsrb.com\" \/>\n<meta property=\"og:description\" content=\"Hri\u0161\u0107anstvo, istakao je predsjednik Matice crnogorske na samom po\u010detku Nau\u010dnog skupa, predstavlja polaznu osnovu na dugom putu oblikovanja identiteta Crne Gore i crnogorskog naroda, \u010diji tragovi smje\u0161taju na\u0161 narod i dr\u017eavu u evropski civilizacijski kontekst, od najranijih vremena pa do savremenog doba. Jovovi\u0107 je naveo da je cilj organizovanja ovog Nau\u010dnog skupa prezentovanje novih saznanja [&hellip;]\" \/>\n<meta property=\"og:url\" content=\"https:\/\/dmcsrb.com\/en\/kultura\/poceo-medjunarodni-naucni-skup-hriscanstvo-i-hriscanska-kultura-na-prostoru-crne-gore\/\" \/>\n<meta property=\"og:site_name\" content=\"dmcsrb.com\" \/>\n<meta property=\"article:published_time\" content=\"2025-10-01T16:40:00+00:00\" \/>\n<meta property=\"og:image\" content=\"https:\/\/dmcsrb.com\/wp-content\/uploads\/2026\/01\/MG_4481_600x900.webp\" \/>\n\t<meta property=\"og:image:width\" content=\"900\" \/>\n\t<meta property=\"og:image:height\" content=\"600\" \/>\n\t<meta property=\"og:image:type\" content=\"image\/jpeg\" \/>\n<meta name=\"author\" content=\"dmcsrbija.com@gmail.com\" \/>\n<meta name=\"twitter:card\" content=\"summary_large_image\" \/>\n<meta name=\"twitter:label1\" content=\"Written by\" \/>\n\t<meta name=\"twitter:data1\" content=\"dmcsrbija.com@gmail.com\" \/>\n\t<meta name=\"twitter:label2\" content=\"Estimated reading time\" \/>\n\t<meta name=\"twitter:data2\" content=\"2 minutes\" \/>\n<script type=\"application\/ld+json\" class=\"yoast-schema-graph\">{\"@context\":\"https:\\\/\\\/schema.org\",\"@graph\":[{\"@type\":\"Article\",\"@id\":\"https:\\\/\\\/dmcsrb.com\\\/kultura\\\/poceo-medjunarodni-naucni-skup-hriscanstvo-i-hriscanska-kultura-na-prostoru-crne-gore\\\/#article\",\"isPartOf\":{\"@id\":\"https:\\\/\\\/dmcsrb.com\\\/kultura\\\/poceo-medjunarodni-naucni-skup-hriscanstvo-i-hriscanska-kultura-na-prostoru-crne-gore\\\/\"},\"author\":{\"name\":\"dmcsrbija.com@gmail.com\",\"@id\":\"https:\\\/\\\/dmcsrb.com\\\/#\\\/schema\\\/person\\\/5c39170f12db1b8b457732d0b5c854e2\"},\"headline\":\"Po\u010deo me\u0111unarodni nau\u010dni skup \u201eHri\u0161\u0107anstvo i hri\u0161\u0107anska kultura na prostoru Crne Gore\u201c\",\"datePublished\":\"2025-10-01T16:40:00+00:00\",\"mainEntityOfPage\":{\"@id\":\"https:\\\/\\\/dmcsrb.com\\\/kultura\\\/poceo-medjunarodni-naucni-skup-hriscanstvo-i-hriscanska-kultura-na-prostoru-crne-gore\\\/\"},\"wordCount\":444,\"commentCount\":0,\"image\":{\"@id\":\"https:\\\/\\\/dmcsrb.com\\\/kultura\\\/poceo-medjunarodni-naucni-skup-hriscanstvo-i-hriscanska-kultura-na-prostoru-crne-gore\\\/#primaryimage\"},\"thumbnailUrl\":\"https:\\\/\\\/dmcsrb.com\\\/wp-content\\\/uploads\\\/2026\\\/01\\\/MG_4481_600x900.webp\",\"keywords\":[\"Matica Crnogorska\"],\"articleSection\":[\"Kultura\"],\"inLanguage\":\"en-GB\",\"potentialAction\":[{\"@type\":\"CommentAction\",\"name\":\"Comment\",\"target\":[\"https:\\\/\\\/dmcsrb.com\\\/kultura\\\/poceo-medjunarodni-naucni-skup-hriscanstvo-i-hriscanska-kultura-na-prostoru-crne-gore\\\/#respond\"]}]},{\"@type\":\"WebPage\",\"@id\":\"https:\\\/\\\/dmcsrb.com\\\/kultura\\\/poceo-medjunarodni-naucni-skup-hriscanstvo-i-hriscanska-kultura-na-prostoru-crne-gore\\\/\",\"url\":\"https:\\\/\\\/dmcsrb.com\\\/kultura\\\/poceo-medjunarodni-naucni-skup-hriscanstvo-i-hriscanska-kultura-na-prostoru-crne-gore\\\/\",\"name\":\"Po\u010deo me\u0111unarodni nau\u010dni skup \u201eHri\u0161\u0107anstvo i hri\u0161\u0107anska kultura na prostoru Crne Gore\u201c - dmcsrb.com\",\"isPartOf\":{\"@id\":\"https:\\\/\\\/dmcsrb.com\\\/#website\"},\"primaryImageOfPage\":{\"@id\":\"https:\\\/\\\/dmcsrb.com\\\/kultura\\\/poceo-medjunarodni-naucni-skup-hriscanstvo-i-hriscanska-kultura-na-prostoru-crne-gore\\\/#primaryimage\"},\"image\":{\"@id\":\"https:\\\/\\\/dmcsrb.com\\\/kultura\\\/poceo-medjunarodni-naucni-skup-hriscanstvo-i-hriscanska-kultura-na-prostoru-crne-gore\\\/#primaryimage\"},\"thumbnailUrl\":\"https:\\\/\\\/dmcsrb.com\\\/wp-content\\\/uploads\\\/2026\\\/01\\\/MG_4481_600x900.webp\",\"datePublished\":\"2025-10-01T16:40:00+00:00\",\"author\":{\"@id\":\"https:\\\/\\\/dmcsrb.com\\\/#\\\/schema\\\/person\\\/5c39170f12db1b8b457732d0b5c854e2\"},\"breadcrumb\":{\"@id\":\"https:\\\/\\\/dmcsrb.com\\\/kultura\\\/poceo-medjunarodni-naucni-skup-hriscanstvo-i-hriscanska-kultura-na-prostoru-crne-gore\\\/#breadcrumb\"},\"inLanguage\":\"en-GB\",\"potentialAction\":[{\"@type\":\"ReadAction\",\"target\":[\"https:\\\/\\\/dmcsrb.com\\\/kultura\\\/poceo-medjunarodni-naucni-skup-hriscanstvo-i-hriscanska-kultura-na-prostoru-crne-gore\\\/\"]}]},{\"@type\":\"ImageObject\",\"inLanguage\":\"en-GB\",\"@id\":\"https:\\\/\\\/dmcsrb.com\\\/kultura\\\/poceo-medjunarodni-naucni-skup-hriscanstvo-i-hriscanska-kultura-na-prostoru-crne-gore\\\/#primaryimage\",\"url\":\"https:\\\/\\\/dmcsrb.com\\\/wp-content\\\/uploads\\\/2026\\\/01\\\/MG_4481_600x900.webp\",\"contentUrl\":\"https:\\\/\\\/dmcsrb.com\\\/wp-content\\\/uploads\\\/2026\\\/01\\\/MG_4481_600x900.webp\",\"width\":900,\"height\":600},{\"@type\":\"BreadcrumbList\",\"@id\":\"https:\\\/\\\/dmcsrb.com\\\/kultura\\\/poceo-medjunarodni-naucni-skup-hriscanstvo-i-hriscanska-kultura-na-prostoru-crne-gore\\\/#breadcrumb\",\"itemListElement\":[{\"@type\":\"ListItem\",\"position\":1,\"name\":\"Home\",\"item\":\"https:\\\/\\\/dmcsrb.com\\\/\"},{\"@type\":\"ListItem\",\"position\":2,\"name\":\"Po\u010deo me\u0111unarodni nau\u010dni skup \u201eHri\u0161\u0107anstvo i hri\u0161\u0107anska kultura na prostoru Crne Gore\u201c\"}]},{\"@type\":\"WebSite\",\"@id\":\"https:\\\/\\\/dmcsrb.com\\\/#website\",\"url\":\"https:\\\/\\\/dmcsrb.com\\\/\",\"name\":\"dmcsrb.com\",\"description\":\"\",\"potentialAction\":[{\"@type\":\"SearchAction\",\"target\":{\"@type\":\"EntryPoint\",\"urlTemplate\":\"https:\\\/\\\/dmcsrb.com\\\/?s={search_term_string}\"},\"query-input\":{\"@type\":\"PropertyValueSpecification\",\"valueRequired\":true,\"valueName\":\"search_term_string\"}}],\"inLanguage\":\"en-GB\"},{\"@type\":\"Person\",\"@id\":\"https:\\\/\\\/dmcsrb.com\\\/#\\\/schema\\\/person\\\/5c39170f12db1b8b457732d0b5c854e2\",\"name\":\"dmcsrbija.com@gmail.com\",\"image\":{\"@type\":\"ImageObject\",\"inLanguage\":\"en-GB\",\"@id\":\"https:\\\/\\\/secure.gravatar.com\\\/avatar\\\/68592660ad6347fad0fb587f8d5d8f1a7b44961362f56e4f2cd524feb87e9069?s=96&d=mm&r=g\",\"url\":\"https:\\\/\\\/secure.gravatar.com\\\/avatar\\\/68592660ad6347fad0fb587f8d5d8f1a7b44961362f56e4f2cd524feb87e9069?s=96&d=mm&r=g\",\"contentUrl\":\"https:\\\/\\\/secure.gravatar.com\\\/avatar\\\/68592660ad6347fad0fb587f8d5d8f1a7b44961362f56e4f2cd524feb87e9069?s=96&d=mm&r=g\",\"caption\":\"dmcsrbija.com@gmail.com\"},\"sameAs\":[\"https:\\\/\\\/dmcsrb.com\"],\"url\":\"https:\\\/\\\/dmcsrb.com\\\/en\\\/author\\\/dmcsrbija-comgmail-com\\\/\"}]}<\/script>\n<!-- \/ Yoast SEO plugin. -->","yoast_head_json":{"title":"Po\u010deo me\u0111unarodni nau\u010dni skup \u201eHri\u0161\u0107anstvo i hri\u0161\u0107anska kultura na prostoru Crne Gore\u201c - dmcsrb.com","robots":{"index":"index","follow":"follow","max-snippet":"max-snippet:-1","max-image-preview":"max-image-preview:large","max-video-preview":"max-video-preview:-1"},"canonical":"https:\/\/dmcsrb.com\/en\/kultura\/poceo-medjunarodni-naucni-skup-hriscanstvo-i-hriscanska-kultura-na-prostoru-crne-gore\/","og_locale":"en_GB","og_type":"article","og_title":"Po\u010deo me\u0111unarodni nau\u010dni skup \u201eHri\u0161\u0107anstvo i hri\u0161\u0107anska kultura na prostoru Crne Gore\u201c - dmcsrb.com","og_description":"Hri\u0161\u0107anstvo, istakao je predsjednik Matice crnogorske na samom po\u010detku Nau\u010dnog skupa, predstavlja polaznu osnovu na dugom putu oblikovanja identiteta Crne Gore i crnogorskog naroda, \u010diji tragovi smje\u0161taju na\u0161 narod i dr\u017eavu u evropski civilizacijski kontekst, od najranijih vremena pa do savremenog doba. Jovovi\u0107 je naveo da je cilj organizovanja ovog Nau\u010dnog skupa prezentovanje novih saznanja [&hellip;]","og_url":"https:\/\/dmcsrb.com\/en\/kultura\/poceo-medjunarodni-naucni-skup-hriscanstvo-i-hriscanska-kultura-na-prostoru-crne-gore\/","og_site_name":"dmcsrb.com","article_published_time":"2025-10-01T16:40:00+00:00","og_image":[{"width":900,"height":600,"url":"https:\/\/dmcsrb.com\/wp-content\/uploads\/2026\/01\/MG_4481_600x900.webp","type":"image\/jpeg"}],"author":"dmcsrbija.com@gmail.com","twitter_card":"summary_large_image","twitter_misc":{"Written by":"dmcsrbija.com@gmail.com","Estimated reading time":"2 minutes"},"schema":{"@context":"https:\/\/schema.org","@graph":[{"@type":"Article","@id":"https:\/\/dmcsrb.com\/kultura\/poceo-medjunarodni-naucni-skup-hriscanstvo-i-hriscanska-kultura-na-prostoru-crne-gore\/#article","isPartOf":{"@id":"https:\/\/dmcsrb.com\/kultura\/poceo-medjunarodni-naucni-skup-hriscanstvo-i-hriscanska-kultura-na-prostoru-crne-gore\/"},"author":{"name":"dmcsrbija.com@gmail.com","@id":"https:\/\/dmcsrb.com\/#\/schema\/person\/5c39170f12db1b8b457732d0b5c854e2"},"headline":"Po\u010deo me\u0111unarodni nau\u010dni skup \u201eHri\u0161\u0107anstvo i hri\u0161\u0107anska kultura na prostoru Crne Gore\u201c","datePublished":"2025-10-01T16:40:00+00:00","mainEntityOfPage":{"@id":"https:\/\/dmcsrb.com\/kultura\/poceo-medjunarodni-naucni-skup-hriscanstvo-i-hriscanska-kultura-na-prostoru-crne-gore\/"},"wordCount":444,"commentCount":0,"image":{"@id":"https:\/\/dmcsrb.com\/kultura\/poceo-medjunarodni-naucni-skup-hriscanstvo-i-hriscanska-kultura-na-prostoru-crne-gore\/#primaryimage"},"thumbnailUrl":"https:\/\/dmcsrb.com\/wp-content\/uploads\/2026\/01\/MG_4481_600x900.webp","keywords":["Matica Crnogorska"],"articleSection":["Kultura"],"inLanguage":"en-GB","potentialAction":[{"@type":"CommentAction","name":"Comment","target":["https:\/\/dmcsrb.com\/kultura\/poceo-medjunarodni-naucni-skup-hriscanstvo-i-hriscanska-kultura-na-prostoru-crne-gore\/#respond"]}]},{"@type":"WebPage","@id":"https:\/\/dmcsrb.com\/kultura\/poceo-medjunarodni-naucni-skup-hriscanstvo-i-hriscanska-kultura-na-prostoru-crne-gore\/","url":"https:\/\/dmcsrb.com\/kultura\/poceo-medjunarodni-naucni-skup-hriscanstvo-i-hriscanska-kultura-na-prostoru-crne-gore\/","name":"Po\u010deo me\u0111unarodni nau\u010dni skup \u201eHri\u0161\u0107anstvo i hri\u0161\u0107anska kultura na prostoru Crne Gore\u201c - dmcsrb.com","isPartOf":{"@id":"https:\/\/dmcsrb.com\/#website"},"primaryImageOfPage":{"@id":"https:\/\/dmcsrb.com\/kultura\/poceo-medjunarodni-naucni-skup-hriscanstvo-i-hriscanska-kultura-na-prostoru-crne-gore\/#primaryimage"},"image":{"@id":"https:\/\/dmcsrb.com\/kultura\/poceo-medjunarodni-naucni-skup-hriscanstvo-i-hriscanska-kultura-na-prostoru-crne-gore\/#primaryimage"},"thumbnailUrl":"https:\/\/dmcsrb.com\/wp-content\/uploads\/2026\/01\/MG_4481_600x900.webp","datePublished":"2025-10-01T16:40:00+00:00","author":{"@id":"https:\/\/dmcsrb.com\/#\/schema\/person\/5c39170f12db1b8b457732d0b5c854e2"},"breadcrumb":{"@id":"https:\/\/dmcsrb.com\/kultura\/poceo-medjunarodni-naucni-skup-hriscanstvo-i-hriscanska-kultura-na-prostoru-crne-gore\/#breadcrumb"},"inLanguage":"en-GB","potentialAction":[{"@type":"ReadAction","target":["https:\/\/dmcsrb.com\/kultura\/poceo-medjunarodni-naucni-skup-hriscanstvo-i-hriscanska-kultura-na-prostoru-crne-gore\/"]}]},{"@type":"ImageObject","inLanguage":"en-GB","@id":"https:\/\/dmcsrb.com\/kultura\/poceo-medjunarodni-naucni-skup-hriscanstvo-i-hriscanska-kultura-na-prostoru-crne-gore\/#primaryimage","url":"https:\/\/dmcsrb.com\/wp-content\/uploads\/2026\/01\/MG_4481_600x900.webp","contentUrl":"https:\/\/dmcsrb.com\/wp-content\/uploads\/2026\/01\/MG_4481_600x900.webp","width":900,"height":600},{"@type":"BreadcrumbList","@id":"https:\/\/dmcsrb.com\/kultura\/poceo-medjunarodni-naucni-skup-hriscanstvo-i-hriscanska-kultura-na-prostoru-crne-gore\/#breadcrumb","itemListElement":[{"@type":"ListItem","position":1,"name":"Home","item":"https:\/\/dmcsrb.com\/"},{"@type":"ListItem","position":2,"name":"Po\u010deo me\u0111unarodni nau\u010dni skup \u201eHri\u0161\u0107anstvo i hri\u0161\u0107anska kultura na prostoru Crne Gore\u201c"}]},{"@type":"WebSite","@id":"https:\/\/dmcsrb.com\/#website","url":"https:\/\/dmcsrb.com\/","name":"dmcsrb.com","description":"","potentialAction":[{"@type":"SearchAction","target":{"@type":"EntryPoint","urlTemplate":"https:\/\/dmcsrb.com\/?s={search_term_string}"},"query-input":{"@type":"PropertyValueSpecification","valueRequired":true,"valueName":"search_term_string"}}],"inLanguage":"en-GB"},{"@type":"Person","@id":"https:\/\/dmcsrb.com\/#\/schema\/person\/5c39170f12db1b8b457732d0b5c854e2","name":"dmcsrbija.com@gmail.com","image":{"@type":"ImageObject","inLanguage":"en-GB","@id":"https:\/\/secure.gravatar.com\/avatar\/68592660ad6347fad0fb587f8d5d8f1a7b44961362f56e4f2cd524feb87e9069?s=96&d=mm&r=g","url":"https:\/\/secure.gravatar.com\/avatar\/68592660ad6347fad0fb587f8d5d8f1a7b44961362f56e4f2cd524feb87e9069?s=96&d=mm&r=g","contentUrl":"https:\/\/secure.gravatar.com\/avatar\/68592660ad6347fad0fb587f8d5d8f1a7b44961362f56e4f2cd524feb87e9069?s=96&d=mm&r=g","caption":"dmcsrbija.com@gmail.com"},"sameAs":["https:\/\/dmcsrb.com"],"url":"https:\/\/dmcsrb.com\/en\/author\/dmcsrbija-comgmail-com\/"}]}},"_links":{"self":[{"href":"https:\/\/dmcsrb.com\/en\/wp-json\/wp\/v2\/posts\/955194","targetHints":{"allow":["GET"]}}],"collection":[{"href":"https:\/\/dmcsrb.com\/en\/wp-json\/wp\/v2\/posts"}],"about":[{"href":"https:\/\/dmcsrb.com\/en\/wp-json\/wp\/v2\/types\/post"}],"author":[{"embeddable":true,"href":"https:\/\/dmcsrb.com\/en\/wp-json\/wp\/v2\/users\/1"}],"replies":[{"embeddable":true,"href":"https:\/\/dmcsrb.com\/en\/wp-json\/wp\/v2\/comments?post=955194"}],"version-history":[{"count":0,"href":"https:\/\/dmcsrb.com\/en\/wp-json\/wp\/v2\/posts\/955194\/revisions"}],"wp:featuredmedia":[{"embeddable":true,"href":"https:\/\/dmcsrb.com\/en\/wp-json\/wp\/v2\/media\/955195"}],"wp:attachment":[{"href":"https:\/\/dmcsrb.com\/en\/wp-json\/wp\/v2\/media?parent=955194"}],"wp:term":[{"taxonomy":"category","embeddable":true,"href":"https:\/\/dmcsrb.com\/en\/wp-json\/wp\/v2\/categories?post=955194"},{"taxonomy":"post_tag","embeddable":true,"href":"https:\/\/dmcsrb.com\/en\/wp-json\/wp\/v2\/tags?post=955194"},{"taxonomy":"naslovna","embeddable":true,"href":"https:\/\/dmcsrb.com\/en\/wp-json\/wp\/v2\/naslovna?post=955194"}],"curies":[{"name":"wp","href":"https:\/\/api.w.org\/{rel}","templated":true}]}}