{"id":955182,"date":"2025-10-02T05:12:00","date_gmt":"2025-10-02T03:12:00","guid":{"rendered":"https:\/\/dmcsrb.com\/uncategorized\/video-povratak-duha-stare-podgorice-festival-podgoricki-korzo-od-10-do-12-oktobra\/"},"modified":"2025-10-02T05:12:00","modified_gmt":"2025-10-02T03:12:00","slug":"video-povratak-duha-stare-podgorice-festival-podgoricki-korzo-od-10-do-12-oktobra","status":"publish","type":"post","link":"https:\/\/dmcsrb.com\/en\/podgorica\/video-povratak-duha-stare-podgorice-festival-podgoricki-korzo-od-10-do-12-oktobra\/","title":{"rendered":"(VIDEO) Povratak duha stare Podgorice: Festival &#8220;Podgori\u010dki korzo&#8221; od 10. do 12. oktobra"},"content":{"rendered":"<p><\/p>\n\n\n\n<p>Tri dana \u0107e tokom internacionalnog,uli\u010dnog festivala &#8220;Podgori\u010dki korzo&#8221;, Ulica slobode, Hercegova\u010dka i Njego\u0161eva biti velika pozornica na otvorenom,kazala je Sabina Stani\u0107, organizatorka.<\/p>\n\n\n\n<p>&#8220;Imamo oko 200 u\u010desnika, lokacije gdje se sve odr\u017eava, nije monotona \u0161etnja ve\u0107 smo mi kao organizatori dali doprinos tome da bude lijepa zabava i dru\u017eenje&#8221;, kazala je Sabina Stani\u0107 iz organizacije festivala<\/p>\n\n\n\n<figure class=\"wp-block-image size-large\"><img decoding=\"async\" src=\"https:\/\/gradski.me\/wp-content\/uploads\/2025\/10\/korzo-1024x495.jpg\" alt=\"\" class=\"wp-image-843215\"\/><figcaption class=\"wp-element-caption\">foto: TV Podgorica<\/figcaption><\/figure>\n\n\n\n<p>Kako je Stani\u0107 istakla, nastupi doma\u0107ih i regionalnih izvo\u0111a\u010da, uli\u010dni performansi i izlo\u017ebe, radionice za djecu, gastro zonu sa lokalnim specijalitetima i specijalne ,,retro\u201d stanice samo su dio bogate ponude<\/p>\n\n\n\n<p>&#8220;Imamo retori\u010dku stanicu&nbsp; binu kod po\u0161te, glavnu u Ulici slobode svi poznati muzi\u010dari, retori\u010dku, plesnu, Be\u010dki valcer za one koji \u017eele da odple\u0161u,Hercegova\u010dka \u0107e biti mali grad,toliko se javilo \u0161kola i vrti\u0107a,be\u0107e raznovrsno, mo\u0107i \u0107e da vide klovna,uradili smo da taj dio bude za njih raznovrsni&#8221;, zaklju\u010duje.<\/p>\n\n\n\n<p>Podgori\u010dki korzo vrati\u0107e \u0161etnju ulicama centra Podgorice uz muziku i osmjeh, podsje\u0107anje kako je to nekada izgledalo, poru\u010duje Stani\u0107.<\/p>\n\n\n\n<figure class=\"wp-block-embed is-type-video is-provider-youtube wp-block-embed-youtube wp-embed-aspect-16-9 wp-has-aspect-ratio\"><div class=\"wp-block-embed__wrapper\">\n<iframe loading=\"lazy\" title=\"Povratak duha stare Podgorice: Festival &quot;Podgori\u010dki korzo&quot; od 17. do 19. oktobra\" width=\"500\" height=\"281\" src=\"https:\/\/www.youtube.com\/embed\/p6QTZMLEwsU?feature=oembed\" frameborder=\"0\" allow=\"accelerometer; autoplay; clipboard-write; encrypted-media; gyroscope; picture-in-picture; web-share\" referrerpolicy=\"strict-origin-when-cross-origin\" allowfullscreen><\/iframe>\n<\/div><\/figure>","protected":false},"excerpt":{"rendered":"<p>Glavni grad \u0107e od 10. do 12. oktobra 2025. godine biti centar umjetnosti, muzike, igre jer se organizuje Podgori\u010dki korzo 2025, festival koji vra\u0107a duh stare Podgorice koji pamte generacije, poru\u010dili su za Jutarnji program RTV Podgorica organizatori.<\/p>","protected":false},"author":1,"featured_media":955183,"comment_status":"open","ping_status":"open","sticky":false,"template":"","format":"standard","meta":{"_acf_changed":false,"footnotes":""},"categories":[56],"tags":[31,9927],"naslovna":[],"class_list":["post-955182","post","type-post","status-publish","format-standard","has-post-thumbnail","hentry","category-podgorica","tag-podgorica","tag-podgoricki-korzo"],"acf":[],"yoast_head":"<!-- This site is optimized with the Yoast SEO plugin v27.4 - https:\/\/yoast.com\/product\/yoast-seo-wordpress\/ -->\n<title>(VIDEO) Povratak duha stare Podgorice: Festival &quot;Podgori\u010dki korzo&quot; od 10. do 12. oktobra - dmcsrb.com<\/title>\n<meta name=\"robots\" content=\"index, follow, max-snippet:-1, max-image-preview:large, max-video-preview:-1\" \/>\n<link rel=\"canonical\" href=\"https:\/\/dmcsrb.com\/en\/podgorica\/video-povratak-duha-stare-podgorice-festival-podgoricki-korzo-od-10-do-12-oktobra\/\" \/>\n<meta property=\"og:locale\" content=\"en_GB\" \/>\n<meta property=\"og:type\" content=\"article\" \/>\n<meta property=\"og:title\" content=\"(VIDEO) Povratak duha stare Podgorice: Festival &quot;Podgori\u010dki korzo&quot; od 10. do 12. oktobra - dmcsrb.com\" \/>\n<meta property=\"og:description\" content=\"Glavni grad \u0107e od 10. do 12. oktobra 2025. godine biti centar umjetnosti, muzike, igre jer se organizuje Podgori\u010dki korzo 2025, festival koji vra\u0107a duh stare Podgorice koji pamte generacije, poru\u010dili su za Jutarnji program RTV Podgorica organizatori.\" \/>\n<meta property=\"og:url\" content=\"https:\/\/dmcsrb.com\/en\/podgorica\/video-povratak-duha-stare-podgorice-festival-podgoricki-korzo-od-10-do-12-oktobra\/\" \/>\n<meta property=\"og:site_name\" content=\"dmcsrb.com\" \/>\n<meta property=\"article:published_time\" content=\"2025-10-02T03:12:00+00:00\" \/>\n<meta property=\"og:image\" content=\"https:\/\/dmcsrb.com\/wp-content\/uploads\/2026\/01\/korzo1.webp\" \/>\n\t<meta property=\"og:image:width\" content=\"1823\" \/>\n\t<meta property=\"og:image:height\" content=\"883\" \/>\n\t<meta property=\"og:image:type\" content=\"image\/jpeg\" \/>\n<meta name=\"author\" content=\"dmcsrbija.com@gmail.com\" \/>\n<meta name=\"twitter:card\" content=\"summary_large_image\" \/>\n<meta name=\"twitter:label1\" content=\"Written by\" \/>\n\t<meta name=\"twitter:data1\" content=\"dmcsrbija.com@gmail.com\" \/>\n\t<meta name=\"twitter:label2\" content=\"Estimated reading time\" \/>\n\t<meta name=\"twitter:data2\" content=\"1 minute\" \/>\n<script type=\"application\/ld+json\" class=\"yoast-schema-graph\">{\"@context\":\"https:\\\/\\\/schema.org\",\"@graph\":[{\"@type\":\"Article\",\"@id\":\"https:\\\/\\\/dmcsrb.com\\\/podgorica\\\/video-povratak-duha-stare-podgorice-festival-podgoricki-korzo-od-10-do-12-oktobra\\\/#article\",\"isPartOf\":{\"@id\":\"https:\\\/\\\/dmcsrb.com\\\/podgorica\\\/video-povratak-duha-stare-podgorice-festival-podgoricki-korzo-od-10-do-12-oktobra\\\/\"},\"author\":{\"name\":\"dmcsrbija.com@gmail.com\",\"@id\":\"https:\\\/\\\/dmcsrb.com\\\/#\\\/schema\\\/person\\\/5c39170f12db1b8b457732d0b5c854e2\"},\"headline\":\"(VIDEO) Povratak duha stare Podgorice: Festival &#8220;Podgori\u010dki korzo&#8221; od 10. do 12. oktobra\",\"datePublished\":\"2025-10-02T03:12:00+00:00\",\"mainEntityOfPage\":{\"@id\":\"https:\\\/\\\/dmcsrb.com\\\/podgorica\\\/video-povratak-duha-stare-podgorice-festival-podgoricki-korzo-od-10-do-12-oktobra\\\/\"},\"wordCount\":204,\"commentCount\":0,\"image\":{\"@id\":\"https:\\\/\\\/dmcsrb.com\\\/podgorica\\\/video-povratak-duha-stare-podgorice-festival-podgoricki-korzo-od-10-do-12-oktobra\\\/#primaryimage\"},\"thumbnailUrl\":\"https:\\\/\\\/dmcsrb.com\\\/wp-content\\\/uploads\\\/2026\\\/01\\\/korzo1.webp\",\"keywords\":[\"Podgorica\",\"Podgori\u010dki korzo\"],\"articleSection\":[\"Podgorica\"],\"inLanguage\":\"en-GB\",\"potentialAction\":[{\"@type\":\"CommentAction\",\"name\":\"Comment\",\"target\":[\"https:\\\/\\\/dmcsrb.com\\\/podgorica\\\/video-povratak-duha-stare-podgorice-festival-podgoricki-korzo-od-10-do-12-oktobra\\\/#respond\"]}]},{\"@type\":\"WebPage\",\"@id\":\"https:\\\/\\\/dmcsrb.com\\\/podgorica\\\/video-povratak-duha-stare-podgorice-festival-podgoricki-korzo-od-10-do-12-oktobra\\\/\",\"url\":\"https:\\\/\\\/dmcsrb.com\\\/podgorica\\\/video-povratak-duha-stare-podgorice-festival-podgoricki-korzo-od-10-do-12-oktobra\\\/\",\"name\":\"(VIDEO) Povratak duha stare Podgorice: Festival \\\"Podgori\u010dki korzo\\\" od 10. do 12. oktobra - dmcsrb.com\",\"isPartOf\":{\"@id\":\"https:\\\/\\\/dmcsrb.com\\\/#website\"},\"primaryImageOfPage\":{\"@id\":\"https:\\\/\\\/dmcsrb.com\\\/podgorica\\\/video-povratak-duha-stare-podgorice-festival-podgoricki-korzo-od-10-do-12-oktobra\\\/#primaryimage\"},\"image\":{\"@id\":\"https:\\\/\\\/dmcsrb.com\\\/podgorica\\\/video-povratak-duha-stare-podgorice-festival-podgoricki-korzo-od-10-do-12-oktobra\\\/#primaryimage\"},\"thumbnailUrl\":\"https:\\\/\\\/dmcsrb.com\\\/wp-content\\\/uploads\\\/2026\\\/01\\\/korzo1.webp\",\"datePublished\":\"2025-10-02T03:12:00+00:00\",\"author\":{\"@id\":\"https:\\\/\\\/dmcsrb.com\\\/#\\\/schema\\\/person\\\/5c39170f12db1b8b457732d0b5c854e2\"},\"breadcrumb\":{\"@id\":\"https:\\\/\\\/dmcsrb.com\\\/podgorica\\\/video-povratak-duha-stare-podgorice-festival-podgoricki-korzo-od-10-do-12-oktobra\\\/#breadcrumb\"},\"inLanguage\":\"en-GB\",\"potentialAction\":[{\"@type\":\"ReadAction\",\"target\":[\"https:\\\/\\\/dmcsrb.com\\\/podgorica\\\/video-povratak-duha-stare-podgorice-festival-podgoricki-korzo-od-10-do-12-oktobra\\\/\"]}]},{\"@type\":\"ImageObject\",\"inLanguage\":\"en-GB\",\"@id\":\"https:\\\/\\\/dmcsrb.com\\\/podgorica\\\/video-povratak-duha-stare-podgorice-festival-podgoricki-korzo-od-10-do-12-oktobra\\\/#primaryimage\",\"url\":\"https:\\\/\\\/dmcsrb.com\\\/wp-content\\\/uploads\\\/2026\\\/01\\\/korzo1.webp\",\"contentUrl\":\"https:\\\/\\\/dmcsrb.com\\\/wp-content\\\/uploads\\\/2026\\\/01\\\/korzo1.webp\",\"width\":1823,\"height\":883},{\"@type\":\"BreadcrumbList\",\"@id\":\"https:\\\/\\\/dmcsrb.com\\\/podgorica\\\/video-povratak-duha-stare-podgorice-festival-podgoricki-korzo-od-10-do-12-oktobra\\\/#breadcrumb\",\"itemListElement\":[{\"@type\":\"ListItem\",\"position\":1,\"name\":\"Home\",\"item\":\"https:\\\/\\\/dmcsrb.com\\\/\"},{\"@type\":\"ListItem\",\"position\":2,\"name\":\"(VIDEO) Povratak duha stare Podgorice: Festival &#8220;Podgori\u010dki korzo&#8221; od 10. do 12. oktobra\"}]},{\"@type\":\"WebSite\",\"@id\":\"https:\\\/\\\/dmcsrb.com\\\/#website\",\"url\":\"https:\\\/\\\/dmcsrb.com\\\/\",\"name\":\"dmcsrb.com\",\"description\":\"\",\"potentialAction\":[{\"@type\":\"SearchAction\",\"target\":{\"@type\":\"EntryPoint\",\"urlTemplate\":\"https:\\\/\\\/dmcsrb.com\\\/?s={search_term_string}\"},\"query-input\":{\"@type\":\"PropertyValueSpecification\",\"valueRequired\":true,\"valueName\":\"search_term_string\"}}],\"inLanguage\":\"en-GB\"},{\"@type\":\"Person\",\"@id\":\"https:\\\/\\\/dmcsrb.com\\\/#\\\/schema\\\/person\\\/5c39170f12db1b8b457732d0b5c854e2\",\"name\":\"dmcsrbija.com@gmail.com\",\"image\":{\"@type\":\"ImageObject\",\"inLanguage\":\"en-GB\",\"@id\":\"https:\\\/\\\/secure.gravatar.com\\\/avatar\\\/68592660ad6347fad0fb587f8d5d8f1a7b44961362f56e4f2cd524feb87e9069?s=96&d=mm&r=g\",\"url\":\"https:\\\/\\\/secure.gravatar.com\\\/avatar\\\/68592660ad6347fad0fb587f8d5d8f1a7b44961362f56e4f2cd524feb87e9069?s=96&d=mm&r=g\",\"contentUrl\":\"https:\\\/\\\/secure.gravatar.com\\\/avatar\\\/68592660ad6347fad0fb587f8d5d8f1a7b44961362f56e4f2cd524feb87e9069?s=96&d=mm&r=g\",\"caption\":\"dmcsrbija.com@gmail.com\"},\"sameAs\":[\"https:\\\/\\\/dmcsrb.com\"],\"url\":\"https:\\\/\\\/dmcsrb.com\\\/en\\\/author\\\/dmcsrbija-comgmail-com\\\/\"}]}<\/script>\n<!-- \/ Yoast SEO plugin. -->","yoast_head_json":{"title":"(VIDEO) Povratak duha stare Podgorice: Festival \"Podgori\u010dki korzo\" od 10. do 12. oktobra - dmcsrb.com","robots":{"index":"index","follow":"follow","max-snippet":"max-snippet:-1","max-image-preview":"max-image-preview:large","max-video-preview":"max-video-preview:-1"},"canonical":"https:\/\/dmcsrb.com\/en\/podgorica\/video-povratak-duha-stare-podgorice-festival-podgoricki-korzo-od-10-do-12-oktobra\/","og_locale":"en_GB","og_type":"article","og_title":"(VIDEO) Povratak duha stare Podgorice: Festival \"Podgori\u010dki korzo\" od 10. do 12. oktobra - dmcsrb.com","og_description":"Glavni grad \u0107e od 10. do 12. oktobra 2025. godine biti centar umjetnosti, muzike, igre jer se organizuje Podgori\u010dki korzo 2025, festival koji vra\u0107a duh stare Podgorice koji pamte generacije, poru\u010dili su za Jutarnji program RTV Podgorica organizatori.","og_url":"https:\/\/dmcsrb.com\/en\/podgorica\/video-povratak-duha-stare-podgorice-festival-podgoricki-korzo-od-10-do-12-oktobra\/","og_site_name":"dmcsrb.com","article_published_time":"2025-10-02T03:12:00+00:00","og_image":[{"width":1823,"height":883,"url":"https:\/\/dmcsrb.com\/wp-content\/uploads\/2026\/01\/korzo1.webp","type":"image\/jpeg"}],"author":"dmcsrbija.com@gmail.com","twitter_card":"summary_large_image","twitter_misc":{"Written by":"dmcsrbija.com@gmail.com","Estimated reading time":"1 minute"},"schema":{"@context":"https:\/\/schema.org","@graph":[{"@type":"Article","@id":"https:\/\/dmcsrb.com\/podgorica\/video-povratak-duha-stare-podgorice-festival-podgoricki-korzo-od-10-do-12-oktobra\/#article","isPartOf":{"@id":"https:\/\/dmcsrb.com\/podgorica\/video-povratak-duha-stare-podgorice-festival-podgoricki-korzo-od-10-do-12-oktobra\/"},"author":{"name":"dmcsrbija.com@gmail.com","@id":"https:\/\/dmcsrb.com\/#\/schema\/person\/5c39170f12db1b8b457732d0b5c854e2"},"headline":"(VIDEO) Povratak duha stare Podgorice: Festival &#8220;Podgori\u010dki korzo&#8221; od 10. do 12. oktobra","datePublished":"2025-10-02T03:12:00+00:00","mainEntityOfPage":{"@id":"https:\/\/dmcsrb.com\/podgorica\/video-povratak-duha-stare-podgorice-festival-podgoricki-korzo-od-10-do-12-oktobra\/"},"wordCount":204,"commentCount":0,"image":{"@id":"https:\/\/dmcsrb.com\/podgorica\/video-povratak-duha-stare-podgorice-festival-podgoricki-korzo-od-10-do-12-oktobra\/#primaryimage"},"thumbnailUrl":"https:\/\/dmcsrb.com\/wp-content\/uploads\/2026\/01\/korzo1.webp","keywords":["Podgorica","Podgori\u010dki korzo"],"articleSection":["Podgorica"],"inLanguage":"en-GB","potentialAction":[{"@type":"CommentAction","name":"Comment","target":["https:\/\/dmcsrb.com\/podgorica\/video-povratak-duha-stare-podgorice-festival-podgoricki-korzo-od-10-do-12-oktobra\/#respond"]}]},{"@type":"WebPage","@id":"https:\/\/dmcsrb.com\/podgorica\/video-povratak-duha-stare-podgorice-festival-podgoricki-korzo-od-10-do-12-oktobra\/","url":"https:\/\/dmcsrb.com\/podgorica\/video-povratak-duha-stare-podgorice-festival-podgoricki-korzo-od-10-do-12-oktobra\/","name":"(VIDEO) Povratak duha stare Podgorice: Festival \"Podgori\u010dki korzo\" od 10. do 12. oktobra - dmcsrb.com","isPartOf":{"@id":"https:\/\/dmcsrb.com\/#website"},"primaryImageOfPage":{"@id":"https:\/\/dmcsrb.com\/podgorica\/video-povratak-duha-stare-podgorice-festival-podgoricki-korzo-od-10-do-12-oktobra\/#primaryimage"},"image":{"@id":"https:\/\/dmcsrb.com\/podgorica\/video-povratak-duha-stare-podgorice-festival-podgoricki-korzo-od-10-do-12-oktobra\/#primaryimage"},"thumbnailUrl":"https:\/\/dmcsrb.com\/wp-content\/uploads\/2026\/01\/korzo1.webp","datePublished":"2025-10-02T03:12:00+00:00","author":{"@id":"https:\/\/dmcsrb.com\/#\/schema\/person\/5c39170f12db1b8b457732d0b5c854e2"},"breadcrumb":{"@id":"https:\/\/dmcsrb.com\/podgorica\/video-povratak-duha-stare-podgorice-festival-podgoricki-korzo-od-10-do-12-oktobra\/#breadcrumb"},"inLanguage":"en-GB","potentialAction":[{"@type":"ReadAction","target":["https:\/\/dmcsrb.com\/podgorica\/video-povratak-duha-stare-podgorice-festival-podgoricki-korzo-od-10-do-12-oktobra\/"]}]},{"@type":"ImageObject","inLanguage":"en-GB","@id":"https:\/\/dmcsrb.com\/podgorica\/video-povratak-duha-stare-podgorice-festival-podgoricki-korzo-od-10-do-12-oktobra\/#primaryimage","url":"https:\/\/dmcsrb.com\/wp-content\/uploads\/2026\/01\/korzo1.webp","contentUrl":"https:\/\/dmcsrb.com\/wp-content\/uploads\/2026\/01\/korzo1.webp","width":1823,"height":883},{"@type":"BreadcrumbList","@id":"https:\/\/dmcsrb.com\/podgorica\/video-povratak-duha-stare-podgorice-festival-podgoricki-korzo-od-10-do-12-oktobra\/#breadcrumb","itemListElement":[{"@type":"ListItem","position":1,"name":"Home","item":"https:\/\/dmcsrb.com\/"},{"@type":"ListItem","position":2,"name":"(VIDEO) Povratak duha stare Podgorice: Festival &#8220;Podgori\u010dki korzo&#8221; od 10. do 12. oktobra"}]},{"@type":"WebSite","@id":"https:\/\/dmcsrb.com\/#website","url":"https:\/\/dmcsrb.com\/","name":"dmcsrb.com","description":"","potentialAction":[{"@type":"SearchAction","target":{"@type":"EntryPoint","urlTemplate":"https:\/\/dmcsrb.com\/?s={search_term_string}"},"query-input":{"@type":"PropertyValueSpecification","valueRequired":true,"valueName":"search_term_string"}}],"inLanguage":"en-GB"},{"@type":"Person","@id":"https:\/\/dmcsrb.com\/#\/schema\/person\/5c39170f12db1b8b457732d0b5c854e2","name":"dmcsrbija.com@gmail.com","image":{"@type":"ImageObject","inLanguage":"en-GB","@id":"https:\/\/secure.gravatar.com\/avatar\/68592660ad6347fad0fb587f8d5d8f1a7b44961362f56e4f2cd524feb87e9069?s=96&d=mm&r=g","url":"https:\/\/secure.gravatar.com\/avatar\/68592660ad6347fad0fb587f8d5d8f1a7b44961362f56e4f2cd524feb87e9069?s=96&d=mm&r=g","contentUrl":"https:\/\/secure.gravatar.com\/avatar\/68592660ad6347fad0fb587f8d5d8f1a7b44961362f56e4f2cd524feb87e9069?s=96&d=mm&r=g","caption":"dmcsrbija.com@gmail.com"},"sameAs":["https:\/\/dmcsrb.com"],"url":"https:\/\/dmcsrb.com\/en\/author\/dmcsrbija-comgmail-com\/"}]}},"_links":{"self":[{"href":"https:\/\/dmcsrb.com\/en\/wp-json\/wp\/v2\/posts\/955182","targetHints":{"allow":["GET"]}}],"collection":[{"href":"https:\/\/dmcsrb.com\/en\/wp-json\/wp\/v2\/posts"}],"about":[{"href":"https:\/\/dmcsrb.com\/en\/wp-json\/wp\/v2\/types\/post"}],"author":[{"embeddable":true,"href":"https:\/\/dmcsrb.com\/en\/wp-json\/wp\/v2\/users\/1"}],"replies":[{"embeddable":true,"href":"https:\/\/dmcsrb.com\/en\/wp-json\/wp\/v2\/comments?post=955182"}],"version-history":[{"count":0,"href":"https:\/\/dmcsrb.com\/en\/wp-json\/wp\/v2\/posts\/955182\/revisions"}],"wp:featuredmedia":[{"embeddable":true,"href":"https:\/\/dmcsrb.com\/en\/wp-json\/wp\/v2\/media\/955183"}],"wp:attachment":[{"href":"https:\/\/dmcsrb.com\/en\/wp-json\/wp\/v2\/media?parent=955182"}],"wp:term":[{"taxonomy":"category","embeddable":true,"href":"https:\/\/dmcsrb.com\/en\/wp-json\/wp\/v2\/categories?post=955182"},{"taxonomy":"post_tag","embeddable":true,"href":"https:\/\/dmcsrb.com\/en\/wp-json\/wp\/v2\/tags?post=955182"},{"taxonomy":"naslovna","embeddable":true,"href":"https:\/\/dmcsrb.com\/en\/wp-json\/wp\/v2\/naslovna?post=955182"}],"curies":[{"name":"wp","href":"https:\/\/api.w.org\/{rel}","templated":true}]}}