{"id":955164,"date":"2025-10-01T15:00:00","date_gmt":"2025-10-01T13:00:00","guid":{"rendered":"https:\/\/dmcsrb.com\/uncategorized\/pocela-kampanja-prevencija-je-kljuc-misli-na-sebe\/"},"modified":"2025-10-01T15:00:00","modified_gmt":"2025-10-01T13:00:00","slug":"pocela-kampanja-prevencija-je-kljuc-misli-na-sebe","status":"publish","type":"post","link":"https:\/\/dmcsrb.com\/en\/drustvo\/pocela-kampanja-prevencija-je-kljuc-misli-na-sebe\/","title":{"rendered":"Po\u010dela kampanja \u201ePrevencija je klju\u010d \u2013 misli na sebe\u201c"},"content":{"rendered":"<p><\/p>\n\n\n\n<p>&#8221;Kampanja je zapo\u010dela objavljivanjem prvog video snimka sa dr Milenom Coji\u0107, koji mo\u017eete pogledati na zvani\u010dnim kanalima Ministarstva&#8221;, navode.<\/p>\n\n\n\n<p>Video donosi va\u017ene poruke o zna\u010daju redovnih preventivnih pregleda i rane detekcije raka dojke, bolesti koja se pravovremenim otkrivanjem uspje\u0161no lije\u010di, isti\u010du iz Ministarstva.<\/p>\n\n\n\n<p>Ministarstvo zdravlja i ove godine kroz kampanju nastoji da pove\u0107a svijest gra\u0111ana o va\u017enosti prevencije, podsje\u0107aju\u0107i da briga o zdravlju po\u010dinje na vrijeme, kazali su iz Ministarstva.<\/p>\n\n\n\n<p>U okviru kampanje bi\u0107e realizovan niz aktivnosti, a prvi doga\u0111aj je zakazan za:&nbsp;<\/p>\n\n\n\n<p><strong>\u0160tand na Trgu nezavisnosti u Podgorici<\/strong><\/p>\n\n\n\n<p>\u010detvrtak, 2. oktobar 2025. godine, u 11:00 \u010dasova<\/p>\n\n\n\n<p>&#8221;Na \u0161tandu \u0107e gra\u0111ani mo\u0107i da preuzmu promotivni materijal, razgovaraju sa stru\u010dnjacima i dobiju vi\u0161e informacija o zna\u010daju prevencije&#8221;, navode iz Ministarstva.<\/p>\n\n\n\n<p>Za naredne promotivne \u0161tandove, Ministarstvo \u0107e javnost i medije blagovremeno obavje\u0161tavati o ta\u010dnoj lokaciji i vremenu odr\u017eavanja, najavljuju iz Ministarstva.<\/p>\n\n\n\n<p><\/p>","protected":false},"excerpt":{"rendered":"<p>Ministarstvo zdravlja obavje\u0161tava javnost da je zvani\u010dno po\u010dela kampanja \u201ePrevencija je klju\u010d \u2013 misli na sebe\u201c, povodom obilje\u017eavanja \u201cRu\u017ei\u010dastog oktobra\u201d \u2013 mjeseca posve\u0107enog prevenciji raka dojke, saop\u0161teno je iz Ministarstva zdravlja.<\/p>","protected":false},"author":1,"featured_media":949861,"comment_status":"open","ping_status":"open","sticky":false,"template":"","format":"standard","meta":{"_acf_changed":false,"footnotes":""},"categories":[2],"tags":[9910,730],"naslovna":[],"class_list":["post-955164","post","type-post","status-publish","format-standard","has-post-thumbnail","hentry","category-drustvo","tag-prevencija-je-kljuc-misli-na-sebe","tag-kampanja"],"acf":[],"yoast_head":"<!-- This site is optimized with the Yoast SEO plugin v27.4 - https:\/\/yoast.com\/product\/yoast-seo-wordpress\/ -->\n<title>Po\u010dela kampanja \u201ePrevencija je klju\u010d \u2013 misli na sebe\u201c - dmcsrb.com<\/title>\n<meta name=\"robots\" content=\"index, follow, max-snippet:-1, max-image-preview:large, max-video-preview:-1\" \/>\n<link rel=\"canonical\" href=\"https:\/\/dmcsrb.com\/en\/drustvo\/pocela-kampanja-prevencija-je-kljuc-misli-na-sebe\/\" \/>\n<meta property=\"og:locale\" content=\"en_GB\" \/>\n<meta property=\"og:type\" content=\"article\" \/>\n<meta property=\"og:title\" content=\"Po\u010dela kampanja \u201ePrevencija je klju\u010d \u2013 misli na sebe\u201c - dmcsrb.com\" \/>\n<meta property=\"og:description\" content=\"Ministarstvo zdravlja obavje\u0161tava javnost da je zvani\u010dno po\u010dela kampanja \u201ePrevencija je klju\u010d \u2013 misli na sebe\u201c, povodom obilje\u017eavanja \u201cRu\u017ei\u010dastog oktobra\u201d \u2013 mjeseca posve\u0107enog prevenciji raka dojke, saop\u0161teno je iz Ministarstva zdravlja.\" \/>\n<meta property=\"og:url\" content=\"https:\/\/dmcsrb.com\/en\/drustvo\/pocela-kampanja-prevencija-je-kljuc-misli-na-sebe\/\" \/>\n<meta property=\"og:site_name\" content=\"dmcsrb.com\" \/>\n<meta property=\"article:published_time\" content=\"2025-10-01T13:00:00+00:00\" \/>\n<meta property=\"og:image\" content=\"https:\/\/dmcsrb.com\/wp-content\/uploads\/2026\/01\/ministarstvo-zdravlja-1000x555-1.webp\" \/>\n\t<meta property=\"og:image:width\" content=\"1000\" \/>\n\t<meta property=\"og:image:height\" content=\"555\" \/>\n\t<meta property=\"og:image:type\" content=\"image\/jpeg\" \/>\n<meta name=\"author\" content=\"dmcsrbija.com@gmail.com\" \/>\n<meta name=\"twitter:card\" content=\"summary_large_image\" \/>\n<meta name=\"twitter:label1\" content=\"Written by\" \/>\n\t<meta name=\"twitter:data1\" content=\"dmcsrbija.com@gmail.com\" \/>\n\t<meta name=\"twitter:label2\" content=\"Estimated reading time\" \/>\n\t<meta name=\"twitter:data2\" content=\"1 minute\" \/>\n<script type=\"application\/ld+json\" class=\"yoast-schema-graph\">{\"@context\":\"https:\\\/\\\/schema.org\",\"@graph\":[{\"@type\":\"Article\",\"@id\":\"https:\\\/\\\/dmcsrb.com\\\/drustvo\\\/pocela-kampanja-prevencija-je-kljuc-misli-na-sebe\\\/#article\",\"isPartOf\":{\"@id\":\"https:\\\/\\\/dmcsrb.com\\\/drustvo\\\/pocela-kampanja-prevencija-je-kljuc-misli-na-sebe\\\/\"},\"author\":{\"name\":\"dmcsrbija.com@gmail.com\",\"@id\":\"https:\\\/\\\/dmcsrb.com\\\/#\\\/schema\\\/person\\\/5c39170f12db1b8b457732d0b5c854e2\"},\"headline\":\"Po\u010dela kampanja \u201ePrevencija je klju\u010d \u2013 misli na sebe\u201c\",\"datePublished\":\"2025-10-01T13:00:00+00:00\",\"mainEntityOfPage\":{\"@id\":\"https:\\\/\\\/dmcsrb.com\\\/drustvo\\\/pocela-kampanja-prevencija-je-kljuc-misli-na-sebe\\\/\"},\"wordCount\":170,\"commentCount\":0,\"image\":{\"@id\":\"https:\\\/\\\/dmcsrb.com\\\/drustvo\\\/pocela-kampanja-prevencija-je-kljuc-misli-na-sebe\\\/#primaryimage\"},\"thumbnailUrl\":\"https:\\\/\\\/dmcsrb.com\\\/wp-content\\\/uploads\\\/2026\\\/01\\\/ministarstvo-zdravlja-1000x555-1.webp\",\"keywords\":[\"''Prevencija je klju\u010d - misli na sebe''\",\"Kampanja\"],\"articleSection\":[\"Dru\u0161tvo\"],\"inLanguage\":\"en-GB\",\"potentialAction\":[{\"@type\":\"CommentAction\",\"name\":\"Comment\",\"target\":[\"https:\\\/\\\/dmcsrb.com\\\/drustvo\\\/pocela-kampanja-prevencija-je-kljuc-misli-na-sebe\\\/#respond\"]}]},{\"@type\":\"WebPage\",\"@id\":\"https:\\\/\\\/dmcsrb.com\\\/drustvo\\\/pocela-kampanja-prevencija-je-kljuc-misli-na-sebe\\\/\",\"url\":\"https:\\\/\\\/dmcsrb.com\\\/drustvo\\\/pocela-kampanja-prevencija-je-kljuc-misli-na-sebe\\\/\",\"name\":\"Po\u010dela kampanja \u201ePrevencija je klju\u010d \u2013 misli na sebe\u201c - dmcsrb.com\",\"isPartOf\":{\"@id\":\"https:\\\/\\\/dmcsrb.com\\\/#website\"},\"primaryImageOfPage\":{\"@id\":\"https:\\\/\\\/dmcsrb.com\\\/drustvo\\\/pocela-kampanja-prevencija-je-kljuc-misli-na-sebe\\\/#primaryimage\"},\"image\":{\"@id\":\"https:\\\/\\\/dmcsrb.com\\\/drustvo\\\/pocela-kampanja-prevencija-je-kljuc-misli-na-sebe\\\/#primaryimage\"},\"thumbnailUrl\":\"https:\\\/\\\/dmcsrb.com\\\/wp-content\\\/uploads\\\/2026\\\/01\\\/ministarstvo-zdravlja-1000x555-1.webp\",\"datePublished\":\"2025-10-01T13:00:00+00:00\",\"author\":{\"@id\":\"https:\\\/\\\/dmcsrb.com\\\/#\\\/schema\\\/person\\\/5c39170f12db1b8b457732d0b5c854e2\"},\"breadcrumb\":{\"@id\":\"https:\\\/\\\/dmcsrb.com\\\/drustvo\\\/pocela-kampanja-prevencija-je-kljuc-misli-na-sebe\\\/#breadcrumb\"},\"inLanguage\":\"en-GB\",\"potentialAction\":[{\"@type\":\"ReadAction\",\"target\":[\"https:\\\/\\\/dmcsrb.com\\\/drustvo\\\/pocela-kampanja-prevencija-je-kljuc-misli-na-sebe\\\/\"]}]},{\"@type\":\"ImageObject\",\"inLanguage\":\"en-GB\",\"@id\":\"https:\\\/\\\/dmcsrb.com\\\/drustvo\\\/pocela-kampanja-prevencija-je-kljuc-misli-na-sebe\\\/#primaryimage\",\"url\":\"https:\\\/\\\/dmcsrb.com\\\/wp-content\\\/uploads\\\/2026\\\/01\\\/ministarstvo-zdravlja-1000x555-1.webp\",\"contentUrl\":\"https:\\\/\\\/dmcsrb.com\\\/wp-content\\\/uploads\\\/2026\\\/01\\\/ministarstvo-zdravlja-1000x555-1.webp\",\"width\":1000,\"height\":555},{\"@type\":\"BreadcrumbList\",\"@id\":\"https:\\\/\\\/dmcsrb.com\\\/drustvo\\\/pocela-kampanja-prevencija-je-kljuc-misli-na-sebe\\\/#breadcrumb\",\"itemListElement\":[{\"@type\":\"ListItem\",\"position\":1,\"name\":\"Home\",\"item\":\"https:\\\/\\\/dmcsrb.com\\\/\"},{\"@type\":\"ListItem\",\"position\":2,\"name\":\"Po\u010dela kampanja \u201ePrevencija je klju\u010d \u2013 misli na sebe\u201c\"}]},{\"@type\":\"WebSite\",\"@id\":\"https:\\\/\\\/dmcsrb.com\\\/#website\",\"url\":\"https:\\\/\\\/dmcsrb.com\\\/\",\"name\":\"dmcsrb.com\",\"description\":\"\",\"potentialAction\":[{\"@type\":\"SearchAction\",\"target\":{\"@type\":\"EntryPoint\",\"urlTemplate\":\"https:\\\/\\\/dmcsrb.com\\\/?s={search_term_string}\"},\"query-input\":{\"@type\":\"PropertyValueSpecification\",\"valueRequired\":true,\"valueName\":\"search_term_string\"}}],\"inLanguage\":\"en-GB\"},{\"@type\":\"Person\",\"@id\":\"https:\\\/\\\/dmcsrb.com\\\/#\\\/schema\\\/person\\\/5c39170f12db1b8b457732d0b5c854e2\",\"name\":\"dmcsrbija.com@gmail.com\",\"image\":{\"@type\":\"ImageObject\",\"inLanguage\":\"en-GB\",\"@id\":\"https:\\\/\\\/secure.gravatar.com\\\/avatar\\\/68592660ad6347fad0fb587f8d5d8f1a7b44961362f56e4f2cd524feb87e9069?s=96&d=mm&r=g\",\"url\":\"https:\\\/\\\/secure.gravatar.com\\\/avatar\\\/68592660ad6347fad0fb587f8d5d8f1a7b44961362f56e4f2cd524feb87e9069?s=96&d=mm&r=g\",\"contentUrl\":\"https:\\\/\\\/secure.gravatar.com\\\/avatar\\\/68592660ad6347fad0fb587f8d5d8f1a7b44961362f56e4f2cd524feb87e9069?s=96&d=mm&r=g\",\"caption\":\"dmcsrbija.com@gmail.com\"},\"sameAs\":[\"https:\\\/\\\/dmcsrb.com\"],\"url\":\"https:\\\/\\\/dmcsrb.com\\\/en\\\/author\\\/dmcsrbija-comgmail-com\\\/\"}]}<\/script>\n<!-- \/ Yoast SEO plugin. -->","yoast_head_json":{"title":"Po\u010dela kampanja \u201ePrevencija je klju\u010d \u2013 misli na sebe\u201c - dmcsrb.com","robots":{"index":"index","follow":"follow","max-snippet":"max-snippet:-1","max-image-preview":"max-image-preview:large","max-video-preview":"max-video-preview:-1"},"canonical":"https:\/\/dmcsrb.com\/en\/drustvo\/pocela-kampanja-prevencija-je-kljuc-misli-na-sebe\/","og_locale":"en_GB","og_type":"article","og_title":"Po\u010dela kampanja \u201ePrevencija je klju\u010d \u2013 misli na sebe\u201c - dmcsrb.com","og_description":"Ministarstvo zdravlja obavje\u0161tava javnost da je zvani\u010dno po\u010dela kampanja \u201ePrevencija je klju\u010d \u2013 misli na sebe\u201c, povodom obilje\u017eavanja \u201cRu\u017ei\u010dastog oktobra\u201d \u2013 mjeseca posve\u0107enog prevenciji raka dojke, saop\u0161teno je iz Ministarstva zdravlja.","og_url":"https:\/\/dmcsrb.com\/en\/drustvo\/pocela-kampanja-prevencija-je-kljuc-misli-na-sebe\/","og_site_name":"dmcsrb.com","article_published_time":"2025-10-01T13:00:00+00:00","og_image":[{"width":1000,"height":555,"url":"https:\/\/dmcsrb.com\/wp-content\/uploads\/2026\/01\/ministarstvo-zdravlja-1000x555-1.webp","type":"image\/jpeg"}],"author":"dmcsrbija.com@gmail.com","twitter_card":"summary_large_image","twitter_misc":{"Written by":"dmcsrbija.com@gmail.com","Estimated reading time":"1 minute"},"schema":{"@context":"https:\/\/schema.org","@graph":[{"@type":"Article","@id":"https:\/\/dmcsrb.com\/drustvo\/pocela-kampanja-prevencija-je-kljuc-misli-na-sebe\/#article","isPartOf":{"@id":"https:\/\/dmcsrb.com\/drustvo\/pocela-kampanja-prevencija-je-kljuc-misli-na-sebe\/"},"author":{"name":"dmcsrbija.com@gmail.com","@id":"https:\/\/dmcsrb.com\/#\/schema\/person\/5c39170f12db1b8b457732d0b5c854e2"},"headline":"Po\u010dela kampanja \u201ePrevencija je klju\u010d \u2013 misli na sebe\u201c","datePublished":"2025-10-01T13:00:00+00:00","mainEntityOfPage":{"@id":"https:\/\/dmcsrb.com\/drustvo\/pocela-kampanja-prevencija-je-kljuc-misli-na-sebe\/"},"wordCount":170,"commentCount":0,"image":{"@id":"https:\/\/dmcsrb.com\/drustvo\/pocela-kampanja-prevencija-je-kljuc-misli-na-sebe\/#primaryimage"},"thumbnailUrl":"https:\/\/dmcsrb.com\/wp-content\/uploads\/2026\/01\/ministarstvo-zdravlja-1000x555-1.webp","keywords":["''Prevencija je klju\u010d - misli na sebe''","Kampanja"],"articleSection":["Dru\u0161tvo"],"inLanguage":"en-GB","potentialAction":[{"@type":"CommentAction","name":"Comment","target":["https:\/\/dmcsrb.com\/drustvo\/pocela-kampanja-prevencija-je-kljuc-misli-na-sebe\/#respond"]}]},{"@type":"WebPage","@id":"https:\/\/dmcsrb.com\/drustvo\/pocela-kampanja-prevencija-je-kljuc-misli-na-sebe\/","url":"https:\/\/dmcsrb.com\/drustvo\/pocela-kampanja-prevencija-je-kljuc-misli-na-sebe\/","name":"Po\u010dela kampanja \u201ePrevencija je klju\u010d \u2013 misli na sebe\u201c - dmcsrb.com","isPartOf":{"@id":"https:\/\/dmcsrb.com\/#website"},"primaryImageOfPage":{"@id":"https:\/\/dmcsrb.com\/drustvo\/pocela-kampanja-prevencija-je-kljuc-misli-na-sebe\/#primaryimage"},"image":{"@id":"https:\/\/dmcsrb.com\/drustvo\/pocela-kampanja-prevencija-je-kljuc-misli-na-sebe\/#primaryimage"},"thumbnailUrl":"https:\/\/dmcsrb.com\/wp-content\/uploads\/2026\/01\/ministarstvo-zdravlja-1000x555-1.webp","datePublished":"2025-10-01T13:00:00+00:00","author":{"@id":"https:\/\/dmcsrb.com\/#\/schema\/person\/5c39170f12db1b8b457732d0b5c854e2"},"breadcrumb":{"@id":"https:\/\/dmcsrb.com\/drustvo\/pocela-kampanja-prevencija-je-kljuc-misli-na-sebe\/#breadcrumb"},"inLanguage":"en-GB","potentialAction":[{"@type":"ReadAction","target":["https:\/\/dmcsrb.com\/drustvo\/pocela-kampanja-prevencija-je-kljuc-misli-na-sebe\/"]}]},{"@type":"ImageObject","inLanguage":"en-GB","@id":"https:\/\/dmcsrb.com\/drustvo\/pocela-kampanja-prevencija-je-kljuc-misli-na-sebe\/#primaryimage","url":"https:\/\/dmcsrb.com\/wp-content\/uploads\/2026\/01\/ministarstvo-zdravlja-1000x555-1.webp","contentUrl":"https:\/\/dmcsrb.com\/wp-content\/uploads\/2026\/01\/ministarstvo-zdravlja-1000x555-1.webp","width":1000,"height":555},{"@type":"BreadcrumbList","@id":"https:\/\/dmcsrb.com\/drustvo\/pocela-kampanja-prevencija-je-kljuc-misli-na-sebe\/#breadcrumb","itemListElement":[{"@type":"ListItem","position":1,"name":"Home","item":"https:\/\/dmcsrb.com\/"},{"@type":"ListItem","position":2,"name":"Po\u010dela kampanja \u201ePrevencija je klju\u010d \u2013 misli na sebe\u201c"}]},{"@type":"WebSite","@id":"https:\/\/dmcsrb.com\/#website","url":"https:\/\/dmcsrb.com\/","name":"dmcsrb.com","description":"","potentialAction":[{"@type":"SearchAction","target":{"@type":"EntryPoint","urlTemplate":"https:\/\/dmcsrb.com\/?s={search_term_string}"},"query-input":{"@type":"PropertyValueSpecification","valueRequired":true,"valueName":"search_term_string"}}],"inLanguage":"en-GB"},{"@type":"Person","@id":"https:\/\/dmcsrb.com\/#\/schema\/person\/5c39170f12db1b8b457732d0b5c854e2","name":"dmcsrbija.com@gmail.com","image":{"@type":"ImageObject","inLanguage":"en-GB","@id":"https:\/\/secure.gravatar.com\/avatar\/68592660ad6347fad0fb587f8d5d8f1a7b44961362f56e4f2cd524feb87e9069?s=96&d=mm&r=g","url":"https:\/\/secure.gravatar.com\/avatar\/68592660ad6347fad0fb587f8d5d8f1a7b44961362f56e4f2cd524feb87e9069?s=96&d=mm&r=g","contentUrl":"https:\/\/secure.gravatar.com\/avatar\/68592660ad6347fad0fb587f8d5d8f1a7b44961362f56e4f2cd524feb87e9069?s=96&d=mm&r=g","caption":"dmcsrbija.com@gmail.com"},"sameAs":["https:\/\/dmcsrb.com"],"url":"https:\/\/dmcsrb.com\/en\/author\/dmcsrbija-comgmail-com\/"}]}},"_links":{"self":[{"href":"https:\/\/dmcsrb.com\/en\/wp-json\/wp\/v2\/posts\/955164","targetHints":{"allow":["GET"]}}],"collection":[{"href":"https:\/\/dmcsrb.com\/en\/wp-json\/wp\/v2\/posts"}],"about":[{"href":"https:\/\/dmcsrb.com\/en\/wp-json\/wp\/v2\/types\/post"}],"author":[{"embeddable":true,"href":"https:\/\/dmcsrb.com\/en\/wp-json\/wp\/v2\/users\/1"}],"replies":[{"embeddable":true,"href":"https:\/\/dmcsrb.com\/en\/wp-json\/wp\/v2\/comments?post=955164"}],"version-history":[{"count":0,"href":"https:\/\/dmcsrb.com\/en\/wp-json\/wp\/v2\/posts\/955164\/revisions"}],"wp:featuredmedia":[{"embeddable":true,"href":"https:\/\/dmcsrb.com\/en\/wp-json\/wp\/v2\/media\/949861"}],"wp:attachment":[{"href":"https:\/\/dmcsrb.com\/en\/wp-json\/wp\/v2\/media?parent=955164"}],"wp:term":[{"taxonomy":"category","embeddable":true,"href":"https:\/\/dmcsrb.com\/en\/wp-json\/wp\/v2\/categories?post=955164"},{"taxonomy":"post_tag","embeddable":true,"href":"https:\/\/dmcsrb.com\/en\/wp-json\/wp\/v2\/tags?post=955164"},{"taxonomy":"naslovna","embeddable":true,"href":"https:\/\/dmcsrb.com\/en\/wp-json\/wp\/v2\/naslovna?post=955164"}],"curies":[{"name":"wp","href":"https:\/\/api.w.org\/{rel}","templated":true}]}}