{"id":955147,"date":"2025-10-01T15:06:00","date_gmt":"2025-10-01T13:06:00","guid":{"rendered":"https:\/\/dmcsrb.com\/uncategorized\/dukaj-sa-gasijem-podrska-demokratskim-promjenama\/"},"modified":"2025-10-01T15:06:00","modified_gmt":"2025-10-01T13:06:00","slug":"dukaj-sa-gasijem-podrska-demokratskim-promjenama","status":"publish","type":"post","link":"https:\/\/dmcsrb.com\/en\/politika\/dukaj-sa-gasijem-podrska-demokratskim-promjenama\/","title":{"rendered":"Dukaj sa Ga\u0161ijem: Podr\u0161ka demokratskim promjenama"},"content":{"rendered":"<p><\/p>\n\n\n\n<p><\/p>\n\n\n\n<p>Ministar Dukaj je predsjednika Skup\u0161tine upoznao sa ciljevima, prioritetima i zadacima Ministarstva javne uprave, kao \u0161to je proces reforme javne uprave, sajber bezbjednosti, decentralizacija i ja\u010danje sistema lokalne samouprave u Crnoj Gori.<\/p>\n\n\n\n<p>Govorio je o koracima koje Ministarstvo javne uprave, na \u010dijem je \u010delu, preduzima da bi se izborno zakonodavstvo izmijenilo i unaprijedile lokalne samouprave, kao nosioci vlasti koja je u direktnom odnosu sa gra\u0111anima.<\/p>\n\n\n\n<p>\u201eU cilju postizanja standarda naprednih zemalja, isti\u010dem da je usvojeno nekoliko va\u017enih zakona iz na\u0161e nadle\u017enosti, a drugi, koji su od su\u0161tinskog zna\u010daja za demokratski razvoj, su u procesu usvajanja. Sa posebnom pa\u017enjom smo posve\u0107eni razvoju lokalnih uprava, a Ministarstvo je podnijelo Skup\u0161tini dvije inicijative: Svi lokalni izbori u istom danu i direktan izbor predsjednika op\u0161tina i gradona\u010delnika. U saradnji sa Evropskom komisijom kreiramo nove i modifikujemo postoje\u0107e mehanizme direktne i kvalitetne podr\u0161ke lokalnim samoupravama kao nosiocima vlasti u direktnom odnosu sa gra\u0111anima\u201c, kazao je, izme\u0111u ostalog, ministar Dukaj.<\/p>\n\n\n\n<p>Dukaj je istakao da dvije zemlje ba\u0161tine tradicionalno dobre i prijateljske odnose i da postoji prostor za produbljivanje saradnje u oblasti reforme javne uprave.<\/p>\n\n\n\n<p>\u201eSaradnja dvije zemlje, koje te\u017ee zajedni\u010dkom cilju, daje nam snagu za brze promjene koje se od nas o\u010dekuju u predpristupnim pregovorima sa EU\u201c, kazao je Ga\u0161i.<\/p>\n\n\n\n<p>Predsjednik Skup\u0161tine, Afrim Ga\u0161i, se zahvalio ministru Dukaju na posjeti, pozdravio napore Crne Gore na putu ka Evropskoj uniji i istakao potrebu za unapre\u0111enje institucionalne saradnje u relevantnim oblastima.<\/p>","protected":false},"excerpt":{"rendered":"<p>Ministar javne uprave, Mara\u0161 Dukaj, tokom zvani\u010dne posjete Sjevernoj Makedoniji sastao se sa predsjednikom Skup\u0161tine Sjeverne Makedonije, Afrimom Ga\u0161ijem.<\/p>","protected":false},"author":1,"featured_media":955148,"comment_status":"open","ping_status":"open","sticky":false,"template":"","format":"standard","meta":{"_acf_changed":false,"footnotes":""},"categories":[12],"tags":[130,998],"naslovna":[],"class_list":["post-955147","post","type-post","status-publish","format-standard","has-post-thumbnail","hentry","category-politika","tag-maras-dukaj","tag-ministarstvo-javne-uprave"],"acf":[],"yoast_head":"<!-- This site is optimized with the Yoast SEO plugin v27.4 - https:\/\/yoast.com\/product\/yoast-seo-wordpress\/ -->\n<title>Dukaj sa Ga\u0161ijem: Podr\u0161ka demokratskim promjenama - dmcsrb.com<\/title>\n<meta name=\"robots\" content=\"index, follow, max-snippet:-1, max-image-preview:large, max-video-preview:-1\" \/>\n<link rel=\"canonical\" href=\"https:\/\/dmcsrb.com\/en\/politika\/dukaj-sa-gasijem-podrska-demokratskim-promjenama\/\" \/>\n<meta property=\"og:locale\" content=\"en_GB\" \/>\n<meta property=\"og:type\" content=\"article\" \/>\n<meta property=\"og:title\" content=\"Dukaj sa Ga\u0161ijem: Podr\u0161ka demokratskim promjenama - dmcsrb.com\" \/>\n<meta property=\"og:description\" content=\"Ministar javne uprave, Mara\u0161 Dukaj, tokom zvani\u010dne posjete Sjevernoj Makedoniji sastao se sa predsjednikom Skup\u0161tine Sjeverne Makedonije, Afrimom Ga\u0161ijem.\" \/>\n<meta property=\"og:url\" content=\"https:\/\/dmcsrb.com\/en\/politika\/dukaj-sa-gasijem-podrska-demokratskim-promjenama\/\" \/>\n<meta property=\"og:site_name\" content=\"dmcsrb.com\" \/>\n<meta property=\"article:published_time\" content=\"2025-10-01T13:06:00+00:00\" \/>\n<meta property=\"og:image\" content=\"https:\/\/dmcsrb.com\/wp-content\/uploads\/2026\/01\/Dukaj-i-Gasi-foto-MJU.webp\" \/>\n\t<meta property=\"og:image:width\" content=\"1134\" \/>\n\t<meta property=\"og:image:height\" content=\"691\" \/>\n\t<meta property=\"og:image:type\" content=\"image\/jpeg\" \/>\n<meta name=\"author\" content=\"dmcsrbija.com@gmail.com\" \/>\n<meta name=\"twitter:card\" content=\"summary_large_image\" \/>\n<meta name=\"twitter:label1\" content=\"Written by\" \/>\n\t<meta name=\"twitter:data1\" content=\"dmcsrbija.com@gmail.com\" \/>\n\t<meta name=\"twitter:label2\" content=\"Estimated reading time\" \/>\n\t<meta name=\"twitter:data2\" content=\"1 minute\" \/>\n<script type=\"application\/ld+json\" class=\"yoast-schema-graph\">{\"@context\":\"https:\\\/\\\/schema.org\",\"@graph\":[{\"@type\":\"Article\",\"@id\":\"https:\\\/\\\/dmcsrb.com\\\/politika\\\/dukaj-sa-gasijem-podrska-demokratskim-promjenama\\\/#article\",\"isPartOf\":{\"@id\":\"https:\\\/\\\/dmcsrb.com\\\/politika\\\/dukaj-sa-gasijem-podrska-demokratskim-promjenama\\\/\"},\"author\":{\"name\":\"dmcsrbija.com@gmail.com\",\"@id\":\"https:\\\/\\\/dmcsrb.com\\\/#\\\/schema\\\/person\\\/5c39170f12db1b8b457732d0b5c854e2\"},\"headline\":\"Dukaj sa Ga\u0161ijem: Podr\u0161ka demokratskim promjenama\",\"datePublished\":\"2025-10-01T13:06:00+00:00\",\"mainEntityOfPage\":{\"@id\":\"https:\\\/\\\/dmcsrb.com\\\/politika\\\/dukaj-sa-gasijem-podrska-demokratskim-promjenama\\\/\"},\"wordCount\":267,\"commentCount\":0,\"image\":{\"@id\":\"https:\\\/\\\/dmcsrb.com\\\/politika\\\/dukaj-sa-gasijem-podrska-demokratskim-promjenama\\\/#primaryimage\"},\"thumbnailUrl\":\"https:\\\/\\\/dmcsrb.com\\\/wp-content\\\/uploads\\\/2026\\\/01\\\/Dukaj-i-Gasi-foto-MJU.webp\",\"keywords\":[\"Mara\u0161 Dukaj\",\"MINISTARSTVO JAVNE UPRAVE\"],\"articleSection\":[\"Politika\"],\"inLanguage\":\"en-GB\",\"potentialAction\":[{\"@type\":\"CommentAction\",\"name\":\"Comment\",\"target\":[\"https:\\\/\\\/dmcsrb.com\\\/politika\\\/dukaj-sa-gasijem-podrska-demokratskim-promjenama\\\/#respond\"]}]},{\"@type\":\"WebPage\",\"@id\":\"https:\\\/\\\/dmcsrb.com\\\/politika\\\/dukaj-sa-gasijem-podrska-demokratskim-promjenama\\\/\",\"url\":\"https:\\\/\\\/dmcsrb.com\\\/politika\\\/dukaj-sa-gasijem-podrska-demokratskim-promjenama\\\/\",\"name\":\"Dukaj sa Ga\u0161ijem: Podr\u0161ka demokratskim promjenama - dmcsrb.com\",\"isPartOf\":{\"@id\":\"https:\\\/\\\/dmcsrb.com\\\/#website\"},\"primaryImageOfPage\":{\"@id\":\"https:\\\/\\\/dmcsrb.com\\\/politika\\\/dukaj-sa-gasijem-podrska-demokratskim-promjenama\\\/#primaryimage\"},\"image\":{\"@id\":\"https:\\\/\\\/dmcsrb.com\\\/politika\\\/dukaj-sa-gasijem-podrska-demokratskim-promjenama\\\/#primaryimage\"},\"thumbnailUrl\":\"https:\\\/\\\/dmcsrb.com\\\/wp-content\\\/uploads\\\/2026\\\/01\\\/Dukaj-i-Gasi-foto-MJU.webp\",\"datePublished\":\"2025-10-01T13:06:00+00:00\",\"author\":{\"@id\":\"https:\\\/\\\/dmcsrb.com\\\/#\\\/schema\\\/person\\\/5c39170f12db1b8b457732d0b5c854e2\"},\"breadcrumb\":{\"@id\":\"https:\\\/\\\/dmcsrb.com\\\/politika\\\/dukaj-sa-gasijem-podrska-demokratskim-promjenama\\\/#breadcrumb\"},\"inLanguage\":\"en-GB\",\"potentialAction\":[{\"@type\":\"ReadAction\",\"target\":[\"https:\\\/\\\/dmcsrb.com\\\/politika\\\/dukaj-sa-gasijem-podrska-demokratskim-promjenama\\\/\"]}]},{\"@type\":\"ImageObject\",\"inLanguage\":\"en-GB\",\"@id\":\"https:\\\/\\\/dmcsrb.com\\\/politika\\\/dukaj-sa-gasijem-podrska-demokratskim-promjenama\\\/#primaryimage\",\"url\":\"https:\\\/\\\/dmcsrb.com\\\/wp-content\\\/uploads\\\/2026\\\/01\\\/Dukaj-i-Gasi-foto-MJU.webp\",\"contentUrl\":\"https:\\\/\\\/dmcsrb.com\\\/wp-content\\\/uploads\\\/2026\\\/01\\\/Dukaj-i-Gasi-foto-MJU.webp\",\"width\":1134,\"height\":691},{\"@type\":\"BreadcrumbList\",\"@id\":\"https:\\\/\\\/dmcsrb.com\\\/politika\\\/dukaj-sa-gasijem-podrska-demokratskim-promjenama\\\/#breadcrumb\",\"itemListElement\":[{\"@type\":\"ListItem\",\"position\":1,\"name\":\"Home\",\"item\":\"https:\\\/\\\/dmcsrb.com\\\/\"},{\"@type\":\"ListItem\",\"position\":2,\"name\":\"Dukaj sa Ga\u0161ijem: Podr\u0161ka demokratskim promjenama\"}]},{\"@type\":\"WebSite\",\"@id\":\"https:\\\/\\\/dmcsrb.com\\\/#website\",\"url\":\"https:\\\/\\\/dmcsrb.com\\\/\",\"name\":\"dmcsrb.com\",\"description\":\"\",\"potentialAction\":[{\"@type\":\"SearchAction\",\"target\":{\"@type\":\"EntryPoint\",\"urlTemplate\":\"https:\\\/\\\/dmcsrb.com\\\/?s={search_term_string}\"},\"query-input\":{\"@type\":\"PropertyValueSpecification\",\"valueRequired\":true,\"valueName\":\"search_term_string\"}}],\"inLanguage\":\"en-GB\"},{\"@type\":\"Person\",\"@id\":\"https:\\\/\\\/dmcsrb.com\\\/#\\\/schema\\\/person\\\/5c39170f12db1b8b457732d0b5c854e2\",\"name\":\"dmcsrbija.com@gmail.com\",\"image\":{\"@type\":\"ImageObject\",\"inLanguage\":\"en-GB\",\"@id\":\"https:\\\/\\\/secure.gravatar.com\\\/avatar\\\/68592660ad6347fad0fb587f8d5d8f1a7b44961362f56e4f2cd524feb87e9069?s=96&d=mm&r=g\",\"url\":\"https:\\\/\\\/secure.gravatar.com\\\/avatar\\\/68592660ad6347fad0fb587f8d5d8f1a7b44961362f56e4f2cd524feb87e9069?s=96&d=mm&r=g\",\"contentUrl\":\"https:\\\/\\\/secure.gravatar.com\\\/avatar\\\/68592660ad6347fad0fb587f8d5d8f1a7b44961362f56e4f2cd524feb87e9069?s=96&d=mm&r=g\",\"caption\":\"dmcsrbija.com@gmail.com\"},\"sameAs\":[\"https:\\\/\\\/dmcsrb.com\"],\"url\":\"https:\\\/\\\/dmcsrb.com\\\/en\\\/author\\\/dmcsrbija-comgmail-com\\\/\"}]}<\/script>\n<!-- \/ Yoast SEO plugin. -->","yoast_head_json":{"title":"Dukaj sa Ga\u0161ijem: Podr\u0161ka demokratskim promjenama - dmcsrb.com","robots":{"index":"index","follow":"follow","max-snippet":"max-snippet:-1","max-image-preview":"max-image-preview:large","max-video-preview":"max-video-preview:-1"},"canonical":"https:\/\/dmcsrb.com\/en\/politika\/dukaj-sa-gasijem-podrska-demokratskim-promjenama\/","og_locale":"en_GB","og_type":"article","og_title":"Dukaj sa Ga\u0161ijem: Podr\u0161ka demokratskim promjenama - dmcsrb.com","og_description":"Ministar javne uprave, Mara\u0161 Dukaj, tokom zvani\u010dne posjete Sjevernoj Makedoniji sastao se sa predsjednikom Skup\u0161tine Sjeverne Makedonije, Afrimom Ga\u0161ijem.","og_url":"https:\/\/dmcsrb.com\/en\/politika\/dukaj-sa-gasijem-podrska-demokratskim-promjenama\/","og_site_name":"dmcsrb.com","article_published_time":"2025-10-01T13:06:00+00:00","og_image":[{"width":1134,"height":691,"url":"https:\/\/dmcsrb.com\/wp-content\/uploads\/2026\/01\/Dukaj-i-Gasi-foto-MJU.webp","type":"image\/jpeg"}],"author":"dmcsrbija.com@gmail.com","twitter_card":"summary_large_image","twitter_misc":{"Written by":"dmcsrbija.com@gmail.com","Estimated reading time":"1 minute"},"schema":{"@context":"https:\/\/schema.org","@graph":[{"@type":"Article","@id":"https:\/\/dmcsrb.com\/politika\/dukaj-sa-gasijem-podrska-demokratskim-promjenama\/#article","isPartOf":{"@id":"https:\/\/dmcsrb.com\/politika\/dukaj-sa-gasijem-podrska-demokratskim-promjenama\/"},"author":{"name":"dmcsrbija.com@gmail.com","@id":"https:\/\/dmcsrb.com\/#\/schema\/person\/5c39170f12db1b8b457732d0b5c854e2"},"headline":"Dukaj sa Ga\u0161ijem: Podr\u0161ka demokratskim promjenama","datePublished":"2025-10-01T13:06:00+00:00","mainEntityOfPage":{"@id":"https:\/\/dmcsrb.com\/politika\/dukaj-sa-gasijem-podrska-demokratskim-promjenama\/"},"wordCount":267,"commentCount":0,"image":{"@id":"https:\/\/dmcsrb.com\/politika\/dukaj-sa-gasijem-podrska-demokratskim-promjenama\/#primaryimage"},"thumbnailUrl":"https:\/\/dmcsrb.com\/wp-content\/uploads\/2026\/01\/Dukaj-i-Gasi-foto-MJU.webp","keywords":["Mara\u0161 Dukaj","MINISTARSTVO JAVNE UPRAVE"],"articleSection":["Politika"],"inLanguage":"en-GB","potentialAction":[{"@type":"CommentAction","name":"Comment","target":["https:\/\/dmcsrb.com\/politika\/dukaj-sa-gasijem-podrska-demokratskim-promjenama\/#respond"]}]},{"@type":"WebPage","@id":"https:\/\/dmcsrb.com\/politika\/dukaj-sa-gasijem-podrska-demokratskim-promjenama\/","url":"https:\/\/dmcsrb.com\/politika\/dukaj-sa-gasijem-podrska-demokratskim-promjenama\/","name":"Dukaj sa Ga\u0161ijem: Podr\u0161ka demokratskim promjenama - dmcsrb.com","isPartOf":{"@id":"https:\/\/dmcsrb.com\/#website"},"primaryImageOfPage":{"@id":"https:\/\/dmcsrb.com\/politika\/dukaj-sa-gasijem-podrska-demokratskim-promjenama\/#primaryimage"},"image":{"@id":"https:\/\/dmcsrb.com\/politika\/dukaj-sa-gasijem-podrska-demokratskim-promjenama\/#primaryimage"},"thumbnailUrl":"https:\/\/dmcsrb.com\/wp-content\/uploads\/2026\/01\/Dukaj-i-Gasi-foto-MJU.webp","datePublished":"2025-10-01T13:06:00+00:00","author":{"@id":"https:\/\/dmcsrb.com\/#\/schema\/person\/5c39170f12db1b8b457732d0b5c854e2"},"breadcrumb":{"@id":"https:\/\/dmcsrb.com\/politika\/dukaj-sa-gasijem-podrska-demokratskim-promjenama\/#breadcrumb"},"inLanguage":"en-GB","potentialAction":[{"@type":"ReadAction","target":["https:\/\/dmcsrb.com\/politika\/dukaj-sa-gasijem-podrska-demokratskim-promjenama\/"]}]},{"@type":"ImageObject","inLanguage":"en-GB","@id":"https:\/\/dmcsrb.com\/politika\/dukaj-sa-gasijem-podrska-demokratskim-promjenama\/#primaryimage","url":"https:\/\/dmcsrb.com\/wp-content\/uploads\/2026\/01\/Dukaj-i-Gasi-foto-MJU.webp","contentUrl":"https:\/\/dmcsrb.com\/wp-content\/uploads\/2026\/01\/Dukaj-i-Gasi-foto-MJU.webp","width":1134,"height":691},{"@type":"BreadcrumbList","@id":"https:\/\/dmcsrb.com\/politika\/dukaj-sa-gasijem-podrska-demokratskim-promjenama\/#breadcrumb","itemListElement":[{"@type":"ListItem","position":1,"name":"Home","item":"https:\/\/dmcsrb.com\/"},{"@type":"ListItem","position":2,"name":"Dukaj sa Ga\u0161ijem: Podr\u0161ka demokratskim promjenama"}]},{"@type":"WebSite","@id":"https:\/\/dmcsrb.com\/#website","url":"https:\/\/dmcsrb.com\/","name":"dmcsrb.com","description":"","potentialAction":[{"@type":"SearchAction","target":{"@type":"EntryPoint","urlTemplate":"https:\/\/dmcsrb.com\/?s={search_term_string}"},"query-input":{"@type":"PropertyValueSpecification","valueRequired":true,"valueName":"search_term_string"}}],"inLanguage":"en-GB"},{"@type":"Person","@id":"https:\/\/dmcsrb.com\/#\/schema\/person\/5c39170f12db1b8b457732d0b5c854e2","name":"dmcsrbija.com@gmail.com","image":{"@type":"ImageObject","inLanguage":"en-GB","@id":"https:\/\/secure.gravatar.com\/avatar\/68592660ad6347fad0fb587f8d5d8f1a7b44961362f56e4f2cd524feb87e9069?s=96&d=mm&r=g","url":"https:\/\/secure.gravatar.com\/avatar\/68592660ad6347fad0fb587f8d5d8f1a7b44961362f56e4f2cd524feb87e9069?s=96&d=mm&r=g","contentUrl":"https:\/\/secure.gravatar.com\/avatar\/68592660ad6347fad0fb587f8d5d8f1a7b44961362f56e4f2cd524feb87e9069?s=96&d=mm&r=g","caption":"dmcsrbija.com@gmail.com"},"sameAs":["https:\/\/dmcsrb.com"],"url":"https:\/\/dmcsrb.com\/en\/author\/dmcsrbija-comgmail-com\/"}]}},"_links":{"self":[{"href":"https:\/\/dmcsrb.com\/en\/wp-json\/wp\/v2\/posts\/955147","targetHints":{"allow":["GET"]}}],"collection":[{"href":"https:\/\/dmcsrb.com\/en\/wp-json\/wp\/v2\/posts"}],"about":[{"href":"https:\/\/dmcsrb.com\/en\/wp-json\/wp\/v2\/types\/post"}],"author":[{"embeddable":true,"href":"https:\/\/dmcsrb.com\/en\/wp-json\/wp\/v2\/users\/1"}],"replies":[{"embeddable":true,"href":"https:\/\/dmcsrb.com\/en\/wp-json\/wp\/v2\/comments?post=955147"}],"version-history":[{"count":0,"href":"https:\/\/dmcsrb.com\/en\/wp-json\/wp\/v2\/posts\/955147\/revisions"}],"wp:featuredmedia":[{"embeddable":true,"href":"https:\/\/dmcsrb.com\/en\/wp-json\/wp\/v2\/media\/955148"}],"wp:attachment":[{"href":"https:\/\/dmcsrb.com\/en\/wp-json\/wp\/v2\/media?parent=955147"}],"wp:term":[{"taxonomy":"category","embeddable":true,"href":"https:\/\/dmcsrb.com\/en\/wp-json\/wp\/v2\/categories?post=955147"},{"taxonomy":"post_tag","embeddable":true,"href":"https:\/\/dmcsrb.com\/en\/wp-json\/wp\/v2\/tags?post=955147"},{"taxonomy":"naslovna","embeddable":true,"href":"https:\/\/dmcsrb.com\/en\/wp-json\/wp\/v2\/naslovna?post=955147"}],"curies":[{"name":"wp","href":"https:\/\/api.w.org\/{rel}","templated":true}]}}