{"id":955095,"date":"2025-10-01T12:12:00","date_gmt":"2025-10-01T10:12:00","guid":{"rendered":"https:\/\/dmcsrb.com\/uncategorized\/klikovac-jos-jedna-podjela-plijena\/"},"modified":"2025-10-01T12:12:00","modified_gmt":"2025-10-01T10:12:00","slug":"klikovac-jos-jedna-podjela-plijena","status":"publish","type":"post","link":"https:\/\/dmcsrb.com\/en\/podgorica\/klikovac-jos-jedna-podjela-plijena\/","title":{"rendered":"Klikovac: Jo\u0161 jedna podjela plijena"},"content":{"rendered":"<p><\/p>\n\n\n\n<p><\/p>\n\n\n\n<p>&#8220;Jo\u0161 jedna podjela politi\u010dkog plijena. Podjela je izvr\u0161ena na sastanku \u0161efova odborni\u010dkih klubova vlasti, uz saglasnost partijskih centrala. Ostaje jedino dilema je li DNP predlo\u017eio svoje kandidate ili je ve\u0107 odustao od svog kola\u010da vlasti na lokalnom nivou? PS &#8211; kome je pripala teritorija Dajbaba, katastarske parcele dje se gradi kolektor?&#8221;, upitao je Klkovac na mre\u017ei X. <\/p>\n\n\n\n<p><\/p>","protected":false},"excerpt":{"rendered":"<p>Odbornik DPS-a u Skup\u0161tini Glavnog grada Andrija Klikovac je kazao da kandidati za VD predsjednike mjesnih zajednica u Podgorici su odabrani na osnovu koalicionog sporazuma partija lokalne vlasti.<\/p>","protected":false},"author":1,"featured_media":946152,"comment_status":"open","ping_status":"open","sticky":false,"template":"","format":"standard","meta":{"_acf_changed":false,"footnotes":""},"categories":[56],"tags":[2038,63,2546,9878],"naslovna":[],"class_list":["post-955095","post","type-post","status-publish","format-standard","has-post-thumbnail","hentry","category-podgorica","tag-andrija-klikovac","tag-dps","tag-mjesne-zajednice","tag-plijen"],"acf":[],"yoast_head":"<!-- This site is optimized with the Yoast SEO plugin v27.0 - https:\/\/yoast.com\/product\/yoast-seo-wordpress\/ -->\n<title>Klikovac: Jo\u0161 jedna podjela plijena - dmcsrb.com<\/title>\n<meta name=\"robots\" content=\"index, follow, max-snippet:-1, max-image-preview:large, max-video-preview:-1\" \/>\n<link rel=\"canonical\" href=\"https:\/\/dmcsrb.com\/en\/podgorica\/klikovac-jos-jedna-podjela-plijena\/\" \/>\n<meta property=\"og:locale\" content=\"en_GB\" \/>\n<meta property=\"og:type\" content=\"article\" \/>\n<meta property=\"og:title\" content=\"Klikovac: Jo\u0161 jedna podjela plijena - dmcsrb.com\" \/>\n<meta property=\"og:description\" content=\"Odbornik DPS-a u Skup\u0161tini Glavnog grada Andrija Klikovac je kazao da kandidati za VD predsjednike mjesnih zajednica u Podgorici su odabrani na osnovu koalicionog sporazuma partija lokalne vlasti.\" \/>\n<meta property=\"og:url\" content=\"https:\/\/dmcsrb.com\/en\/podgorica\/klikovac-jos-jedna-podjela-plijena\/\" \/>\n<meta property=\"og:site_name\" content=\"dmcsrb.com\" \/>\n<meta property=\"article:published_time\" content=\"2025-10-01T10:12:00+00:00\" \/>\n<meta property=\"og:image\" content=\"https:\/\/dmcsrb.com\/wp-content\/uploads\/2026\/01\/5310927_andrija-klikovac_ls.webp\" \/>\n\t<meta property=\"og:image:width\" content=\"1000\" \/>\n\t<meta property=\"og:image:height\" content=\"666\" \/>\n\t<meta property=\"og:image:type\" content=\"image\/jpeg\" \/>\n<meta name=\"author\" content=\"dmcsrbija.com@gmail.com\" \/>\n<meta name=\"twitter:card\" content=\"summary_large_image\" \/>\n<meta name=\"twitter:label1\" content=\"Written by\" \/>\n\t<meta name=\"twitter:data1\" content=\"dmcsrbija.com@gmail.com\" \/>\n<script type=\"application\/ld+json\" class=\"yoast-schema-graph\">{\"@context\":\"https:\/\/schema.org\",\"@graph\":[{\"@type\":\"Article\",\"@id\":\"https:\/\/dmcsrb.com\/podgorica\/klikovac-jos-jedna-podjela-plijena\/#article\",\"isPartOf\":{\"@id\":\"https:\/\/dmcsrb.com\/podgorica\/klikovac-jos-jedna-podjela-plijena\/\"},\"author\":{\"name\":\"dmcsrbija.com@gmail.com\",\"@id\":\"https:\/\/dmcsrb.com\/#\/schema\/person\/5c39170f12db1b8b457732d0b5c854e2\"},\"headline\":\"Klikovac: Jo\u0161 jedna podjela plijena\",\"datePublished\":\"2025-10-01T10:12:00+00:00\",\"mainEntityOfPage\":{\"@id\":\"https:\/\/dmcsrb.com\/podgorica\/klikovac-jos-jedna-podjela-plijena\/\"},\"wordCount\":68,\"commentCount\":0,\"image\":{\"@id\":\"https:\/\/dmcsrb.com\/podgorica\/klikovac-jos-jedna-podjela-plijena\/#primaryimage\"},\"thumbnailUrl\":\"https:\/\/dmcsrb.com\/wp-content\/uploads\/2026\/01\/5310927_andrija-klikovac_ls.webp\",\"keywords\":[\"Andrija Klikovac\",\"DPS\",\"mjesne zajednice\",\"plijen\"],\"articleSection\":[\"Podgorica\"],\"inLanguage\":\"en-GB\",\"potentialAction\":[{\"@type\":\"CommentAction\",\"name\":\"Comment\",\"target\":[\"https:\/\/dmcsrb.com\/podgorica\/klikovac-jos-jedna-podjela-plijena\/#respond\"]}]},{\"@type\":\"WebPage\",\"@id\":\"https:\/\/dmcsrb.com\/podgorica\/klikovac-jos-jedna-podjela-plijena\/\",\"url\":\"https:\/\/dmcsrb.com\/podgorica\/klikovac-jos-jedna-podjela-plijena\/\",\"name\":\"Klikovac: Jo\u0161 jedna podjela plijena - dmcsrb.com\",\"isPartOf\":{\"@id\":\"https:\/\/dmcsrb.com\/#website\"},\"primaryImageOfPage\":{\"@id\":\"https:\/\/dmcsrb.com\/podgorica\/klikovac-jos-jedna-podjela-plijena\/#primaryimage\"},\"image\":{\"@id\":\"https:\/\/dmcsrb.com\/podgorica\/klikovac-jos-jedna-podjela-plijena\/#primaryimage\"},\"thumbnailUrl\":\"https:\/\/dmcsrb.com\/wp-content\/uploads\/2026\/01\/5310927_andrija-klikovac_ls.webp\",\"datePublished\":\"2025-10-01T10:12:00+00:00\",\"author\":{\"@id\":\"https:\/\/dmcsrb.com\/#\/schema\/person\/5c39170f12db1b8b457732d0b5c854e2\"},\"breadcrumb\":{\"@id\":\"https:\/\/dmcsrb.com\/podgorica\/klikovac-jos-jedna-podjela-plijena\/#breadcrumb\"},\"inLanguage\":\"en-GB\",\"potentialAction\":[{\"@type\":\"ReadAction\",\"target\":[\"https:\/\/dmcsrb.com\/podgorica\/klikovac-jos-jedna-podjela-plijena\/\"]}]},{\"@type\":\"ImageObject\",\"inLanguage\":\"en-GB\",\"@id\":\"https:\/\/dmcsrb.com\/podgorica\/klikovac-jos-jedna-podjela-plijena\/#primaryimage\",\"url\":\"https:\/\/dmcsrb.com\/wp-content\/uploads\/2026\/01\/5310927_andrija-klikovac_ls.webp\",\"contentUrl\":\"https:\/\/dmcsrb.com\/wp-content\/uploads\/2026\/01\/5310927_andrija-klikovac_ls.webp\",\"width\":1000,\"height\":666},{\"@type\":\"BreadcrumbList\",\"@id\":\"https:\/\/dmcsrb.com\/podgorica\/klikovac-jos-jedna-podjela-plijena\/#breadcrumb\",\"itemListElement\":[{\"@type\":\"ListItem\",\"position\":1,\"name\":\"Home\",\"item\":\"https:\/\/dmcsrb.com\/\"},{\"@type\":\"ListItem\",\"position\":2,\"name\":\"Klikovac: Jo\u0161 jedna podjela plijena\"}]},{\"@type\":\"WebSite\",\"@id\":\"https:\/\/dmcsrb.com\/#website\",\"url\":\"https:\/\/dmcsrb.com\/\",\"name\":\"dmcsrb.com\",\"description\":\"\",\"potentialAction\":[{\"@type\":\"SearchAction\",\"target\":{\"@type\":\"EntryPoint\",\"urlTemplate\":\"https:\/\/dmcsrb.com\/?s={search_term_string}\"},\"query-input\":{\"@type\":\"PropertyValueSpecification\",\"valueRequired\":true,\"valueName\":\"search_term_string\"}}],\"inLanguage\":\"en-GB\"},{\"@type\":\"Person\",\"@id\":\"https:\/\/dmcsrb.com\/#\/schema\/person\/5c39170f12db1b8b457732d0b5c854e2\",\"name\":\"dmcsrbija.com@gmail.com\",\"image\":{\"@type\":\"ImageObject\",\"inLanguage\":\"en-GB\",\"@id\":\"https:\/\/dmcsrb.com\/#\/schema\/person\/image\/\",\"url\":\"https:\/\/secure.gravatar.com\/avatar\/68592660ad6347fad0fb587f8d5d8f1a7b44961362f56e4f2cd524feb87e9069?s=96&d=mm&r=g\",\"contentUrl\":\"https:\/\/secure.gravatar.com\/avatar\/68592660ad6347fad0fb587f8d5d8f1a7b44961362f56e4f2cd524feb87e9069?s=96&d=mm&r=g\",\"caption\":\"dmcsrbija.com@gmail.com\"},\"sameAs\":[\"https:\/\/dmcsrb.com\"],\"url\":\"https:\/\/dmcsrb.com\/en\/author\/dmcsrbija-comgmail-com\/\"}]}<\/script>\n<!-- \/ Yoast SEO plugin. -->","yoast_head_json":{"title":"Klikovac: Jo\u0161 jedna podjela plijena - dmcsrb.com","robots":{"index":"index","follow":"follow","max-snippet":"max-snippet:-1","max-image-preview":"max-image-preview:large","max-video-preview":"max-video-preview:-1"},"canonical":"https:\/\/dmcsrb.com\/en\/podgorica\/klikovac-jos-jedna-podjela-plijena\/","og_locale":"en_GB","og_type":"article","og_title":"Klikovac: Jo\u0161 jedna podjela plijena - dmcsrb.com","og_description":"Odbornik DPS-a u Skup\u0161tini Glavnog grada Andrija Klikovac je kazao da kandidati za VD predsjednike mjesnih zajednica u Podgorici su odabrani na osnovu koalicionog sporazuma partija lokalne vlasti.","og_url":"https:\/\/dmcsrb.com\/en\/podgorica\/klikovac-jos-jedna-podjela-plijena\/","og_site_name":"dmcsrb.com","article_published_time":"2025-10-01T10:12:00+00:00","og_image":[{"width":1000,"height":666,"url":"https:\/\/dmcsrb.com\/wp-content\/uploads\/2026\/01\/5310927_andrija-klikovac_ls.webp","type":"image\/jpeg"}],"author":"dmcsrbija.com@gmail.com","twitter_card":"summary_large_image","twitter_misc":{"Written by":"dmcsrbija.com@gmail.com"},"schema":{"@context":"https:\/\/schema.org","@graph":[{"@type":"Article","@id":"https:\/\/dmcsrb.com\/podgorica\/klikovac-jos-jedna-podjela-plijena\/#article","isPartOf":{"@id":"https:\/\/dmcsrb.com\/podgorica\/klikovac-jos-jedna-podjela-plijena\/"},"author":{"name":"dmcsrbija.com@gmail.com","@id":"https:\/\/dmcsrb.com\/#\/schema\/person\/5c39170f12db1b8b457732d0b5c854e2"},"headline":"Klikovac: Jo\u0161 jedna podjela plijena","datePublished":"2025-10-01T10:12:00+00:00","mainEntityOfPage":{"@id":"https:\/\/dmcsrb.com\/podgorica\/klikovac-jos-jedna-podjela-plijena\/"},"wordCount":68,"commentCount":0,"image":{"@id":"https:\/\/dmcsrb.com\/podgorica\/klikovac-jos-jedna-podjela-plijena\/#primaryimage"},"thumbnailUrl":"https:\/\/dmcsrb.com\/wp-content\/uploads\/2026\/01\/5310927_andrija-klikovac_ls.webp","keywords":["Andrija Klikovac","DPS","mjesne zajednice","plijen"],"articleSection":["Podgorica"],"inLanguage":"en-GB","potentialAction":[{"@type":"CommentAction","name":"Comment","target":["https:\/\/dmcsrb.com\/podgorica\/klikovac-jos-jedna-podjela-plijena\/#respond"]}]},{"@type":"WebPage","@id":"https:\/\/dmcsrb.com\/podgorica\/klikovac-jos-jedna-podjela-plijena\/","url":"https:\/\/dmcsrb.com\/podgorica\/klikovac-jos-jedna-podjela-plijena\/","name":"Klikovac: Jo\u0161 jedna podjela plijena - dmcsrb.com","isPartOf":{"@id":"https:\/\/dmcsrb.com\/#website"},"primaryImageOfPage":{"@id":"https:\/\/dmcsrb.com\/podgorica\/klikovac-jos-jedna-podjela-plijena\/#primaryimage"},"image":{"@id":"https:\/\/dmcsrb.com\/podgorica\/klikovac-jos-jedna-podjela-plijena\/#primaryimage"},"thumbnailUrl":"https:\/\/dmcsrb.com\/wp-content\/uploads\/2026\/01\/5310927_andrija-klikovac_ls.webp","datePublished":"2025-10-01T10:12:00+00:00","author":{"@id":"https:\/\/dmcsrb.com\/#\/schema\/person\/5c39170f12db1b8b457732d0b5c854e2"},"breadcrumb":{"@id":"https:\/\/dmcsrb.com\/podgorica\/klikovac-jos-jedna-podjela-plijena\/#breadcrumb"},"inLanguage":"en-GB","potentialAction":[{"@type":"ReadAction","target":["https:\/\/dmcsrb.com\/podgorica\/klikovac-jos-jedna-podjela-plijena\/"]}]},{"@type":"ImageObject","inLanguage":"en-GB","@id":"https:\/\/dmcsrb.com\/podgorica\/klikovac-jos-jedna-podjela-plijena\/#primaryimage","url":"https:\/\/dmcsrb.com\/wp-content\/uploads\/2026\/01\/5310927_andrija-klikovac_ls.webp","contentUrl":"https:\/\/dmcsrb.com\/wp-content\/uploads\/2026\/01\/5310927_andrija-klikovac_ls.webp","width":1000,"height":666},{"@type":"BreadcrumbList","@id":"https:\/\/dmcsrb.com\/podgorica\/klikovac-jos-jedna-podjela-plijena\/#breadcrumb","itemListElement":[{"@type":"ListItem","position":1,"name":"Home","item":"https:\/\/dmcsrb.com\/"},{"@type":"ListItem","position":2,"name":"Klikovac: Jo\u0161 jedna podjela plijena"}]},{"@type":"WebSite","@id":"https:\/\/dmcsrb.com\/#website","url":"https:\/\/dmcsrb.com\/","name":"dmcsrb.com","description":"","potentialAction":[{"@type":"SearchAction","target":{"@type":"EntryPoint","urlTemplate":"https:\/\/dmcsrb.com\/?s={search_term_string}"},"query-input":{"@type":"PropertyValueSpecification","valueRequired":true,"valueName":"search_term_string"}}],"inLanguage":"en-GB"},{"@type":"Person","@id":"https:\/\/dmcsrb.com\/#\/schema\/person\/5c39170f12db1b8b457732d0b5c854e2","name":"dmcsrbija.com@gmail.com","image":{"@type":"ImageObject","inLanguage":"en-GB","@id":"https:\/\/dmcsrb.com\/#\/schema\/person\/image\/","url":"https:\/\/secure.gravatar.com\/avatar\/68592660ad6347fad0fb587f8d5d8f1a7b44961362f56e4f2cd524feb87e9069?s=96&d=mm&r=g","contentUrl":"https:\/\/secure.gravatar.com\/avatar\/68592660ad6347fad0fb587f8d5d8f1a7b44961362f56e4f2cd524feb87e9069?s=96&d=mm&r=g","caption":"dmcsrbija.com@gmail.com"},"sameAs":["https:\/\/dmcsrb.com"],"url":"https:\/\/dmcsrb.com\/en\/author\/dmcsrbija-comgmail-com\/"}]}},"_links":{"self":[{"href":"https:\/\/dmcsrb.com\/en\/wp-json\/wp\/v2\/posts\/955095","targetHints":{"allow":["GET"]}}],"collection":[{"href":"https:\/\/dmcsrb.com\/en\/wp-json\/wp\/v2\/posts"}],"about":[{"href":"https:\/\/dmcsrb.com\/en\/wp-json\/wp\/v2\/types\/post"}],"author":[{"embeddable":true,"href":"https:\/\/dmcsrb.com\/en\/wp-json\/wp\/v2\/users\/1"}],"replies":[{"embeddable":true,"href":"https:\/\/dmcsrb.com\/en\/wp-json\/wp\/v2\/comments?post=955095"}],"version-history":[{"count":0,"href":"https:\/\/dmcsrb.com\/en\/wp-json\/wp\/v2\/posts\/955095\/revisions"}],"wp:featuredmedia":[{"embeddable":true,"href":"https:\/\/dmcsrb.com\/en\/wp-json\/wp\/v2\/media\/946152"}],"wp:attachment":[{"href":"https:\/\/dmcsrb.com\/en\/wp-json\/wp\/v2\/media?parent=955095"}],"wp:term":[{"taxonomy":"category","embeddable":true,"href":"https:\/\/dmcsrb.com\/en\/wp-json\/wp\/v2\/categories?post=955095"},{"taxonomy":"post_tag","embeddable":true,"href":"https:\/\/dmcsrb.com\/en\/wp-json\/wp\/v2\/tags?post=955095"},{"taxonomy":"naslovna","embeddable":true,"href":"https:\/\/dmcsrb.com\/en\/wp-json\/wp\/v2\/naslovna?post=955095"}],"curies":[{"name":"wp","href":"https:\/\/api.w.org\/{rel}","templated":true}]}}