{"id":955055,"date":"2025-10-01T10:07:00","date_gmt":"2025-10-01T08:07:00","guid":{"rendered":"https:\/\/dmcsrb.com\/uncategorized\/danas-humanitarni-mars-u-cast-bozovicu\/"},"modified":"2025-10-01T10:07:00","modified_gmt":"2025-10-01T08:07:00","slug":"danas-humanitarni-mars-u-cast-bozovicu","status":"publish","type":"post","link":"https:\/\/dmcsrb.com\/en\/drustvo\/danas-humanitarni-mars-u-cast-bozovicu\/","title":{"rendered":"Danas humanitarni mar\u0161 u \u010dast Bo\u017eovi\u0107u"},"content":{"rendered":"<p><br><\/p>\n\n\n\n<p>Mla\u0111i vodnik Vojske Crne Gore poginuo je 12. avgusta, nakon prevrtanja cisterne u Ku\u010dima kod Podgorice, tokom akcije ga\u0161enja po\u017eara.<\/p>\n\n\n\n<p>Pozivaju se gra\u0111ani da se pridru\u017ee i iska\u017eu solidarnost i zajedni\u010dko sje\u0107anje.<\/p>\n\n\n\n<p>Mar\u0161 ka brdu Gorica kre\u0107e od 17 \u010dasova sa Trga nezavisnosti.<\/p>\n\n\n\n<p>Novac se mo\u017ee uplatiti na broj ra\u010duna: 555000900453578797, korisnik ra\u010duna: Vladica Bo\u017eovi\u0107, svrha: Humanitarni mar\u0161.<\/p>\n\n\n\n<p>Tako\u0111e, putem akcije na platformi GoFundMe, koja je pokrenuta prije 13. avgusta i jo\u0161 uvijek traje, prikupljeno je vi\u0161e od 150.000 dolara (skoro 130.000 eura) za porodicu Bo\u017eovi\u0107a.<\/p>","protected":false},"excerpt":{"rendered":"<p>Vojska Crne Gore danas organizuje humanitarni mar\u0161 u Podgorici, u sje\u0107anje na nastradalog vojnika Dejana Bo\u017eovi\u0107a i za podr\u0161ku njegovoj porodici.<\/p>","protected":false},"author":1,"featured_media":945869,"comment_status":"open","ping_status":"open","sticky":false,"template":"","format":"standard","meta":{"_acf_changed":false,"footnotes":""},"categories":[2,56],"tags":[7063,9850],"naslovna":[],"class_list":["post-955055","post","type-post","status-publish","format-standard","has-post-thumbnail","hentry","category-drustvo","category-podgorica","tag-dejan-bozovic","tag-humanitarni-mars"],"acf":[],"yoast_head":"<!-- This site is optimized with the Yoast SEO plugin v27.0 - https:\/\/yoast.com\/product\/yoast-seo-wordpress\/ -->\n<title>Danas humanitarni mar\u0161 u \u010dast Bo\u017eovi\u0107u - dmcsrb.com<\/title>\n<meta name=\"robots\" content=\"index, follow, max-snippet:-1, max-image-preview:large, max-video-preview:-1\" \/>\n<link rel=\"canonical\" href=\"https:\/\/dmcsrb.com\/en\/drustvo\/danas-humanitarni-mars-u-cast-bozovicu\/\" \/>\n<meta property=\"og:locale\" content=\"en_GB\" \/>\n<meta property=\"og:type\" content=\"article\" \/>\n<meta property=\"og:title\" content=\"Danas humanitarni mar\u0161 u \u010dast Bo\u017eovi\u0107u - dmcsrb.com\" \/>\n<meta property=\"og:description\" content=\"Vojska Crne Gore danas organizuje humanitarni mar\u0161 u Podgorici, u sje\u0107anje na nastradalog vojnika Dejana Bo\u017eovi\u0107a i za podr\u0161ku njegovoj porodici.\" \/>\n<meta property=\"og:url\" content=\"https:\/\/dmcsrb.com\/en\/drustvo\/danas-humanitarni-mars-u-cast-bozovicu\/\" \/>\n<meta property=\"og:site_name\" content=\"dmcsrb.com\" \/>\n<meta property=\"article:published_time\" content=\"2025-10-01T08:07:00+00:00\" \/>\n<meta property=\"og:image\" content=\"https:\/\/dmcsrb.com\/wp-content\/uploads\/2026\/01\/Dejan-Bozovic.webp\" \/>\n\t<meta property=\"og:image:width\" content=\"830\" \/>\n\t<meta property=\"og:image:height\" content=\"553\" \/>\n\t<meta property=\"og:image:type\" content=\"image\/webp\" \/>\n<meta name=\"author\" content=\"dmcsrbija.com@gmail.com\" \/>\n<meta name=\"twitter:card\" content=\"summary_large_image\" \/>\n<meta name=\"twitter:label1\" content=\"Written by\" \/>\n\t<meta name=\"twitter:data1\" content=\"dmcsrbija.com@gmail.com\" \/>\n<script type=\"application\/ld+json\" class=\"yoast-schema-graph\">{\"@context\":\"https:\/\/schema.org\",\"@graph\":[{\"@type\":\"Article\",\"@id\":\"https:\/\/dmcsrb.com\/drustvo\/danas-humanitarni-mars-u-cast-bozovicu\/#article\",\"isPartOf\":{\"@id\":\"https:\/\/dmcsrb.com\/drustvo\/danas-humanitarni-mars-u-cast-bozovicu\/\"},\"author\":{\"name\":\"dmcsrbija.com@gmail.com\",\"@id\":\"https:\/\/dmcsrb.com\/#\/schema\/person\/5c39170f12db1b8b457732d0b5c854e2\"},\"headline\":\"Danas humanitarni mar\u0161 u \u010dast Bo\u017eovi\u0107u\",\"datePublished\":\"2025-10-01T08:07:00+00:00\",\"mainEntityOfPage\":{\"@id\":\"https:\/\/dmcsrb.com\/drustvo\/danas-humanitarni-mars-u-cast-bozovicu\/\"},\"wordCount\":106,\"commentCount\":0,\"image\":{\"@id\":\"https:\/\/dmcsrb.com\/drustvo\/danas-humanitarni-mars-u-cast-bozovicu\/#primaryimage\"},\"thumbnailUrl\":\"https:\/\/dmcsrb.com\/wp-content\/uploads\/2026\/01\/Dejan-Bozovic.webp\",\"keywords\":[\"Dejan Bo\u017eovi\u0107\",\"humanitarni mar\u0161\"],\"articleSection\":[\"Dru\u0161tvo\",\"Podgorica\"],\"inLanguage\":\"en-GB\",\"potentialAction\":[{\"@type\":\"CommentAction\",\"name\":\"Comment\",\"target\":[\"https:\/\/dmcsrb.com\/drustvo\/danas-humanitarni-mars-u-cast-bozovicu\/#respond\"]}]},{\"@type\":\"WebPage\",\"@id\":\"https:\/\/dmcsrb.com\/drustvo\/danas-humanitarni-mars-u-cast-bozovicu\/\",\"url\":\"https:\/\/dmcsrb.com\/drustvo\/danas-humanitarni-mars-u-cast-bozovicu\/\",\"name\":\"Danas humanitarni mar\u0161 u \u010dast Bo\u017eovi\u0107u - dmcsrb.com\",\"isPartOf\":{\"@id\":\"https:\/\/dmcsrb.com\/#website\"},\"primaryImageOfPage\":{\"@id\":\"https:\/\/dmcsrb.com\/drustvo\/danas-humanitarni-mars-u-cast-bozovicu\/#primaryimage\"},\"image\":{\"@id\":\"https:\/\/dmcsrb.com\/drustvo\/danas-humanitarni-mars-u-cast-bozovicu\/#primaryimage\"},\"thumbnailUrl\":\"https:\/\/dmcsrb.com\/wp-content\/uploads\/2026\/01\/Dejan-Bozovic.webp\",\"datePublished\":\"2025-10-01T08:07:00+00:00\",\"author\":{\"@id\":\"https:\/\/dmcsrb.com\/#\/schema\/person\/5c39170f12db1b8b457732d0b5c854e2\"},\"breadcrumb\":{\"@id\":\"https:\/\/dmcsrb.com\/drustvo\/danas-humanitarni-mars-u-cast-bozovicu\/#breadcrumb\"},\"inLanguage\":\"en-GB\",\"potentialAction\":[{\"@type\":\"ReadAction\",\"target\":[\"https:\/\/dmcsrb.com\/drustvo\/danas-humanitarni-mars-u-cast-bozovicu\/\"]}]},{\"@type\":\"ImageObject\",\"inLanguage\":\"en-GB\",\"@id\":\"https:\/\/dmcsrb.com\/drustvo\/danas-humanitarni-mars-u-cast-bozovicu\/#primaryimage\",\"url\":\"https:\/\/dmcsrb.com\/wp-content\/uploads\/2026\/01\/Dejan-Bozovic.webp\",\"contentUrl\":\"https:\/\/dmcsrb.com\/wp-content\/uploads\/2026\/01\/Dejan-Bozovic.webp\",\"width\":830,\"height\":553},{\"@type\":\"BreadcrumbList\",\"@id\":\"https:\/\/dmcsrb.com\/drustvo\/danas-humanitarni-mars-u-cast-bozovicu\/#breadcrumb\",\"itemListElement\":[{\"@type\":\"ListItem\",\"position\":1,\"name\":\"Home\",\"item\":\"https:\/\/dmcsrb.com\/\"},{\"@type\":\"ListItem\",\"position\":2,\"name\":\"Danas humanitarni mar\u0161 u \u010dast Bo\u017eovi\u0107u\"}]},{\"@type\":\"WebSite\",\"@id\":\"https:\/\/dmcsrb.com\/#website\",\"url\":\"https:\/\/dmcsrb.com\/\",\"name\":\"dmcsrb.com\",\"description\":\"\",\"potentialAction\":[{\"@type\":\"SearchAction\",\"target\":{\"@type\":\"EntryPoint\",\"urlTemplate\":\"https:\/\/dmcsrb.com\/?s={search_term_string}\"},\"query-input\":{\"@type\":\"PropertyValueSpecification\",\"valueRequired\":true,\"valueName\":\"search_term_string\"}}],\"inLanguage\":\"en-GB\"},{\"@type\":\"Person\",\"@id\":\"https:\/\/dmcsrb.com\/#\/schema\/person\/5c39170f12db1b8b457732d0b5c854e2\",\"name\":\"dmcsrbija.com@gmail.com\",\"image\":{\"@type\":\"ImageObject\",\"inLanguage\":\"en-GB\",\"@id\":\"https:\/\/dmcsrb.com\/#\/schema\/person\/image\/\",\"url\":\"https:\/\/secure.gravatar.com\/avatar\/68592660ad6347fad0fb587f8d5d8f1a7b44961362f56e4f2cd524feb87e9069?s=96&d=mm&r=g\",\"contentUrl\":\"https:\/\/secure.gravatar.com\/avatar\/68592660ad6347fad0fb587f8d5d8f1a7b44961362f56e4f2cd524feb87e9069?s=96&d=mm&r=g\",\"caption\":\"dmcsrbija.com@gmail.com\"},\"sameAs\":[\"https:\/\/dmcsrb.com\"],\"url\":\"https:\/\/dmcsrb.com\/en\/author\/dmcsrbija-comgmail-com\/\"}]}<\/script>\n<!-- \/ Yoast SEO plugin. -->","yoast_head_json":{"title":"Danas humanitarni mar\u0161 u \u010dast Bo\u017eovi\u0107u - dmcsrb.com","robots":{"index":"index","follow":"follow","max-snippet":"max-snippet:-1","max-image-preview":"max-image-preview:large","max-video-preview":"max-video-preview:-1"},"canonical":"https:\/\/dmcsrb.com\/en\/drustvo\/danas-humanitarni-mars-u-cast-bozovicu\/","og_locale":"en_GB","og_type":"article","og_title":"Danas humanitarni mar\u0161 u \u010dast Bo\u017eovi\u0107u - dmcsrb.com","og_description":"Vojska Crne Gore danas organizuje humanitarni mar\u0161 u Podgorici, u sje\u0107anje na nastradalog vojnika Dejana Bo\u017eovi\u0107a i za podr\u0161ku njegovoj porodici.","og_url":"https:\/\/dmcsrb.com\/en\/drustvo\/danas-humanitarni-mars-u-cast-bozovicu\/","og_site_name":"dmcsrb.com","article_published_time":"2025-10-01T08:07:00+00:00","og_image":[{"width":830,"height":553,"url":"https:\/\/dmcsrb.com\/wp-content\/uploads\/2026\/01\/Dejan-Bozovic.webp","type":"image\/webp"}],"author":"dmcsrbija.com@gmail.com","twitter_card":"summary_large_image","twitter_misc":{"Written by":"dmcsrbija.com@gmail.com"},"schema":{"@context":"https:\/\/schema.org","@graph":[{"@type":"Article","@id":"https:\/\/dmcsrb.com\/drustvo\/danas-humanitarni-mars-u-cast-bozovicu\/#article","isPartOf":{"@id":"https:\/\/dmcsrb.com\/drustvo\/danas-humanitarni-mars-u-cast-bozovicu\/"},"author":{"name":"dmcsrbija.com@gmail.com","@id":"https:\/\/dmcsrb.com\/#\/schema\/person\/5c39170f12db1b8b457732d0b5c854e2"},"headline":"Danas humanitarni mar\u0161 u \u010dast Bo\u017eovi\u0107u","datePublished":"2025-10-01T08:07:00+00:00","mainEntityOfPage":{"@id":"https:\/\/dmcsrb.com\/drustvo\/danas-humanitarni-mars-u-cast-bozovicu\/"},"wordCount":106,"commentCount":0,"image":{"@id":"https:\/\/dmcsrb.com\/drustvo\/danas-humanitarni-mars-u-cast-bozovicu\/#primaryimage"},"thumbnailUrl":"https:\/\/dmcsrb.com\/wp-content\/uploads\/2026\/01\/Dejan-Bozovic.webp","keywords":["Dejan Bo\u017eovi\u0107","humanitarni mar\u0161"],"articleSection":["Dru\u0161tvo","Podgorica"],"inLanguage":"en-GB","potentialAction":[{"@type":"CommentAction","name":"Comment","target":["https:\/\/dmcsrb.com\/drustvo\/danas-humanitarni-mars-u-cast-bozovicu\/#respond"]}]},{"@type":"WebPage","@id":"https:\/\/dmcsrb.com\/drustvo\/danas-humanitarni-mars-u-cast-bozovicu\/","url":"https:\/\/dmcsrb.com\/drustvo\/danas-humanitarni-mars-u-cast-bozovicu\/","name":"Danas humanitarni mar\u0161 u \u010dast Bo\u017eovi\u0107u - dmcsrb.com","isPartOf":{"@id":"https:\/\/dmcsrb.com\/#website"},"primaryImageOfPage":{"@id":"https:\/\/dmcsrb.com\/drustvo\/danas-humanitarni-mars-u-cast-bozovicu\/#primaryimage"},"image":{"@id":"https:\/\/dmcsrb.com\/drustvo\/danas-humanitarni-mars-u-cast-bozovicu\/#primaryimage"},"thumbnailUrl":"https:\/\/dmcsrb.com\/wp-content\/uploads\/2026\/01\/Dejan-Bozovic.webp","datePublished":"2025-10-01T08:07:00+00:00","author":{"@id":"https:\/\/dmcsrb.com\/#\/schema\/person\/5c39170f12db1b8b457732d0b5c854e2"},"breadcrumb":{"@id":"https:\/\/dmcsrb.com\/drustvo\/danas-humanitarni-mars-u-cast-bozovicu\/#breadcrumb"},"inLanguage":"en-GB","potentialAction":[{"@type":"ReadAction","target":["https:\/\/dmcsrb.com\/drustvo\/danas-humanitarni-mars-u-cast-bozovicu\/"]}]},{"@type":"ImageObject","inLanguage":"en-GB","@id":"https:\/\/dmcsrb.com\/drustvo\/danas-humanitarni-mars-u-cast-bozovicu\/#primaryimage","url":"https:\/\/dmcsrb.com\/wp-content\/uploads\/2026\/01\/Dejan-Bozovic.webp","contentUrl":"https:\/\/dmcsrb.com\/wp-content\/uploads\/2026\/01\/Dejan-Bozovic.webp","width":830,"height":553},{"@type":"BreadcrumbList","@id":"https:\/\/dmcsrb.com\/drustvo\/danas-humanitarni-mars-u-cast-bozovicu\/#breadcrumb","itemListElement":[{"@type":"ListItem","position":1,"name":"Home","item":"https:\/\/dmcsrb.com\/"},{"@type":"ListItem","position":2,"name":"Danas humanitarni mar\u0161 u \u010dast Bo\u017eovi\u0107u"}]},{"@type":"WebSite","@id":"https:\/\/dmcsrb.com\/#website","url":"https:\/\/dmcsrb.com\/","name":"dmcsrb.com","description":"","potentialAction":[{"@type":"SearchAction","target":{"@type":"EntryPoint","urlTemplate":"https:\/\/dmcsrb.com\/?s={search_term_string}"},"query-input":{"@type":"PropertyValueSpecification","valueRequired":true,"valueName":"search_term_string"}}],"inLanguage":"en-GB"},{"@type":"Person","@id":"https:\/\/dmcsrb.com\/#\/schema\/person\/5c39170f12db1b8b457732d0b5c854e2","name":"dmcsrbija.com@gmail.com","image":{"@type":"ImageObject","inLanguage":"en-GB","@id":"https:\/\/dmcsrb.com\/#\/schema\/person\/image\/","url":"https:\/\/secure.gravatar.com\/avatar\/68592660ad6347fad0fb587f8d5d8f1a7b44961362f56e4f2cd524feb87e9069?s=96&d=mm&r=g","contentUrl":"https:\/\/secure.gravatar.com\/avatar\/68592660ad6347fad0fb587f8d5d8f1a7b44961362f56e4f2cd524feb87e9069?s=96&d=mm&r=g","caption":"dmcsrbija.com@gmail.com"},"sameAs":["https:\/\/dmcsrb.com"],"url":"https:\/\/dmcsrb.com\/en\/author\/dmcsrbija-comgmail-com\/"}]}},"_links":{"self":[{"href":"https:\/\/dmcsrb.com\/en\/wp-json\/wp\/v2\/posts\/955055","targetHints":{"allow":["GET"]}}],"collection":[{"href":"https:\/\/dmcsrb.com\/en\/wp-json\/wp\/v2\/posts"}],"about":[{"href":"https:\/\/dmcsrb.com\/en\/wp-json\/wp\/v2\/types\/post"}],"author":[{"embeddable":true,"href":"https:\/\/dmcsrb.com\/en\/wp-json\/wp\/v2\/users\/1"}],"replies":[{"embeddable":true,"href":"https:\/\/dmcsrb.com\/en\/wp-json\/wp\/v2\/comments?post=955055"}],"version-history":[{"count":0,"href":"https:\/\/dmcsrb.com\/en\/wp-json\/wp\/v2\/posts\/955055\/revisions"}],"wp:featuredmedia":[{"embeddable":true,"href":"https:\/\/dmcsrb.com\/en\/wp-json\/wp\/v2\/media\/945869"}],"wp:attachment":[{"href":"https:\/\/dmcsrb.com\/en\/wp-json\/wp\/v2\/media?parent=955055"}],"wp:term":[{"taxonomy":"category","embeddable":true,"href":"https:\/\/dmcsrb.com\/en\/wp-json\/wp\/v2\/categories?post=955055"},{"taxonomy":"post_tag","embeddable":true,"href":"https:\/\/dmcsrb.com\/en\/wp-json\/wp\/v2\/tags?post=955055"},{"taxonomy":"naslovna","embeddable":true,"href":"https:\/\/dmcsrb.com\/en\/wp-json\/wp\/v2\/naslovna?post=955055"}],"curies":[{"name":"wp","href":"https:\/\/api.w.org\/{rel}","templated":true}]}}