{"id":954986,"date":"2025-09-30T21:00:00","date_gmt":"2025-09-30T19:00:00","guid":{"rendered":"https:\/\/dmcsrb.com\/uncategorized\/na-filmskom-festivalu-u-njujorku-premijera-filma-o-legendarnom-brusu-springstinu\/"},"modified":"2025-09-30T21:00:00","modified_gmt":"2025-09-30T19:00:00","slug":"na-filmskom-festivalu-u-njujorku-premijera-filma-o-legendarnom-brusu-springstinu","status":"publish","type":"post","link":"https:\/\/dmcsrb.com\/en\/svijet\/na-filmskom-festivalu-u-njujorku-premijera-filma-o-legendarnom-brusu-springstinu\/","title":{"rendered":"Na Filmskom festivalu u Njujorku premijera filma o legendarnom Brusu Springstinu"},"content":{"rendered":"<p>Zasnovano na knjizi Vorena Zejnsa, film \u201eSpringsteen: Deliver me from nowhere\u201c, kao prvo igrano biografsko djelo o jednom od najpoznatijih ameri\u010dkih muzi\u010dara osvr\u0107e se na period rada i nastanka Brusovog \u010duvenog albuma &#8220;Nebraska&#8221; iz 1982. godine, kada je, koriste\u0107i \u010detvorokanalni snima\u010d u svojoj sobi, u Nju D\u017eersiju, bilje\u017eio prekretnicu u svom \u017eivotu, stvaraju\u0107i ujedno sirov, akusti\u010dni zapis sa, kako se navodi, naseljenim du\u0161ama koje su izgubljene i koje tra\u017ee razlog da vjeruju.<\/p>\n\n\n\n<p>Najvaljena biografska drama ne pokriva cijelu karijeru muzi\u010dke legende, nego specifi\u010dan, emotivno intenzivan period u njegovom radu i \u017eivotu.<\/p>\n\n\n\n<p>Godine 1981. tridesetjednogodi\u0161nji Brus Springstin je upravo zavr\u0161io izuzetno uspje\u0161nu turneju za svoj najnoviji album &#8220;The River&#8221; navode\u0107i rukovodioce Columbia Records-a da \u017eeljno i\u0161\u010dekuju njegov povratak u studio i jo\u0161 novih hitova koji bi uslijedili.<\/p>\n\n\n\n<p>Me\u0111utim, studio je bio posljednje mjesto gdje je Springstin \u017eelio da bude. Osje\u0107aju\u0107i anksioznost, iscrpljenost i \u017eudnju za toplinom svojih starih prijatelja i za porodicom, povukao se u mirnu ku\u0107u u blizini svog rodnog grada Friholda u Nju D\u017eerziju.<\/p>\n\n\n\n<p>Tokom perioda, s kraja 1981. pa do naredne 1982. godine, umjetnik je do\u017eivio jednu od najni\u017eih ta\u010daka u svom \u017eivotu, izolovan i bore\u0107i se sa pro\u0161lo\u0161\u0107u i nose\u0107i se sa posljedicama depresije sa kojom jo\u0161 nije bio spreman da se suo\u010di ili lije\u010di. Svoju energiju usmjerio je ka mra\u010dnijim i tu\u017enijim segmentima \u010dovje\u010danstva.<\/p>\n\n\n\n<p>Crpe\u0107i inspiraciju iz raznih izvora, istinitih kriminalisti\u010dkih pri\u010da, Springstin je sam snimio 10 pjesama koje \u0107e formirati album \u201eNebraska\u201c, jedno od njegovih najboljih djela do sada.<\/p>\n\n\n\n<p>Prema rije\u010dima scenariste i reditelja filma Skota Kupera, ujedno i dobitnika nagrade Oskar za film \u201eLudo srce\u201c, ovo je pri\u010da o zanemarenoj du\u0161i koja se popravlja kroz muziku\u201c.<\/p>\n\n\n\n<p>&#8220;Brus se oporavljao od ogromnog uspjeha svog prethodnog albuma i spolja je izgledalo da sve ide kako treba, ali iznutra se tiho raspadalo, do\u017eivljavaju\u0107i neku vrstu emocionalne vrtoglavice \u2013 osje\u0107aj da \u017eivot koji mu je donio mnogo, ne odgovara te\u017eini koju je nosio. Proganjao ga je i strah od uspjeha, od toga da ne bude vi\u0161e kao ljudi sa kojima je odrastao. Iz tog ukletog stanja proizi\u0161ao je, po mom mi\u0161ljenju, jedan od najve\u0107ih albuma u posljednjih 50 godina\u201c, rekao je reditelj.<\/p>","protected":false},"excerpt":{"rendered":"<p>Na 63. Filmskom festivalu u Njujorku premijerno je prikazan filmu o legendarnom Brusu Springstinu, a projekciji su prisustvovali autori i gluma\u010dka ekipa filma, te su se pored samog Springstina, na\u0161li i D\u017eerei Alen Vajt koji i tuma\u010di legendarnog muzi\u010dara, D\u017eeremi Strong, Stiven Grejam, reditelj Skot Kuper i drugi.<\/p>","protected":false},"author":1,"featured_media":954987,"comment_status":"open","ping_status":"open","sticky":false,"template":"","format":"standard","meta":{"_acf_changed":false,"footnotes":""},"categories":[144],"tags":[9809,9810,1784],"naslovna":[],"class_list":["post-954986","post","type-post","status-publish","format-standard","has-post-thumbnail","hentry","category-svijet","tag-brus-springstin","tag-filmski-festival","tag-njujork"],"acf":[],"yoast_head":"<!-- This site is optimized with the Yoast SEO plugin v27.0 - https:\/\/yoast.com\/product\/yoast-seo-wordpress\/ -->\n<title>Na Filmskom festivalu u Njujorku premijera filma o legendarnom Brusu Springstinu - dmcsrb.com<\/title>\n<meta name=\"robots\" content=\"index, follow, max-snippet:-1, max-image-preview:large, max-video-preview:-1\" \/>\n<link rel=\"canonical\" href=\"https:\/\/dmcsrb.com\/en\/svijet\/na-filmskom-festivalu-u-njujorku-premijera-filma-o-legendarnom-brusu-springstinu\/\" \/>\n<meta property=\"og:locale\" content=\"en_GB\" \/>\n<meta property=\"og:type\" content=\"article\" \/>\n<meta property=\"og:title\" content=\"Na Filmskom festivalu u Njujorku premijera filma o legendarnom Brusu Springstinu - dmcsrb.com\" \/>\n<meta property=\"og:description\" content=\"Na 63. Filmskom festivalu u Njujorku premijerno je prikazan filmu o legendarnom Brusu Springstinu, a projekciji su prisustvovali autori i gluma\u010dka ekipa filma, te su se pored samog Springstina, na\u0161li i D\u017eerei Alen Vajt koji i tuma\u010di legendarnog muzi\u010dara, D\u017eeremi Strong, Stiven Grejam, reditelj Skot Kuper i drugi.\" \/>\n<meta property=\"og:url\" content=\"https:\/\/dmcsrb.com\/en\/svijet\/na-filmskom-festivalu-u-njujorku-premijera-filma-o-legendarnom-brusu-springstinu\/\" \/>\n<meta property=\"og:site_name\" content=\"dmcsrb.com\" \/>\n<meta property=\"article:published_time\" content=\"2025-09-30T19:00:00+00:00\" \/>\n<meta property=\"og:image\" content=\"https:\/\/dmcsrb.com\/wp-content\/uploads\/2026\/01\/FF-Njujork.webp\" \/>\n\t<meta property=\"og:image:width\" content=\"1280\" \/>\n\t<meta property=\"og:image:height\" content=\"682\" \/>\n\t<meta property=\"og:image:type\" content=\"image\/webp\" \/>\n<meta name=\"author\" content=\"dmcsrbija.com@gmail.com\" \/>\n<meta name=\"twitter:card\" content=\"summary_large_image\" \/>\n<meta name=\"twitter:label1\" content=\"Written by\" \/>\n\t<meta name=\"twitter:data1\" content=\"dmcsrbija.com@gmail.com\" \/>\n\t<meta name=\"twitter:label2\" content=\"Estimated reading time\" \/>\n\t<meta name=\"twitter:data2\" content=\"2 minutes\" \/>\n<script type=\"application\/ld+json\" class=\"yoast-schema-graph\">{\"@context\":\"https:\/\/schema.org\",\"@graph\":[{\"@type\":\"Article\",\"@id\":\"https:\/\/dmcsrb.com\/en\/svijet\/na-filmskom-festivalu-u-njujorku-premijera-filma-o-legendarnom-brusu-springstinu\/#article\",\"isPartOf\":{\"@id\":\"https:\/\/dmcsrb.com\/en\/svijet\/na-filmskom-festivalu-u-njujorku-premijera-filma-o-legendarnom-brusu-springstinu\/\"},\"author\":{\"name\":\"dmcsrbija.com@gmail.com\",\"@id\":\"https:\/\/dmcsrb.com\/#\/schema\/person\/5c39170f12db1b8b457732d0b5c854e2\"},\"headline\":\"Na Filmskom festivalu u Njujorku premijera filma o legendarnom Brusu Springstinu\",\"datePublished\":\"2025-09-30T19:00:00+00:00\",\"mainEntityOfPage\":{\"@id\":\"https:\/\/dmcsrb.com\/en\/svijet\/na-filmskom-festivalu-u-njujorku-premijera-filma-o-legendarnom-brusu-springstinu\/\"},\"wordCount\":406,\"commentCount\":0,\"image\":{\"@id\":\"https:\/\/dmcsrb.com\/en\/svijet\/na-filmskom-festivalu-u-njujorku-premijera-filma-o-legendarnom-brusu-springstinu\/#primaryimage\"},\"thumbnailUrl\":\"https:\/\/dmcsrb.com\/wp-content\/uploads\/2026\/01\/FF-Njujork.webp\",\"keywords\":[\"Brus Springstin\",\"filmski festival\",\"Njujork\"],\"articleSection\":[\"Svijet\"],\"inLanguage\":\"en-GB\",\"potentialAction\":[{\"@type\":\"CommentAction\",\"name\":\"Comment\",\"target\":[\"https:\/\/dmcsrb.com\/en\/svijet\/na-filmskom-festivalu-u-njujorku-premijera-filma-o-legendarnom-brusu-springstinu\/#respond\"]}]},{\"@type\":\"WebPage\",\"@id\":\"https:\/\/dmcsrb.com\/en\/svijet\/na-filmskom-festivalu-u-njujorku-premijera-filma-o-legendarnom-brusu-springstinu\/\",\"url\":\"https:\/\/dmcsrb.com\/en\/svijet\/na-filmskom-festivalu-u-njujorku-premijera-filma-o-legendarnom-brusu-springstinu\/\",\"name\":\"Na Filmskom festivalu u Njujorku premijera filma o legendarnom Brusu Springstinu - dmcsrb.com\",\"isPartOf\":{\"@id\":\"https:\/\/dmcsrb.com\/#website\"},\"primaryImageOfPage\":{\"@id\":\"https:\/\/dmcsrb.com\/en\/svijet\/na-filmskom-festivalu-u-njujorku-premijera-filma-o-legendarnom-brusu-springstinu\/#primaryimage\"},\"image\":{\"@id\":\"https:\/\/dmcsrb.com\/en\/svijet\/na-filmskom-festivalu-u-njujorku-premijera-filma-o-legendarnom-brusu-springstinu\/#primaryimage\"},\"thumbnailUrl\":\"https:\/\/dmcsrb.com\/wp-content\/uploads\/2026\/01\/FF-Njujork.webp\",\"datePublished\":\"2025-09-30T19:00:00+00:00\",\"author\":{\"@id\":\"https:\/\/dmcsrb.com\/#\/schema\/person\/5c39170f12db1b8b457732d0b5c854e2\"},\"breadcrumb\":{\"@id\":\"https:\/\/dmcsrb.com\/en\/svijet\/na-filmskom-festivalu-u-njujorku-premijera-filma-o-legendarnom-brusu-springstinu\/#breadcrumb\"},\"inLanguage\":\"en-GB\",\"potentialAction\":[{\"@type\":\"ReadAction\",\"target\":[\"https:\/\/dmcsrb.com\/en\/svijet\/na-filmskom-festivalu-u-njujorku-premijera-filma-o-legendarnom-brusu-springstinu\/\"]}]},{\"@type\":\"ImageObject\",\"inLanguage\":\"en-GB\",\"@id\":\"https:\/\/dmcsrb.com\/en\/svijet\/na-filmskom-festivalu-u-njujorku-premijera-filma-o-legendarnom-brusu-springstinu\/#primaryimage\",\"url\":\"https:\/\/dmcsrb.com\/wp-content\/uploads\/2026\/01\/FF-Njujork.webp\",\"contentUrl\":\"https:\/\/dmcsrb.com\/wp-content\/uploads\/2026\/01\/FF-Njujork.webp\",\"width\":1280,\"height\":682},{\"@type\":\"BreadcrumbList\",\"@id\":\"https:\/\/dmcsrb.com\/en\/svijet\/na-filmskom-festivalu-u-njujorku-premijera-filma-o-legendarnom-brusu-springstinu\/#breadcrumb\",\"itemListElement\":[{\"@type\":\"ListItem\",\"position\":1,\"name\":\"Home\",\"item\":\"https:\/\/dmcsrb.com\/\"},{\"@type\":\"ListItem\",\"position\":2,\"name\":\"Na Filmskom festivalu u Njujorku premijera filma o legendarnom Brusu Springstinu\"}]},{\"@type\":\"WebSite\",\"@id\":\"https:\/\/dmcsrb.com\/#website\",\"url\":\"https:\/\/dmcsrb.com\/\",\"name\":\"dmcsrb.com\",\"description\":\"\",\"potentialAction\":[{\"@type\":\"SearchAction\",\"target\":{\"@type\":\"EntryPoint\",\"urlTemplate\":\"https:\/\/dmcsrb.com\/?s={search_term_string}\"},\"query-input\":{\"@type\":\"PropertyValueSpecification\",\"valueRequired\":true,\"valueName\":\"search_term_string\"}}],\"inLanguage\":\"en-GB\"},{\"@type\":\"Person\",\"@id\":\"https:\/\/dmcsrb.com\/#\/schema\/person\/5c39170f12db1b8b457732d0b5c854e2\",\"name\":\"dmcsrbija.com@gmail.com\",\"image\":{\"@type\":\"ImageObject\",\"inLanguage\":\"en-GB\",\"@id\":\"https:\/\/dmcsrb.com\/#\/schema\/person\/image\/\",\"url\":\"https:\/\/secure.gravatar.com\/avatar\/68592660ad6347fad0fb587f8d5d8f1a7b44961362f56e4f2cd524feb87e9069?s=96&d=mm&r=g\",\"contentUrl\":\"https:\/\/secure.gravatar.com\/avatar\/68592660ad6347fad0fb587f8d5d8f1a7b44961362f56e4f2cd524feb87e9069?s=96&d=mm&r=g\",\"caption\":\"dmcsrbija.com@gmail.com\"},\"sameAs\":[\"https:\/\/dmcsrb.com\"],\"url\":\"https:\/\/dmcsrb.com\/en\/author\/dmcsrbija-comgmail-com\/\"}]}<\/script>\n<!-- \/ Yoast SEO plugin. -->","yoast_head_json":{"title":"Na Filmskom festivalu u Njujorku premijera filma o legendarnom Brusu Springstinu - dmcsrb.com","robots":{"index":"index","follow":"follow","max-snippet":"max-snippet:-1","max-image-preview":"max-image-preview:large","max-video-preview":"max-video-preview:-1"},"canonical":"https:\/\/dmcsrb.com\/en\/svijet\/na-filmskom-festivalu-u-njujorku-premijera-filma-o-legendarnom-brusu-springstinu\/","og_locale":"en_GB","og_type":"article","og_title":"Na Filmskom festivalu u Njujorku premijera filma o legendarnom Brusu Springstinu - dmcsrb.com","og_description":"Na 63. Filmskom festivalu u Njujorku premijerno je prikazan filmu o legendarnom Brusu Springstinu, a projekciji su prisustvovali autori i gluma\u010dka ekipa filma, te su se pored samog Springstina, na\u0161li i D\u017eerei Alen Vajt koji i tuma\u010di legendarnog muzi\u010dara, D\u017eeremi Strong, Stiven Grejam, reditelj Skot Kuper i drugi.","og_url":"https:\/\/dmcsrb.com\/en\/svijet\/na-filmskom-festivalu-u-njujorku-premijera-filma-o-legendarnom-brusu-springstinu\/","og_site_name":"dmcsrb.com","article_published_time":"2025-09-30T19:00:00+00:00","og_image":[{"width":1280,"height":682,"url":"https:\/\/dmcsrb.com\/wp-content\/uploads\/2026\/01\/FF-Njujork.webp","type":"image\/webp"}],"author":"dmcsrbija.com@gmail.com","twitter_card":"summary_large_image","twitter_misc":{"Written by":"dmcsrbija.com@gmail.com","Estimated reading time":"2 minutes"},"schema":{"@context":"https:\/\/schema.org","@graph":[{"@type":"Article","@id":"https:\/\/dmcsrb.com\/en\/svijet\/na-filmskom-festivalu-u-njujorku-premijera-filma-o-legendarnom-brusu-springstinu\/#article","isPartOf":{"@id":"https:\/\/dmcsrb.com\/en\/svijet\/na-filmskom-festivalu-u-njujorku-premijera-filma-o-legendarnom-brusu-springstinu\/"},"author":{"name":"dmcsrbija.com@gmail.com","@id":"https:\/\/dmcsrb.com\/#\/schema\/person\/5c39170f12db1b8b457732d0b5c854e2"},"headline":"Na Filmskom festivalu u Njujorku premijera filma o legendarnom Brusu Springstinu","datePublished":"2025-09-30T19:00:00+00:00","mainEntityOfPage":{"@id":"https:\/\/dmcsrb.com\/en\/svijet\/na-filmskom-festivalu-u-njujorku-premijera-filma-o-legendarnom-brusu-springstinu\/"},"wordCount":406,"commentCount":0,"image":{"@id":"https:\/\/dmcsrb.com\/en\/svijet\/na-filmskom-festivalu-u-njujorku-premijera-filma-o-legendarnom-brusu-springstinu\/#primaryimage"},"thumbnailUrl":"https:\/\/dmcsrb.com\/wp-content\/uploads\/2026\/01\/FF-Njujork.webp","keywords":["Brus Springstin","filmski festival","Njujork"],"articleSection":["Svijet"],"inLanguage":"en-GB","potentialAction":[{"@type":"CommentAction","name":"Comment","target":["https:\/\/dmcsrb.com\/en\/svijet\/na-filmskom-festivalu-u-njujorku-premijera-filma-o-legendarnom-brusu-springstinu\/#respond"]}]},{"@type":"WebPage","@id":"https:\/\/dmcsrb.com\/en\/svijet\/na-filmskom-festivalu-u-njujorku-premijera-filma-o-legendarnom-brusu-springstinu\/","url":"https:\/\/dmcsrb.com\/en\/svijet\/na-filmskom-festivalu-u-njujorku-premijera-filma-o-legendarnom-brusu-springstinu\/","name":"Na Filmskom festivalu u Njujorku premijera filma o legendarnom Brusu Springstinu - dmcsrb.com","isPartOf":{"@id":"https:\/\/dmcsrb.com\/#website"},"primaryImageOfPage":{"@id":"https:\/\/dmcsrb.com\/en\/svijet\/na-filmskom-festivalu-u-njujorku-premijera-filma-o-legendarnom-brusu-springstinu\/#primaryimage"},"image":{"@id":"https:\/\/dmcsrb.com\/en\/svijet\/na-filmskom-festivalu-u-njujorku-premijera-filma-o-legendarnom-brusu-springstinu\/#primaryimage"},"thumbnailUrl":"https:\/\/dmcsrb.com\/wp-content\/uploads\/2026\/01\/FF-Njujork.webp","datePublished":"2025-09-30T19:00:00+00:00","author":{"@id":"https:\/\/dmcsrb.com\/#\/schema\/person\/5c39170f12db1b8b457732d0b5c854e2"},"breadcrumb":{"@id":"https:\/\/dmcsrb.com\/en\/svijet\/na-filmskom-festivalu-u-njujorku-premijera-filma-o-legendarnom-brusu-springstinu\/#breadcrumb"},"inLanguage":"en-GB","potentialAction":[{"@type":"ReadAction","target":["https:\/\/dmcsrb.com\/en\/svijet\/na-filmskom-festivalu-u-njujorku-premijera-filma-o-legendarnom-brusu-springstinu\/"]}]},{"@type":"ImageObject","inLanguage":"en-GB","@id":"https:\/\/dmcsrb.com\/en\/svijet\/na-filmskom-festivalu-u-njujorku-premijera-filma-o-legendarnom-brusu-springstinu\/#primaryimage","url":"https:\/\/dmcsrb.com\/wp-content\/uploads\/2026\/01\/FF-Njujork.webp","contentUrl":"https:\/\/dmcsrb.com\/wp-content\/uploads\/2026\/01\/FF-Njujork.webp","width":1280,"height":682},{"@type":"BreadcrumbList","@id":"https:\/\/dmcsrb.com\/en\/svijet\/na-filmskom-festivalu-u-njujorku-premijera-filma-o-legendarnom-brusu-springstinu\/#breadcrumb","itemListElement":[{"@type":"ListItem","position":1,"name":"Home","item":"https:\/\/dmcsrb.com\/"},{"@type":"ListItem","position":2,"name":"Na Filmskom festivalu u Njujorku premijera filma o legendarnom Brusu Springstinu"}]},{"@type":"WebSite","@id":"https:\/\/dmcsrb.com\/#website","url":"https:\/\/dmcsrb.com\/","name":"dmcsrb.com","description":"","potentialAction":[{"@type":"SearchAction","target":{"@type":"EntryPoint","urlTemplate":"https:\/\/dmcsrb.com\/?s={search_term_string}"},"query-input":{"@type":"PropertyValueSpecification","valueRequired":true,"valueName":"search_term_string"}}],"inLanguage":"en-GB"},{"@type":"Person","@id":"https:\/\/dmcsrb.com\/#\/schema\/person\/5c39170f12db1b8b457732d0b5c854e2","name":"dmcsrbija.com@gmail.com","image":{"@type":"ImageObject","inLanguage":"en-GB","@id":"https:\/\/dmcsrb.com\/#\/schema\/person\/image\/","url":"https:\/\/secure.gravatar.com\/avatar\/68592660ad6347fad0fb587f8d5d8f1a7b44961362f56e4f2cd524feb87e9069?s=96&d=mm&r=g","contentUrl":"https:\/\/secure.gravatar.com\/avatar\/68592660ad6347fad0fb587f8d5d8f1a7b44961362f56e4f2cd524feb87e9069?s=96&d=mm&r=g","caption":"dmcsrbija.com@gmail.com"},"sameAs":["https:\/\/dmcsrb.com"],"url":"https:\/\/dmcsrb.com\/en\/author\/dmcsrbija-comgmail-com\/"}]}},"_links":{"self":[{"href":"https:\/\/dmcsrb.com\/en\/wp-json\/wp\/v2\/posts\/954986","targetHints":{"allow":["GET"]}}],"collection":[{"href":"https:\/\/dmcsrb.com\/en\/wp-json\/wp\/v2\/posts"}],"about":[{"href":"https:\/\/dmcsrb.com\/en\/wp-json\/wp\/v2\/types\/post"}],"author":[{"embeddable":true,"href":"https:\/\/dmcsrb.com\/en\/wp-json\/wp\/v2\/users\/1"}],"replies":[{"embeddable":true,"href":"https:\/\/dmcsrb.com\/en\/wp-json\/wp\/v2\/comments?post=954986"}],"version-history":[{"count":0,"href":"https:\/\/dmcsrb.com\/en\/wp-json\/wp\/v2\/posts\/954986\/revisions"}],"wp:featuredmedia":[{"embeddable":true,"href":"https:\/\/dmcsrb.com\/en\/wp-json\/wp\/v2\/media\/954987"}],"wp:attachment":[{"href":"https:\/\/dmcsrb.com\/en\/wp-json\/wp\/v2\/media?parent=954986"}],"wp:term":[{"taxonomy":"category","embeddable":true,"href":"https:\/\/dmcsrb.com\/en\/wp-json\/wp\/v2\/categories?post=954986"},{"taxonomy":"post_tag","embeddable":true,"href":"https:\/\/dmcsrb.com\/en\/wp-json\/wp\/v2\/tags?post=954986"},{"taxonomy":"naslovna","embeddable":true,"href":"https:\/\/dmcsrb.com\/en\/wp-json\/wp\/v2\/naslovna?post=954986"}],"curies":[{"name":"wp","href":"https:\/\/api.w.org\/{rel}","templated":true}]}}