{"id":954954,"date":"2025-09-30T16:30:00","date_gmt":"2025-09-30T14:30:00","guid":{"rendered":"https:\/\/dmcsrb.com\/uncategorized\/svecano-otvoren-medjunarodni-festival-knjizevnosti-na-trgu-nezavisnosti\/"},"modified":"2025-09-30T16:30:00","modified_gmt":"2025-09-30T14:30:00","slug":"svecano-otvoren-medjunarodni-festival-knjizevnosti-na-trgu-nezavisnosti","status":"publish","type":"post","link":"https:\/\/dmcsrb.com\/en\/kultura\/svecano-otvoren-medjunarodni-festival-knjizevnosti-na-trgu-nezavisnosti\/","title":{"rendered":"Sve\u010dano otvoren Me\u0111unarodni festival knji\u017eevnosti na Trgu nezavisnosti"},"content":{"rendered":"<p><\/p>\n\n\n\n<p>\u201eIzuzetno sam sre\u0107na \u0161to danas mogu da otvorim prvi Me\u0111unarodni festival knji\u017eevnosti, koji ove godine nosi poruku &#8216;Knjige su u centru&#8217;, ne samo bukvalno u centru grada, ve\u0107 \u017eele\u0107i da knjige budu u centru na\u0161e svakodnevnice, na\u0161eg kulturnog i dru\u0161tvenog \u017eivota\u201c, kazala je Tomanovi\u0107 na otvaranju, podsje\u0107aju\u0107i da je u proteklih 10 godina Glavni grad organizovao Internacionalni sajam knjiga.<\/p>\n\n\n\n<p>\u201eOve godine smo \u017eeljeli da knji\u017eevnom stvarala\u0161tvu damo ljep\u0161i, ja\u010di, i ve\u0107i okvir, spajaju\u0107i knji\u017eevnost sa drugim umjetnostima. Ovaj festival je jako va\u017ean za Glavni grad, jer ja\u010da kulturni identitet grada, kao centra evropske Crne Gore, ali i za kulturu uop\u0161te, jer je prilika da se afirmi\u0161u mladi izdava\u010di, da se otvori prostor za me\u0111unarodnu saradnju, afirmi\u0161e \u010ditala\u0161tvo, ja\u010da \u010ditala\u010dka kultura i knjige zaista stavimo u centar na\u0161e svakodnevnice. Vjerujem da \u0107e ovaj Festival postati kulturni brend Podgorice\u201c, zaklju\u010dila je Sekretarka za kulturu.<\/p>\n\n\n\n<figure class=\"wp-block-image size-large\"><img decoding=\"async\" src=\"https:\/\/gradski.me\/wp-content\/uploads\/2025\/09\/JA3A4157-1024x683.jpg\" alt=\"\" class=\"wp-image-842576\"\/><\/figure>\n\n\n\n<p>\u201cDru\u0161tveno odgovorno poslovanje predstavlja mnogo vi\u0161e od finansijske podr\u0161ke, ma kako zna\u010dajna ona bila za realizaciju svakog projekta. Kao kompanija, \u017eelimo da budemo istinski oslonac onima koji svojim kreativnim stvarala\u0161tvom mijenjaju svijet i da pomognemo da na\u0161e okru\u017eenje bude ljep\u0161e i plemenitije mjesto za generacije koje dolaze\u201d, poru\u010dio je na otvaranju izvr\u0161ni direktor MTEL-a <strong>Zoran Milovanovi\u0107<\/strong>.<\/p>\n\n\n\n<p>On je naglasio da \u201ckulturna zajednica u Crnoj Gori mo\u017ee u svakom trenutku da ra\u010duna na kompaniju MTEL, jer smo prepoznati kao pouzdan partner i prijatelj umjetnosti. Vjerujemo u mo\u0107 ideja, snagu ma\u0161te i sinergiju uspje\u0161nih korporacija, nadle\u017enih institucija i talentovanih pojedinaca. Posebno smo ponosni na to \u0161to smo pomogli da se \u010ditala\u010dkoj publici u Crnoj Gori predstavi veliki broj kvalitetnih doma\u0107ih, regionalnih i evropskih autora i da svijet knjige u\u0111e u svaki dom\u201d.<\/p>\n\n\n\n<figure class=\"wp-block-image size-large\"><img decoding=\"async\" src=\"https:\/\/gradski.me\/wp-content\/uploads\/2025\/09\/JA3A4008-1024x683.jpg\" alt=\"\" class=\"wp-image-842577\"\/><\/figure>\n\n\n\n<p>Ambasadorka Italije u Crnoj Gori <strong>Andreina Marsela<\/strong> zahvalila se Glavnom gradu i Sekretarijatu za kulturu Podgorice na prilici da tokom Me\u0111unarodnog festivala knji\u017eevnosti i ove godine predstave savremene autore iz Italije.<\/p>\n\n\n\n<p>\u201cOvoga puta u saradnji sa italijanskim institutom iz Beograda imamo izuzetno zanimljiv program. U subotu 4. oktobra \u0107emo ugostiti jednog od najve\u0107ih italijanskih savremenih autora Karla Lukarelija\u201d, najavila je ambasadorka Marsela.<\/p>\n\n\n\n<figure class=\"wp-block-image size-large\"><img decoding=\"async\" src=\"https:\/\/gradski.me\/wp-content\/uploads\/2025\/09\/JA3A4045-1024x683.jpg\" alt=\"\" class=\"wp-image-842578\"\/><\/figure>\n\n\n\n<p>Kao dio sve\u010danog otvaranja Me\u0111unarodnog festivala knji\u017eevnosti na platou ispred Narodne biblioteke \u201cRadosav Ljumovi\u0107\u201d otvorena je izlo\u017eba pod nazivom \u201cStvarati na francuskom -pri\u010de o jezicima, putovanja rije\u010di\u201d. Rije\u010d je o izlo\u017ebi koja predstavlja jedinstveno putovanje kroz stvarala\u0161tvo pisaca koja je nastala u saradnji sa ambasadom Francuske u Crnoj Gori, Francuskim institutom u Podgorici i Francuskom alijansom u Parizu.<\/p>\n\n\n\n<p>\u201eKroz citate i portrete pisaca mo\u0107i \u0107ete da otkrijete odnos koji ovi autori imaju prema francuskom jeziku kao sredstva izra\u017eavanja svoje umjetnosti. Francuski jezik, ba\u0161 kao knji\u017eevnost, ne pripada nikome posebno. Ova izlo\u017eba ima za cilj da poka\u017ee kako francuski jezik oboga\u0107uje sve ove stvaraoce bez obzira odakle dolaze\u201c, kazala je otvaraju\u0107i izo\u017ebu ambasadorka Francuske <strong>An Mari Maske<\/strong>.<\/p>\n\n\n\n<figure class=\"wp-block-image size-large\"><img decoding=\"async\" src=\"https:\/\/gradski.me\/wp-content\/uploads\/2025\/09\/JA3A3977-1024x683.jpg\" alt=\"\" class=\"wp-image-842579\"\/><\/figure>\n\n\n\n<p>Tokom \u0161est festivalskih dana, od 30. septembra do 5. oktobra, bi\u0107e realizovano preko 50 raznovrsnih programa: od promocija novih izdanja i susreta s poznatim piscima, do muzi\u010dkih i scenskih doga\u0111aja na otvorenom.<\/p>\n\n\n\n<p>Sajamski dio bi\u0107e otvoren svakog dana od 11 do 22 \u010dasa, a ulaz je slobodan za sve posjetioce.<\/p>\n\n\n\n<p>Generalni sponzor Festivala je kompanija Mtel, dok su pokrovitelji: Ministarstvo kulture i medija Crne Gore, Ministarstvo prosvjete, nauke i inovacija, Ambasada Italije, Ambasada Francuske i Evropska ku\u0107a u Podgorici, zaklju\u010duju iz Sekretarijata za kulturu Glavnog grada Podgorica.<\/p>","protected":false},"excerpt":{"rendered":"<p>Sekretarka za kulturu Glavnog grada, Sne\u017eana Tomanovi\u0107, sve\u010dano je otvorila premijerno izdanje Me\u0111unarodnog festivala knji\u017eevnosti na Trgu nezavisnosti, saop\u0161teno je iz Sekretarijata za kulturu Glavnog grada Podgorica.<\/p>","protected":false},"author":1,"featured_media":954955,"comment_status":"open","ping_status":"open","sticky":false,"template":"","format":"standard","meta":{"_acf_changed":false,"footnotes":""},"categories":[50],"tags":[9793,4619,2329],"naslovna":[],"class_list":["post-954954","post","type-post","status-publish","format-standard","has-post-thumbnail","hentry","category-kultura","tag-medjunarodni-festival-za-knjizevnost","tag-svecano-otvaranje","tag-trg-nezavisnosti"],"acf":[],"yoast_head":"<!-- This site is optimized with the Yoast SEO plugin v27.0 - https:\/\/yoast.com\/product\/yoast-seo-wordpress\/ -->\n<title>Sve\u010dano otvoren Me\u0111unarodni festival knji\u017eevnosti na Trgu nezavisnosti - dmcsrb.com<\/title>\n<meta name=\"robots\" content=\"index, follow, max-snippet:-1, max-image-preview:large, max-video-preview:-1\" \/>\n<link rel=\"canonical\" href=\"https:\/\/dmcsrb.com\/en\/kultura\/svecano-otvoren-medjunarodni-festival-knjizevnosti-na-trgu-nezavisnosti\/\" \/>\n<meta property=\"og:locale\" content=\"en_GB\" \/>\n<meta property=\"og:type\" content=\"article\" \/>\n<meta property=\"og:title\" content=\"Sve\u010dano otvoren Me\u0111unarodni festival knji\u017eevnosti na Trgu nezavisnosti - dmcsrb.com\" \/>\n<meta property=\"og:description\" content=\"Sekretarka za kulturu Glavnog grada, Sne\u017eana Tomanovi\u0107, sve\u010dano je otvorila premijerno izdanje Me\u0111unarodnog festivala knji\u017eevnosti na Trgu nezavisnosti, saop\u0161teno je iz Sekretarijata za kulturu Glavnog grada Podgorica.\" \/>\n<meta property=\"og:url\" content=\"https:\/\/dmcsrb.com\/en\/kultura\/svecano-otvoren-medjunarodni-festival-knjizevnosti-na-trgu-nezavisnosti\/\" \/>\n<meta property=\"og:site_name\" content=\"dmcsrb.com\" \/>\n<meta property=\"article:published_time\" content=\"2025-09-30T14:30:00+00:00\" \/>\n<meta property=\"og:image\" content=\"https:\/\/dmcsrb.com\/wp-content\/uploads\/2026\/01\/JA3A4124-scaled-1.webp\" \/>\n\t<meta property=\"og:image:width\" content=\"2560\" \/>\n\t<meta property=\"og:image:height\" content=\"1707\" \/>\n\t<meta property=\"og:image:type\" content=\"image\/jpeg\" \/>\n<meta name=\"author\" content=\"dmcsrbija.com@gmail.com\" \/>\n<meta name=\"twitter:card\" content=\"summary_large_image\" \/>\n<meta name=\"twitter:label1\" content=\"Written by\" \/>\n\t<meta name=\"twitter:data1\" content=\"dmcsrbija.com@gmail.com\" \/>\n\t<meta name=\"twitter:label2\" content=\"Estimated reading time\" \/>\n\t<meta name=\"twitter:data2\" content=\"3 minutes\" \/>\n<script type=\"application\/ld+json\" class=\"yoast-schema-graph\">{\"@context\":\"https:\/\/schema.org\",\"@graph\":[{\"@type\":\"Article\",\"@id\":\"https:\/\/dmcsrb.com\/kultura\/svecano-otvoren-medjunarodni-festival-knjizevnosti-na-trgu-nezavisnosti\/#article\",\"isPartOf\":{\"@id\":\"https:\/\/dmcsrb.com\/kultura\/svecano-otvoren-medjunarodni-festival-knjizevnosti-na-trgu-nezavisnosti\/\"},\"author\":{\"name\":\"dmcsrbija.com@gmail.com\",\"@id\":\"https:\/\/dmcsrb.com\/#\/schema\/person\/5c39170f12db1b8b457732d0b5c854e2\"},\"headline\":\"Sve\u010dano otvoren Me\u0111unarodni festival knji\u017eevnosti na Trgu nezavisnosti\",\"datePublished\":\"2025-09-30T14:30:00+00:00\",\"mainEntityOfPage\":{\"@id\":\"https:\/\/dmcsrb.com\/kultura\/svecano-otvoren-medjunarodni-festival-knjizevnosti-na-trgu-nezavisnosti\/\"},\"wordCount\":612,\"commentCount\":0,\"image\":{\"@id\":\"https:\/\/dmcsrb.com\/kultura\/svecano-otvoren-medjunarodni-festival-knjizevnosti-na-trgu-nezavisnosti\/#primaryimage\"},\"thumbnailUrl\":\"https:\/\/dmcsrb.com\/wp-content\/uploads\/2026\/01\/JA3A4124-scaled-1.webp\",\"keywords\":[\"Me\u0111unarodni festival za knji\u017eevnost\",\"sve\u010dano otvaranje\",\"Trg nezavisnosti\"],\"articleSection\":[\"Kultura\"],\"inLanguage\":\"en-GB\",\"potentialAction\":[{\"@type\":\"CommentAction\",\"name\":\"Comment\",\"target\":[\"https:\/\/dmcsrb.com\/kultura\/svecano-otvoren-medjunarodni-festival-knjizevnosti-na-trgu-nezavisnosti\/#respond\"]}]},{\"@type\":\"WebPage\",\"@id\":\"https:\/\/dmcsrb.com\/kultura\/svecano-otvoren-medjunarodni-festival-knjizevnosti-na-trgu-nezavisnosti\/\",\"url\":\"https:\/\/dmcsrb.com\/kultura\/svecano-otvoren-medjunarodni-festival-knjizevnosti-na-trgu-nezavisnosti\/\",\"name\":\"Sve\u010dano otvoren Me\u0111unarodni festival knji\u017eevnosti na Trgu nezavisnosti - dmcsrb.com\",\"isPartOf\":{\"@id\":\"https:\/\/dmcsrb.com\/#website\"},\"primaryImageOfPage\":{\"@id\":\"https:\/\/dmcsrb.com\/kultura\/svecano-otvoren-medjunarodni-festival-knjizevnosti-na-trgu-nezavisnosti\/#primaryimage\"},\"image\":{\"@id\":\"https:\/\/dmcsrb.com\/kultura\/svecano-otvoren-medjunarodni-festival-knjizevnosti-na-trgu-nezavisnosti\/#primaryimage\"},\"thumbnailUrl\":\"https:\/\/dmcsrb.com\/wp-content\/uploads\/2026\/01\/JA3A4124-scaled-1.webp\",\"datePublished\":\"2025-09-30T14:30:00+00:00\",\"author\":{\"@id\":\"https:\/\/dmcsrb.com\/#\/schema\/person\/5c39170f12db1b8b457732d0b5c854e2\"},\"breadcrumb\":{\"@id\":\"https:\/\/dmcsrb.com\/kultura\/svecano-otvoren-medjunarodni-festival-knjizevnosti-na-trgu-nezavisnosti\/#breadcrumb\"},\"inLanguage\":\"en-GB\",\"potentialAction\":[{\"@type\":\"ReadAction\",\"target\":[\"https:\/\/dmcsrb.com\/kultura\/svecano-otvoren-medjunarodni-festival-knjizevnosti-na-trgu-nezavisnosti\/\"]}]},{\"@type\":\"ImageObject\",\"inLanguage\":\"en-GB\",\"@id\":\"https:\/\/dmcsrb.com\/kultura\/svecano-otvoren-medjunarodni-festival-knjizevnosti-na-trgu-nezavisnosti\/#primaryimage\",\"url\":\"https:\/\/dmcsrb.com\/wp-content\/uploads\/2026\/01\/JA3A4124-scaled-1.webp\",\"contentUrl\":\"https:\/\/dmcsrb.com\/wp-content\/uploads\/2026\/01\/JA3A4124-scaled-1.webp\",\"width\":2560,\"height\":1707},{\"@type\":\"BreadcrumbList\",\"@id\":\"https:\/\/dmcsrb.com\/kultura\/svecano-otvoren-medjunarodni-festival-knjizevnosti-na-trgu-nezavisnosti\/#breadcrumb\",\"itemListElement\":[{\"@type\":\"ListItem\",\"position\":1,\"name\":\"Home\",\"item\":\"https:\/\/dmcsrb.com\/\"},{\"@type\":\"ListItem\",\"position\":2,\"name\":\"Sve\u010dano otvoren Me\u0111unarodni festival knji\u017eevnosti na Trgu nezavisnosti\"}]},{\"@type\":\"WebSite\",\"@id\":\"https:\/\/dmcsrb.com\/#website\",\"url\":\"https:\/\/dmcsrb.com\/\",\"name\":\"dmcsrb.com\",\"description\":\"\",\"potentialAction\":[{\"@type\":\"SearchAction\",\"target\":{\"@type\":\"EntryPoint\",\"urlTemplate\":\"https:\/\/dmcsrb.com\/?s={search_term_string}\"},\"query-input\":{\"@type\":\"PropertyValueSpecification\",\"valueRequired\":true,\"valueName\":\"search_term_string\"}}],\"inLanguage\":\"en-GB\"},{\"@type\":\"Person\",\"@id\":\"https:\/\/dmcsrb.com\/#\/schema\/person\/5c39170f12db1b8b457732d0b5c854e2\",\"name\":\"dmcsrbija.com@gmail.com\",\"image\":{\"@type\":\"ImageObject\",\"inLanguage\":\"en-GB\",\"@id\":\"https:\/\/dmcsrb.com\/#\/schema\/person\/image\/\",\"url\":\"https:\/\/secure.gravatar.com\/avatar\/68592660ad6347fad0fb587f8d5d8f1a7b44961362f56e4f2cd524feb87e9069?s=96&d=mm&r=g\",\"contentUrl\":\"https:\/\/secure.gravatar.com\/avatar\/68592660ad6347fad0fb587f8d5d8f1a7b44961362f56e4f2cd524feb87e9069?s=96&d=mm&r=g\",\"caption\":\"dmcsrbija.com@gmail.com\"},\"sameAs\":[\"https:\/\/dmcsrb.com\"],\"url\":\"https:\/\/dmcsrb.com\/en\/author\/dmcsrbija-comgmail-com\/\"}]}<\/script>\n<!-- \/ Yoast SEO plugin. -->","yoast_head_json":{"title":"Sve\u010dano otvoren Me\u0111unarodni festival knji\u017eevnosti na Trgu nezavisnosti - dmcsrb.com","robots":{"index":"index","follow":"follow","max-snippet":"max-snippet:-1","max-image-preview":"max-image-preview:large","max-video-preview":"max-video-preview:-1"},"canonical":"https:\/\/dmcsrb.com\/en\/kultura\/svecano-otvoren-medjunarodni-festival-knjizevnosti-na-trgu-nezavisnosti\/","og_locale":"en_GB","og_type":"article","og_title":"Sve\u010dano otvoren Me\u0111unarodni festival knji\u017eevnosti na Trgu nezavisnosti - dmcsrb.com","og_description":"Sekretarka za kulturu Glavnog grada, Sne\u017eana Tomanovi\u0107, sve\u010dano je otvorila premijerno izdanje Me\u0111unarodnog festivala knji\u017eevnosti na Trgu nezavisnosti, saop\u0161teno je iz Sekretarijata za kulturu Glavnog grada Podgorica.","og_url":"https:\/\/dmcsrb.com\/en\/kultura\/svecano-otvoren-medjunarodni-festival-knjizevnosti-na-trgu-nezavisnosti\/","og_site_name":"dmcsrb.com","article_published_time":"2025-09-30T14:30:00+00:00","og_image":[{"width":2560,"height":1707,"url":"https:\/\/dmcsrb.com\/wp-content\/uploads\/2026\/01\/JA3A4124-scaled-1.webp","type":"image\/jpeg"}],"author":"dmcsrbija.com@gmail.com","twitter_card":"summary_large_image","twitter_misc":{"Written by":"dmcsrbija.com@gmail.com","Estimated reading time":"3 minutes"},"schema":{"@context":"https:\/\/schema.org","@graph":[{"@type":"Article","@id":"https:\/\/dmcsrb.com\/kultura\/svecano-otvoren-medjunarodni-festival-knjizevnosti-na-trgu-nezavisnosti\/#article","isPartOf":{"@id":"https:\/\/dmcsrb.com\/kultura\/svecano-otvoren-medjunarodni-festival-knjizevnosti-na-trgu-nezavisnosti\/"},"author":{"name":"dmcsrbija.com@gmail.com","@id":"https:\/\/dmcsrb.com\/#\/schema\/person\/5c39170f12db1b8b457732d0b5c854e2"},"headline":"Sve\u010dano otvoren Me\u0111unarodni festival knji\u017eevnosti na Trgu nezavisnosti","datePublished":"2025-09-30T14:30:00+00:00","mainEntityOfPage":{"@id":"https:\/\/dmcsrb.com\/kultura\/svecano-otvoren-medjunarodni-festival-knjizevnosti-na-trgu-nezavisnosti\/"},"wordCount":612,"commentCount":0,"image":{"@id":"https:\/\/dmcsrb.com\/kultura\/svecano-otvoren-medjunarodni-festival-knjizevnosti-na-trgu-nezavisnosti\/#primaryimage"},"thumbnailUrl":"https:\/\/dmcsrb.com\/wp-content\/uploads\/2026\/01\/JA3A4124-scaled-1.webp","keywords":["Me\u0111unarodni festival za knji\u017eevnost","sve\u010dano otvaranje","Trg nezavisnosti"],"articleSection":["Kultura"],"inLanguage":"en-GB","potentialAction":[{"@type":"CommentAction","name":"Comment","target":["https:\/\/dmcsrb.com\/kultura\/svecano-otvoren-medjunarodni-festival-knjizevnosti-na-trgu-nezavisnosti\/#respond"]}]},{"@type":"WebPage","@id":"https:\/\/dmcsrb.com\/kultura\/svecano-otvoren-medjunarodni-festival-knjizevnosti-na-trgu-nezavisnosti\/","url":"https:\/\/dmcsrb.com\/kultura\/svecano-otvoren-medjunarodni-festival-knjizevnosti-na-trgu-nezavisnosti\/","name":"Sve\u010dano otvoren Me\u0111unarodni festival knji\u017eevnosti na Trgu nezavisnosti - dmcsrb.com","isPartOf":{"@id":"https:\/\/dmcsrb.com\/#website"},"primaryImageOfPage":{"@id":"https:\/\/dmcsrb.com\/kultura\/svecano-otvoren-medjunarodni-festival-knjizevnosti-na-trgu-nezavisnosti\/#primaryimage"},"image":{"@id":"https:\/\/dmcsrb.com\/kultura\/svecano-otvoren-medjunarodni-festival-knjizevnosti-na-trgu-nezavisnosti\/#primaryimage"},"thumbnailUrl":"https:\/\/dmcsrb.com\/wp-content\/uploads\/2026\/01\/JA3A4124-scaled-1.webp","datePublished":"2025-09-30T14:30:00+00:00","author":{"@id":"https:\/\/dmcsrb.com\/#\/schema\/person\/5c39170f12db1b8b457732d0b5c854e2"},"breadcrumb":{"@id":"https:\/\/dmcsrb.com\/kultura\/svecano-otvoren-medjunarodni-festival-knjizevnosti-na-trgu-nezavisnosti\/#breadcrumb"},"inLanguage":"en-GB","potentialAction":[{"@type":"ReadAction","target":["https:\/\/dmcsrb.com\/kultura\/svecano-otvoren-medjunarodni-festival-knjizevnosti-na-trgu-nezavisnosti\/"]}]},{"@type":"ImageObject","inLanguage":"en-GB","@id":"https:\/\/dmcsrb.com\/kultura\/svecano-otvoren-medjunarodni-festival-knjizevnosti-na-trgu-nezavisnosti\/#primaryimage","url":"https:\/\/dmcsrb.com\/wp-content\/uploads\/2026\/01\/JA3A4124-scaled-1.webp","contentUrl":"https:\/\/dmcsrb.com\/wp-content\/uploads\/2026\/01\/JA3A4124-scaled-1.webp","width":2560,"height":1707},{"@type":"BreadcrumbList","@id":"https:\/\/dmcsrb.com\/kultura\/svecano-otvoren-medjunarodni-festival-knjizevnosti-na-trgu-nezavisnosti\/#breadcrumb","itemListElement":[{"@type":"ListItem","position":1,"name":"Home","item":"https:\/\/dmcsrb.com\/"},{"@type":"ListItem","position":2,"name":"Sve\u010dano otvoren Me\u0111unarodni festival knji\u017eevnosti na Trgu nezavisnosti"}]},{"@type":"WebSite","@id":"https:\/\/dmcsrb.com\/#website","url":"https:\/\/dmcsrb.com\/","name":"dmcsrb.com","description":"","potentialAction":[{"@type":"SearchAction","target":{"@type":"EntryPoint","urlTemplate":"https:\/\/dmcsrb.com\/?s={search_term_string}"},"query-input":{"@type":"PropertyValueSpecification","valueRequired":true,"valueName":"search_term_string"}}],"inLanguage":"en-GB"},{"@type":"Person","@id":"https:\/\/dmcsrb.com\/#\/schema\/person\/5c39170f12db1b8b457732d0b5c854e2","name":"dmcsrbija.com@gmail.com","image":{"@type":"ImageObject","inLanguage":"en-GB","@id":"https:\/\/dmcsrb.com\/#\/schema\/person\/image\/","url":"https:\/\/secure.gravatar.com\/avatar\/68592660ad6347fad0fb587f8d5d8f1a7b44961362f56e4f2cd524feb87e9069?s=96&d=mm&r=g","contentUrl":"https:\/\/secure.gravatar.com\/avatar\/68592660ad6347fad0fb587f8d5d8f1a7b44961362f56e4f2cd524feb87e9069?s=96&d=mm&r=g","caption":"dmcsrbija.com@gmail.com"},"sameAs":["https:\/\/dmcsrb.com"],"url":"https:\/\/dmcsrb.com\/en\/author\/dmcsrbija-comgmail-com\/"}]}},"_links":{"self":[{"href":"https:\/\/dmcsrb.com\/en\/wp-json\/wp\/v2\/posts\/954954","targetHints":{"allow":["GET"]}}],"collection":[{"href":"https:\/\/dmcsrb.com\/en\/wp-json\/wp\/v2\/posts"}],"about":[{"href":"https:\/\/dmcsrb.com\/en\/wp-json\/wp\/v2\/types\/post"}],"author":[{"embeddable":true,"href":"https:\/\/dmcsrb.com\/en\/wp-json\/wp\/v2\/users\/1"}],"replies":[{"embeddable":true,"href":"https:\/\/dmcsrb.com\/en\/wp-json\/wp\/v2\/comments?post=954954"}],"version-history":[{"count":0,"href":"https:\/\/dmcsrb.com\/en\/wp-json\/wp\/v2\/posts\/954954\/revisions"}],"wp:featuredmedia":[{"embeddable":true,"href":"https:\/\/dmcsrb.com\/en\/wp-json\/wp\/v2\/media\/954955"}],"wp:attachment":[{"href":"https:\/\/dmcsrb.com\/en\/wp-json\/wp\/v2\/media?parent=954954"}],"wp:term":[{"taxonomy":"category","embeddable":true,"href":"https:\/\/dmcsrb.com\/en\/wp-json\/wp\/v2\/categories?post=954954"},{"taxonomy":"post_tag","embeddable":true,"href":"https:\/\/dmcsrb.com\/en\/wp-json\/wp\/v2\/tags?post=954954"},{"taxonomy":"naslovna","embeddable":true,"href":"https:\/\/dmcsrb.com\/en\/wp-json\/wp\/v2\/naslovna?post=954954"}],"curies":[{"name":"wp","href":"https:\/\/api.w.org\/{rel}","templated":true}]}}