{"id":954950,"date":"2025-09-30T15:57:05","date_gmt":"2025-09-30T13:57:05","guid":{"rendered":"https:\/\/dmcsrb.com\/uncategorized\/gorcevic-nasa-obaveza-je-da-dokazemo-da-je-crna-gora-spremna-za-clanstvo-u-eu\/"},"modified":"2025-09-30T15:57:05","modified_gmt":"2025-09-30T13:57:05","slug":"gorcevic-nasa-obaveza-je-da-dokazemo-da-je-crna-gora-spremna-za-clanstvo-u-eu","status":"publish","type":"post","link":"https:\/\/dmcsrb.com\/en\/politika\/gorcevic-nasa-obaveza-je-da-dokazemo-da-je-crna-gora-spremna-za-clanstvo-u-eu\/","title":{"rendered":"Gor\u010devi\u0107: Na\u0161a obaveza je da doka\u017eemo da je Crna Gora spremna za \u010dlanstvo u EU"},"content":{"rendered":"<p>Ona je, kako navode, naglasila da evropska perspektiva mora ostati klju\u010dna za stabilnost i razvoj \u010ditavog regiona, jer samo tako mo\u017eemo obezbijediti trajnu bezbjednost i prosperitet.<\/p>\n\n\n\n<p>\u201eCrna Gora ostaje \u010dvrsto posve\u0107ena evropskom putu \u2013 na\u0161 cilj je jasan: zavr\u0161etak prego-vora do 2026. i punopravno \u010dlanstvo u Evropskoj uniji do 2028. godine\u201c, kazala je Gor\u010devi\u0107.<\/p>\n\n\n\n<p>Ona se, kao klju\u010dna govornica, obratila na forumu pod nazivom \u201eIzme\u0111u igranja mo\u0107i i obe\u0107anja: Zapadni Balkan usred globalnih promjena i izazova za Evropu\u201c.<\/p>\n\n\n\n<p>Dodaju da je ministarka naglasila da je Crna Gora danas najnapredniji kandidat u procesu pristupan-ja, jedina zemlja koja je otvorila sva poglavlja i zatvorila sedam.<\/p>\n\n\n\n<p>\u201eU proteklim mjesecima ostvarili smo opipljiv napredak, zatvorili smo \u010detiri poglavlja, uklju\u010duju\u0107i i jedno od najzahtjevnijih, te obezbijedili 383 miliona eura iz Plana rasta EU za Zapadni Balkan. Tim sredstvima finansira\u0107emo klju\u010dne reforme: ja\u010danje borbe protiv organizovanog kriminala, modernizaciju javnih nabavki, reformu izbornog zakonodavstva, \u0161irenje digitalne infra-strukture i ulaganje u obrazovanje sa fokusom na digitalne vje\u0161tine\u201c, istakla je ministarka.<\/p>\n\n\n\n<p>&#8220;Ministarka je poru\u010dila da Crna Gora ostaje \u010dvrsto posve\u0107ena evropskom putu i da \u0107e nastaviti odlu\u010dno da sprovodi reforme, ja\u010da demokratiju i unaprje\u0111uje standarde kako bi ost-varila svoje \u010dlanstvo u EU. Istakla je da je sada pravi trenutak za konsolidaciju evropske perspektive cijelog regiona, te da samo kroz zajedni\u010dki evropski put Zapadni Balkan mo\u017ee obezbijediti trajni mir, stabilnost i prosperitet za sve svoje gra\u0111ane&#8221;, pi\u0161e u saop\u0161tenju.<\/p>\n\n\n\n<p>Dr\u017eavna sekretarka u Ministarstvu evropskih poslova, Biljana Papovi\u0107, u\u010destvovala je na sesiji pod nazivom \u201eZapadni Balkan izme\u0111u integracije i izolacije\u201c, u okviru koje je istakla klju\u010dne prioritete Crne Gore u procesu evropskih integracija. Ona je naglasila da je strategi-ja Crne Gore u potpunosti usmjerena na neutralisanje politi\u010dke nesigurnosti u EU kroz dosljednu implementaciju tehni\u010dkih, pravnih i institucionalnih pretpostavki koje zahtijeva Evropska unija.&nbsp;<\/p>\n\n\n\n<p><img decoding=\"async\" width=\"100%\" alt=\"Papovi\u0107\" src=\"https:\/\/rtcg.me\/upload\/\/media\/2025\/8\/30\/17\/56\/399\/2278908\/resize\/2278911\/Biljana%C2%A0Papovic%CC%81_599x900\"><em>Papovi\u0107 (Foto: Ministarstvo evropskih poslova CG)<\/em><\/p>\n\n\n\n<p>\u201eNa\u0161 pristup je zasnovan na konkretnim rezultatima, a ne na retorici. Svaka reforma koja ja\u010da nezavisne institucije, javne nabavke, sudstvo i antikorupcijska tijela smanjuje rizik za investitore, pove\u0107ava potencijal rasta i pribli\u017eava nas \u010dlanstvu u jedinstvenom tr\u017ei\u0161tu,\u201c rekla je dr\u017eavna sekretraka Papovi\u0107.<\/p>","protected":false},"excerpt":{"rendered":"<p>Reforme na putu ka EU ne do\u017eivljavamo kao obavezu, ve\u0107 kao priliku da damo svoj doprinos evropskoj budu\u0107nosti Zapadnog Balkana. Na\u0161a je obaveza da ispunimo svako mjerilo, po\u0161tujemo svaki standard i doka\u017eemo da Crna Gora zaslu\u017euje mjesto u EU kao potpuno spremna i kredibilna \u010dlanica, poru\u010dila je ministarka evropskih poslova, Maida Gor\u010devi\u0107, na BSC sastanku lidera u Podgorici, forumu koji organizuje Beogradski centar za bezbjednosnu politiku (BCSP), uz podr\u0161ku Ambasade Norve\u0161ke.<\/p>","protected":false},"author":1,"featured_media":954951,"comment_status":"open","ping_status":"open","sticky":false,"template":"","format":"standard","meta":{"_acf_changed":false,"footnotes":""},"categories":[12],"tags":[95,10,1025,3414],"naslovna":[],"class_list":["post-954950","post","type-post","status-publish","format-standard","has-post-thumbnail","hentry","category-politika","tag-crna-gora","tag-eu","tag-maida-gorcevic-2","tag-mep"],"acf":[],"yoast_head":"<!-- This site is optimized with the Yoast SEO plugin v27.0 - https:\/\/yoast.com\/product\/yoast-seo-wordpress\/ -->\n<title>Gor\u010devi\u0107: Na\u0161a obaveza je da doka\u017eemo da je Crna Gora spremna za \u010dlanstvo u EU - dmcsrb.com<\/title>\n<meta name=\"robots\" content=\"index, follow, max-snippet:-1, max-image-preview:large, max-video-preview:-1\" \/>\n<link rel=\"canonical\" href=\"https:\/\/dmcsrb.com\/en\/politika\/gorcevic-nasa-obaveza-je-da-dokazemo-da-je-crna-gora-spremna-za-clanstvo-u-eu\/\" \/>\n<meta property=\"og:locale\" content=\"en_GB\" \/>\n<meta property=\"og:type\" content=\"article\" \/>\n<meta property=\"og:title\" content=\"Gor\u010devi\u0107: Na\u0161a obaveza je da doka\u017eemo da je Crna Gora spremna za \u010dlanstvo u EU - dmcsrb.com\" \/>\n<meta property=\"og:description\" content=\"Reforme na putu ka EU ne do\u017eivljavamo kao obavezu, ve\u0107 kao priliku da damo svoj doprinos evropskoj budu\u0107nosti Zapadnog Balkana. Na\u0161a je obaveza da ispunimo svako mjerilo, po\u0161tujemo svaki standard i doka\u017eemo da Crna Gora zaslu\u017euje mjesto u EU kao potpuno spremna i kredibilna \u010dlanica, poru\u010dila je ministarka evropskih poslova, Maida Gor\u010devi\u0107, na BSC sastanku lidera u Podgorici, forumu koji organizuje Beogradski centar za bezbjednosnu politiku (BCSP), uz podr\u0161ku Ambasade Norve\u0161ke.\" \/>\n<meta property=\"og:url\" content=\"https:\/\/dmcsrb.com\/en\/politika\/gorcevic-nasa-obaveza-je-da-dokazemo-da-je-crna-gora-spremna-za-clanstvo-u-eu\/\" \/>\n<meta property=\"og:site_name\" content=\"dmcsrb.com\" \/>\n<meta property=\"article:published_time\" content=\"2025-09-30T13:57:05+00:00\" \/>\n<meta property=\"og:image\" content=\"https:\/\/dmcsrb.com\/wp-content\/uploads\/2026\/01\/gorcevicccccccccc_600x900.webp\" \/>\n\t<meta property=\"og:image:width\" content=\"900\" \/>\n\t<meta property=\"og:image:height\" content=\"600\" \/>\n\t<meta property=\"og:image:type\" content=\"image\/jpeg\" \/>\n<meta name=\"author\" content=\"dmcsrbija.com@gmail.com\" \/>\n<meta name=\"twitter:card\" content=\"summary_large_image\" \/>\n<meta name=\"twitter:label1\" content=\"Written by\" \/>\n\t<meta name=\"twitter:data1\" content=\"dmcsrbija.com@gmail.com\" \/>\n\t<meta name=\"twitter:label2\" content=\"Estimated reading time\" \/>\n\t<meta name=\"twitter:data2\" content=\"2 minutes\" \/>\n<script type=\"application\/ld+json\" class=\"yoast-schema-graph\">{\"@context\":\"https:\/\/schema.org\",\"@graph\":[{\"@type\":\"Article\",\"@id\":\"https:\/\/dmcsrb.com\/politika\/gorcevic-nasa-obaveza-je-da-dokazemo-da-je-crna-gora-spremna-za-clanstvo-u-eu\/#article\",\"isPartOf\":{\"@id\":\"https:\/\/dmcsrb.com\/politika\/gorcevic-nasa-obaveza-je-da-dokazemo-da-je-crna-gora-spremna-za-clanstvo-u-eu\/\"},\"author\":{\"name\":\"dmcsrbija.com@gmail.com\",\"@id\":\"https:\/\/dmcsrb.com\/#\/schema\/person\/5c39170f12db1b8b457732d0b5c854e2\"},\"headline\":\"Gor\u010devi\u0107: Na\u0161a obaveza je da doka\u017eemo da je Crna Gora spremna za \u010dlanstvo u EU\",\"datePublished\":\"2025-09-30T13:57:05+00:00\",\"mainEntityOfPage\":{\"@id\":\"https:\/\/dmcsrb.com\/politika\/gorcevic-nasa-obaveza-je-da-dokazemo-da-je-crna-gora-spremna-za-clanstvo-u-eu\/\"},\"wordCount\":391,\"commentCount\":0,\"image\":{\"@id\":\"https:\/\/dmcsrb.com\/politika\/gorcevic-nasa-obaveza-je-da-dokazemo-da-je-crna-gora-spremna-za-clanstvo-u-eu\/#primaryimage\"},\"thumbnailUrl\":\"https:\/\/dmcsrb.com\/wp-content\/uploads\/2026\/01\/gorcevicccccccccc_600x900.webp\",\"keywords\":[\"Crna Gora\",\"EU\",\"Maida Gor\u010devi\u0107\",\"MEP\"],\"articleSection\":[\"Politika\"],\"inLanguage\":\"en-GB\",\"potentialAction\":[{\"@type\":\"CommentAction\",\"name\":\"Comment\",\"target\":[\"https:\/\/dmcsrb.com\/politika\/gorcevic-nasa-obaveza-je-da-dokazemo-da-je-crna-gora-spremna-za-clanstvo-u-eu\/#respond\"]}]},{\"@type\":\"WebPage\",\"@id\":\"https:\/\/dmcsrb.com\/politika\/gorcevic-nasa-obaveza-je-da-dokazemo-da-je-crna-gora-spremna-za-clanstvo-u-eu\/\",\"url\":\"https:\/\/dmcsrb.com\/politika\/gorcevic-nasa-obaveza-je-da-dokazemo-da-je-crna-gora-spremna-za-clanstvo-u-eu\/\",\"name\":\"Gor\u010devi\u0107: Na\u0161a obaveza je da doka\u017eemo da je Crna Gora spremna za \u010dlanstvo u EU - dmcsrb.com\",\"isPartOf\":{\"@id\":\"https:\/\/dmcsrb.com\/#website\"},\"primaryImageOfPage\":{\"@id\":\"https:\/\/dmcsrb.com\/politika\/gorcevic-nasa-obaveza-je-da-dokazemo-da-je-crna-gora-spremna-za-clanstvo-u-eu\/#primaryimage\"},\"image\":{\"@id\":\"https:\/\/dmcsrb.com\/politika\/gorcevic-nasa-obaveza-je-da-dokazemo-da-je-crna-gora-spremna-za-clanstvo-u-eu\/#primaryimage\"},\"thumbnailUrl\":\"https:\/\/dmcsrb.com\/wp-content\/uploads\/2026\/01\/gorcevicccccccccc_600x900.webp\",\"datePublished\":\"2025-09-30T13:57:05+00:00\",\"author\":{\"@id\":\"https:\/\/dmcsrb.com\/#\/schema\/person\/5c39170f12db1b8b457732d0b5c854e2\"},\"breadcrumb\":{\"@id\":\"https:\/\/dmcsrb.com\/politika\/gorcevic-nasa-obaveza-je-da-dokazemo-da-je-crna-gora-spremna-za-clanstvo-u-eu\/#breadcrumb\"},\"inLanguage\":\"en-GB\",\"potentialAction\":[{\"@type\":\"ReadAction\",\"target\":[\"https:\/\/dmcsrb.com\/politika\/gorcevic-nasa-obaveza-je-da-dokazemo-da-je-crna-gora-spremna-za-clanstvo-u-eu\/\"]}]},{\"@type\":\"ImageObject\",\"inLanguage\":\"en-GB\",\"@id\":\"https:\/\/dmcsrb.com\/politika\/gorcevic-nasa-obaveza-je-da-dokazemo-da-je-crna-gora-spremna-za-clanstvo-u-eu\/#primaryimage\",\"url\":\"https:\/\/dmcsrb.com\/wp-content\/uploads\/2026\/01\/gorcevicccccccccc_600x900.webp\",\"contentUrl\":\"https:\/\/dmcsrb.com\/wp-content\/uploads\/2026\/01\/gorcevicccccccccc_600x900.webp\",\"width\":900,\"height\":600},{\"@type\":\"BreadcrumbList\",\"@id\":\"https:\/\/dmcsrb.com\/politika\/gorcevic-nasa-obaveza-je-da-dokazemo-da-je-crna-gora-spremna-za-clanstvo-u-eu\/#breadcrumb\",\"itemListElement\":[{\"@type\":\"ListItem\",\"position\":1,\"name\":\"Home\",\"item\":\"https:\/\/dmcsrb.com\/\"},{\"@type\":\"ListItem\",\"position\":2,\"name\":\"Gor\u010devi\u0107: Na\u0161a obaveza je da doka\u017eemo da je Crna Gora spremna za \u010dlanstvo u EU\"}]},{\"@type\":\"WebSite\",\"@id\":\"https:\/\/dmcsrb.com\/#website\",\"url\":\"https:\/\/dmcsrb.com\/\",\"name\":\"dmcsrb.com\",\"description\":\"\",\"potentialAction\":[{\"@type\":\"SearchAction\",\"target\":{\"@type\":\"EntryPoint\",\"urlTemplate\":\"https:\/\/dmcsrb.com\/?s={search_term_string}\"},\"query-input\":{\"@type\":\"PropertyValueSpecification\",\"valueRequired\":true,\"valueName\":\"search_term_string\"}}],\"inLanguage\":\"en-GB\"},{\"@type\":\"Person\",\"@id\":\"https:\/\/dmcsrb.com\/#\/schema\/person\/5c39170f12db1b8b457732d0b5c854e2\",\"name\":\"dmcsrbija.com@gmail.com\",\"image\":{\"@type\":\"ImageObject\",\"inLanguage\":\"en-GB\",\"@id\":\"https:\/\/dmcsrb.com\/#\/schema\/person\/image\/\",\"url\":\"https:\/\/secure.gravatar.com\/avatar\/68592660ad6347fad0fb587f8d5d8f1a7b44961362f56e4f2cd524feb87e9069?s=96&d=mm&r=g\",\"contentUrl\":\"https:\/\/secure.gravatar.com\/avatar\/68592660ad6347fad0fb587f8d5d8f1a7b44961362f56e4f2cd524feb87e9069?s=96&d=mm&r=g\",\"caption\":\"dmcsrbija.com@gmail.com\"},\"sameAs\":[\"https:\/\/dmcsrb.com\"],\"url\":\"https:\/\/dmcsrb.com\/en\/author\/dmcsrbija-comgmail-com\/\"}]}<\/script>\n<!-- \/ Yoast SEO plugin. -->","yoast_head_json":{"title":"Gor\u010devi\u0107: Na\u0161a obaveza je da doka\u017eemo da je Crna Gora spremna za \u010dlanstvo u EU - dmcsrb.com","robots":{"index":"index","follow":"follow","max-snippet":"max-snippet:-1","max-image-preview":"max-image-preview:large","max-video-preview":"max-video-preview:-1"},"canonical":"https:\/\/dmcsrb.com\/en\/politika\/gorcevic-nasa-obaveza-je-da-dokazemo-da-je-crna-gora-spremna-za-clanstvo-u-eu\/","og_locale":"en_GB","og_type":"article","og_title":"Gor\u010devi\u0107: Na\u0161a obaveza je da doka\u017eemo da je Crna Gora spremna za \u010dlanstvo u EU - dmcsrb.com","og_description":"Reforme na putu ka EU ne do\u017eivljavamo kao obavezu, ve\u0107 kao priliku da damo svoj doprinos evropskoj budu\u0107nosti Zapadnog Balkana. Na\u0161a je obaveza da ispunimo svako mjerilo, po\u0161tujemo svaki standard i doka\u017eemo da Crna Gora zaslu\u017euje mjesto u EU kao potpuno spremna i kredibilna \u010dlanica, poru\u010dila je ministarka evropskih poslova, Maida Gor\u010devi\u0107, na BSC sastanku lidera u Podgorici, forumu koji organizuje Beogradski centar za bezbjednosnu politiku (BCSP), uz podr\u0161ku Ambasade Norve\u0161ke.","og_url":"https:\/\/dmcsrb.com\/en\/politika\/gorcevic-nasa-obaveza-je-da-dokazemo-da-je-crna-gora-spremna-za-clanstvo-u-eu\/","og_site_name":"dmcsrb.com","article_published_time":"2025-09-30T13:57:05+00:00","og_image":[{"width":900,"height":600,"url":"https:\/\/dmcsrb.com\/wp-content\/uploads\/2026\/01\/gorcevicccccccccc_600x900.webp","type":"image\/jpeg"}],"author":"dmcsrbija.com@gmail.com","twitter_card":"summary_large_image","twitter_misc":{"Written by":"dmcsrbija.com@gmail.com","Estimated reading time":"2 minutes"},"schema":{"@context":"https:\/\/schema.org","@graph":[{"@type":"Article","@id":"https:\/\/dmcsrb.com\/politika\/gorcevic-nasa-obaveza-je-da-dokazemo-da-je-crna-gora-spremna-za-clanstvo-u-eu\/#article","isPartOf":{"@id":"https:\/\/dmcsrb.com\/politika\/gorcevic-nasa-obaveza-je-da-dokazemo-da-je-crna-gora-spremna-za-clanstvo-u-eu\/"},"author":{"name":"dmcsrbija.com@gmail.com","@id":"https:\/\/dmcsrb.com\/#\/schema\/person\/5c39170f12db1b8b457732d0b5c854e2"},"headline":"Gor\u010devi\u0107: Na\u0161a obaveza je da doka\u017eemo da je Crna Gora spremna za \u010dlanstvo u EU","datePublished":"2025-09-30T13:57:05+00:00","mainEntityOfPage":{"@id":"https:\/\/dmcsrb.com\/politika\/gorcevic-nasa-obaveza-je-da-dokazemo-da-je-crna-gora-spremna-za-clanstvo-u-eu\/"},"wordCount":391,"commentCount":0,"image":{"@id":"https:\/\/dmcsrb.com\/politika\/gorcevic-nasa-obaveza-je-da-dokazemo-da-je-crna-gora-spremna-za-clanstvo-u-eu\/#primaryimage"},"thumbnailUrl":"https:\/\/dmcsrb.com\/wp-content\/uploads\/2026\/01\/gorcevicccccccccc_600x900.webp","keywords":["Crna Gora","EU","Maida Gor\u010devi\u0107","MEP"],"articleSection":["Politika"],"inLanguage":"en-GB","potentialAction":[{"@type":"CommentAction","name":"Comment","target":["https:\/\/dmcsrb.com\/politika\/gorcevic-nasa-obaveza-je-da-dokazemo-da-je-crna-gora-spremna-za-clanstvo-u-eu\/#respond"]}]},{"@type":"WebPage","@id":"https:\/\/dmcsrb.com\/politika\/gorcevic-nasa-obaveza-je-da-dokazemo-da-je-crna-gora-spremna-za-clanstvo-u-eu\/","url":"https:\/\/dmcsrb.com\/politika\/gorcevic-nasa-obaveza-je-da-dokazemo-da-je-crna-gora-spremna-za-clanstvo-u-eu\/","name":"Gor\u010devi\u0107: Na\u0161a obaveza je da doka\u017eemo da je Crna Gora spremna za \u010dlanstvo u EU - dmcsrb.com","isPartOf":{"@id":"https:\/\/dmcsrb.com\/#website"},"primaryImageOfPage":{"@id":"https:\/\/dmcsrb.com\/politika\/gorcevic-nasa-obaveza-je-da-dokazemo-da-je-crna-gora-spremna-za-clanstvo-u-eu\/#primaryimage"},"image":{"@id":"https:\/\/dmcsrb.com\/politika\/gorcevic-nasa-obaveza-je-da-dokazemo-da-je-crna-gora-spremna-za-clanstvo-u-eu\/#primaryimage"},"thumbnailUrl":"https:\/\/dmcsrb.com\/wp-content\/uploads\/2026\/01\/gorcevicccccccccc_600x900.webp","datePublished":"2025-09-30T13:57:05+00:00","author":{"@id":"https:\/\/dmcsrb.com\/#\/schema\/person\/5c39170f12db1b8b457732d0b5c854e2"},"breadcrumb":{"@id":"https:\/\/dmcsrb.com\/politika\/gorcevic-nasa-obaveza-je-da-dokazemo-da-je-crna-gora-spremna-za-clanstvo-u-eu\/#breadcrumb"},"inLanguage":"en-GB","potentialAction":[{"@type":"ReadAction","target":["https:\/\/dmcsrb.com\/politika\/gorcevic-nasa-obaveza-je-da-dokazemo-da-je-crna-gora-spremna-za-clanstvo-u-eu\/"]}]},{"@type":"ImageObject","inLanguage":"en-GB","@id":"https:\/\/dmcsrb.com\/politika\/gorcevic-nasa-obaveza-je-da-dokazemo-da-je-crna-gora-spremna-za-clanstvo-u-eu\/#primaryimage","url":"https:\/\/dmcsrb.com\/wp-content\/uploads\/2026\/01\/gorcevicccccccccc_600x900.webp","contentUrl":"https:\/\/dmcsrb.com\/wp-content\/uploads\/2026\/01\/gorcevicccccccccc_600x900.webp","width":900,"height":600},{"@type":"BreadcrumbList","@id":"https:\/\/dmcsrb.com\/politika\/gorcevic-nasa-obaveza-je-da-dokazemo-da-je-crna-gora-spremna-za-clanstvo-u-eu\/#breadcrumb","itemListElement":[{"@type":"ListItem","position":1,"name":"Home","item":"https:\/\/dmcsrb.com\/"},{"@type":"ListItem","position":2,"name":"Gor\u010devi\u0107: Na\u0161a obaveza je da doka\u017eemo da je Crna Gora spremna za \u010dlanstvo u EU"}]},{"@type":"WebSite","@id":"https:\/\/dmcsrb.com\/#website","url":"https:\/\/dmcsrb.com\/","name":"dmcsrb.com","description":"","potentialAction":[{"@type":"SearchAction","target":{"@type":"EntryPoint","urlTemplate":"https:\/\/dmcsrb.com\/?s={search_term_string}"},"query-input":{"@type":"PropertyValueSpecification","valueRequired":true,"valueName":"search_term_string"}}],"inLanguage":"en-GB"},{"@type":"Person","@id":"https:\/\/dmcsrb.com\/#\/schema\/person\/5c39170f12db1b8b457732d0b5c854e2","name":"dmcsrbija.com@gmail.com","image":{"@type":"ImageObject","inLanguage":"en-GB","@id":"https:\/\/dmcsrb.com\/#\/schema\/person\/image\/","url":"https:\/\/secure.gravatar.com\/avatar\/68592660ad6347fad0fb587f8d5d8f1a7b44961362f56e4f2cd524feb87e9069?s=96&d=mm&r=g","contentUrl":"https:\/\/secure.gravatar.com\/avatar\/68592660ad6347fad0fb587f8d5d8f1a7b44961362f56e4f2cd524feb87e9069?s=96&d=mm&r=g","caption":"dmcsrbija.com@gmail.com"},"sameAs":["https:\/\/dmcsrb.com"],"url":"https:\/\/dmcsrb.com\/en\/author\/dmcsrbija-comgmail-com\/"}]}},"_links":{"self":[{"href":"https:\/\/dmcsrb.com\/en\/wp-json\/wp\/v2\/posts\/954950","targetHints":{"allow":["GET"]}}],"collection":[{"href":"https:\/\/dmcsrb.com\/en\/wp-json\/wp\/v2\/posts"}],"about":[{"href":"https:\/\/dmcsrb.com\/en\/wp-json\/wp\/v2\/types\/post"}],"author":[{"embeddable":true,"href":"https:\/\/dmcsrb.com\/en\/wp-json\/wp\/v2\/users\/1"}],"replies":[{"embeddable":true,"href":"https:\/\/dmcsrb.com\/en\/wp-json\/wp\/v2\/comments?post=954950"}],"version-history":[{"count":0,"href":"https:\/\/dmcsrb.com\/en\/wp-json\/wp\/v2\/posts\/954950\/revisions"}],"wp:featuredmedia":[{"embeddable":true,"href":"https:\/\/dmcsrb.com\/en\/wp-json\/wp\/v2\/media\/954951"}],"wp:attachment":[{"href":"https:\/\/dmcsrb.com\/en\/wp-json\/wp\/v2\/media?parent=954950"}],"wp:term":[{"taxonomy":"category","embeddable":true,"href":"https:\/\/dmcsrb.com\/en\/wp-json\/wp\/v2\/categories?post=954950"},{"taxonomy":"post_tag","embeddable":true,"href":"https:\/\/dmcsrb.com\/en\/wp-json\/wp\/v2\/tags?post=954950"},{"taxonomy":"naslovna","embeddable":true,"href":"https:\/\/dmcsrb.com\/en\/wp-json\/wp\/v2\/naslovna?post=954950"}],"curies":[{"name":"wp","href":"https:\/\/api.w.org\/{rel}","templated":true}]}}