{"id":954898,"date":"2025-09-30T13:25:00","date_gmt":"2025-09-30T11:25:00","guid":{"rendered":"https:\/\/dmcsrb.com\/uncategorized\/nastavlja-se-projekat-boranka-zazelenimo-pozarista-crne-gore-vise-od-45-000-novih-sadnica\/"},"modified":"2025-09-30T13:25:00","modified_gmt":"2025-09-30T11:25:00","slug":"nastavlja-se-projekat-boranka-zazelenimo-pozarista-crne-gore-vise-od-45-000-novih-sadnica","status":"publish","type":"post","link":"https:\/\/dmcsrb.com\/en\/drustvo\/nastavlja-se-projekat-boranka-zazelenimo-pozarista-crne-gore-vise-od-45-000-novih-sadnica\/","title":{"rendered":"Nastavlja se projekat &#8220;Boranka&#8221;: Zazelenimo po\u017eari\u0161ta Crne Gore &#8211; vi\u0161e od 45.000 novih sadnica"},"content":{"rendered":"<p><\/p>\n\n\n\n<p>U saradnji sa glavnim partnerom, Upravom za gazdovanje \u0161umama i lovi\u0161tima Crne Gore, odabrane su nove lokacije za jesenju sadnju.<\/p>\n\n\n\n<p>&#8220;Ove godine, pored Nik\u0161i\u0107a, Boranka se \u0161iri na Cetinje i Bar, gdje \u0107e izvi\u0111a\u010di, volonteri i prijatelji projekta zasaditi vi\u0161e od 45.000 novih sadnica i na taj na\u010din pomo\u0107i obnovi \u0161umskih ekosistema koji su uni\u0161teni u po\u017earima prethodnih godina, a sve u skladu sa planskim dokumentima Uprave za gazdovanje \u0161umama i lovi\u0161tima&#8221;, saop\u0161teno je iz Saveza izvi\u0111a\u010da Crne Gore.<\/p>\n\n\n\n<p>Kao uvod u akcije po\u0161umljavanja, Savez izvi\u0111a\u010da Crne Gore, u saradnji sa partnerima projekta, organizuje edukativne radionice u osnovnih i srednjim \u0161kolama.<\/p>\n\n\n\n<p>&#8220;Po\u017eari koji su uni\u0161tili \u0161ume \u0161irom na\u0161e zemlje prethodnih godina, ostavili su za sobom pusto\u0161, ali kroz ovaj projekat, cilj nam je da te \u0161ume ponovo o\u017eive. Upravo jedan od na\u010dina da se uklju\u010di \u0161ira zajednica, pogotovo na\u0161i najmla\u0111i, su radionice na kojima u\u010dimo ne\u0161to novo o \u0161umama u Crnoj Gori, njihovom stanju, kao i uzrocima nestanka \u0161uma. Tako\u0111e, nau\u010di\u0107emo i koji su na\u010dini da se sprije\u010di dodatno uni\u0161tavanje \u0161uma, a u\u010denici \u0107e, kori\u0161\u0107enjem \u201eboralica\u201c, kutijica koje sadr\u017ee ugljenu olovku i papir, nacrtati svoje drvo i \u201ezasaditi\u201c ga u virtuelnu \u0161umu na sajtu boranka.me. Svako virtuelno drvo \u0107e volonteri projekta \u201eBoranka\u201c zasaditi u stvarnosti i na taj na\u010din \u0107e doprinijeti da na\u0161e opo\u017earene planine dobiju nove \u0161ume koje donose brojne ekolo\u0161ke, ekonomske i dru\u0161tvene benefite za cijelu zajednicu&#8221;, kazali su iz ove organizacije.<\/p>\n\n\n\n<p>Na ju\u010dera\u0161njim radionicama u Osnovnoj \u0161koli \u201eOktoih\u201c u Podgorici, u\u010denici tre\u0107eg razreda su nau\u010dili ne\u0161to novo o projektu \u201eBoranka\u201c, ali su tako\u0111e i uz pomo\u0107 \u017du\u0107a \u010duvara &#8211; superheroja sigurnosti iz Lov\u0107en osiguranja, kroz razgovor, igru i kreativne zadatke nau\u010dili \u0161ta zna\u010di biti siguran u saobra\u0107aju, na igrali\u0161tu i u svakodnevnim situacijama. \u017du\u0107o im je pomogao i da \u201ezasade\u201c svoje drvo u virtuelnoj \u0161umi, na radost svih.<\/p>\n\n\n\n<p>&#8220;Uz podr\u0161ku Uprave za \u0161ume Crne Gore, ovaj projekat te\u017ei ne samo kvantitativnoj obnovi, ve\u0107 i kvalitetnom po\u0161umljavanju koje \u0107e osigurati dugotrajan oporavak na\u0161ih \u0161umskih povr\u0161ina. Va\u017eno je napomenuti da sadnja ne zna\u010di samo vra\u0107anje drve\u0107a, ve\u0107 obnavljanje \u017eivota u cijelom ekosistemu \u2013 za\u0161titu \u0161umskih zemlji\u0161ta, o\u010duvanje biodiverziteta i unapre\u0111enje kvaliteta vazduha&#8221;, navode iz Saveza izvi\u0111a\u010da.<\/p>\n\n\n\n<p><strong>KAKO SE UKLJU\u010cITI?<\/strong><\/p>\n\n\n\n<p>Svi gra\u0111ani, volonteri i dru\u0161tveno odgovorne kompanije pozvani su da se priklju\u010de akciji putem prijava na sajtu boranka.me. U narednim danima bi\u0107e objavljeni datumi akcija po\u0161umljavanja po gradovima i bi\u0107e otvorene prijave.<br>Nakon registracije, volonteri \u0107e dobiti sve neophodne informacije i uputstva o planiranim aktivnostima.<\/p>\n\n\n\n<p>&#8220;Projekat \u201eBoranka\u201c omogu\u0107ava svima da budu dio ove pri\u010de, bilo kroz fizi\u010dko prisustvo na akcijama sadnje, doniranjem sadnica ili simboli\u010dnom sadnjom virtuelnog drveta. \u201eBoranka\u201c nije samo ekolo\u0161ki projekat \u2013 ona je poziv na zajedni\u0161tvo, solidarnost i odgovornost prema budu\u0107nosti. Pozivamo sve gra\u0111ane da nam se pridru\u017ee i postanu dio misije obnove na\u0161ih \u0161uma. Svako zasa\u0111eno drvo je korak ka zelenijoj, zdravijoj i odr\u017eivoj Crnoj Gori&#8221;, saop\u0161tili su iz Saveza izvo\u0111a\u010da.<\/p>\n\n\n\n<p>.<\/p>","protected":false},"excerpt":{"rendered":"<p>Savez izvi\u0111a\u010da Crne Gore nastavio je sa aktivnostima u sklopu projekta \u201eBoranka u Crnoj Gori\u201c. Nakon pro\u0161logodi\u0161njih 30.000 novih sadnica crnog bora na opo\u017earenim lokacijama na planini Vojnik i vi\u0161e od 30 edukativnih radionica na kojima je prisustvovalo vi\u0161e od 700 u\u010denika osnovnih i srednjih \u0161kola, projekat je u\u0161ao u svoju drugu godinu.<\/p>","protected":false},"author":1,"featured_media":954899,"comment_status":"open","ping_status":"open","sticky":false,"template":"","format":"standard","meta":{"_acf_changed":false,"footnotes":""},"categories":[2],"tags":[9754],"naslovna":[],"class_list":["post-954898","post","type-post","status-publish","format-standard","has-post-thumbnail","hentry","category-drustvo","tag-savez-izvidjaca"],"acf":[],"yoast_head":"<!-- This site is optimized with the Yoast SEO plugin v27.4 - https:\/\/yoast.com\/product\/yoast-seo-wordpress\/ -->\n<title>Nastavlja se projekat &quot;Boranka&quot;: Zazelenimo po\u017eari\u0161ta Crne Gore - vi\u0161e od 45.000 novih sadnica - dmcsrb.com<\/title>\n<meta name=\"robots\" content=\"index, follow, max-snippet:-1, max-image-preview:large, max-video-preview:-1\" \/>\n<link rel=\"canonical\" href=\"https:\/\/dmcsrb.com\/en\/drustvo\/nastavlja-se-projekat-boranka-zazelenimo-pozarista-crne-gore-vise-od-45-000-novih-sadnica\/\" \/>\n<meta property=\"og:locale\" content=\"en_GB\" \/>\n<meta property=\"og:type\" content=\"article\" \/>\n<meta property=\"og:title\" content=\"Nastavlja se projekat &quot;Boranka&quot;: Zazelenimo po\u017eari\u0161ta Crne Gore - vi\u0161e od 45.000 novih sadnica - dmcsrb.com\" \/>\n<meta property=\"og:description\" content=\"Savez izvi\u0111a\u010da Crne Gore nastavio je sa aktivnostima u sklopu projekta \u201eBoranka u Crnoj Gori\u201c. Nakon pro\u0161logodi\u0161njih 30.000 novih sadnica crnog bora na opo\u017earenim lokacijama na planini Vojnik i vi\u0161e od 30 edukativnih radionica na kojima je prisustvovalo vi\u0161e od 700 u\u010denika osnovnih i srednjih \u0161kola, projekat je u\u0161ao u svoju drugu godinu.\" \/>\n<meta property=\"og:url\" content=\"https:\/\/dmcsrb.com\/en\/drustvo\/nastavlja-se-projekat-boranka-zazelenimo-pozarista-crne-gore-vise-od-45-000-novih-sadnica\/\" \/>\n<meta property=\"og:site_name\" content=\"dmcsrb.com\" \/>\n<meta property=\"article:published_time\" content=\"2025-09-30T11:25:00+00:00\" \/>\n<meta property=\"og:image\" content=\"https:\/\/dmcsrb.com\/wp-content\/uploads\/2026\/01\/1000049457.webp\" \/>\n\t<meta property=\"og:image:width\" content=\"1600\" \/>\n\t<meta property=\"og:image:height\" content=\"1200\" \/>\n\t<meta property=\"og:image:type\" content=\"image\/jpeg\" \/>\n<meta name=\"author\" content=\"dmcsrbija.com@gmail.com\" \/>\n<meta name=\"twitter:card\" content=\"summary_large_image\" \/>\n<meta name=\"twitter:label1\" content=\"Written by\" \/>\n\t<meta name=\"twitter:data1\" content=\"dmcsrbija.com@gmail.com\" \/>\n\t<meta name=\"twitter:label2\" content=\"Estimated reading time\" \/>\n\t<meta name=\"twitter:data2\" content=\"3 minutes\" \/>\n<script type=\"application\/ld+json\" class=\"yoast-schema-graph\">{\"@context\":\"https:\\\/\\\/schema.org\",\"@graph\":[{\"@type\":\"Article\",\"@id\":\"https:\\\/\\\/dmcsrb.com\\\/drustvo\\\/nastavlja-se-projekat-boranka-zazelenimo-pozarista-crne-gore-vise-od-45-000-novih-sadnica\\\/#article\",\"isPartOf\":{\"@id\":\"https:\\\/\\\/dmcsrb.com\\\/drustvo\\\/nastavlja-se-projekat-boranka-zazelenimo-pozarista-crne-gore-vise-od-45-000-novih-sadnica\\\/\"},\"author\":{\"name\":\"dmcsrbija.com@gmail.com\",\"@id\":\"https:\\\/\\\/dmcsrb.com\\\/#\\\/schema\\\/person\\\/5c39170f12db1b8b457732d0b5c854e2\"},\"headline\":\"Nastavlja se projekat &#8220;Boranka&#8221;: Zazelenimo po\u017eari\u0161ta Crne Gore &#8211; vi\u0161e od 45.000 novih sadnica\",\"datePublished\":\"2025-09-30T11:25:00+00:00\",\"mainEntityOfPage\":{\"@id\":\"https:\\\/\\\/dmcsrb.com\\\/drustvo\\\/nastavlja-se-projekat-boranka-zazelenimo-pozarista-crne-gore-vise-od-45-000-novih-sadnica\\\/\"},\"wordCount\":582,\"commentCount\":0,\"image\":{\"@id\":\"https:\\\/\\\/dmcsrb.com\\\/drustvo\\\/nastavlja-se-projekat-boranka-zazelenimo-pozarista-crne-gore-vise-od-45-000-novih-sadnica\\\/#primaryimage\"},\"thumbnailUrl\":\"https:\\\/\\\/dmcsrb.com\\\/wp-content\\\/uploads\\\/2026\\\/01\\\/1000049457.webp\",\"keywords\":[\"Savez izvi\u0111a\u010da\"],\"articleSection\":[\"Dru\u0161tvo\"],\"inLanguage\":\"en-GB\",\"potentialAction\":[{\"@type\":\"CommentAction\",\"name\":\"Comment\",\"target\":[\"https:\\\/\\\/dmcsrb.com\\\/drustvo\\\/nastavlja-se-projekat-boranka-zazelenimo-pozarista-crne-gore-vise-od-45-000-novih-sadnica\\\/#respond\"]}]},{\"@type\":\"WebPage\",\"@id\":\"https:\\\/\\\/dmcsrb.com\\\/drustvo\\\/nastavlja-se-projekat-boranka-zazelenimo-pozarista-crne-gore-vise-od-45-000-novih-sadnica\\\/\",\"url\":\"https:\\\/\\\/dmcsrb.com\\\/drustvo\\\/nastavlja-se-projekat-boranka-zazelenimo-pozarista-crne-gore-vise-od-45-000-novih-sadnica\\\/\",\"name\":\"Nastavlja se projekat \\\"Boranka\\\": Zazelenimo po\u017eari\u0161ta Crne Gore - vi\u0161e od 45.000 novih sadnica - dmcsrb.com\",\"isPartOf\":{\"@id\":\"https:\\\/\\\/dmcsrb.com\\\/#website\"},\"primaryImageOfPage\":{\"@id\":\"https:\\\/\\\/dmcsrb.com\\\/drustvo\\\/nastavlja-se-projekat-boranka-zazelenimo-pozarista-crne-gore-vise-od-45-000-novih-sadnica\\\/#primaryimage\"},\"image\":{\"@id\":\"https:\\\/\\\/dmcsrb.com\\\/drustvo\\\/nastavlja-se-projekat-boranka-zazelenimo-pozarista-crne-gore-vise-od-45-000-novih-sadnica\\\/#primaryimage\"},\"thumbnailUrl\":\"https:\\\/\\\/dmcsrb.com\\\/wp-content\\\/uploads\\\/2026\\\/01\\\/1000049457.webp\",\"datePublished\":\"2025-09-30T11:25:00+00:00\",\"author\":{\"@id\":\"https:\\\/\\\/dmcsrb.com\\\/#\\\/schema\\\/person\\\/5c39170f12db1b8b457732d0b5c854e2\"},\"breadcrumb\":{\"@id\":\"https:\\\/\\\/dmcsrb.com\\\/drustvo\\\/nastavlja-se-projekat-boranka-zazelenimo-pozarista-crne-gore-vise-od-45-000-novih-sadnica\\\/#breadcrumb\"},\"inLanguage\":\"en-GB\",\"potentialAction\":[{\"@type\":\"ReadAction\",\"target\":[\"https:\\\/\\\/dmcsrb.com\\\/drustvo\\\/nastavlja-se-projekat-boranka-zazelenimo-pozarista-crne-gore-vise-od-45-000-novih-sadnica\\\/\"]}]},{\"@type\":\"ImageObject\",\"inLanguage\":\"en-GB\",\"@id\":\"https:\\\/\\\/dmcsrb.com\\\/drustvo\\\/nastavlja-se-projekat-boranka-zazelenimo-pozarista-crne-gore-vise-od-45-000-novih-sadnica\\\/#primaryimage\",\"url\":\"https:\\\/\\\/dmcsrb.com\\\/wp-content\\\/uploads\\\/2026\\\/01\\\/1000049457.webp\",\"contentUrl\":\"https:\\\/\\\/dmcsrb.com\\\/wp-content\\\/uploads\\\/2026\\\/01\\\/1000049457.webp\",\"width\":1600,\"height\":1200},{\"@type\":\"BreadcrumbList\",\"@id\":\"https:\\\/\\\/dmcsrb.com\\\/drustvo\\\/nastavlja-se-projekat-boranka-zazelenimo-pozarista-crne-gore-vise-od-45-000-novih-sadnica\\\/#breadcrumb\",\"itemListElement\":[{\"@type\":\"ListItem\",\"position\":1,\"name\":\"Home\",\"item\":\"https:\\\/\\\/dmcsrb.com\\\/\"},{\"@type\":\"ListItem\",\"position\":2,\"name\":\"Nastavlja se projekat &#8220;Boranka&#8221;: Zazelenimo po\u017eari\u0161ta Crne Gore &#8211; vi\u0161e od 45.000 novih sadnica\"}]},{\"@type\":\"WebSite\",\"@id\":\"https:\\\/\\\/dmcsrb.com\\\/#website\",\"url\":\"https:\\\/\\\/dmcsrb.com\\\/\",\"name\":\"dmcsrb.com\",\"description\":\"\",\"potentialAction\":[{\"@type\":\"SearchAction\",\"target\":{\"@type\":\"EntryPoint\",\"urlTemplate\":\"https:\\\/\\\/dmcsrb.com\\\/?s={search_term_string}\"},\"query-input\":{\"@type\":\"PropertyValueSpecification\",\"valueRequired\":true,\"valueName\":\"search_term_string\"}}],\"inLanguage\":\"en-GB\"},{\"@type\":\"Person\",\"@id\":\"https:\\\/\\\/dmcsrb.com\\\/#\\\/schema\\\/person\\\/5c39170f12db1b8b457732d0b5c854e2\",\"name\":\"dmcsrbija.com@gmail.com\",\"image\":{\"@type\":\"ImageObject\",\"inLanguage\":\"en-GB\",\"@id\":\"https:\\\/\\\/secure.gravatar.com\\\/avatar\\\/68592660ad6347fad0fb587f8d5d8f1a7b44961362f56e4f2cd524feb87e9069?s=96&d=mm&r=g\",\"url\":\"https:\\\/\\\/secure.gravatar.com\\\/avatar\\\/68592660ad6347fad0fb587f8d5d8f1a7b44961362f56e4f2cd524feb87e9069?s=96&d=mm&r=g\",\"contentUrl\":\"https:\\\/\\\/secure.gravatar.com\\\/avatar\\\/68592660ad6347fad0fb587f8d5d8f1a7b44961362f56e4f2cd524feb87e9069?s=96&d=mm&r=g\",\"caption\":\"dmcsrbija.com@gmail.com\"},\"sameAs\":[\"https:\\\/\\\/dmcsrb.com\"],\"url\":\"https:\\\/\\\/dmcsrb.com\\\/en\\\/author\\\/dmcsrbija-comgmail-com\\\/\"}]}<\/script>\n<!-- \/ Yoast SEO plugin. -->","yoast_head_json":{"title":"Nastavlja se projekat \"Boranka\": Zazelenimo po\u017eari\u0161ta Crne Gore - vi\u0161e od 45.000 novih sadnica - dmcsrb.com","robots":{"index":"index","follow":"follow","max-snippet":"max-snippet:-1","max-image-preview":"max-image-preview:large","max-video-preview":"max-video-preview:-1"},"canonical":"https:\/\/dmcsrb.com\/en\/drustvo\/nastavlja-se-projekat-boranka-zazelenimo-pozarista-crne-gore-vise-od-45-000-novih-sadnica\/","og_locale":"en_GB","og_type":"article","og_title":"Nastavlja se projekat \"Boranka\": Zazelenimo po\u017eari\u0161ta Crne Gore - vi\u0161e od 45.000 novih sadnica - dmcsrb.com","og_description":"Savez izvi\u0111a\u010da Crne Gore nastavio je sa aktivnostima u sklopu projekta \u201eBoranka u Crnoj Gori\u201c. Nakon pro\u0161logodi\u0161njih 30.000 novih sadnica crnog bora na opo\u017earenim lokacijama na planini Vojnik i vi\u0161e od 30 edukativnih radionica na kojima je prisustvovalo vi\u0161e od 700 u\u010denika osnovnih i srednjih \u0161kola, projekat je u\u0161ao u svoju drugu godinu.","og_url":"https:\/\/dmcsrb.com\/en\/drustvo\/nastavlja-se-projekat-boranka-zazelenimo-pozarista-crne-gore-vise-od-45-000-novih-sadnica\/","og_site_name":"dmcsrb.com","article_published_time":"2025-09-30T11:25:00+00:00","og_image":[{"width":1600,"height":1200,"url":"https:\/\/dmcsrb.com\/wp-content\/uploads\/2026\/01\/1000049457.webp","type":"image\/jpeg"}],"author":"dmcsrbija.com@gmail.com","twitter_card":"summary_large_image","twitter_misc":{"Written by":"dmcsrbija.com@gmail.com","Estimated reading time":"3 minutes"},"schema":{"@context":"https:\/\/schema.org","@graph":[{"@type":"Article","@id":"https:\/\/dmcsrb.com\/drustvo\/nastavlja-se-projekat-boranka-zazelenimo-pozarista-crne-gore-vise-od-45-000-novih-sadnica\/#article","isPartOf":{"@id":"https:\/\/dmcsrb.com\/drustvo\/nastavlja-se-projekat-boranka-zazelenimo-pozarista-crne-gore-vise-od-45-000-novih-sadnica\/"},"author":{"name":"dmcsrbija.com@gmail.com","@id":"https:\/\/dmcsrb.com\/#\/schema\/person\/5c39170f12db1b8b457732d0b5c854e2"},"headline":"Nastavlja se projekat &#8220;Boranka&#8221;: Zazelenimo po\u017eari\u0161ta Crne Gore &#8211; vi\u0161e od 45.000 novih sadnica","datePublished":"2025-09-30T11:25:00+00:00","mainEntityOfPage":{"@id":"https:\/\/dmcsrb.com\/drustvo\/nastavlja-se-projekat-boranka-zazelenimo-pozarista-crne-gore-vise-od-45-000-novih-sadnica\/"},"wordCount":582,"commentCount":0,"image":{"@id":"https:\/\/dmcsrb.com\/drustvo\/nastavlja-se-projekat-boranka-zazelenimo-pozarista-crne-gore-vise-od-45-000-novih-sadnica\/#primaryimage"},"thumbnailUrl":"https:\/\/dmcsrb.com\/wp-content\/uploads\/2026\/01\/1000049457.webp","keywords":["Savez izvi\u0111a\u010da"],"articleSection":["Dru\u0161tvo"],"inLanguage":"en-GB","potentialAction":[{"@type":"CommentAction","name":"Comment","target":["https:\/\/dmcsrb.com\/drustvo\/nastavlja-se-projekat-boranka-zazelenimo-pozarista-crne-gore-vise-od-45-000-novih-sadnica\/#respond"]}]},{"@type":"WebPage","@id":"https:\/\/dmcsrb.com\/drustvo\/nastavlja-se-projekat-boranka-zazelenimo-pozarista-crne-gore-vise-od-45-000-novih-sadnica\/","url":"https:\/\/dmcsrb.com\/drustvo\/nastavlja-se-projekat-boranka-zazelenimo-pozarista-crne-gore-vise-od-45-000-novih-sadnica\/","name":"Nastavlja se projekat \"Boranka\": Zazelenimo po\u017eari\u0161ta Crne Gore - vi\u0161e od 45.000 novih sadnica - dmcsrb.com","isPartOf":{"@id":"https:\/\/dmcsrb.com\/#website"},"primaryImageOfPage":{"@id":"https:\/\/dmcsrb.com\/drustvo\/nastavlja-se-projekat-boranka-zazelenimo-pozarista-crne-gore-vise-od-45-000-novih-sadnica\/#primaryimage"},"image":{"@id":"https:\/\/dmcsrb.com\/drustvo\/nastavlja-se-projekat-boranka-zazelenimo-pozarista-crne-gore-vise-od-45-000-novih-sadnica\/#primaryimage"},"thumbnailUrl":"https:\/\/dmcsrb.com\/wp-content\/uploads\/2026\/01\/1000049457.webp","datePublished":"2025-09-30T11:25:00+00:00","author":{"@id":"https:\/\/dmcsrb.com\/#\/schema\/person\/5c39170f12db1b8b457732d0b5c854e2"},"breadcrumb":{"@id":"https:\/\/dmcsrb.com\/drustvo\/nastavlja-se-projekat-boranka-zazelenimo-pozarista-crne-gore-vise-od-45-000-novih-sadnica\/#breadcrumb"},"inLanguage":"en-GB","potentialAction":[{"@type":"ReadAction","target":["https:\/\/dmcsrb.com\/drustvo\/nastavlja-se-projekat-boranka-zazelenimo-pozarista-crne-gore-vise-od-45-000-novih-sadnica\/"]}]},{"@type":"ImageObject","inLanguage":"en-GB","@id":"https:\/\/dmcsrb.com\/drustvo\/nastavlja-se-projekat-boranka-zazelenimo-pozarista-crne-gore-vise-od-45-000-novih-sadnica\/#primaryimage","url":"https:\/\/dmcsrb.com\/wp-content\/uploads\/2026\/01\/1000049457.webp","contentUrl":"https:\/\/dmcsrb.com\/wp-content\/uploads\/2026\/01\/1000049457.webp","width":1600,"height":1200},{"@type":"BreadcrumbList","@id":"https:\/\/dmcsrb.com\/drustvo\/nastavlja-se-projekat-boranka-zazelenimo-pozarista-crne-gore-vise-od-45-000-novih-sadnica\/#breadcrumb","itemListElement":[{"@type":"ListItem","position":1,"name":"Home","item":"https:\/\/dmcsrb.com\/"},{"@type":"ListItem","position":2,"name":"Nastavlja se projekat &#8220;Boranka&#8221;: Zazelenimo po\u017eari\u0161ta Crne Gore &#8211; vi\u0161e od 45.000 novih sadnica"}]},{"@type":"WebSite","@id":"https:\/\/dmcsrb.com\/#website","url":"https:\/\/dmcsrb.com\/","name":"dmcsrb.com","description":"","potentialAction":[{"@type":"SearchAction","target":{"@type":"EntryPoint","urlTemplate":"https:\/\/dmcsrb.com\/?s={search_term_string}"},"query-input":{"@type":"PropertyValueSpecification","valueRequired":true,"valueName":"search_term_string"}}],"inLanguage":"en-GB"},{"@type":"Person","@id":"https:\/\/dmcsrb.com\/#\/schema\/person\/5c39170f12db1b8b457732d0b5c854e2","name":"dmcsrbija.com@gmail.com","image":{"@type":"ImageObject","inLanguage":"en-GB","@id":"https:\/\/secure.gravatar.com\/avatar\/68592660ad6347fad0fb587f8d5d8f1a7b44961362f56e4f2cd524feb87e9069?s=96&d=mm&r=g","url":"https:\/\/secure.gravatar.com\/avatar\/68592660ad6347fad0fb587f8d5d8f1a7b44961362f56e4f2cd524feb87e9069?s=96&d=mm&r=g","contentUrl":"https:\/\/secure.gravatar.com\/avatar\/68592660ad6347fad0fb587f8d5d8f1a7b44961362f56e4f2cd524feb87e9069?s=96&d=mm&r=g","caption":"dmcsrbija.com@gmail.com"},"sameAs":["https:\/\/dmcsrb.com"],"url":"https:\/\/dmcsrb.com\/en\/author\/dmcsrbija-comgmail-com\/"}]}},"_links":{"self":[{"href":"https:\/\/dmcsrb.com\/en\/wp-json\/wp\/v2\/posts\/954898","targetHints":{"allow":["GET"]}}],"collection":[{"href":"https:\/\/dmcsrb.com\/en\/wp-json\/wp\/v2\/posts"}],"about":[{"href":"https:\/\/dmcsrb.com\/en\/wp-json\/wp\/v2\/types\/post"}],"author":[{"embeddable":true,"href":"https:\/\/dmcsrb.com\/en\/wp-json\/wp\/v2\/users\/1"}],"replies":[{"embeddable":true,"href":"https:\/\/dmcsrb.com\/en\/wp-json\/wp\/v2\/comments?post=954898"}],"version-history":[{"count":0,"href":"https:\/\/dmcsrb.com\/en\/wp-json\/wp\/v2\/posts\/954898\/revisions"}],"wp:featuredmedia":[{"embeddable":true,"href":"https:\/\/dmcsrb.com\/en\/wp-json\/wp\/v2\/media\/954899"}],"wp:attachment":[{"href":"https:\/\/dmcsrb.com\/en\/wp-json\/wp\/v2\/media?parent=954898"}],"wp:term":[{"taxonomy":"category","embeddable":true,"href":"https:\/\/dmcsrb.com\/en\/wp-json\/wp\/v2\/categories?post=954898"},{"taxonomy":"post_tag","embeddable":true,"href":"https:\/\/dmcsrb.com\/en\/wp-json\/wp\/v2\/tags?post=954898"},{"taxonomy":"naslovna","embeddable":true,"href":"https:\/\/dmcsrb.com\/en\/wp-json\/wp\/v2\/naslovna?post=954898"}],"curies":[{"name":"wp","href":"https:\/\/api.w.org\/{rel}","templated":true}]}}