{"id":954852,"date":"2025-09-30T12:57:00","date_gmt":"2025-09-30T10:57:00","guid":{"rendered":"https:\/\/dmcsrb.com\/uncategorized\/drakic-na-strateskom-forumu-privrednih-komora-abu-dhabi-balkan-komplementarne-snage-mozemo-pretvoriti-u-zajednicku-viziju-razvoja\/"},"modified":"2025-09-30T12:57:00","modified_gmt":"2025-09-30T10:57:00","slug":"drakic-na-strateskom-forumu-privrednih-komora-abu-dhabi-balkan-komplementarne-snage-mozemo-pretvoriti-u-zajednicku-viziju-razvoja","status":"publish","type":"post","link":"https:\/\/dmcsrb.com\/en\/ekonomija\/drakic-na-strateskom-forumu-privrednih-komora-abu-dhabi-balkan-komplementarne-snage-mozemo-pretvoriti-u-zajednicku-viziju-razvoja\/","title":{"rendered":"Draki\u0107 na strate\u0161kom forumu privrednih komora ABU DHABI \u2013 BALKAN: Komplementarne snage mo\u017eemo pretvoriti u zajedni\u010dku viziju razvoja"},"content":{"rendered":"<p><\/p>\n\n\n\n<p>Na okruglom stolu koji je organizovala Privredna komora Abu Dhabija, u\u010destvovali su HE. Ali Mohamed Al Marzooqi, Generalni direktor privredne komore Abu Dhabija, Haba Al Ali iz Investicione agencije Abu Dhabija (ADIO), Khaleefa Ali Al Hasani iz Razvojne banke Ujedinjenih arapskih Emirata kao i Valentina Marku, predsjednica Albanskog poslovnog savjeta u Abu Dhabiju.<\/p>\n\n\n\n<p>\u201dOvo okupljanje je vi\u0161e od sastanka institucija \u2013 ono predstavlja most izme\u0111u dva dinami\u010dna regiona. Odra\u017eava na\u0161u zajedni\u010dku ambiciju da geografsku udaljenost pretvorimo u ekonomsku bliskost. Ujedinjeni Arapski Emirati su pokazali kako strate\u0161ka ulaganja, otvorenost prema inovacijama i globalna partnerstva mogu ubrzati razvoj i stvoriti diversifikovanu i konkurentnu ekonomiju. Balkan, sa svojim strate\u0161kim polo\u017eajem, prirodnim resursima i sve razvijenijom infrastrukturom, spreman je za dublju saradnju sa me\u0111unarodnim partnerima. Zajedno mo\u017eemo pretvoriti na\u0161e komplementarne snage u zajedni\u010dke prilike za odr\u017eiv rast i o\u017eiveti zajedni\u010dku viziju razvoja i saradnje\u201d navela ja predsjednica Privredne komore Crne Gore, dr Nina Draki\u0107.<\/p>\n\n\n\n<p>Tokom upoznavanja partnera sa investicionim mogu\u0107nostima Crne Gore, predsjednica Draki\u0107 je navela da Crna Gora, iako mala po veli\u010dini, predstavlja pouzdan most izme\u0111u Ujedinjenih Arapskih Emirata i balkanskog regiona, nude\u0107i geopoliti\u010dku stabilnost kao temelj svake investicione odluke.<\/p>\n\n\n\n<p>Ona je istakla da se u cilju ja\u010danja partnerstva, nude zna\u010dajne mogu\u0107nosti za zajedni\u010dko delovanje u vi\u0161e sektora, kao \u0161to su energetika i zelena tranzicija, turizam, luke, logistika i saobra\u0107ajna infrastruktura, digitalna transformacija.<\/p>\n\n\n\n<p>Navode\u0107i da Crna Gora nudi jedan od najliberalnijih i investitorima najnaklonjenijih okvira u jugoisto\u010dnoj Evropi, istakla je da kao najnapredniji kandidat za \u010dlanstvo u EU, Crna Gora kontinuirano reformi\u0161e svoj pravni, poslovni i regulatorni okvir u skladu sa standardima Evropske unije, stvaraju\u0107i transparentno, predvidivo i investitorima prilago\u0111eno poslovno okru\u017eenje. A mo\u017eda \u0161to je najva\u017enije \u2014 Crna Gora ima dokazan uspjeh me\u0111unarodnih partnerstava, sa projektima kao \u0161to su Porto Montenegro, Lu\u0161tica Bay i vjetroelektrana Krnovo, koji danas predstavljaju svetske primjere uspje\u0161ne saradnje UAE i Crne Gore.<\/p>\n\n\n\n<p>\u201cZajedni\u010dkim ulaganjima \u2014 u energetiku, turizam, logistiku, inovacije i ljudski kapital \u2014 UAE i Balkan mogu izgraditi budu\u0107nost zasnovanu na odr\u017eivom rastu, diversifikovanim ekonomijama i trajnom partnerstvu\u201d zaklju\u010dila je Draki\u0107.<\/p>\n\n\n\n<p>Predstavnici balkanskih komora posjetili su i dvije najzna\u010dajnije ekonomske i slobodne zone u Abu Dhabiju, Masdar City i Kazad grupa, gdje su u razmjeni iskustava i predstavljanju potencijala i mogu\u0107nosti, sagledali oblasti za dalju saradnju.<\/p>","protected":false},"excerpt":{"rendered":"<p>Predsjednica Privredne komore Crne Gore, dr Nina Draki\u0107, u\u010destvovala je na strate\u0161kom forumu privrednih komora ABU DHABI \u2013 BALKAN, kojeg je organizovao Albanski poslovni savjet u Abu Dhabiju i Privredna komora Abu Dhabija .<\/p>","protected":false},"author":1,"featured_media":954853,"comment_status":"open","ping_status":"open","sticky":false,"template":"","format":"standard","meta":{"_acf_changed":false,"footnotes":""},"categories":[27],"tags":[4630,3485],"naslovna":[],"class_list":["post-954852","post","type-post","status-publish","format-standard","has-post-thumbnail","hentry","category-ekonomija","tag-nina-drakic","tag-pkcg"],"acf":[],"yoast_head":"<!-- This site is optimized with the Yoast SEO plugin v27.4 - https:\/\/yoast.com\/product\/yoast-seo-wordpress\/ -->\n<title>Draki\u0107 na strate\u0161kom forumu privrednih komora ABU DHABI \u2013 BALKAN: Komplementarne snage mo\u017eemo pretvoriti u zajedni\u010dku viziju razvoja - dmcsrb.com<\/title>\n<meta name=\"robots\" content=\"index, follow, max-snippet:-1, max-image-preview:large, max-video-preview:-1\" \/>\n<link rel=\"canonical\" href=\"https:\/\/dmcsrb.com\/en\/ekonomija\/drakic-na-strateskom-forumu-privrednih-komora-abu-dhabi-balkan-komplementarne-snage-mozemo-pretvoriti-u-zajednicku-viziju-razvoja\/\" \/>\n<meta property=\"og:locale\" content=\"en_GB\" \/>\n<meta property=\"og:type\" content=\"article\" \/>\n<meta property=\"og:title\" content=\"Draki\u0107 na strate\u0161kom forumu privrednih komora ABU DHABI \u2013 BALKAN: Komplementarne snage mo\u017eemo pretvoriti u zajedni\u010dku viziju razvoja - dmcsrb.com\" \/>\n<meta property=\"og:description\" content=\"Predsjednica Privredne komore Crne Gore, dr Nina Draki\u0107, u\u010destvovala je na strate\u0161kom forumu privrednih komora ABU DHABI \u2013 BALKAN, kojeg je organizovao Albanski poslovni savjet u Abu Dhabiju i Privredna komora Abu Dhabija .\" \/>\n<meta property=\"og:url\" content=\"https:\/\/dmcsrb.com\/en\/ekonomija\/drakic-na-strateskom-forumu-privrednih-komora-abu-dhabi-balkan-komplementarne-snage-mozemo-pretvoriti-u-zajednicku-viziju-razvoja\/\" \/>\n<meta property=\"og:site_name\" content=\"dmcsrb.com\" \/>\n<meta property=\"article:published_time\" content=\"2025-09-30T10:57:00+00:00\" \/>\n<meta property=\"og:image\" content=\"https:\/\/dmcsrb.com\/wp-content\/uploads\/2026\/01\/pkcg1.webp\" \/>\n\t<meta property=\"og:image:width\" content=\"1920\" \/>\n\t<meta property=\"og:image:height\" content=\"863\" \/>\n\t<meta property=\"og:image:type\" content=\"image\/jpeg\" \/>\n<meta name=\"author\" content=\"dmcsrbija.com@gmail.com\" \/>\n<meta name=\"twitter:card\" content=\"summary_large_image\" \/>\n<meta name=\"twitter:label1\" content=\"Written by\" \/>\n\t<meta name=\"twitter:data1\" content=\"dmcsrbija.com@gmail.com\" \/>\n\t<meta name=\"twitter:label2\" content=\"Estimated reading time\" \/>\n\t<meta name=\"twitter:data2\" content=\"2 minutes\" \/>\n<script type=\"application\/ld+json\" class=\"yoast-schema-graph\">{\"@context\":\"https:\\\/\\\/schema.org\",\"@graph\":[{\"@type\":\"Article\",\"@id\":\"https:\\\/\\\/dmcsrb.com\\\/ekonomija\\\/drakic-na-strateskom-forumu-privrednih-komora-abu-dhabi-balkan-komplementarne-snage-mozemo-pretvoriti-u-zajednicku-viziju-razvoja\\\/#article\",\"isPartOf\":{\"@id\":\"https:\\\/\\\/dmcsrb.com\\\/ekonomija\\\/drakic-na-strateskom-forumu-privrednih-komora-abu-dhabi-balkan-komplementarne-snage-mozemo-pretvoriti-u-zajednicku-viziju-razvoja\\\/\"},\"author\":{\"name\":\"dmcsrbija.com@gmail.com\",\"@id\":\"https:\\\/\\\/dmcsrb.com\\\/#\\\/schema\\\/person\\\/5c39170f12db1b8b457732d0b5c854e2\"},\"headline\":\"Draki\u0107 na strate\u0161kom forumu privrednih komora ABU DHABI \u2013 BALKAN: Komplementarne snage mo\u017eemo pretvoriti u zajedni\u010dku viziju razvoja\",\"datePublished\":\"2025-09-30T10:57:00+00:00\",\"mainEntityOfPage\":{\"@id\":\"https:\\\/\\\/dmcsrb.com\\\/ekonomija\\\/drakic-na-strateskom-forumu-privrednih-komora-abu-dhabi-balkan-komplementarne-snage-mozemo-pretvoriti-u-zajednicku-viziju-razvoja\\\/\"},\"wordCount\":431,\"commentCount\":0,\"image\":{\"@id\":\"https:\\\/\\\/dmcsrb.com\\\/ekonomija\\\/drakic-na-strateskom-forumu-privrednih-komora-abu-dhabi-balkan-komplementarne-snage-mozemo-pretvoriti-u-zajednicku-viziju-razvoja\\\/#primaryimage\"},\"thumbnailUrl\":\"https:\\\/\\\/dmcsrb.com\\\/wp-content\\\/uploads\\\/2026\\\/01\\\/pkcg1.webp\",\"keywords\":[\"Nina Draki\u0107\",\"PKCG\"],\"articleSection\":[\"Ekonomija\"],\"inLanguage\":\"en-GB\",\"potentialAction\":[{\"@type\":\"CommentAction\",\"name\":\"Comment\",\"target\":[\"https:\\\/\\\/dmcsrb.com\\\/ekonomija\\\/drakic-na-strateskom-forumu-privrednih-komora-abu-dhabi-balkan-komplementarne-snage-mozemo-pretvoriti-u-zajednicku-viziju-razvoja\\\/#respond\"]}]},{\"@type\":\"WebPage\",\"@id\":\"https:\\\/\\\/dmcsrb.com\\\/ekonomija\\\/drakic-na-strateskom-forumu-privrednih-komora-abu-dhabi-balkan-komplementarne-snage-mozemo-pretvoriti-u-zajednicku-viziju-razvoja\\\/\",\"url\":\"https:\\\/\\\/dmcsrb.com\\\/ekonomija\\\/drakic-na-strateskom-forumu-privrednih-komora-abu-dhabi-balkan-komplementarne-snage-mozemo-pretvoriti-u-zajednicku-viziju-razvoja\\\/\",\"name\":\"Draki\u0107 na strate\u0161kom forumu privrednih komora ABU DHABI \u2013 BALKAN: Komplementarne snage mo\u017eemo pretvoriti u zajedni\u010dku viziju razvoja - dmcsrb.com\",\"isPartOf\":{\"@id\":\"https:\\\/\\\/dmcsrb.com\\\/#website\"},\"primaryImageOfPage\":{\"@id\":\"https:\\\/\\\/dmcsrb.com\\\/ekonomija\\\/drakic-na-strateskom-forumu-privrednih-komora-abu-dhabi-balkan-komplementarne-snage-mozemo-pretvoriti-u-zajednicku-viziju-razvoja\\\/#primaryimage\"},\"image\":{\"@id\":\"https:\\\/\\\/dmcsrb.com\\\/ekonomija\\\/drakic-na-strateskom-forumu-privrednih-komora-abu-dhabi-balkan-komplementarne-snage-mozemo-pretvoriti-u-zajednicku-viziju-razvoja\\\/#primaryimage\"},\"thumbnailUrl\":\"https:\\\/\\\/dmcsrb.com\\\/wp-content\\\/uploads\\\/2026\\\/01\\\/pkcg1.webp\",\"datePublished\":\"2025-09-30T10:57:00+00:00\",\"author\":{\"@id\":\"https:\\\/\\\/dmcsrb.com\\\/#\\\/schema\\\/person\\\/5c39170f12db1b8b457732d0b5c854e2\"},\"breadcrumb\":{\"@id\":\"https:\\\/\\\/dmcsrb.com\\\/ekonomija\\\/drakic-na-strateskom-forumu-privrednih-komora-abu-dhabi-balkan-komplementarne-snage-mozemo-pretvoriti-u-zajednicku-viziju-razvoja\\\/#breadcrumb\"},\"inLanguage\":\"en-GB\",\"potentialAction\":[{\"@type\":\"ReadAction\",\"target\":[\"https:\\\/\\\/dmcsrb.com\\\/ekonomija\\\/drakic-na-strateskom-forumu-privrednih-komora-abu-dhabi-balkan-komplementarne-snage-mozemo-pretvoriti-u-zajednicku-viziju-razvoja\\\/\"]}]},{\"@type\":\"ImageObject\",\"inLanguage\":\"en-GB\",\"@id\":\"https:\\\/\\\/dmcsrb.com\\\/ekonomija\\\/drakic-na-strateskom-forumu-privrednih-komora-abu-dhabi-balkan-komplementarne-snage-mozemo-pretvoriti-u-zajednicku-viziju-razvoja\\\/#primaryimage\",\"url\":\"https:\\\/\\\/dmcsrb.com\\\/wp-content\\\/uploads\\\/2026\\\/01\\\/pkcg1.webp\",\"contentUrl\":\"https:\\\/\\\/dmcsrb.com\\\/wp-content\\\/uploads\\\/2026\\\/01\\\/pkcg1.webp\",\"width\":1920,\"height\":863},{\"@type\":\"BreadcrumbList\",\"@id\":\"https:\\\/\\\/dmcsrb.com\\\/ekonomija\\\/drakic-na-strateskom-forumu-privrednih-komora-abu-dhabi-balkan-komplementarne-snage-mozemo-pretvoriti-u-zajednicku-viziju-razvoja\\\/#breadcrumb\",\"itemListElement\":[{\"@type\":\"ListItem\",\"position\":1,\"name\":\"Home\",\"item\":\"https:\\\/\\\/dmcsrb.com\\\/\"},{\"@type\":\"ListItem\",\"position\":2,\"name\":\"Draki\u0107 na strate\u0161kom forumu privrednih komora ABU DHABI \u2013 BALKAN: Komplementarne snage mo\u017eemo pretvoriti u zajedni\u010dku viziju razvoja\"}]},{\"@type\":\"WebSite\",\"@id\":\"https:\\\/\\\/dmcsrb.com\\\/#website\",\"url\":\"https:\\\/\\\/dmcsrb.com\\\/\",\"name\":\"dmcsrb.com\",\"description\":\"\",\"potentialAction\":[{\"@type\":\"SearchAction\",\"target\":{\"@type\":\"EntryPoint\",\"urlTemplate\":\"https:\\\/\\\/dmcsrb.com\\\/?s={search_term_string}\"},\"query-input\":{\"@type\":\"PropertyValueSpecification\",\"valueRequired\":true,\"valueName\":\"search_term_string\"}}],\"inLanguage\":\"en-GB\"},{\"@type\":\"Person\",\"@id\":\"https:\\\/\\\/dmcsrb.com\\\/#\\\/schema\\\/person\\\/5c39170f12db1b8b457732d0b5c854e2\",\"name\":\"dmcsrbija.com@gmail.com\",\"image\":{\"@type\":\"ImageObject\",\"inLanguage\":\"en-GB\",\"@id\":\"https:\\\/\\\/secure.gravatar.com\\\/avatar\\\/68592660ad6347fad0fb587f8d5d8f1a7b44961362f56e4f2cd524feb87e9069?s=96&d=mm&r=g\",\"url\":\"https:\\\/\\\/secure.gravatar.com\\\/avatar\\\/68592660ad6347fad0fb587f8d5d8f1a7b44961362f56e4f2cd524feb87e9069?s=96&d=mm&r=g\",\"contentUrl\":\"https:\\\/\\\/secure.gravatar.com\\\/avatar\\\/68592660ad6347fad0fb587f8d5d8f1a7b44961362f56e4f2cd524feb87e9069?s=96&d=mm&r=g\",\"caption\":\"dmcsrbija.com@gmail.com\"},\"sameAs\":[\"https:\\\/\\\/dmcsrb.com\"],\"url\":\"https:\\\/\\\/dmcsrb.com\\\/en\\\/author\\\/dmcsrbija-comgmail-com\\\/\"}]}<\/script>\n<!-- \/ Yoast SEO plugin. -->","yoast_head_json":{"title":"Draki\u0107 na strate\u0161kom forumu privrednih komora ABU DHABI \u2013 BALKAN: Komplementarne snage mo\u017eemo pretvoriti u zajedni\u010dku viziju razvoja - dmcsrb.com","robots":{"index":"index","follow":"follow","max-snippet":"max-snippet:-1","max-image-preview":"max-image-preview:large","max-video-preview":"max-video-preview:-1"},"canonical":"https:\/\/dmcsrb.com\/en\/ekonomija\/drakic-na-strateskom-forumu-privrednih-komora-abu-dhabi-balkan-komplementarne-snage-mozemo-pretvoriti-u-zajednicku-viziju-razvoja\/","og_locale":"en_GB","og_type":"article","og_title":"Draki\u0107 na strate\u0161kom forumu privrednih komora ABU DHABI \u2013 BALKAN: Komplementarne snage mo\u017eemo pretvoriti u zajedni\u010dku viziju razvoja - dmcsrb.com","og_description":"Predsjednica Privredne komore Crne Gore, dr Nina Draki\u0107, u\u010destvovala je na strate\u0161kom forumu privrednih komora ABU DHABI \u2013 BALKAN, kojeg je organizovao Albanski poslovni savjet u Abu Dhabiju i Privredna komora Abu Dhabija .","og_url":"https:\/\/dmcsrb.com\/en\/ekonomija\/drakic-na-strateskom-forumu-privrednih-komora-abu-dhabi-balkan-komplementarne-snage-mozemo-pretvoriti-u-zajednicku-viziju-razvoja\/","og_site_name":"dmcsrb.com","article_published_time":"2025-09-30T10:57:00+00:00","og_image":[{"width":1920,"height":863,"url":"https:\/\/dmcsrb.com\/wp-content\/uploads\/2026\/01\/pkcg1.webp","type":"image\/jpeg"}],"author":"dmcsrbija.com@gmail.com","twitter_card":"summary_large_image","twitter_misc":{"Written by":"dmcsrbija.com@gmail.com","Estimated reading time":"2 minutes"},"schema":{"@context":"https:\/\/schema.org","@graph":[{"@type":"Article","@id":"https:\/\/dmcsrb.com\/ekonomija\/drakic-na-strateskom-forumu-privrednih-komora-abu-dhabi-balkan-komplementarne-snage-mozemo-pretvoriti-u-zajednicku-viziju-razvoja\/#article","isPartOf":{"@id":"https:\/\/dmcsrb.com\/ekonomija\/drakic-na-strateskom-forumu-privrednih-komora-abu-dhabi-balkan-komplementarne-snage-mozemo-pretvoriti-u-zajednicku-viziju-razvoja\/"},"author":{"name":"dmcsrbija.com@gmail.com","@id":"https:\/\/dmcsrb.com\/#\/schema\/person\/5c39170f12db1b8b457732d0b5c854e2"},"headline":"Draki\u0107 na strate\u0161kom forumu privrednih komora ABU DHABI \u2013 BALKAN: Komplementarne snage mo\u017eemo pretvoriti u zajedni\u010dku viziju razvoja","datePublished":"2025-09-30T10:57:00+00:00","mainEntityOfPage":{"@id":"https:\/\/dmcsrb.com\/ekonomija\/drakic-na-strateskom-forumu-privrednih-komora-abu-dhabi-balkan-komplementarne-snage-mozemo-pretvoriti-u-zajednicku-viziju-razvoja\/"},"wordCount":431,"commentCount":0,"image":{"@id":"https:\/\/dmcsrb.com\/ekonomija\/drakic-na-strateskom-forumu-privrednih-komora-abu-dhabi-balkan-komplementarne-snage-mozemo-pretvoriti-u-zajednicku-viziju-razvoja\/#primaryimage"},"thumbnailUrl":"https:\/\/dmcsrb.com\/wp-content\/uploads\/2026\/01\/pkcg1.webp","keywords":["Nina Draki\u0107","PKCG"],"articleSection":["Ekonomija"],"inLanguage":"en-GB","potentialAction":[{"@type":"CommentAction","name":"Comment","target":["https:\/\/dmcsrb.com\/ekonomija\/drakic-na-strateskom-forumu-privrednih-komora-abu-dhabi-balkan-komplementarne-snage-mozemo-pretvoriti-u-zajednicku-viziju-razvoja\/#respond"]}]},{"@type":"WebPage","@id":"https:\/\/dmcsrb.com\/ekonomija\/drakic-na-strateskom-forumu-privrednih-komora-abu-dhabi-balkan-komplementarne-snage-mozemo-pretvoriti-u-zajednicku-viziju-razvoja\/","url":"https:\/\/dmcsrb.com\/ekonomija\/drakic-na-strateskom-forumu-privrednih-komora-abu-dhabi-balkan-komplementarne-snage-mozemo-pretvoriti-u-zajednicku-viziju-razvoja\/","name":"Draki\u0107 na strate\u0161kom forumu privrednih komora ABU DHABI \u2013 BALKAN: Komplementarne snage mo\u017eemo pretvoriti u zajedni\u010dku viziju razvoja - dmcsrb.com","isPartOf":{"@id":"https:\/\/dmcsrb.com\/#website"},"primaryImageOfPage":{"@id":"https:\/\/dmcsrb.com\/ekonomija\/drakic-na-strateskom-forumu-privrednih-komora-abu-dhabi-balkan-komplementarne-snage-mozemo-pretvoriti-u-zajednicku-viziju-razvoja\/#primaryimage"},"image":{"@id":"https:\/\/dmcsrb.com\/ekonomija\/drakic-na-strateskom-forumu-privrednih-komora-abu-dhabi-balkan-komplementarne-snage-mozemo-pretvoriti-u-zajednicku-viziju-razvoja\/#primaryimage"},"thumbnailUrl":"https:\/\/dmcsrb.com\/wp-content\/uploads\/2026\/01\/pkcg1.webp","datePublished":"2025-09-30T10:57:00+00:00","author":{"@id":"https:\/\/dmcsrb.com\/#\/schema\/person\/5c39170f12db1b8b457732d0b5c854e2"},"breadcrumb":{"@id":"https:\/\/dmcsrb.com\/ekonomija\/drakic-na-strateskom-forumu-privrednih-komora-abu-dhabi-balkan-komplementarne-snage-mozemo-pretvoriti-u-zajednicku-viziju-razvoja\/#breadcrumb"},"inLanguage":"en-GB","potentialAction":[{"@type":"ReadAction","target":["https:\/\/dmcsrb.com\/ekonomija\/drakic-na-strateskom-forumu-privrednih-komora-abu-dhabi-balkan-komplementarne-snage-mozemo-pretvoriti-u-zajednicku-viziju-razvoja\/"]}]},{"@type":"ImageObject","inLanguage":"en-GB","@id":"https:\/\/dmcsrb.com\/ekonomija\/drakic-na-strateskom-forumu-privrednih-komora-abu-dhabi-balkan-komplementarne-snage-mozemo-pretvoriti-u-zajednicku-viziju-razvoja\/#primaryimage","url":"https:\/\/dmcsrb.com\/wp-content\/uploads\/2026\/01\/pkcg1.webp","contentUrl":"https:\/\/dmcsrb.com\/wp-content\/uploads\/2026\/01\/pkcg1.webp","width":1920,"height":863},{"@type":"BreadcrumbList","@id":"https:\/\/dmcsrb.com\/ekonomija\/drakic-na-strateskom-forumu-privrednih-komora-abu-dhabi-balkan-komplementarne-snage-mozemo-pretvoriti-u-zajednicku-viziju-razvoja\/#breadcrumb","itemListElement":[{"@type":"ListItem","position":1,"name":"Home","item":"https:\/\/dmcsrb.com\/"},{"@type":"ListItem","position":2,"name":"Draki\u0107 na strate\u0161kom forumu privrednih komora ABU DHABI \u2013 BALKAN: Komplementarne snage mo\u017eemo pretvoriti u zajedni\u010dku viziju razvoja"}]},{"@type":"WebSite","@id":"https:\/\/dmcsrb.com\/#website","url":"https:\/\/dmcsrb.com\/","name":"dmcsrb.com","description":"","potentialAction":[{"@type":"SearchAction","target":{"@type":"EntryPoint","urlTemplate":"https:\/\/dmcsrb.com\/?s={search_term_string}"},"query-input":{"@type":"PropertyValueSpecification","valueRequired":true,"valueName":"search_term_string"}}],"inLanguage":"en-GB"},{"@type":"Person","@id":"https:\/\/dmcsrb.com\/#\/schema\/person\/5c39170f12db1b8b457732d0b5c854e2","name":"dmcsrbija.com@gmail.com","image":{"@type":"ImageObject","inLanguage":"en-GB","@id":"https:\/\/secure.gravatar.com\/avatar\/68592660ad6347fad0fb587f8d5d8f1a7b44961362f56e4f2cd524feb87e9069?s=96&d=mm&r=g","url":"https:\/\/secure.gravatar.com\/avatar\/68592660ad6347fad0fb587f8d5d8f1a7b44961362f56e4f2cd524feb87e9069?s=96&d=mm&r=g","contentUrl":"https:\/\/secure.gravatar.com\/avatar\/68592660ad6347fad0fb587f8d5d8f1a7b44961362f56e4f2cd524feb87e9069?s=96&d=mm&r=g","caption":"dmcsrbija.com@gmail.com"},"sameAs":["https:\/\/dmcsrb.com"],"url":"https:\/\/dmcsrb.com\/en\/author\/dmcsrbija-comgmail-com\/"}]}},"_links":{"self":[{"href":"https:\/\/dmcsrb.com\/en\/wp-json\/wp\/v2\/posts\/954852","targetHints":{"allow":["GET"]}}],"collection":[{"href":"https:\/\/dmcsrb.com\/en\/wp-json\/wp\/v2\/posts"}],"about":[{"href":"https:\/\/dmcsrb.com\/en\/wp-json\/wp\/v2\/types\/post"}],"author":[{"embeddable":true,"href":"https:\/\/dmcsrb.com\/en\/wp-json\/wp\/v2\/users\/1"}],"replies":[{"embeddable":true,"href":"https:\/\/dmcsrb.com\/en\/wp-json\/wp\/v2\/comments?post=954852"}],"version-history":[{"count":0,"href":"https:\/\/dmcsrb.com\/en\/wp-json\/wp\/v2\/posts\/954852\/revisions"}],"wp:featuredmedia":[{"embeddable":true,"href":"https:\/\/dmcsrb.com\/en\/wp-json\/wp\/v2\/media\/954853"}],"wp:attachment":[{"href":"https:\/\/dmcsrb.com\/en\/wp-json\/wp\/v2\/media?parent=954852"}],"wp:term":[{"taxonomy":"category","embeddable":true,"href":"https:\/\/dmcsrb.com\/en\/wp-json\/wp\/v2\/categories?post=954852"},{"taxonomy":"post_tag","embeddable":true,"href":"https:\/\/dmcsrb.com\/en\/wp-json\/wp\/v2\/tags?post=954852"},{"taxonomy":"naslovna","embeddable":true,"href":"https:\/\/dmcsrb.com\/en\/wp-json\/wp\/v2\/naslovna?post=954852"}],"curies":[{"name":"wp","href":"https:\/\/api.w.org\/{rel}","templated":true}]}}