{"id":954844,"date":"2025-09-30T10:55:00","date_gmt":"2025-09-30T08:55:00","guid":{"rendered":"https:\/\/dmcsrb.com\/uncategorized\/volkov-veljovicu-ce-prije-presuditi-nego-sto-ce-ga-poslati-na-operaciju\/"},"modified":"2025-09-30T10:55:00","modified_gmt":"2025-09-30T08:55:00","slug":"volkov-veljovicu-ce-prije-presuditi-nego-sto-ce-ga-poslati-na-operaciju","status":"publish","type":"post","link":"https:\/\/dmcsrb.com\/en\/hronika\/volkov-veljovicu-ce-prije-presuditi-nego-sto-ce-ga-poslati-na-operaciju\/","title":{"rendered":"Volkov: Veljovi\u0107u \u0107e prije presuditi nego \u0161to \u0107e ga poslati na operaciju"},"content":{"rendered":"<p>To je za &#8220;Dan&#8221; potvrdio njegov advokat Mihailo Volkov. Iako je u me\u0111uvremenu crnogorski ombudsman konstatovao da u konkretnom slu\u010daju mo\u017ee do\u0107i do povrede prava na \u017eivot i preporu\u010dio da se bez odlaganja razmotri zahtjev i donese odluka, iz Vi\u0161eg suda &#8220;Danu&#8221; su odgovorili da \u0107e informaciju dostaviti tek tokom nedjelje.<\/p>\n\n\n\n<p>Zahtjev za lije\u010denje Veljovi\u0107a u inostranstvu podnijet je 31. januara, a Vi\u0161i sud i Apelacioni sud, kako je konstatovano u rje\u0161enju ombudsmana, nisu odgovarali na zahtjeve i urgencije koje je potom zbog toga slao njegov advokat.<\/p>\n\n\n\n<p><strong>Advokat Mihailo Volkov<\/strong> ka\u017ee da on od po\u010detka ovog postupka ukazuje na vi\u0161e nego ozbiljno naru\u0161eno zdravstveno stanje svog branjenika, te da je prvenstveno sudiji za istragu Suzani Mugo\u0161i, a potom i biv\u0161em predsjedniku podgori\u010dkog Vi\u0161eg suda Borisu Savi\u0107u vi\u0161e puta ukazao na neophodnost Veljovi\u0107evog lije\u010denja u inostranstvu \u2013 Turskoj.<\/p>\n\n\n\n<p>&#8220;I kasnije, kada je postupak do\u0161ao u fazu glavnog pretresa, raspravnom i vanraspravnom vije\u0107u ukazivali smo na isto. \u010cinjenica je da je tada predsjednica raspravnog vije\u0107a zatra\u017eila mi\u0161ljenje vje\u0161taka sudsko-medicinske struke i uva\u017eila to mi\u0161ljenje, \u0161to je predstavljalo pravi momenat da u ovom postupku protiv Veljovi\u0107a neko sagleda mogu\u0107nost da se iz tih razloga on brani sa slobode. Nakon toga, mi smo i dalje ukazivali, imaju\u0107i u vidu da se on nalazi u ku\u0107nom pritvoru du\u017ee od godinu dana, da je pod upalnim procesima i \u010ditavo to vrijeme pod antibioticima. Sve vrijeme je postojala potreba za hirur\u0161kom intervencijom koja se morala obaviti van Crne Gore. Na sve to je ukazano raspravnom i vanraspravnom vije\u0107u, ali raspravno ka\u017ee da nije nadle\u017eno, dok adekvatan odgovor od vanraspravnog vije\u0107a Vi\u0161eg suda na te okolnosti do danas nijesmo dobili&#8221;, kazao je Volkov za &#8220;Dan&#8221;.<\/p>\n\n\n\n<p>On isti\u010de da prosto ne zna \u0161ta treba da se desi u ovoj situaciji da bi neko uva\u017eio sve ove \u010dinjenice i okolnosti koje su lako provjerljive, a koje je zapravo utvrdio i vje\u0161tak sudsko-medicinske struke.<\/p>\n\n\n\n<p>&#8220;Nakon \u0161to je Apelacioni sud sedam puta ukidao rje\u0161enje o odre\u0111ivanju ku\u0107nog pritvora, bojim se da \u0107emo morati do\u010dekati kraj postupka da bi se Veljovi\u0107u omogu\u0107ila valjana zdravstvena za\u0161tita&#8221;, rekao je Volkov.<\/p>\n\n\n\n<p>Veljovi\u0107 je dio grupe okrivljenih kojima se pred Specijalnim odjeljenjem Vi\u0161eg suda u Podgorici sudi zbog sumnje da su po\u010dinili krivi\u010dna djela stvaranje kriminalne organizacije, krijum\u010darenje, pranje novca i zloupotreba slu\u017ebenog polo\u017eaja. Nakon boravka u istra\u017enom zatvoru, njemu je u julu pro\u0161le godine izre\u010dena mjera nadzora \u2013 zabrana napu\u0161tanja stana, zbog koje ne mo\u017ee, i pored odluka konzilijuma ljekara Klini\u010dkog centra Crne Gore (KCCG) i uputa Fonda za zdravstveno osiguranje (FZO), da lije\u010denje nastavi na klinici u Istanbulu na koju je upu\u0107en zbog, kako je navedeno, te\u0161kog zdravstvenog stanja i zbog nemogu\u0107nosti daljeg adekvatnog lije\u010denja u Crnoj Gori.<\/p>\n\n\n\n<p><strong>Nema namjeru da bje\u017ei<\/strong><\/p>\n\n\n\n<p>Advokat Volkov se prvo obratio dopisom sudiji za istrage, pa biv\u0161em predsjedniku podgori\u010dkog Vi\u0161eg suda Borisu Savi\u0107u, i sve to prije su\u0111enja, da bi ponovo otvorio to pitanje na glavnom pretresu. Dodu\u0161e, kako ka\u017ee, Veljovi\u0107u je omogu\u0107eno da se brani iz ku\u0107nog pritvora, ali ne i adekvatna zdravstvena za\u0161tita.<\/p>\n\n\n\n<p>&#8220;Veselin Veljovi\u0107 nema namjeru da bje\u017ei, jer da je imao tu namjeru, u\u010dinio bi to odmah po izlasku iz UIKS-a pa do dana\u0161njeg dana&#8221;, tvrdi Volkov.<\/p>","protected":false},"excerpt":{"rendered":"<p>Vanraspravno vije\u0107e Vi\u0161eg suda u Podgorici jo\u0161 nije odlu\u010dilo da li \u0107e biv\u0161em direktoru crnogorske policije Veselinu Veljovi\u0107u omogu\u0107iti da obavi hiru\u0161ki zahvat u inostranstvu.<\/p>","protected":false},"author":1,"featured_media":915495,"comment_status":"open","ping_status":"open","sticky":false,"template":"","format":"standard","meta":{"_acf_changed":false,"footnotes":""},"categories":[17],"tags":[9733,36],"naslovna":[],"class_list":["post-954844","post","type-post","status-publish","format-standard","has-post-thumbnail","hentry","category-hronika","tag-advokat-mihailo-volkov","tag-veselin-veljovic"],"acf":[],"yoast_head":"<!-- This site is optimized with the Yoast SEO plugin v27.4 - https:\/\/yoast.com\/product\/yoast-seo-wordpress\/ -->\n<title>Volkov: Veljovi\u0107u \u0107e prije presuditi nego \u0161to \u0107e ga poslati na operaciju - dmcsrb.com<\/title>\n<meta name=\"robots\" content=\"index, follow, max-snippet:-1, max-image-preview:large, max-video-preview:-1\" \/>\n<link rel=\"canonical\" href=\"https:\/\/dmcsrb.com\/en\/hronika\/volkov-veljovicu-ce-prije-presuditi-nego-sto-ce-ga-poslati-na-operaciju\/\" \/>\n<meta property=\"og:locale\" content=\"en_GB\" \/>\n<meta property=\"og:type\" content=\"article\" \/>\n<meta property=\"og:title\" content=\"Volkov: Veljovi\u0107u \u0107e prije presuditi nego \u0161to \u0107e ga poslati na operaciju - dmcsrb.com\" \/>\n<meta property=\"og:description\" content=\"Vanraspravno vije\u0107e Vi\u0161eg suda u Podgorici jo\u0161 nije odlu\u010dilo da li \u0107e biv\u0161em direktoru crnogorske policije Veselinu Veljovi\u0107u omogu\u0107iti da obavi hiru\u0161ki zahvat u inostranstvu.\" \/>\n<meta property=\"og:url\" content=\"https:\/\/dmcsrb.com\/en\/hronika\/volkov-veljovicu-ce-prije-presuditi-nego-sto-ce-ga-poslati-na-operaciju\/\" \/>\n<meta property=\"og:site_name\" content=\"dmcsrb.com\" \/>\n<meta property=\"article:published_time\" content=\"2025-09-30T08:55:00+00:00\" \/>\n<meta property=\"og:image\" content=\"https:\/\/dmcsrb.com\/wp-content\/uploads\/2026\/01\/viber_image_2024-10-08_11-51-47-800_516x900.jpg\" \/>\n\t<meta property=\"og:image:width\" content=\"899\" \/>\n\t<meta property=\"og:image:height\" content=\"516\" \/>\n\t<meta property=\"og:image:type\" content=\"image\/jpeg\" \/>\n<meta name=\"author\" content=\"dmcsrbija.com@gmail.com\" \/>\n<meta name=\"twitter:card\" content=\"summary_large_image\" \/>\n<meta name=\"twitter:label1\" content=\"Written by\" \/>\n\t<meta name=\"twitter:data1\" content=\"dmcsrbija.com@gmail.com\" \/>\n\t<meta name=\"twitter:label2\" content=\"Estimated reading time\" \/>\n\t<meta name=\"twitter:data2\" content=\"3 minutes\" \/>\n<script type=\"application\/ld+json\" class=\"yoast-schema-graph\">{\"@context\":\"https:\\\/\\\/schema.org\",\"@graph\":[{\"@type\":\"Article\",\"@id\":\"https:\\\/\\\/dmcsrb.com\\\/hronika\\\/volkov-veljovicu-ce-prije-presuditi-nego-sto-ce-ga-poslati-na-operaciju\\\/#article\",\"isPartOf\":{\"@id\":\"https:\\\/\\\/dmcsrb.com\\\/hronika\\\/volkov-veljovicu-ce-prije-presuditi-nego-sto-ce-ga-poslati-na-operaciju\\\/\"},\"author\":{\"name\":\"dmcsrbija.com@gmail.com\",\"@id\":\"https:\\\/\\\/dmcsrb.com\\\/#\\\/schema\\\/person\\\/5c39170f12db1b8b457732d0b5c854e2\"},\"headline\":\"Volkov: Veljovi\u0107u \u0107e prije presuditi nego \u0161to \u0107e ga poslati na operaciju\",\"datePublished\":\"2025-09-30T08:55:00+00:00\",\"mainEntityOfPage\":{\"@id\":\"https:\\\/\\\/dmcsrb.com\\\/hronika\\\/volkov-veljovicu-ce-prije-presuditi-nego-sto-ce-ga-poslati-na-operaciju\\\/\"},\"wordCount\":615,\"commentCount\":0,\"image\":{\"@id\":\"https:\\\/\\\/dmcsrb.com\\\/hronika\\\/volkov-veljovicu-ce-prije-presuditi-nego-sto-ce-ga-poslati-na-operaciju\\\/#primaryimage\"},\"thumbnailUrl\":\"https:\\\/\\\/dmcsrb.com\\\/wp-content\\\/uploads\\\/2026\\\/01\\\/viber_image_2024-10-08_11-51-47-800_516x900.jpg\",\"keywords\":[\"Advokat Mihailo Volkov\",\"Veselin Veljovi\u0107\"],\"articleSection\":[\"Hronika\"],\"inLanguage\":\"en-GB\",\"potentialAction\":[{\"@type\":\"CommentAction\",\"name\":\"Comment\",\"target\":[\"https:\\\/\\\/dmcsrb.com\\\/hronika\\\/volkov-veljovicu-ce-prije-presuditi-nego-sto-ce-ga-poslati-na-operaciju\\\/#respond\"]}]},{\"@type\":\"WebPage\",\"@id\":\"https:\\\/\\\/dmcsrb.com\\\/hronika\\\/volkov-veljovicu-ce-prije-presuditi-nego-sto-ce-ga-poslati-na-operaciju\\\/\",\"url\":\"https:\\\/\\\/dmcsrb.com\\\/hronika\\\/volkov-veljovicu-ce-prije-presuditi-nego-sto-ce-ga-poslati-na-operaciju\\\/\",\"name\":\"Volkov: Veljovi\u0107u \u0107e prije presuditi nego \u0161to \u0107e ga poslati na operaciju - dmcsrb.com\",\"isPartOf\":{\"@id\":\"https:\\\/\\\/dmcsrb.com\\\/#website\"},\"primaryImageOfPage\":{\"@id\":\"https:\\\/\\\/dmcsrb.com\\\/hronika\\\/volkov-veljovicu-ce-prije-presuditi-nego-sto-ce-ga-poslati-na-operaciju\\\/#primaryimage\"},\"image\":{\"@id\":\"https:\\\/\\\/dmcsrb.com\\\/hronika\\\/volkov-veljovicu-ce-prije-presuditi-nego-sto-ce-ga-poslati-na-operaciju\\\/#primaryimage\"},\"thumbnailUrl\":\"https:\\\/\\\/dmcsrb.com\\\/wp-content\\\/uploads\\\/2026\\\/01\\\/viber_image_2024-10-08_11-51-47-800_516x900.jpg\",\"datePublished\":\"2025-09-30T08:55:00+00:00\",\"author\":{\"@id\":\"https:\\\/\\\/dmcsrb.com\\\/#\\\/schema\\\/person\\\/5c39170f12db1b8b457732d0b5c854e2\"},\"breadcrumb\":{\"@id\":\"https:\\\/\\\/dmcsrb.com\\\/hronika\\\/volkov-veljovicu-ce-prije-presuditi-nego-sto-ce-ga-poslati-na-operaciju\\\/#breadcrumb\"},\"inLanguage\":\"en-GB\",\"potentialAction\":[{\"@type\":\"ReadAction\",\"target\":[\"https:\\\/\\\/dmcsrb.com\\\/hronika\\\/volkov-veljovicu-ce-prije-presuditi-nego-sto-ce-ga-poslati-na-operaciju\\\/\"]}]},{\"@type\":\"ImageObject\",\"inLanguage\":\"en-GB\",\"@id\":\"https:\\\/\\\/dmcsrb.com\\\/hronika\\\/volkov-veljovicu-ce-prije-presuditi-nego-sto-ce-ga-poslati-na-operaciju\\\/#primaryimage\",\"url\":\"https:\\\/\\\/dmcsrb.com\\\/wp-content\\\/uploads\\\/2026\\\/01\\\/viber_image_2024-10-08_11-51-47-800_516x900.jpg\",\"contentUrl\":\"https:\\\/\\\/dmcsrb.com\\\/wp-content\\\/uploads\\\/2026\\\/01\\\/viber_image_2024-10-08_11-51-47-800_516x900.jpg\",\"width\":899,\"height\":516},{\"@type\":\"BreadcrumbList\",\"@id\":\"https:\\\/\\\/dmcsrb.com\\\/hronika\\\/volkov-veljovicu-ce-prije-presuditi-nego-sto-ce-ga-poslati-na-operaciju\\\/#breadcrumb\",\"itemListElement\":[{\"@type\":\"ListItem\",\"position\":1,\"name\":\"Home\",\"item\":\"https:\\\/\\\/dmcsrb.com\\\/\"},{\"@type\":\"ListItem\",\"position\":2,\"name\":\"Volkov: Veljovi\u0107u \u0107e prije presuditi nego \u0161to \u0107e ga poslati na operaciju\"}]},{\"@type\":\"WebSite\",\"@id\":\"https:\\\/\\\/dmcsrb.com\\\/#website\",\"url\":\"https:\\\/\\\/dmcsrb.com\\\/\",\"name\":\"dmcsrb.com\",\"description\":\"\",\"potentialAction\":[{\"@type\":\"SearchAction\",\"target\":{\"@type\":\"EntryPoint\",\"urlTemplate\":\"https:\\\/\\\/dmcsrb.com\\\/?s={search_term_string}\"},\"query-input\":{\"@type\":\"PropertyValueSpecification\",\"valueRequired\":true,\"valueName\":\"search_term_string\"}}],\"inLanguage\":\"en-GB\"},{\"@type\":\"Person\",\"@id\":\"https:\\\/\\\/dmcsrb.com\\\/#\\\/schema\\\/person\\\/5c39170f12db1b8b457732d0b5c854e2\",\"name\":\"dmcsrbija.com@gmail.com\",\"image\":{\"@type\":\"ImageObject\",\"inLanguage\":\"en-GB\",\"@id\":\"https:\\\/\\\/secure.gravatar.com\\\/avatar\\\/68592660ad6347fad0fb587f8d5d8f1a7b44961362f56e4f2cd524feb87e9069?s=96&d=mm&r=g\",\"url\":\"https:\\\/\\\/secure.gravatar.com\\\/avatar\\\/68592660ad6347fad0fb587f8d5d8f1a7b44961362f56e4f2cd524feb87e9069?s=96&d=mm&r=g\",\"contentUrl\":\"https:\\\/\\\/secure.gravatar.com\\\/avatar\\\/68592660ad6347fad0fb587f8d5d8f1a7b44961362f56e4f2cd524feb87e9069?s=96&d=mm&r=g\",\"caption\":\"dmcsrbija.com@gmail.com\"},\"sameAs\":[\"https:\\\/\\\/dmcsrb.com\"],\"url\":\"https:\\\/\\\/dmcsrb.com\\\/en\\\/author\\\/dmcsrbija-comgmail-com\\\/\"}]}<\/script>\n<!-- \/ Yoast SEO plugin. -->","yoast_head_json":{"title":"Volkov: Veljovi\u0107u \u0107e prije presuditi nego \u0161to \u0107e ga poslati na operaciju - dmcsrb.com","robots":{"index":"index","follow":"follow","max-snippet":"max-snippet:-1","max-image-preview":"max-image-preview:large","max-video-preview":"max-video-preview:-1"},"canonical":"https:\/\/dmcsrb.com\/en\/hronika\/volkov-veljovicu-ce-prije-presuditi-nego-sto-ce-ga-poslati-na-operaciju\/","og_locale":"en_GB","og_type":"article","og_title":"Volkov: Veljovi\u0107u \u0107e prije presuditi nego \u0161to \u0107e ga poslati na operaciju - dmcsrb.com","og_description":"Vanraspravno vije\u0107e Vi\u0161eg suda u Podgorici jo\u0161 nije odlu\u010dilo da li \u0107e biv\u0161em direktoru crnogorske policije Veselinu Veljovi\u0107u omogu\u0107iti da obavi hiru\u0161ki zahvat u inostranstvu.","og_url":"https:\/\/dmcsrb.com\/en\/hronika\/volkov-veljovicu-ce-prije-presuditi-nego-sto-ce-ga-poslati-na-operaciju\/","og_site_name":"dmcsrb.com","article_published_time":"2025-09-30T08:55:00+00:00","og_image":[{"width":899,"height":516,"url":"https:\/\/dmcsrb.com\/wp-content\/uploads\/2026\/01\/viber_image_2024-10-08_11-51-47-800_516x900.jpg","type":"image\/jpeg"}],"author":"dmcsrbija.com@gmail.com","twitter_card":"summary_large_image","twitter_misc":{"Written by":"dmcsrbija.com@gmail.com","Estimated reading time":"3 minutes"},"schema":{"@context":"https:\/\/schema.org","@graph":[{"@type":"Article","@id":"https:\/\/dmcsrb.com\/hronika\/volkov-veljovicu-ce-prije-presuditi-nego-sto-ce-ga-poslati-na-operaciju\/#article","isPartOf":{"@id":"https:\/\/dmcsrb.com\/hronika\/volkov-veljovicu-ce-prije-presuditi-nego-sto-ce-ga-poslati-na-operaciju\/"},"author":{"name":"dmcsrbija.com@gmail.com","@id":"https:\/\/dmcsrb.com\/#\/schema\/person\/5c39170f12db1b8b457732d0b5c854e2"},"headline":"Volkov: Veljovi\u0107u \u0107e prije presuditi nego \u0161to \u0107e ga poslati na operaciju","datePublished":"2025-09-30T08:55:00+00:00","mainEntityOfPage":{"@id":"https:\/\/dmcsrb.com\/hronika\/volkov-veljovicu-ce-prije-presuditi-nego-sto-ce-ga-poslati-na-operaciju\/"},"wordCount":615,"commentCount":0,"image":{"@id":"https:\/\/dmcsrb.com\/hronika\/volkov-veljovicu-ce-prije-presuditi-nego-sto-ce-ga-poslati-na-operaciju\/#primaryimage"},"thumbnailUrl":"https:\/\/dmcsrb.com\/wp-content\/uploads\/2026\/01\/viber_image_2024-10-08_11-51-47-800_516x900.jpg","keywords":["Advokat Mihailo Volkov","Veselin Veljovi\u0107"],"articleSection":["Hronika"],"inLanguage":"en-GB","potentialAction":[{"@type":"CommentAction","name":"Comment","target":["https:\/\/dmcsrb.com\/hronika\/volkov-veljovicu-ce-prije-presuditi-nego-sto-ce-ga-poslati-na-operaciju\/#respond"]}]},{"@type":"WebPage","@id":"https:\/\/dmcsrb.com\/hronika\/volkov-veljovicu-ce-prije-presuditi-nego-sto-ce-ga-poslati-na-operaciju\/","url":"https:\/\/dmcsrb.com\/hronika\/volkov-veljovicu-ce-prije-presuditi-nego-sto-ce-ga-poslati-na-operaciju\/","name":"Volkov: Veljovi\u0107u \u0107e prije presuditi nego \u0161to \u0107e ga poslati na operaciju - dmcsrb.com","isPartOf":{"@id":"https:\/\/dmcsrb.com\/#website"},"primaryImageOfPage":{"@id":"https:\/\/dmcsrb.com\/hronika\/volkov-veljovicu-ce-prije-presuditi-nego-sto-ce-ga-poslati-na-operaciju\/#primaryimage"},"image":{"@id":"https:\/\/dmcsrb.com\/hronika\/volkov-veljovicu-ce-prije-presuditi-nego-sto-ce-ga-poslati-na-operaciju\/#primaryimage"},"thumbnailUrl":"https:\/\/dmcsrb.com\/wp-content\/uploads\/2026\/01\/viber_image_2024-10-08_11-51-47-800_516x900.jpg","datePublished":"2025-09-30T08:55:00+00:00","author":{"@id":"https:\/\/dmcsrb.com\/#\/schema\/person\/5c39170f12db1b8b457732d0b5c854e2"},"breadcrumb":{"@id":"https:\/\/dmcsrb.com\/hronika\/volkov-veljovicu-ce-prije-presuditi-nego-sto-ce-ga-poslati-na-operaciju\/#breadcrumb"},"inLanguage":"en-GB","potentialAction":[{"@type":"ReadAction","target":["https:\/\/dmcsrb.com\/hronika\/volkov-veljovicu-ce-prije-presuditi-nego-sto-ce-ga-poslati-na-operaciju\/"]}]},{"@type":"ImageObject","inLanguage":"en-GB","@id":"https:\/\/dmcsrb.com\/hronika\/volkov-veljovicu-ce-prije-presuditi-nego-sto-ce-ga-poslati-na-operaciju\/#primaryimage","url":"https:\/\/dmcsrb.com\/wp-content\/uploads\/2026\/01\/viber_image_2024-10-08_11-51-47-800_516x900.jpg","contentUrl":"https:\/\/dmcsrb.com\/wp-content\/uploads\/2026\/01\/viber_image_2024-10-08_11-51-47-800_516x900.jpg","width":899,"height":516},{"@type":"BreadcrumbList","@id":"https:\/\/dmcsrb.com\/hronika\/volkov-veljovicu-ce-prije-presuditi-nego-sto-ce-ga-poslati-na-operaciju\/#breadcrumb","itemListElement":[{"@type":"ListItem","position":1,"name":"Home","item":"https:\/\/dmcsrb.com\/"},{"@type":"ListItem","position":2,"name":"Volkov: Veljovi\u0107u \u0107e prije presuditi nego \u0161to \u0107e ga poslati na operaciju"}]},{"@type":"WebSite","@id":"https:\/\/dmcsrb.com\/#website","url":"https:\/\/dmcsrb.com\/","name":"dmcsrb.com","description":"","potentialAction":[{"@type":"SearchAction","target":{"@type":"EntryPoint","urlTemplate":"https:\/\/dmcsrb.com\/?s={search_term_string}"},"query-input":{"@type":"PropertyValueSpecification","valueRequired":true,"valueName":"search_term_string"}}],"inLanguage":"en-GB"},{"@type":"Person","@id":"https:\/\/dmcsrb.com\/#\/schema\/person\/5c39170f12db1b8b457732d0b5c854e2","name":"dmcsrbija.com@gmail.com","image":{"@type":"ImageObject","inLanguage":"en-GB","@id":"https:\/\/secure.gravatar.com\/avatar\/68592660ad6347fad0fb587f8d5d8f1a7b44961362f56e4f2cd524feb87e9069?s=96&d=mm&r=g","url":"https:\/\/secure.gravatar.com\/avatar\/68592660ad6347fad0fb587f8d5d8f1a7b44961362f56e4f2cd524feb87e9069?s=96&d=mm&r=g","contentUrl":"https:\/\/secure.gravatar.com\/avatar\/68592660ad6347fad0fb587f8d5d8f1a7b44961362f56e4f2cd524feb87e9069?s=96&d=mm&r=g","caption":"dmcsrbija.com@gmail.com"},"sameAs":["https:\/\/dmcsrb.com"],"url":"https:\/\/dmcsrb.com\/en\/author\/dmcsrbija-comgmail-com\/"}]}},"_links":{"self":[{"href":"https:\/\/dmcsrb.com\/en\/wp-json\/wp\/v2\/posts\/954844","targetHints":{"allow":["GET"]}}],"collection":[{"href":"https:\/\/dmcsrb.com\/en\/wp-json\/wp\/v2\/posts"}],"about":[{"href":"https:\/\/dmcsrb.com\/en\/wp-json\/wp\/v2\/types\/post"}],"author":[{"embeddable":true,"href":"https:\/\/dmcsrb.com\/en\/wp-json\/wp\/v2\/users\/1"}],"replies":[{"embeddable":true,"href":"https:\/\/dmcsrb.com\/en\/wp-json\/wp\/v2\/comments?post=954844"}],"version-history":[{"count":0,"href":"https:\/\/dmcsrb.com\/en\/wp-json\/wp\/v2\/posts\/954844\/revisions"}],"wp:featuredmedia":[{"embeddable":true,"href":"https:\/\/dmcsrb.com\/en\/wp-json\/wp\/v2\/media\/915495"}],"wp:attachment":[{"href":"https:\/\/dmcsrb.com\/en\/wp-json\/wp\/v2\/media?parent=954844"}],"wp:term":[{"taxonomy":"category","embeddable":true,"href":"https:\/\/dmcsrb.com\/en\/wp-json\/wp\/v2\/categories?post=954844"},{"taxonomy":"post_tag","embeddable":true,"href":"https:\/\/dmcsrb.com\/en\/wp-json\/wp\/v2\/tags?post=954844"},{"taxonomy":"naslovna","embeddable":true,"href":"https:\/\/dmcsrb.com\/en\/wp-json\/wp\/v2\/naslovna?post=954844"}],"curies":[{"name":"wp","href":"https:\/\/api.w.org\/{rel}","templated":true}]}}