{"id":954802,"date":"2025-09-30T08:56:00","date_gmt":"2025-09-30T06:56:00","guid":{"rendered":"https:\/\/dmcsrb.com\/uncategorized\/cetvrta-godina-partnerstva-fondacije-cini-dobro-i-coinis-a\/"},"modified":"2025-09-30T08:56:00","modified_gmt":"2025-09-30T06:56:00","slug":"cetvrta-godina-partnerstva-fondacije-cini-dobro-i-coinis-a","status":"publish","type":"post","link":"https:\/\/dmcsrb.com\/en\/drustvo\/cetvrta-godina-partnerstva-fondacije-cini-dobro-i-coinis-a\/","title":{"rendered":"\u010cetvrta godina partnerstva Fondacije \u201e\u010cini dobro\u201c i Coinis-a"},"content":{"rendered":"<p><\/p>\n\n\n\n<p><\/p>\n\n\n\n<p>\u201eDijeljenje zajedni\u010dkih vrijednosti, vizije i filantropskih principa sna\u017eno povezuje Fondaciju i kompaniju Coinis u oblastima dru\u0161tveno odgovornog poslovanja i filantropije. Posebno cijenimo nesebi\u010dnu podr\u0161ku zaposlenih i menad\u017ementa, koja je klju\u010dna za uspjeh na\u0161ih aktivnosti, projekata i inicijativa, uklju\u010duju\u0107i edukaciju, podr\u0161ku mladima, obrazovanju za odr\u017eivi razvoj i digitalne servise. Od 2022. godine njihova podr\u0161ka omogu\u0107ava realizaciju ideja kojima doprinosimo pobolj\u0161anju kvaliteta \u017eivota cjelokupne zajednice. Udru\u017eeni, mo\u017eemo ostvariti zna\u010dajne rezultate i promovisati humanost, dobro\u010dinstvo i altruizam kao vrijednosti koje treba njegovati kako kod pojedinaca, tako i u privrednim subjektima,\u201c kazala je mr Marija Manja Jovovi\u0107, direktorica Fondacije \u201e\u010cini dobro\u201c.<\/p>\n\n\n\n<p>Donatori i prijatelji Fondacije \u201e\u010cini dobro\u201d su renomirane kompanije koje posluju na tr\u017ei\u0161tu Crne Gore sa kojima Fondacija dijeli iste vrijednosti u pogledu dru\u0161tveno odgovorne kulture i poslovanja.<\/p>\n\n\n\n<p>\u201eCoinis kroz Fondaciju \u201e\u010cini dobro\u201c ula\u017ee u projekte koji podsti\u010du inovacije, edukaciju i dru\u0161tvenu odgovornost. Podr\u017eavamo ideje koje donose stvarne promjene i ja\u010daju zajednicu, stvaraju\u0107i okvir za dugoro\u010dni razvoj i napredak. Jedan od takvih projekata je \u201cEko avantura\u201d, edukativna igra za djecu kroz koju najmla\u0111i na zabavan na\u010din u\u010de o ekologiji i va\u017enosti o\u010duvanja prirode. Na taj na\u010din spajamo igru i znanje, razvijaju\u0107i svijest o brizi za okru\u017eenje jo\u0161 od ranih godina. Fondacija \u201e\u010cini dobro\u201c je dokaz da kada udru\u017eimo snage, dobre stvari postaju jo\u0161 ve\u0107e,\u201c rekla je Tamara Jeli\u0107, VP, Business Development &amp; Communications u kompaniji Coinis.<\/p>","protected":false},"excerpt":{"rendered":"<p>Fondacija \u201e\u010cini dobro\u201c okuplja kompanije prepoznate po svom dru\u0161tveno odgovornom i filantropskom radu. Tako je me\u0111u klju\u010dnim partnerima Fondacije kompanija Coinis, koja ve\u0107 \u010detvrtu godinu zaredom pru\u017ea nesebi\u010dnu podr\u0161ku njenom radu.<\/p>","protected":false},"author":1,"featured_media":954803,"comment_status":"open","ping_status":"open","sticky":false,"template":"","format":"standard","meta":{"_acf_changed":false,"footnotes":""},"categories":[2],"tags":[8178,9706],"naslovna":[],"class_list":["post-954802","post","type-post","status-publish","format-standard","has-post-thumbnail","hentry","category-drustvo","tag-cini-dobro","tag-sardnja"],"acf":[],"yoast_head":"<!-- This site is optimized with the Yoast SEO plugin v27.0 - https:\/\/yoast.com\/product\/yoast-seo-wordpress\/ -->\n<title>\u010cetvrta godina partnerstva Fondacije \u201e\u010cini dobro\u201c i Coinis-a - dmcsrb.com<\/title>\n<meta name=\"robots\" content=\"index, follow, max-snippet:-1, max-image-preview:large, max-video-preview:-1\" \/>\n<link rel=\"canonical\" href=\"https:\/\/dmcsrb.com\/en\/drustvo\/cetvrta-godina-partnerstva-fondacije-cini-dobro-i-coinis-a\/\" \/>\n<meta property=\"og:locale\" content=\"en_GB\" \/>\n<meta property=\"og:type\" content=\"article\" \/>\n<meta property=\"og:title\" content=\"\u010cetvrta godina partnerstva Fondacije \u201e\u010cini dobro\u201c i Coinis-a - dmcsrb.com\" \/>\n<meta property=\"og:description\" content=\"Fondacija \u201e\u010cini dobro\u201c okuplja kompanije prepoznate po svom dru\u0161tveno odgovornom i filantropskom radu. Tako je me\u0111u klju\u010dnim partnerima Fondacije kompanija Coinis, koja ve\u0107 \u010detvrtu godinu zaredom pru\u017ea nesebi\u010dnu podr\u0161ku njenom radu.\" \/>\n<meta property=\"og:url\" content=\"https:\/\/dmcsrb.com\/en\/drustvo\/cetvrta-godina-partnerstva-fondacije-cini-dobro-i-coinis-a\/\" \/>\n<meta property=\"og:site_name\" content=\"dmcsrb.com\" \/>\n<meta property=\"article:published_time\" content=\"2025-09-30T06:56:00+00:00\" \/>\n<meta property=\"og:image\" content=\"https:\/\/dmcsrb.com\/wp-content\/uploads\/2026\/01\/Jovovic-Jelic-scaled-1.webp\" \/>\n\t<meta property=\"og:image:width\" content=\"1920\" \/>\n\t<meta property=\"og:image:height\" content=\"2560\" \/>\n\t<meta property=\"og:image:type\" content=\"image\/jpeg\" \/>\n<meta name=\"author\" content=\"dmcsrbija.com@gmail.com\" \/>\n<meta name=\"twitter:card\" content=\"summary_large_image\" \/>\n<meta name=\"twitter:label1\" content=\"Written by\" \/>\n\t<meta name=\"twitter:data1\" content=\"dmcsrbija.com@gmail.com\" \/>\n\t<meta name=\"twitter:label2\" content=\"Estimated reading time\" \/>\n\t<meta name=\"twitter:data2\" content=\"1 minute\" \/>\n<script type=\"application\/ld+json\" class=\"yoast-schema-graph\">{\"@context\":\"https:\/\/schema.org\",\"@graph\":[{\"@type\":\"Article\",\"@id\":\"https:\/\/dmcsrb.com\/drustvo\/cetvrta-godina-partnerstva-fondacije-cini-dobro-i-coinis-a\/#article\",\"isPartOf\":{\"@id\":\"https:\/\/dmcsrb.com\/drustvo\/cetvrta-godina-partnerstva-fondacije-cini-dobro-i-coinis-a\/\"},\"author\":{\"name\":\"dmcsrbija.com@gmail.com\",\"@id\":\"https:\/\/dmcsrb.com\/#\/schema\/person\/5c39170f12db1b8b457732d0b5c854e2\"},\"headline\":\"\u010cetvrta godina partnerstva Fondacije \u201e\u010cini dobro\u201c i Coinis-a\",\"datePublished\":\"2025-09-30T06:56:00+00:00\",\"mainEntityOfPage\":{\"@id\":\"https:\/\/dmcsrb.com\/drustvo\/cetvrta-godina-partnerstva-fondacije-cini-dobro-i-coinis-a\/\"},\"wordCount\":269,\"commentCount\":0,\"image\":{\"@id\":\"https:\/\/dmcsrb.com\/drustvo\/cetvrta-godina-partnerstva-fondacije-cini-dobro-i-coinis-a\/#primaryimage\"},\"thumbnailUrl\":\"https:\/\/dmcsrb.com\/wp-content\/uploads\/2026\/01\/Jovovic-Jelic-scaled-1.webp\",\"keywords\":[\"\u0107ini dobro\",\"sardnja\"],\"articleSection\":[\"Dru\u0161tvo\"],\"inLanguage\":\"en-GB\",\"potentialAction\":[{\"@type\":\"CommentAction\",\"name\":\"Comment\",\"target\":[\"https:\/\/dmcsrb.com\/drustvo\/cetvrta-godina-partnerstva-fondacije-cini-dobro-i-coinis-a\/#respond\"]}]},{\"@type\":\"WebPage\",\"@id\":\"https:\/\/dmcsrb.com\/drustvo\/cetvrta-godina-partnerstva-fondacije-cini-dobro-i-coinis-a\/\",\"url\":\"https:\/\/dmcsrb.com\/drustvo\/cetvrta-godina-partnerstva-fondacije-cini-dobro-i-coinis-a\/\",\"name\":\"\u010cetvrta godina partnerstva Fondacije \u201e\u010cini dobro\u201c i Coinis-a - dmcsrb.com\",\"isPartOf\":{\"@id\":\"https:\/\/dmcsrb.com\/#website\"},\"primaryImageOfPage\":{\"@id\":\"https:\/\/dmcsrb.com\/drustvo\/cetvrta-godina-partnerstva-fondacije-cini-dobro-i-coinis-a\/#primaryimage\"},\"image\":{\"@id\":\"https:\/\/dmcsrb.com\/drustvo\/cetvrta-godina-partnerstva-fondacije-cini-dobro-i-coinis-a\/#primaryimage\"},\"thumbnailUrl\":\"https:\/\/dmcsrb.com\/wp-content\/uploads\/2026\/01\/Jovovic-Jelic-scaled-1.webp\",\"datePublished\":\"2025-09-30T06:56:00+00:00\",\"author\":{\"@id\":\"https:\/\/dmcsrb.com\/#\/schema\/person\/5c39170f12db1b8b457732d0b5c854e2\"},\"breadcrumb\":{\"@id\":\"https:\/\/dmcsrb.com\/drustvo\/cetvrta-godina-partnerstva-fondacije-cini-dobro-i-coinis-a\/#breadcrumb\"},\"inLanguage\":\"en-GB\",\"potentialAction\":[{\"@type\":\"ReadAction\",\"target\":[\"https:\/\/dmcsrb.com\/drustvo\/cetvrta-godina-partnerstva-fondacije-cini-dobro-i-coinis-a\/\"]}]},{\"@type\":\"ImageObject\",\"inLanguage\":\"en-GB\",\"@id\":\"https:\/\/dmcsrb.com\/drustvo\/cetvrta-godina-partnerstva-fondacije-cini-dobro-i-coinis-a\/#primaryimage\",\"url\":\"https:\/\/dmcsrb.com\/wp-content\/uploads\/2026\/01\/Jovovic-Jelic-scaled-1.webp\",\"contentUrl\":\"https:\/\/dmcsrb.com\/wp-content\/uploads\/2026\/01\/Jovovic-Jelic-scaled-1.webp\",\"width\":1920,\"height\":2560},{\"@type\":\"BreadcrumbList\",\"@id\":\"https:\/\/dmcsrb.com\/drustvo\/cetvrta-godina-partnerstva-fondacije-cini-dobro-i-coinis-a\/#breadcrumb\",\"itemListElement\":[{\"@type\":\"ListItem\",\"position\":1,\"name\":\"Home\",\"item\":\"https:\/\/dmcsrb.com\/\"},{\"@type\":\"ListItem\",\"position\":2,\"name\":\"\u010cetvrta godina partnerstva Fondacije \u201e\u010cini dobro\u201c i Coinis-a\"}]},{\"@type\":\"WebSite\",\"@id\":\"https:\/\/dmcsrb.com\/#website\",\"url\":\"https:\/\/dmcsrb.com\/\",\"name\":\"dmcsrb.com\",\"description\":\"\",\"potentialAction\":[{\"@type\":\"SearchAction\",\"target\":{\"@type\":\"EntryPoint\",\"urlTemplate\":\"https:\/\/dmcsrb.com\/?s={search_term_string}\"},\"query-input\":{\"@type\":\"PropertyValueSpecification\",\"valueRequired\":true,\"valueName\":\"search_term_string\"}}],\"inLanguage\":\"en-GB\"},{\"@type\":\"Person\",\"@id\":\"https:\/\/dmcsrb.com\/#\/schema\/person\/5c39170f12db1b8b457732d0b5c854e2\",\"name\":\"dmcsrbija.com@gmail.com\",\"image\":{\"@type\":\"ImageObject\",\"inLanguage\":\"en-GB\",\"@id\":\"https:\/\/dmcsrb.com\/#\/schema\/person\/image\/\",\"url\":\"https:\/\/secure.gravatar.com\/avatar\/68592660ad6347fad0fb587f8d5d8f1a7b44961362f56e4f2cd524feb87e9069?s=96&d=mm&r=g\",\"contentUrl\":\"https:\/\/secure.gravatar.com\/avatar\/68592660ad6347fad0fb587f8d5d8f1a7b44961362f56e4f2cd524feb87e9069?s=96&d=mm&r=g\",\"caption\":\"dmcsrbija.com@gmail.com\"},\"sameAs\":[\"https:\/\/dmcsrb.com\"],\"url\":\"https:\/\/dmcsrb.com\/en\/author\/dmcsrbija-comgmail-com\/\"}]}<\/script>\n<!-- \/ Yoast SEO plugin. -->","yoast_head_json":{"title":"\u010cetvrta godina partnerstva Fondacije \u201e\u010cini dobro\u201c i Coinis-a - dmcsrb.com","robots":{"index":"index","follow":"follow","max-snippet":"max-snippet:-1","max-image-preview":"max-image-preview:large","max-video-preview":"max-video-preview:-1"},"canonical":"https:\/\/dmcsrb.com\/en\/drustvo\/cetvrta-godina-partnerstva-fondacije-cini-dobro-i-coinis-a\/","og_locale":"en_GB","og_type":"article","og_title":"\u010cetvrta godina partnerstva Fondacije \u201e\u010cini dobro\u201c i Coinis-a - dmcsrb.com","og_description":"Fondacija \u201e\u010cini dobro\u201c okuplja kompanije prepoznate po svom dru\u0161tveno odgovornom i filantropskom radu. Tako je me\u0111u klju\u010dnim partnerima Fondacije kompanija Coinis, koja ve\u0107 \u010detvrtu godinu zaredom pru\u017ea nesebi\u010dnu podr\u0161ku njenom radu.","og_url":"https:\/\/dmcsrb.com\/en\/drustvo\/cetvrta-godina-partnerstva-fondacije-cini-dobro-i-coinis-a\/","og_site_name":"dmcsrb.com","article_published_time":"2025-09-30T06:56:00+00:00","og_image":[{"width":1920,"height":2560,"url":"https:\/\/dmcsrb.com\/wp-content\/uploads\/2026\/01\/Jovovic-Jelic-scaled-1.webp","type":"image\/jpeg"}],"author":"dmcsrbija.com@gmail.com","twitter_card":"summary_large_image","twitter_misc":{"Written by":"dmcsrbija.com@gmail.com","Estimated reading time":"1 minute"},"schema":{"@context":"https:\/\/schema.org","@graph":[{"@type":"Article","@id":"https:\/\/dmcsrb.com\/drustvo\/cetvrta-godina-partnerstva-fondacije-cini-dobro-i-coinis-a\/#article","isPartOf":{"@id":"https:\/\/dmcsrb.com\/drustvo\/cetvrta-godina-partnerstva-fondacije-cini-dobro-i-coinis-a\/"},"author":{"name":"dmcsrbija.com@gmail.com","@id":"https:\/\/dmcsrb.com\/#\/schema\/person\/5c39170f12db1b8b457732d0b5c854e2"},"headline":"\u010cetvrta godina partnerstva Fondacije \u201e\u010cini dobro\u201c i Coinis-a","datePublished":"2025-09-30T06:56:00+00:00","mainEntityOfPage":{"@id":"https:\/\/dmcsrb.com\/drustvo\/cetvrta-godina-partnerstva-fondacije-cini-dobro-i-coinis-a\/"},"wordCount":269,"commentCount":0,"image":{"@id":"https:\/\/dmcsrb.com\/drustvo\/cetvrta-godina-partnerstva-fondacije-cini-dobro-i-coinis-a\/#primaryimage"},"thumbnailUrl":"https:\/\/dmcsrb.com\/wp-content\/uploads\/2026\/01\/Jovovic-Jelic-scaled-1.webp","keywords":["\u0107ini dobro","sardnja"],"articleSection":["Dru\u0161tvo"],"inLanguage":"en-GB","potentialAction":[{"@type":"CommentAction","name":"Comment","target":["https:\/\/dmcsrb.com\/drustvo\/cetvrta-godina-partnerstva-fondacije-cini-dobro-i-coinis-a\/#respond"]}]},{"@type":"WebPage","@id":"https:\/\/dmcsrb.com\/drustvo\/cetvrta-godina-partnerstva-fondacije-cini-dobro-i-coinis-a\/","url":"https:\/\/dmcsrb.com\/drustvo\/cetvrta-godina-partnerstva-fondacije-cini-dobro-i-coinis-a\/","name":"\u010cetvrta godina partnerstva Fondacije \u201e\u010cini dobro\u201c i Coinis-a - dmcsrb.com","isPartOf":{"@id":"https:\/\/dmcsrb.com\/#website"},"primaryImageOfPage":{"@id":"https:\/\/dmcsrb.com\/drustvo\/cetvrta-godina-partnerstva-fondacije-cini-dobro-i-coinis-a\/#primaryimage"},"image":{"@id":"https:\/\/dmcsrb.com\/drustvo\/cetvrta-godina-partnerstva-fondacije-cini-dobro-i-coinis-a\/#primaryimage"},"thumbnailUrl":"https:\/\/dmcsrb.com\/wp-content\/uploads\/2026\/01\/Jovovic-Jelic-scaled-1.webp","datePublished":"2025-09-30T06:56:00+00:00","author":{"@id":"https:\/\/dmcsrb.com\/#\/schema\/person\/5c39170f12db1b8b457732d0b5c854e2"},"breadcrumb":{"@id":"https:\/\/dmcsrb.com\/drustvo\/cetvrta-godina-partnerstva-fondacije-cini-dobro-i-coinis-a\/#breadcrumb"},"inLanguage":"en-GB","potentialAction":[{"@type":"ReadAction","target":["https:\/\/dmcsrb.com\/drustvo\/cetvrta-godina-partnerstva-fondacije-cini-dobro-i-coinis-a\/"]}]},{"@type":"ImageObject","inLanguage":"en-GB","@id":"https:\/\/dmcsrb.com\/drustvo\/cetvrta-godina-partnerstva-fondacije-cini-dobro-i-coinis-a\/#primaryimage","url":"https:\/\/dmcsrb.com\/wp-content\/uploads\/2026\/01\/Jovovic-Jelic-scaled-1.webp","contentUrl":"https:\/\/dmcsrb.com\/wp-content\/uploads\/2026\/01\/Jovovic-Jelic-scaled-1.webp","width":1920,"height":2560},{"@type":"BreadcrumbList","@id":"https:\/\/dmcsrb.com\/drustvo\/cetvrta-godina-partnerstva-fondacije-cini-dobro-i-coinis-a\/#breadcrumb","itemListElement":[{"@type":"ListItem","position":1,"name":"Home","item":"https:\/\/dmcsrb.com\/"},{"@type":"ListItem","position":2,"name":"\u010cetvrta godina partnerstva Fondacije \u201e\u010cini dobro\u201c i Coinis-a"}]},{"@type":"WebSite","@id":"https:\/\/dmcsrb.com\/#website","url":"https:\/\/dmcsrb.com\/","name":"dmcsrb.com","description":"","potentialAction":[{"@type":"SearchAction","target":{"@type":"EntryPoint","urlTemplate":"https:\/\/dmcsrb.com\/?s={search_term_string}"},"query-input":{"@type":"PropertyValueSpecification","valueRequired":true,"valueName":"search_term_string"}}],"inLanguage":"en-GB"},{"@type":"Person","@id":"https:\/\/dmcsrb.com\/#\/schema\/person\/5c39170f12db1b8b457732d0b5c854e2","name":"dmcsrbija.com@gmail.com","image":{"@type":"ImageObject","inLanguage":"en-GB","@id":"https:\/\/dmcsrb.com\/#\/schema\/person\/image\/","url":"https:\/\/secure.gravatar.com\/avatar\/68592660ad6347fad0fb587f8d5d8f1a7b44961362f56e4f2cd524feb87e9069?s=96&d=mm&r=g","contentUrl":"https:\/\/secure.gravatar.com\/avatar\/68592660ad6347fad0fb587f8d5d8f1a7b44961362f56e4f2cd524feb87e9069?s=96&d=mm&r=g","caption":"dmcsrbija.com@gmail.com"},"sameAs":["https:\/\/dmcsrb.com"],"url":"https:\/\/dmcsrb.com\/en\/author\/dmcsrbija-comgmail-com\/"}]}},"_links":{"self":[{"href":"https:\/\/dmcsrb.com\/en\/wp-json\/wp\/v2\/posts\/954802","targetHints":{"allow":["GET"]}}],"collection":[{"href":"https:\/\/dmcsrb.com\/en\/wp-json\/wp\/v2\/posts"}],"about":[{"href":"https:\/\/dmcsrb.com\/en\/wp-json\/wp\/v2\/types\/post"}],"author":[{"embeddable":true,"href":"https:\/\/dmcsrb.com\/en\/wp-json\/wp\/v2\/users\/1"}],"replies":[{"embeddable":true,"href":"https:\/\/dmcsrb.com\/en\/wp-json\/wp\/v2\/comments?post=954802"}],"version-history":[{"count":0,"href":"https:\/\/dmcsrb.com\/en\/wp-json\/wp\/v2\/posts\/954802\/revisions"}],"wp:featuredmedia":[{"embeddable":true,"href":"https:\/\/dmcsrb.com\/en\/wp-json\/wp\/v2\/media\/954803"}],"wp:attachment":[{"href":"https:\/\/dmcsrb.com\/en\/wp-json\/wp\/v2\/media?parent=954802"}],"wp:term":[{"taxonomy":"category","embeddable":true,"href":"https:\/\/dmcsrb.com\/en\/wp-json\/wp\/v2\/categories?post=954802"},{"taxonomy":"post_tag","embeddable":true,"href":"https:\/\/dmcsrb.com\/en\/wp-json\/wp\/v2\/tags?post=954802"},{"taxonomy":"naslovna","embeddable":true,"href":"https:\/\/dmcsrb.com\/en\/wp-json\/wp\/v2\/naslovna?post=954802"}],"curies":[{"name":"wp","href":"https:\/\/api.w.org\/{rel}","templated":true}]}}