{"id":954798,"date":"2025-09-30T08:35:00","date_gmt":"2025-09-30T06:35:00","guid":{"rendered":"https:\/\/dmcsrb.com\/uncategorized\/culafic-regionalni-vodovod-primjer-da-razvoj-i-odgovornost-mogu-ici-ruku-pod-ruku\/"},"modified":"2025-09-30T08:35:00","modified_gmt":"2025-09-30T06:35:00","slug":"culafic-regionalni-vodovod-primjer-da-razvoj-i-odgovornost-mogu-ici-ruku-pod-ruku","status":"publish","type":"post","link":"https:\/\/dmcsrb.com\/en\/drustvo\/culafic-regionalni-vodovod-primjer-da-razvoj-i-odgovornost-mogu-ici-ruku-pod-ruku\/","title":{"rendered":"\u0106ulafi\u0107: Regionalni vodovod primjer da razvoj i odgovornost mogu i\u0107i ruku pod ruku"},"content":{"rendered":"<p><\/p>\n\n\n\n<p><\/p>\n\n\n\n<p>&#8220;Kada je 1975. godine zapo\u010deta ideja o izgradnji regionalnog sistema za snabdijevanje vodom crnogorskog primorja, malo ko je mogao da nasluti da \u0107e to postati jedan od najva\u017enijih infrastrukturnih projekata u istoriji savremene Crne Gore. U zemlji u razvoju, u vremenu kada su resursi bili ograni\u010deni, a potrebe sve ve\u0107e, prepoznata je strate\u0161ka va\u017enost da se rije\u0161i jedno od najva\u017enijih pitanja \u2013 sigurno i odr\u017eivo vodosnabdijevanje za na\u0161u obalu&#8221;, naveo je ministar.<\/p>\n\n\n\n<p>Ukazao je da je od tog trenutka, kroz decenije, uprkos izazovima, prije svega velikom zemljotresu, tranzicionim procesima i ekonomskoj nestabilnosti, Regionalni vodovod istrajavao, &#8220;danas, ovaj sistem predstavlja ki\u010dmu vodosnabdijevanja op\u0161tina od Herceg Novog do Ulcinja, a njegova va\u017enost posebno dolazi do izra\u017eaja tokom ljetnjih mjeseci, kada broj stanovnika na primorju vi\u0161estruko prema\u0161uje onaj u zimskom periodu.&#8221;<\/p>\n\n\n\n<p>&#8220;Me\u0111utim, nijedan sistem ne opstaje sam od sebe. I zato danas \u017eelim posebno da istaknem doprinos aktuelnog menad\u017ementa, na \u010delu sa gospodinom Krstom Radovi\u0107em. Od trenutka kada je preuzeo rukovode\u0107u poziciju, gospodin Radovi\u0107 je zajedno sa svojim timom pokazao profesionalnost, viziju, odgovornost i transparentnost u radu&#8221;, kazao je ministar \u0106ulafi\u0107.<\/p>\n\n\n\n<p>Podsjetio je da je tokom 2025. godine Regionalni vodovod pokrenuo vi\u0161e aktivnosti koje su rezultirale sigurnim vodosnabdijevanje, a posebno tokom ljetnje turisti\u010dke sezone koja je za nama, iz sistema su konstantno isporu\u010divane tra\u017eene koli\u010dine vode i prema\u0161eni su svi dosada\u0161nji rekordi.<\/p>\n\n\n\n<p>&#8220;Regionalni vodovod je pravovremeno reagovao izgradnjom privremenih brana na Mora\u010di, \u0161to je usporilo trend opadanja izda\u0161nosti i obezbijedilo dodatne koli\u010dine vode. Paralelno s tim, ubrzano je izgra\u0111eno i postrojenje za filtraciju.<\/p>\n\n\n\n<p>Vizija razvoja sistema jasno je izra\u017eena kroz novi vi\u0161emilionski investicioni ciklus koji podrazumijeva izgradnju novog postrojenja kapaciteta 500 l\/s, dodatne rezervoarske kapacitete za op\u0161tine Kotor, Tivat i Herceg Novi, zamjenu klju\u010dne opreme, kao i sprovo\u0111enje dodatnih istra\u017eivanja za dugoro\u010dnu za\u0161titu izvori\u0161ta&#8221;, naveo je ministar.<\/p>\n\n\n\n<p>Predo\u010dio je i da Ministarstvo ekologije, odr\u017eivog razvoja i razvoja sjevera (MERS) zajedno sa Regionalnim vodovodom, vodi intenzivne pregovore sa Svjetskom bankom i Evropskom bankom za obnovu i razvoj u cilju obezbje\u0111ivanja finansijske podr\u0161ke ovim projektima.<\/p>\n\n\n\n<p>Ministar \u0106ulafi\u0107 je naglasio i da je Regionalni vodovod prepoznat i kao va\u017ean akter u borbi protiv ekolo\u0161kog kriminala, te da su u nedavnoj akciji \u201eKajak\u201c, sprovedenoj u saradnji sa podgori\u010dkom policijom, uhap\u0161ene \u010detiri osobe osumnji\u010dene za nelegalnu eksploataciju \u0161ljunka i o\u0161te\u0107enje rije\u010dnog nanosa u koritu rijeke Mora\u010de, \u0161to je, prema dostupnim analizama, jedan od glavnih uzroka smanjenja izda\u0161nosti izvori\u0161ta Bolje Sestre.<\/p>\n\n\n\n<p>&#8220;I zato jo\u0161 jednom \u017eelim da poru\u010dim da borba protiv ekolo\u0161kog kriminala vi\u0161e nije deklarativna, ve\u0107 konkretna, operativna i daje vidljive rezultate, a uklju\u010divanje javnih preduze\u0107a u ovu borbu \u0161alje jasnu poruku: za\u0161tita prirodnih resursa je zajedni\u010dka odgovornost svih nas&#8221;, istakao je ministar.<\/p>\n\n\n\n<p>Podsjetio je da je, u okviru nacionalne kampanje \u010cuvaj da te \u010duva koju MERS sprovodi zajedno sa EU Delegacijom u Crnoj Gori, u julu organizovana velika akcija \u010di\u0161\u0107enja sanitarne zone izvori\u0161ta Bolje Sestre.<\/p>\n\n\n\n<p>&#8220;I pored svih investicija, sistem je tokom 2025. godine poslovao odr\u017eivo. Redovno se izmiruju sve obaveze prema zaposlenima, dobavlja\u010dima, kao i kreditne obaveze. Preliminarni podaci pokazuju da je zaklju\u010dno sa avgustom neto dobit iznosila preko milion eura, dok su kreditne obaveze izmirene u visini od 2,7 miliona eura. Ukupni prihodi iznose oko 6,7 miliona eura, kroz prodaju vode i naknade na investicije&#8221;, naveo je ministar \u0106ulafi\u0107.<\/p>\n\n\n\n<p>Sli\u010dan trend, prema njegovim rije\u010dima, bilje\u017ee i druga preduze\u0107a koja posluju u okviru nadle\u017enosti MERS-a, \u0161to pokazuje da javna preduze\u0107a, uz jasnu viziju i doma\u0107insko upravljanje, mogu biti stabilni i uspje\u0161ni nosioci razvoja.<\/p>\n\n\n\n<p>&#8220;Na kraju, dozvolite mi da \u010destitam svima koji su, u proteklih pola vijeka, ostavili svoj trag u razvoju ovog sistema. Svakom radniku, in\u017eenjeru, direktoru, operateru na terenu, hvala vam u ime dr\u017eave Crne Gore. Menad\u017ementu na \u010delu sa gospodinom Radovi\u0107em \u017eelim da nastave putem kojim su krenuli, putem razvoja, integriteta i posve\u0107enosti javnom interesu. Ovakvi primjeri treba da budu model za sve nas, da razvoj mo\u017ee i mora i\u0107i ruku pod ruku sa odgovorno\u0161\u0107u&#8221;, zaklju\u010dio je ministar \u0106ulafi\u0107.<\/p>","protected":false},"excerpt":{"rendered":"<p>Ministar ekologije, odr\u017eivog razvoja i razvoja sjevera Damjan \u0106ulafi\u0107 govorio je na sve\u010danosti povodom obilje\u017eavanja 50 godina postojanja Regionalnog vodovoda Crnogorsko primorje i 15 godina od po\u010detka operativnog funkcionisanja sistema regionalnog vodosnabdijevanja.<\/p>","protected":false},"author":1,"featured_media":954799,"comment_status":"open","ping_status":"open","sticky":false,"template":"","format":"standard","meta":{"_acf_changed":false,"footnotes":""},"categories":[2],"tags":[1103,2380,507],"naslovna":[],"class_list":["post-954798","post","type-post","status-publish","format-standard","has-post-thumbnail","hentry","category-drustvo","tag-damjan-culafic","tag-jubilej","tag-regionalni-vodovod"],"acf":[],"yoast_head":"<!-- This site is optimized with the Yoast SEO plugin v27.4 - https:\/\/yoast.com\/product\/yoast-seo-wordpress\/ -->\n<title>\u0106ulafi\u0107: Regionalni vodovod primjer da razvoj i odgovornost mogu i\u0107i ruku pod ruku - dmcsrb.com<\/title>\n<meta name=\"robots\" content=\"index, follow, max-snippet:-1, max-image-preview:large, max-video-preview:-1\" \/>\n<link rel=\"canonical\" href=\"https:\/\/dmcsrb.com\/en\/drustvo\/culafic-regionalni-vodovod-primjer-da-razvoj-i-odgovornost-mogu-ici-ruku-pod-ruku\/\" \/>\n<meta property=\"og:locale\" content=\"en_GB\" \/>\n<meta property=\"og:type\" content=\"article\" \/>\n<meta property=\"og:title\" content=\"\u0106ulafi\u0107: Regionalni vodovod primjer da razvoj i odgovornost mogu i\u0107i ruku pod ruku - dmcsrb.com\" \/>\n<meta property=\"og:description\" content=\"Ministar ekologije, odr\u017eivog razvoja i razvoja sjevera Damjan \u0106ulafi\u0107 govorio je na sve\u010danosti povodom obilje\u017eavanja 50 godina postojanja Regionalnog vodovoda Crnogorsko primorje i 15 godina od po\u010detka operativnog funkcionisanja sistema regionalnog vodosnabdijevanja.\" \/>\n<meta property=\"og:url\" content=\"https:\/\/dmcsrb.com\/en\/drustvo\/culafic-regionalni-vodovod-primjer-da-razvoj-i-odgovornost-mogu-ici-ruku-pod-ruku\/\" \/>\n<meta property=\"og:site_name\" content=\"dmcsrb.com\" \/>\n<meta property=\"article:published_time\" content=\"2025-09-30T06:35:00+00:00\" \/>\n<meta property=\"og:image\" content=\"https:\/\/dmcsrb.com\/wp-content\/uploads\/2026\/01\/culafic-3.webp\" \/>\n\t<meta property=\"og:image:width\" content=\"1600\" \/>\n\t<meta property=\"og:image:height\" content=\"1067\" \/>\n\t<meta property=\"og:image:type\" content=\"image\/jpeg\" \/>\n<meta name=\"author\" content=\"dmcsrbija.com@gmail.com\" \/>\n<meta name=\"twitter:card\" content=\"summary_large_image\" \/>\n<meta name=\"twitter:label1\" content=\"Written by\" \/>\n\t<meta name=\"twitter:data1\" content=\"dmcsrbija.com@gmail.com\" \/>\n\t<meta name=\"twitter:label2\" content=\"Estimated reading time\" \/>\n\t<meta name=\"twitter:data2\" content=\"4 minutes\" \/>\n<script type=\"application\/ld+json\" class=\"yoast-schema-graph\">{\"@context\":\"https:\\\/\\\/schema.org\",\"@graph\":[{\"@type\":\"Article\",\"@id\":\"https:\\\/\\\/dmcsrb.com\\\/drustvo\\\/culafic-regionalni-vodovod-primjer-da-razvoj-i-odgovornost-mogu-ici-ruku-pod-ruku\\\/#article\",\"isPartOf\":{\"@id\":\"https:\\\/\\\/dmcsrb.com\\\/drustvo\\\/culafic-regionalni-vodovod-primjer-da-razvoj-i-odgovornost-mogu-ici-ruku-pod-ruku\\\/\"},\"author\":{\"name\":\"dmcsrbija.com@gmail.com\",\"@id\":\"https:\\\/\\\/dmcsrb.com\\\/#\\\/schema\\\/person\\\/5c39170f12db1b8b457732d0b5c854e2\"},\"headline\":\"\u0106ulafi\u0107: Regionalni vodovod primjer da razvoj i odgovornost mogu i\u0107i ruku pod ruku\",\"datePublished\":\"2025-09-30T06:35:00+00:00\",\"mainEntityOfPage\":{\"@id\":\"https:\\\/\\\/dmcsrb.com\\\/drustvo\\\/culafic-regionalni-vodovod-primjer-da-razvoj-i-odgovornost-mogu-ici-ruku-pod-ruku\\\/\"},\"wordCount\":737,\"commentCount\":0,\"image\":{\"@id\":\"https:\\\/\\\/dmcsrb.com\\\/drustvo\\\/culafic-regionalni-vodovod-primjer-da-razvoj-i-odgovornost-mogu-ici-ruku-pod-ruku\\\/#primaryimage\"},\"thumbnailUrl\":\"https:\\\/\\\/dmcsrb.com\\\/wp-content\\\/uploads\\\/2026\\\/01\\\/culafic-3.webp\",\"keywords\":[\"damjan \u0107ulafi\u0107\",\"Jubilej\",\"regionalni vodovod\"],\"articleSection\":[\"Dru\u0161tvo\"],\"inLanguage\":\"en-GB\",\"potentialAction\":[{\"@type\":\"CommentAction\",\"name\":\"Comment\",\"target\":[\"https:\\\/\\\/dmcsrb.com\\\/drustvo\\\/culafic-regionalni-vodovod-primjer-da-razvoj-i-odgovornost-mogu-ici-ruku-pod-ruku\\\/#respond\"]}]},{\"@type\":\"WebPage\",\"@id\":\"https:\\\/\\\/dmcsrb.com\\\/drustvo\\\/culafic-regionalni-vodovod-primjer-da-razvoj-i-odgovornost-mogu-ici-ruku-pod-ruku\\\/\",\"url\":\"https:\\\/\\\/dmcsrb.com\\\/drustvo\\\/culafic-regionalni-vodovod-primjer-da-razvoj-i-odgovornost-mogu-ici-ruku-pod-ruku\\\/\",\"name\":\"\u0106ulafi\u0107: Regionalni vodovod primjer da razvoj i odgovornost mogu i\u0107i ruku pod ruku - dmcsrb.com\",\"isPartOf\":{\"@id\":\"https:\\\/\\\/dmcsrb.com\\\/#website\"},\"primaryImageOfPage\":{\"@id\":\"https:\\\/\\\/dmcsrb.com\\\/drustvo\\\/culafic-regionalni-vodovod-primjer-da-razvoj-i-odgovornost-mogu-ici-ruku-pod-ruku\\\/#primaryimage\"},\"image\":{\"@id\":\"https:\\\/\\\/dmcsrb.com\\\/drustvo\\\/culafic-regionalni-vodovod-primjer-da-razvoj-i-odgovornost-mogu-ici-ruku-pod-ruku\\\/#primaryimage\"},\"thumbnailUrl\":\"https:\\\/\\\/dmcsrb.com\\\/wp-content\\\/uploads\\\/2026\\\/01\\\/culafic-3.webp\",\"datePublished\":\"2025-09-30T06:35:00+00:00\",\"author\":{\"@id\":\"https:\\\/\\\/dmcsrb.com\\\/#\\\/schema\\\/person\\\/5c39170f12db1b8b457732d0b5c854e2\"},\"breadcrumb\":{\"@id\":\"https:\\\/\\\/dmcsrb.com\\\/drustvo\\\/culafic-regionalni-vodovod-primjer-da-razvoj-i-odgovornost-mogu-ici-ruku-pod-ruku\\\/#breadcrumb\"},\"inLanguage\":\"en-GB\",\"potentialAction\":[{\"@type\":\"ReadAction\",\"target\":[\"https:\\\/\\\/dmcsrb.com\\\/drustvo\\\/culafic-regionalni-vodovod-primjer-da-razvoj-i-odgovornost-mogu-ici-ruku-pod-ruku\\\/\"]}]},{\"@type\":\"ImageObject\",\"inLanguage\":\"en-GB\",\"@id\":\"https:\\\/\\\/dmcsrb.com\\\/drustvo\\\/culafic-regionalni-vodovod-primjer-da-razvoj-i-odgovornost-mogu-ici-ruku-pod-ruku\\\/#primaryimage\",\"url\":\"https:\\\/\\\/dmcsrb.com\\\/wp-content\\\/uploads\\\/2026\\\/01\\\/culafic-3.webp\",\"contentUrl\":\"https:\\\/\\\/dmcsrb.com\\\/wp-content\\\/uploads\\\/2026\\\/01\\\/culafic-3.webp\",\"width\":1600,\"height\":1067},{\"@type\":\"BreadcrumbList\",\"@id\":\"https:\\\/\\\/dmcsrb.com\\\/drustvo\\\/culafic-regionalni-vodovod-primjer-da-razvoj-i-odgovornost-mogu-ici-ruku-pod-ruku\\\/#breadcrumb\",\"itemListElement\":[{\"@type\":\"ListItem\",\"position\":1,\"name\":\"Home\",\"item\":\"https:\\\/\\\/dmcsrb.com\\\/\"},{\"@type\":\"ListItem\",\"position\":2,\"name\":\"\u0106ulafi\u0107: Regionalni vodovod primjer da razvoj i odgovornost mogu i\u0107i ruku pod ruku\"}]},{\"@type\":\"WebSite\",\"@id\":\"https:\\\/\\\/dmcsrb.com\\\/#website\",\"url\":\"https:\\\/\\\/dmcsrb.com\\\/\",\"name\":\"dmcsrb.com\",\"description\":\"\",\"potentialAction\":[{\"@type\":\"SearchAction\",\"target\":{\"@type\":\"EntryPoint\",\"urlTemplate\":\"https:\\\/\\\/dmcsrb.com\\\/?s={search_term_string}\"},\"query-input\":{\"@type\":\"PropertyValueSpecification\",\"valueRequired\":true,\"valueName\":\"search_term_string\"}}],\"inLanguage\":\"en-GB\"},{\"@type\":\"Person\",\"@id\":\"https:\\\/\\\/dmcsrb.com\\\/#\\\/schema\\\/person\\\/5c39170f12db1b8b457732d0b5c854e2\",\"name\":\"dmcsrbija.com@gmail.com\",\"image\":{\"@type\":\"ImageObject\",\"inLanguage\":\"en-GB\",\"@id\":\"https:\\\/\\\/secure.gravatar.com\\\/avatar\\\/68592660ad6347fad0fb587f8d5d8f1a7b44961362f56e4f2cd524feb87e9069?s=96&d=mm&r=g\",\"url\":\"https:\\\/\\\/secure.gravatar.com\\\/avatar\\\/68592660ad6347fad0fb587f8d5d8f1a7b44961362f56e4f2cd524feb87e9069?s=96&d=mm&r=g\",\"contentUrl\":\"https:\\\/\\\/secure.gravatar.com\\\/avatar\\\/68592660ad6347fad0fb587f8d5d8f1a7b44961362f56e4f2cd524feb87e9069?s=96&d=mm&r=g\",\"caption\":\"dmcsrbija.com@gmail.com\"},\"sameAs\":[\"https:\\\/\\\/dmcsrb.com\"],\"url\":\"https:\\\/\\\/dmcsrb.com\\\/en\\\/author\\\/dmcsrbija-comgmail-com\\\/\"}]}<\/script>\n<!-- \/ Yoast SEO plugin. -->","yoast_head_json":{"title":"\u0106ulafi\u0107: Regionalni vodovod primjer da razvoj i odgovornost mogu i\u0107i ruku pod ruku - dmcsrb.com","robots":{"index":"index","follow":"follow","max-snippet":"max-snippet:-1","max-image-preview":"max-image-preview:large","max-video-preview":"max-video-preview:-1"},"canonical":"https:\/\/dmcsrb.com\/en\/drustvo\/culafic-regionalni-vodovod-primjer-da-razvoj-i-odgovornost-mogu-ici-ruku-pod-ruku\/","og_locale":"en_GB","og_type":"article","og_title":"\u0106ulafi\u0107: Regionalni vodovod primjer da razvoj i odgovornost mogu i\u0107i ruku pod ruku - dmcsrb.com","og_description":"Ministar ekologije, odr\u017eivog razvoja i razvoja sjevera Damjan \u0106ulafi\u0107 govorio je na sve\u010danosti povodom obilje\u017eavanja 50 godina postojanja Regionalnog vodovoda Crnogorsko primorje i 15 godina od po\u010detka operativnog funkcionisanja sistema regionalnog vodosnabdijevanja.","og_url":"https:\/\/dmcsrb.com\/en\/drustvo\/culafic-regionalni-vodovod-primjer-da-razvoj-i-odgovornost-mogu-ici-ruku-pod-ruku\/","og_site_name":"dmcsrb.com","article_published_time":"2025-09-30T06:35:00+00:00","og_image":[{"width":1600,"height":1067,"url":"https:\/\/dmcsrb.com\/wp-content\/uploads\/2026\/01\/culafic-3.webp","type":"image\/jpeg"}],"author":"dmcsrbija.com@gmail.com","twitter_card":"summary_large_image","twitter_misc":{"Written by":"dmcsrbija.com@gmail.com","Estimated reading time":"4 minutes"},"schema":{"@context":"https:\/\/schema.org","@graph":[{"@type":"Article","@id":"https:\/\/dmcsrb.com\/drustvo\/culafic-regionalni-vodovod-primjer-da-razvoj-i-odgovornost-mogu-ici-ruku-pod-ruku\/#article","isPartOf":{"@id":"https:\/\/dmcsrb.com\/drustvo\/culafic-regionalni-vodovod-primjer-da-razvoj-i-odgovornost-mogu-ici-ruku-pod-ruku\/"},"author":{"name":"dmcsrbija.com@gmail.com","@id":"https:\/\/dmcsrb.com\/#\/schema\/person\/5c39170f12db1b8b457732d0b5c854e2"},"headline":"\u0106ulafi\u0107: Regionalni vodovod primjer da razvoj i odgovornost mogu i\u0107i ruku pod ruku","datePublished":"2025-09-30T06:35:00+00:00","mainEntityOfPage":{"@id":"https:\/\/dmcsrb.com\/drustvo\/culafic-regionalni-vodovod-primjer-da-razvoj-i-odgovornost-mogu-ici-ruku-pod-ruku\/"},"wordCount":737,"commentCount":0,"image":{"@id":"https:\/\/dmcsrb.com\/drustvo\/culafic-regionalni-vodovod-primjer-da-razvoj-i-odgovornost-mogu-ici-ruku-pod-ruku\/#primaryimage"},"thumbnailUrl":"https:\/\/dmcsrb.com\/wp-content\/uploads\/2026\/01\/culafic-3.webp","keywords":["damjan \u0107ulafi\u0107","Jubilej","regionalni vodovod"],"articleSection":["Dru\u0161tvo"],"inLanguage":"en-GB","potentialAction":[{"@type":"CommentAction","name":"Comment","target":["https:\/\/dmcsrb.com\/drustvo\/culafic-regionalni-vodovod-primjer-da-razvoj-i-odgovornost-mogu-ici-ruku-pod-ruku\/#respond"]}]},{"@type":"WebPage","@id":"https:\/\/dmcsrb.com\/drustvo\/culafic-regionalni-vodovod-primjer-da-razvoj-i-odgovornost-mogu-ici-ruku-pod-ruku\/","url":"https:\/\/dmcsrb.com\/drustvo\/culafic-regionalni-vodovod-primjer-da-razvoj-i-odgovornost-mogu-ici-ruku-pod-ruku\/","name":"\u0106ulafi\u0107: Regionalni vodovod primjer da razvoj i odgovornost mogu i\u0107i ruku pod ruku - dmcsrb.com","isPartOf":{"@id":"https:\/\/dmcsrb.com\/#website"},"primaryImageOfPage":{"@id":"https:\/\/dmcsrb.com\/drustvo\/culafic-regionalni-vodovod-primjer-da-razvoj-i-odgovornost-mogu-ici-ruku-pod-ruku\/#primaryimage"},"image":{"@id":"https:\/\/dmcsrb.com\/drustvo\/culafic-regionalni-vodovod-primjer-da-razvoj-i-odgovornost-mogu-ici-ruku-pod-ruku\/#primaryimage"},"thumbnailUrl":"https:\/\/dmcsrb.com\/wp-content\/uploads\/2026\/01\/culafic-3.webp","datePublished":"2025-09-30T06:35:00+00:00","author":{"@id":"https:\/\/dmcsrb.com\/#\/schema\/person\/5c39170f12db1b8b457732d0b5c854e2"},"breadcrumb":{"@id":"https:\/\/dmcsrb.com\/drustvo\/culafic-regionalni-vodovod-primjer-da-razvoj-i-odgovornost-mogu-ici-ruku-pod-ruku\/#breadcrumb"},"inLanguage":"en-GB","potentialAction":[{"@type":"ReadAction","target":["https:\/\/dmcsrb.com\/drustvo\/culafic-regionalni-vodovod-primjer-da-razvoj-i-odgovornost-mogu-ici-ruku-pod-ruku\/"]}]},{"@type":"ImageObject","inLanguage":"en-GB","@id":"https:\/\/dmcsrb.com\/drustvo\/culafic-regionalni-vodovod-primjer-da-razvoj-i-odgovornost-mogu-ici-ruku-pod-ruku\/#primaryimage","url":"https:\/\/dmcsrb.com\/wp-content\/uploads\/2026\/01\/culafic-3.webp","contentUrl":"https:\/\/dmcsrb.com\/wp-content\/uploads\/2026\/01\/culafic-3.webp","width":1600,"height":1067},{"@type":"BreadcrumbList","@id":"https:\/\/dmcsrb.com\/drustvo\/culafic-regionalni-vodovod-primjer-da-razvoj-i-odgovornost-mogu-ici-ruku-pod-ruku\/#breadcrumb","itemListElement":[{"@type":"ListItem","position":1,"name":"Home","item":"https:\/\/dmcsrb.com\/"},{"@type":"ListItem","position":2,"name":"\u0106ulafi\u0107: Regionalni vodovod primjer da razvoj i odgovornost mogu i\u0107i ruku pod ruku"}]},{"@type":"WebSite","@id":"https:\/\/dmcsrb.com\/#website","url":"https:\/\/dmcsrb.com\/","name":"dmcsrb.com","description":"","potentialAction":[{"@type":"SearchAction","target":{"@type":"EntryPoint","urlTemplate":"https:\/\/dmcsrb.com\/?s={search_term_string}"},"query-input":{"@type":"PropertyValueSpecification","valueRequired":true,"valueName":"search_term_string"}}],"inLanguage":"en-GB"},{"@type":"Person","@id":"https:\/\/dmcsrb.com\/#\/schema\/person\/5c39170f12db1b8b457732d0b5c854e2","name":"dmcsrbija.com@gmail.com","image":{"@type":"ImageObject","inLanguage":"en-GB","@id":"https:\/\/secure.gravatar.com\/avatar\/68592660ad6347fad0fb587f8d5d8f1a7b44961362f56e4f2cd524feb87e9069?s=96&d=mm&r=g","url":"https:\/\/secure.gravatar.com\/avatar\/68592660ad6347fad0fb587f8d5d8f1a7b44961362f56e4f2cd524feb87e9069?s=96&d=mm&r=g","contentUrl":"https:\/\/secure.gravatar.com\/avatar\/68592660ad6347fad0fb587f8d5d8f1a7b44961362f56e4f2cd524feb87e9069?s=96&d=mm&r=g","caption":"dmcsrbija.com@gmail.com"},"sameAs":["https:\/\/dmcsrb.com"],"url":"https:\/\/dmcsrb.com\/en\/author\/dmcsrbija-comgmail-com\/"}]}},"_links":{"self":[{"href":"https:\/\/dmcsrb.com\/en\/wp-json\/wp\/v2\/posts\/954798","targetHints":{"allow":["GET"]}}],"collection":[{"href":"https:\/\/dmcsrb.com\/en\/wp-json\/wp\/v2\/posts"}],"about":[{"href":"https:\/\/dmcsrb.com\/en\/wp-json\/wp\/v2\/types\/post"}],"author":[{"embeddable":true,"href":"https:\/\/dmcsrb.com\/en\/wp-json\/wp\/v2\/users\/1"}],"replies":[{"embeddable":true,"href":"https:\/\/dmcsrb.com\/en\/wp-json\/wp\/v2\/comments?post=954798"}],"version-history":[{"count":0,"href":"https:\/\/dmcsrb.com\/en\/wp-json\/wp\/v2\/posts\/954798\/revisions"}],"wp:featuredmedia":[{"embeddable":true,"href":"https:\/\/dmcsrb.com\/en\/wp-json\/wp\/v2\/media\/954799"}],"wp:attachment":[{"href":"https:\/\/dmcsrb.com\/en\/wp-json\/wp\/v2\/media?parent=954798"}],"wp:term":[{"taxonomy":"category","embeddable":true,"href":"https:\/\/dmcsrb.com\/en\/wp-json\/wp\/v2\/categories?post=954798"},{"taxonomy":"post_tag","embeddable":true,"href":"https:\/\/dmcsrb.com\/en\/wp-json\/wp\/v2\/tags?post=954798"},{"taxonomy":"naslovna","embeddable":true,"href":"https:\/\/dmcsrb.com\/en\/wp-json\/wp\/v2\/naslovna?post=954798"}],"curies":[{"name":"wp","href":"https:\/\/api.w.org\/{rel}","templated":true}]}}