{"id":954790,"date":"2025-09-30T08:16:00","date_gmt":"2025-09-30T06:16:00","guid":{"rendered":"https:\/\/dmcsrb.com\/uncategorized\/vojska-crne-gore-sjutra-organizuje-humanitarni-mars-za-nastradalog-vojnika-bozovica\/"},"modified":"2025-09-30T08:16:00","modified_gmt":"2025-09-30T06:16:00","slug":"vojska-crne-gore-sjutra-organizuje-humanitarni-mars-za-nastradalog-vojnika-bozovica","status":"publish","type":"post","link":"https:\/\/dmcsrb.com\/en\/drustvo\/vojska-crne-gore-sjutra-organizuje-humanitarni-mars-za-nastradalog-vojnika-bozovica\/","title":{"rendered":"Vojska Crne Gore sjutra organizuje humanitarni mar\u0161 za nastradalog vojnika Bo\u017eovi\u0107a"},"content":{"rendered":"<p><\/p>\n\n\n\n<p>Mla\u0111i vodnik Vojske Crne Gore poginuo je 12. avgusta, nakon prevrtanja cisterne u Ku\u010dima kod Podgorice, tokom akcije ga\u0161enja po\u017eara.<\/p>\n\n\n\n<p>Pozivaju se gra\u0111ani da se pridru\u017ee i iska\u017eu solidarnost i zajedni\u010dko sje\u0107anje.<\/p>\n\n\n\n<p>Mar\u0161 ka brdu Gorica u srijedu kre\u0107e od 17 \u010dasova sa Trga nezavisnosti.<\/p>\n\n\n\n<p>Novac se mo\u017ee uplatiti na broj ra\u010duna: 555000900453578797, korisnik ra\u010duna: Vladica Bo\u017eovi\u0107, svrha: Humanitarni mar\u0161.<\/p>\n\n\n\n<p>Tako\u0111e, putem akcije na platformi GoFundMe, koja je pokrenuta prije 13. avgusta i jo\u0161 uvijek traje, prikupljeno je vi\u0161e od 150.000 dolara (skoro 130.000 eura) za porodicu Bo\u017eovi\u0107a.<\/p>\n\n\n\n<p>Upu\u0107eno je 4,6 hiljade donacija.<\/p>\n\n\n\n<p>Prvobitni cilj bio je dosti\u0107i cifru od 20.000 dolara, dok je trenutni plan da se akcijom prikupi 170.000 dolara (vi\u0161e od 145.000 eura) pomo\u0107i, prenose VIjesti.<\/p>\n\n\n\n<p>Ova kampanja je na\u0161 odgovor i poziv u pomo\u0107. Svaka donacija, bez obzira na veli\u010dinu, je kap koja gasi vatru. U ovome smo zajedno do kraja. Sva prikupljena sredstva \u0107e biti upla\u0107ena porodici nastradalog heroja Dejana Bo\u017eovi\u0107a &#8211; pi\u0161e u objavi na me\u0111unarodnoj platformi za grupno finansiranje.<\/p>","protected":false},"excerpt":{"rendered":"<p>Vojska Crne Gore u srijedu, 1. oktobra organizuje humanitarni mar\u0161 u Podgorici, u sje\u0107anje na nastradalog vojnika Dejana Bo\u017eovi\u0107a i za podr\u0161ku njegovoj porodici.<\/p>","protected":false},"author":1,"featured_media":945869,"comment_status":"open","ping_status":"open","sticky":false,"template":"","format":"standard","meta":{"_acf_changed":false,"footnotes":""},"categories":[2],"tags":[9702,850,9703,9704],"naslovna":[],"class_list":["post-954790","post","type-post","status-publish","format-standard","has-post-thumbnail","hentry","category-drustvo","tag-deajan-bozovic","tag-mars","tag-mo","tag-poginuli-vojnik"],"acf":[],"yoast_head":"<!-- This site is optimized with the Yoast SEO plugin v27.4 - https:\/\/yoast.com\/product\/yoast-seo-wordpress\/ -->\n<title>Vojska Crne Gore sjutra organizuje humanitarni mar\u0161 za nastradalog vojnika Bo\u017eovi\u0107a - dmcsrb.com<\/title>\n<meta name=\"robots\" content=\"index, follow, max-snippet:-1, max-image-preview:large, max-video-preview:-1\" \/>\n<link rel=\"canonical\" href=\"https:\/\/dmcsrb.com\/en\/drustvo\/vojska-crne-gore-sjutra-organizuje-humanitarni-mars-za-nastradalog-vojnika-bozovica\/\" \/>\n<meta property=\"og:locale\" content=\"en_GB\" \/>\n<meta property=\"og:type\" content=\"article\" \/>\n<meta property=\"og:title\" content=\"Vojska Crne Gore sjutra organizuje humanitarni mar\u0161 za nastradalog vojnika Bo\u017eovi\u0107a - dmcsrb.com\" \/>\n<meta property=\"og:description\" content=\"Vojska Crne Gore u srijedu, 1. oktobra organizuje humanitarni mar\u0161 u Podgorici, u sje\u0107anje na nastradalog vojnika Dejana Bo\u017eovi\u0107a i za podr\u0161ku njegovoj porodici.\" \/>\n<meta property=\"og:url\" content=\"https:\/\/dmcsrb.com\/en\/drustvo\/vojska-crne-gore-sjutra-organizuje-humanitarni-mars-za-nastradalog-vojnika-bozovica\/\" \/>\n<meta property=\"og:site_name\" content=\"dmcsrb.com\" \/>\n<meta property=\"article:published_time\" content=\"2025-09-30T06:16:00+00:00\" \/>\n<meta property=\"og:image\" content=\"https:\/\/dmcsrb.com\/wp-content\/uploads\/2026\/01\/Dejan-Bozovic.webp\" \/>\n\t<meta property=\"og:image:width\" content=\"830\" \/>\n\t<meta property=\"og:image:height\" content=\"553\" \/>\n\t<meta property=\"og:image:type\" content=\"image\/webp\" \/>\n<meta name=\"author\" content=\"dmcsrbija.com@gmail.com\" \/>\n<meta name=\"twitter:card\" content=\"summary_large_image\" \/>\n<meta name=\"twitter:label1\" content=\"Written by\" \/>\n\t<meta name=\"twitter:data1\" content=\"dmcsrbija.com@gmail.com\" \/>\n\t<meta name=\"twitter:label2\" content=\"Estimated reading time\" \/>\n\t<meta name=\"twitter:data2\" content=\"1 minute\" \/>\n<script type=\"application\/ld+json\" class=\"yoast-schema-graph\">{\"@context\":\"https:\\\/\\\/schema.org\",\"@graph\":[{\"@type\":\"Article\",\"@id\":\"https:\\\/\\\/dmcsrb.com\\\/drustvo\\\/vojska-crne-gore-sjutra-organizuje-humanitarni-mars-za-nastradalog-vojnika-bozovica\\\/#article\",\"isPartOf\":{\"@id\":\"https:\\\/\\\/dmcsrb.com\\\/drustvo\\\/vojska-crne-gore-sjutra-organizuje-humanitarni-mars-za-nastradalog-vojnika-bozovica\\\/\"},\"author\":{\"name\":\"dmcsrbija.com@gmail.com\",\"@id\":\"https:\\\/\\\/dmcsrb.com\\\/#\\\/schema\\\/person\\\/5c39170f12db1b8b457732d0b5c854e2\"},\"headline\":\"Vojska Crne Gore sjutra organizuje humanitarni mar\u0161 za nastradalog vojnika Bo\u017eovi\u0107a\",\"datePublished\":\"2025-09-30T06:16:00+00:00\",\"mainEntityOfPage\":{\"@id\":\"https:\\\/\\\/dmcsrb.com\\\/drustvo\\\/vojska-crne-gore-sjutra-organizuje-humanitarni-mars-za-nastradalog-vojnika-bozovica\\\/\"},\"wordCount\":197,\"commentCount\":0,\"image\":{\"@id\":\"https:\\\/\\\/dmcsrb.com\\\/drustvo\\\/vojska-crne-gore-sjutra-organizuje-humanitarni-mars-za-nastradalog-vojnika-bozovica\\\/#primaryimage\"},\"thumbnailUrl\":\"https:\\\/\\\/dmcsrb.com\\\/wp-content\\\/uploads\\\/2026\\\/01\\\/Dejan-Bozovic.webp\",\"keywords\":[\"Deajan Bo\u017eovi\u0107\",\"mar\u0161\",\"MO\",\"poginuli vojnik\"],\"articleSection\":[\"Dru\u0161tvo\"],\"inLanguage\":\"en-GB\",\"potentialAction\":[{\"@type\":\"CommentAction\",\"name\":\"Comment\",\"target\":[\"https:\\\/\\\/dmcsrb.com\\\/drustvo\\\/vojska-crne-gore-sjutra-organizuje-humanitarni-mars-za-nastradalog-vojnika-bozovica\\\/#respond\"]}]},{\"@type\":\"WebPage\",\"@id\":\"https:\\\/\\\/dmcsrb.com\\\/drustvo\\\/vojska-crne-gore-sjutra-organizuje-humanitarni-mars-za-nastradalog-vojnika-bozovica\\\/\",\"url\":\"https:\\\/\\\/dmcsrb.com\\\/drustvo\\\/vojska-crne-gore-sjutra-organizuje-humanitarni-mars-za-nastradalog-vojnika-bozovica\\\/\",\"name\":\"Vojska Crne Gore sjutra organizuje humanitarni mar\u0161 za nastradalog vojnika Bo\u017eovi\u0107a - dmcsrb.com\",\"isPartOf\":{\"@id\":\"https:\\\/\\\/dmcsrb.com\\\/#website\"},\"primaryImageOfPage\":{\"@id\":\"https:\\\/\\\/dmcsrb.com\\\/drustvo\\\/vojska-crne-gore-sjutra-organizuje-humanitarni-mars-za-nastradalog-vojnika-bozovica\\\/#primaryimage\"},\"image\":{\"@id\":\"https:\\\/\\\/dmcsrb.com\\\/drustvo\\\/vojska-crne-gore-sjutra-organizuje-humanitarni-mars-za-nastradalog-vojnika-bozovica\\\/#primaryimage\"},\"thumbnailUrl\":\"https:\\\/\\\/dmcsrb.com\\\/wp-content\\\/uploads\\\/2026\\\/01\\\/Dejan-Bozovic.webp\",\"datePublished\":\"2025-09-30T06:16:00+00:00\",\"author\":{\"@id\":\"https:\\\/\\\/dmcsrb.com\\\/#\\\/schema\\\/person\\\/5c39170f12db1b8b457732d0b5c854e2\"},\"breadcrumb\":{\"@id\":\"https:\\\/\\\/dmcsrb.com\\\/drustvo\\\/vojska-crne-gore-sjutra-organizuje-humanitarni-mars-za-nastradalog-vojnika-bozovica\\\/#breadcrumb\"},\"inLanguage\":\"en-GB\",\"potentialAction\":[{\"@type\":\"ReadAction\",\"target\":[\"https:\\\/\\\/dmcsrb.com\\\/drustvo\\\/vojska-crne-gore-sjutra-organizuje-humanitarni-mars-za-nastradalog-vojnika-bozovica\\\/\"]}]},{\"@type\":\"ImageObject\",\"inLanguage\":\"en-GB\",\"@id\":\"https:\\\/\\\/dmcsrb.com\\\/drustvo\\\/vojska-crne-gore-sjutra-organizuje-humanitarni-mars-za-nastradalog-vojnika-bozovica\\\/#primaryimage\",\"url\":\"https:\\\/\\\/dmcsrb.com\\\/wp-content\\\/uploads\\\/2026\\\/01\\\/Dejan-Bozovic.webp\",\"contentUrl\":\"https:\\\/\\\/dmcsrb.com\\\/wp-content\\\/uploads\\\/2026\\\/01\\\/Dejan-Bozovic.webp\",\"width\":830,\"height\":553},{\"@type\":\"BreadcrumbList\",\"@id\":\"https:\\\/\\\/dmcsrb.com\\\/drustvo\\\/vojska-crne-gore-sjutra-organizuje-humanitarni-mars-za-nastradalog-vojnika-bozovica\\\/#breadcrumb\",\"itemListElement\":[{\"@type\":\"ListItem\",\"position\":1,\"name\":\"Home\",\"item\":\"https:\\\/\\\/dmcsrb.com\\\/\"},{\"@type\":\"ListItem\",\"position\":2,\"name\":\"Vojska Crne Gore sjutra organizuje humanitarni mar\u0161 za nastradalog vojnika Bo\u017eovi\u0107a\"}]},{\"@type\":\"WebSite\",\"@id\":\"https:\\\/\\\/dmcsrb.com\\\/#website\",\"url\":\"https:\\\/\\\/dmcsrb.com\\\/\",\"name\":\"dmcsrb.com\",\"description\":\"\",\"potentialAction\":[{\"@type\":\"SearchAction\",\"target\":{\"@type\":\"EntryPoint\",\"urlTemplate\":\"https:\\\/\\\/dmcsrb.com\\\/?s={search_term_string}\"},\"query-input\":{\"@type\":\"PropertyValueSpecification\",\"valueRequired\":true,\"valueName\":\"search_term_string\"}}],\"inLanguage\":\"en-GB\"},{\"@type\":\"Person\",\"@id\":\"https:\\\/\\\/dmcsrb.com\\\/#\\\/schema\\\/person\\\/5c39170f12db1b8b457732d0b5c854e2\",\"name\":\"dmcsrbija.com@gmail.com\",\"image\":{\"@type\":\"ImageObject\",\"inLanguage\":\"en-GB\",\"@id\":\"https:\\\/\\\/secure.gravatar.com\\\/avatar\\\/68592660ad6347fad0fb587f8d5d8f1a7b44961362f56e4f2cd524feb87e9069?s=96&d=mm&r=g\",\"url\":\"https:\\\/\\\/secure.gravatar.com\\\/avatar\\\/68592660ad6347fad0fb587f8d5d8f1a7b44961362f56e4f2cd524feb87e9069?s=96&d=mm&r=g\",\"contentUrl\":\"https:\\\/\\\/secure.gravatar.com\\\/avatar\\\/68592660ad6347fad0fb587f8d5d8f1a7b44961362f56e4f2cd524feb87e9069?s=96&d=mm&r=g\",\"caption\":\"dmcsrbija.com@gmail.com\"},\"sameAs\":[\"https:\\\/\\\/dmcsrb.com\"],\"url\":\"https:\\\/\\\/dmcsrb.com\\\/en\\\/author\\\/dmcsrbija-comgmail-com\\\/\"}]}<\/script>\n<!-- \/ Yoast SEO plugin. -->","yoast_head_json":{"title":"Vojska Crne Gore sjutra organizuje humanitarni mar\u0161 za nastradalog vojnika Bo\u017eovi\u0107a - dmcsrb.com","robots":{"index":"index","follow":"follow","max-snippet":"max-snippet:-1","max-image-preview":"max-image-preview:large","max-video-preview":"max-video-preview:-1"},"canonical":"https:\/\/dmcsrb.com\/en\/drustvo\/vojska-crne-gore-sjutra-organizuje-humanitarni-mars-za-nastradalog-vojnika-bozovica\/","og_locale":"en_GB","og_type":"article","og_title":"Vojska Crne Gore sjutra organizuje humanitarni mar\u0161 za nastradalog vojnika Bo\u017eovi\u0107a - dmcsrb.com","og_description":"Vojska Crne Gore u srijedu, 1. oktobra organizuje humanitarni mar\u0161 u Podgorici, u sje\u0107anje na nastradalog vojnika Dejana Bo\u017eovi\u0107a i za podr\u0161ku njegovoj porodici.","og_url":"https:\/\/dmcsrb.com\/en\/drustvo\/vojska-crne-gore-sjutra-organizuje-humanitarni-mars-za-nastradalog-vojnika-bozovica\/","og_site_name":"dmcsrb.com","article_published_time":"2025-09-30T06:16:00+00:00","og_image":[{"width":830,"height":553,"url":"https:\/\/dmcsrb.com\/wp-content\/uploads\/2026\/01\/Dejan-Bozovic.webp","type":"image\/webp"}],"author":"dmcsrbija.com@gmail.com","twitter_card":"summary_large_image","twitter_misc":{"Written by":"dmcsrbija.com@gmail.com","Estimated reading time":"1 minute"},"schema":{"@context":"https:\/\/schema.org","@graph":[{"@type":"Article","@id":"https:\/\/dmcsrb.com\/drustvo\/vojska-crne-gore-sjutra-organizuje-humanitarni-mars-za-nastradalog-vojnika-bozovica\/#article","isPartOf":{"@id":"https:\/\/dmcsrb.com\/drustvo\/vojska-crne-gore-sjutra-organizuje-humanitarni-mars-za-nastradalog-vojnika-bozovica\/"},"author":{"name":"dmcsrbija.com@gmail.com","@id":"https:\/\/dmcsrb.com\/#\/schema\/person\/5c39170f12db1b8b457732d0b5c854e2"},"headline":"Vojska Crne Gore sjutra organizuje humanitarni mar\u0161 za nastradalog vojnika Bo\u017eovi\u0107a","datePublished":"2025-09-30T06:16:00+00:00","mainEntityOfPage":{"@id":"https:\/\/dmcsrb.com\/drustvo\/vojska-crne-gore-sjutra-organizuje-humanitarni-mars-za-nastradalog-vojnika-bozovica\/"},"wordCount":197,"commentCount":0,"image":{"@id":"https:\/\/dmcsrb.com\/drustvo\/vojska-crne-gore-sjutra-organizuje-humanitarni-mars-za-nastradalog-vojnika-bozovica\/#primaryimage"},"thumbnailUrl":"https:\/\/dmcsrb.com\/wp-content\/uploads\/2026\/01\/Dejan-Bozovic.webp","keywords":["Deajan Bo\u017eovi\u0107","mar\u0161","MO","poginuli vojnik"],"articleSection":["Dru\u0161tvo"],"inLanguage":"en-GB","potentialAction":[{"@type":"CommentAction","name":"Comment","target":["https:\/\/dmcsrb.com\/drustvo\/vojska-crne-gore-sjutra-organizuje-humanitarni-mars-za-nastradalog-vojnika-bozovica\/#respond"]}]},{"@type":"WebPage","@id":"https:\/\/dmcsrb.com\/drustvo\/vojska-crne-gore-sjutra-organizuje-humanitarni-mars-za-nastradalog-vojnika-bozovica\/","url":"https:\/\/dmcsrb.com\/drustvo\/vojska-crne-gore-sjutra-organizuje-humanitarni-mars-za-nastradalog-vojnika-bozovica\/","name":"Vojska Crne Gore sjutra organizuje humanitarni mar\u0161 za nastradalog vojnika Bo\u017eovi\u0107a - dmcsrb.com","isPartOf":{"@id":"https:\/\/dmcsrb.com\/#website"},"primaryImageOfPage":{"@id":"https:\/\/dmcsrb.com\/drustvo\/vojska-crne-gore-sjutra-organizuje-humanitarni-mars-za-nastradalog-vojnika-bozovica\/#primaryimage"},"image":{"@id":"https:\/\/dmcsrb.com\/drustvo\/vojska-crne-gore-sjutra-organizuje-humanitarni-mars-za-nastradalog-vojnika-bozovica\/#primaryimage"},"thumbnailUrl":"https:\/\/dmcsrb.com\/wp-content\/uploads\/2026\/01\/Dejan-Bozovic.webp","datePublished":"2025-09-30T06:16:00+00:00","author":{"@id":"https:\/\/dmcsrb.com\/#\/schema\/person\/5c39170f12db1b8b457732d0b5c854e2"},"breadcrumb":{"@id":"https:\/\/dmcsrb.com\/drustvo\/vojska-crne-gore-sjutra-organizuje-humanitarni-mars-za-nastradalog-vojnika-bozovica\/#breadcrumb"},"inLanguage":"en-GB","potentialAction":[{"@type":"ReadAction","target":["https:\/\/dmcsrb.com\/drustvo\/vojska-crne-gore-sjutra-organizuje-humanitarni-mars-za-nastradalog-vojnika-bozovica\/"]}]},{"@type":"ImageObject","inLanguage":"en-GB","@id":"https:\/\/dmcsrb.com\/drustvo\/vojska-crne-gore-sjutra-organizuje-humanitarni-mars-za-nastradalog-vojnika-bozovica\/#primaryimage","url":"https:\/\/dmcsrb.com\/wp-content\/uploads\/2026\/01\/Dejan-Bozovic.webp","contentUrl":"https:\/\/dmcsrb.com\/wp-content\/uploads\/2026\/01\/Dejan-Bozovic.webp","width":830,"height":553},{"@type":"BreadcrumbList","@id":"https:\/\/dmcsrb.com\/drustvo\/vojska-crne-gore-sjutra-organizuje-humanitarni-mars-za-nastradalog-vojnika-bozovica\/#breadcrumb","itemListElement":[{"@type":"ListItem","position":1,"name":"Home","item":"https:\/\/dmcsrb.com\/"},{"@type":"ListItem","position":2,"name":"Vojska Crne Gore sjutra organizuje humanitarni mar\u0161 za nastradalog vojnika Bo\u017eovi\u0107a"}]},{"@type":"WebSite","@id":"https:\/\/dmcsrb.com\/#website","url":"https:\/\/dmcsrb.com\/","name":"dmcsrb.com","description":"","potentialAction":[{"@type":"SearchAction","target":{"@type":"EntryPoint","urlTemplate":"https:\/\/dmcsrb.com\/?s={search_term_string}"},"query-input":{"@type":"PropertyValueSpecification","valueRequired":true,"valueName":"search_term_string"}}],"inLanguage":"en-GB"},{"@type":"Person","@id":"https:\/\/dmcsrb.com\/#\/schema\/person\/5c39170f12db1b8b457732d0b5c854e2","name":"dmcsrbija.com@gmail.com","image":{"@type":"ImageObject","inLanguage":"en-GB","@id":"https:\/\/secure.gravatar.com\/avatar\/68592660ad6347fad0fb587f8d5d8f1a7b44961362f56e4f2cd524feb87e9069?s=96&d=mm&r=g","url":"https:\/\/secure.gravatar.com\/avatar\/68592660ad6347fad0fb587f8d5d8f1a7b44961362f56e4f2cd524feb87e9069?s=96&d=mm&r=g","contentUrl":"https:\/\/secure.gravatar.com\/avatar\/68592660ad6347fad0fb587f8d5d8f1a7b44961362f56e4f2cd524feb87e9069?s=96&d=mm&r=g","caption":"dmcsrbija.com@gmail.com"},"sameAs":["https:\/\/dmcsrb.com"],"url":"https:\/\/dmcsrb.com\/en\/author\/dmcsrbija-comgmail-com\/"}]}},"_links":{"self":[{"href":"https:\/\/dmcsrb.com\/en\/wp-json\/wp\/v2\/posts\/954790","targetHints":{"allow":["GET"]}}],"collection":[{"href":"https:\/\/dmcsrb.com\/en\/wp-json\/wp\/v2\/posts"}],"about":[{"href":"https:\/\/dmcsrb.com\/en\/wp-json\/wp\/v2\/types\/post"}],"author":[{"embeddable":true,"href":"https:\/\/dmcsrb.com\/en\/wp-json\/wp\/v2\/users\/1"}],"replies":[{"embeddable":true,"href":"https:\/\/dmcsrb.com\/en\/wp-json\/wp\/v2\/comments?post=954790"}],"version-history":[{"count":0,"href":"https:\/\/dmcsrb.com\/en\/wp-json\/wp\/v2\/posts\/954790\/revisions"}],"wp:featuredmedia":[{"embeddable":true,"href":"https:\/\/dmcsrb.com\/en\/wp-json\/wp\/v2\/media\/945869"}],"wp:attachment":[{"href":"https:\/\/dmcsrb.com\/en\/wp-json\/wp\/v2\/media?parent=954790"}],"wp:term":[{"taxonomy":"category","embeddable":true,"href":"https:\/\/dmcsrb.com\/en\/wp-json\/wp\/v2\/categories?post=954790"},{"taxonomy":"post_tag","embeddable":true,"href":"https:\/\/dmcsrb.com\/en\/wp-json\/wp\/v2\/tags?post=954790"},{"taxonomy":"naslovna","embeddable":true,"href":"https:\/\/dmcsrb.com\/en\/wp-json\/wp\/v2\/naslovna?post=954790"}],"curies":[{"name":"wp","href":"https:\/\/api.w.org\/{rel}","templated":true}]}}