{"id":954783,"date":"2025-09-30T07:19:00","date_gmt":"2025-09-30T05:19:00","guid":{"rendered":"https:\/\/dmcsrb.com\/uncategorized\/svecano-otvaranje-festivala-knjizevnosti-danas-na-trgu-nezavisnosti\/"},"modified":"2025-09-30T07:19:00","modified_gmt":"2025-09-30T05:19:00","slug":"svecano-otvaranje-festivala-knjizevnosti-danas-na-trgu-nezavisnosti","status":"publish","type":"post","link":"https:\/\/dmcsrb.com\/en\/kultura\/svecano-otvaranje-festivala-knjizevnosti-danas-na-trgu-nezavisnosti\/","title":{"rendered":"Sve\u010dano otvaranje Festivala knji\u017eevnosti danas na Trgu nezavisnosti"},"content":{"rendered":"<p><\/p>\n\n\n\n<p>U nastavku programa bi\u0107e otvorena izlo\u017eba \u201cStvarati na francuskom \u2013 pri\u010de o jezicima, putovanje rije\u010di\u201d, na platou ispred Narodne biblioteke \u201cRadosav Ljumovi\u0107\u201d. Izlo\u017eba se realizuje u saradnji sa ambasadom Francuske, Francuskim institutom i Francuskom alijansom u Parizu. Izlo\u017ebu \u0107e otvoriti ambasadorka Francuske u Crnoj Gori An Mari Maske.<\/p>\n\n\n\n<p>U 18 \u010dasova, na Trgu nezavisnosti, program \u0107e biti nastavljen promocijom antologije regionalne queer poezije \u201cRu\u0161enje \u010detiri zida\u201d. U\u010destvuju: Alen Brlek, Denis \u0106osi\u0107 i Marija Vujo\u0161evi\u0107.<\/p>\n\n\n\n<p>Sat kasnije, na istom mjestu, odr\u017ea\u0107e se promocija romana \u201cTko je taj \u010dovjek \u2013 izvje\u0161taj o jednoj mogu\u0107nosti\u201d, autora Borisa De\u017eulovi\u0107a. S De\u017eulovi\u0107em \u0107e razgovarati pisac i knji\u017eevni kriti\u010dar Marinko Vorgi\u0107. U 20 \u010dasova, na Trgu nezavisnosti, uslijedi\u0107e promocija romana \u201cHamlet u Paviljonu br. 6\u201d, autora Gorana Markovi\u0107a, s kojim \u0107e razgovarati knji\u017eevni stvaralac i kolumnista Edin Smailovi\u0107.<\/p>\n\n\n\n<p>Program prvog dana Festivala bi\u0107e zaklju\u010den predstavom \u201cPrah\u201d, u adaptaciji i re\u017eiji Veljka Mi\u0107unovi\u0107a, koja \u0107e biti izvedena u 21 \u010das, u Velikoj sali KIC-a \u201cBudo Tomovi\u0107\u201d. U predstavi igraju Nata\u0161a Ninkovi\u0107 i Zoran Cvijanovi\u0107.<\/p>\n\n\n\n<p>U slu\u010daju lo\u0161eg vremena, programi planirani na Trgu nezavisnosti bi\u0107e odr\u017eani u Galeriji \u201eArt\u201c.<\/p>","protected":false},"excerpt":{"rendered":"<p>Dinami\u010dan, bogat i raznovrstan program prvog dana Me\u0111unarodnog festivala knji\u017eevnosti u Podgorici, u utorak 30. septembra, po\u010de\u0107e u 16 \u010dasova, sve\u010danim otvaranjem na Trgu nezavisnosti. Festival \u0107e otvoriti sekretarka Sekretarijata za kulturu Sne\u017eana Tomanovi\u0107. Pored Tomanovi\u0107, prisutnima \u0107e se obratiti predstavnik kompanije Mtel, Generalnog sponzora Festivala i ambasadorka Italije u Crnoj Gori Andreina Marsela.<\/p>","protected":false},"author":1,"featured_media":954784,"comment_status":"open","ping_status":"open","sticky":false,"template":"","format":"standard","meta":{"_acf_changed":false,"footnotes":""},"categories":[50],"tags":[9698,3774,2329],"naslovna":[],"class_list":["post-954783","post","type-post","status-publish","format-standard","has-post-thumbnail","hentry","category-kultura","tag-fstival","tag-svecanost","tag-trg-nezavisnosti"],"acf":[],"yoast_head":"<!-- This site is optimized with the Yoast SEO plugin v27.0 - https:\/\/yoast.com\/product\/yoast-seo-wordpress\/ -->\n<title>Sve\u010dano otvaranje Festivala knji\u017eevnosti danas na Trgu nezavisnosti - dmcsrb.com<\/title>\n<meta name=\"robots\" content=\"index, follow, max-snippet:-1, max-image-preview:large, max-video-preview:-1\" \/>\n<link rel=\"canonical\" href=\"https:\/\/dmcsrb.com\/en\/kultura\/svecano-otvaranje-festivala-knjizevnosti-danas-na-trgu-nezavisnosti\/\" \/>\n<meta property=\"og:locale\" content=\"en_GB\" \/>\n<meta property=\"og:type\" content=\"article\" \/>\n<meta property=\"og:title\" content=\"Sve\u010dano otvaranje Festivala knji\u017eevnosti danas na Trgu nezavisnosti - dmcsrb.com\" \/>\n<meta property=\"og:description\" content=\"Dinami\u010dan, bogat i raznovrstan program prvog dana Me\u0111unarodnog festivala knji\u017eevnosti u Podgorici, u utorak 30. septembra, po\u010de\u0107e u 16 \u010dasova, sve\u010danim otvaranjem na Trgu nezavisnosti. Festival \u0107e otvoriti sekretarka Sekretarijata za kulturu Sne\u017eana Tomanovi\u0107. Pored Tomanovi\u0107, prisutnima \u0107e se obratiti predstavnik kompanije Mtel, Generalnog sponzora Festivala i ambasadorka Italije u Crnoj Gori Andreina Marsela.\" \/>\n<meta property=\"og:url\" content=\"https:\/\/dmcsrb.com\/en\/kultura\/svecano-otvaranje-festivala-knjizevnosti-danas-na-trgu-nezavisnosti\/\" \/>\n<meta property=\"og:site_name\" content=\"dmcsrb.com\" \/>\n<meta property=\"article:published_time\" content=\"2025-09-30T05:19:00+00:00\" \/>\n<meta property=\"og:image\" content=\"https:\/\/dmcsrb.com\/wp-content\/uploads\/2026\/01\/festival1.webp\" \/>\n\t<meta property=\"og:image:width\" content=\"820\" \/>\n\t<meta property=\"og:image:height\" content=\"360\" \/>\n\t<meta property=\"og:image:type\" content=\"image\/jpeg\" \/>\n<meta name=\"author\" content=\"dmcsrbija.com@gmail.com\" \/>\n<meta name=\"twitter:card\" content=\"summary_large_image\" \/>\n<meta name=\"twitter:label1\" content=\"Written by\" \/>\n\t<meta name=\"twitter:data1\" content=\"dmcsrbija.com@gmail.com\" \/>\n\t<meta name=\"twitter:label2\" content=\"Estimated reading time\" \/>\n\t<meta name=\"twitter:data2\" content=\"1 minute\" \/>\n<script type=\"application\/ld+json\" class=\"yoast-schema-graph\">{\"@context\":\"https:\/\/schema.org\",\"@graph\":[{\"@type\":\"Article\",\"@id\":\"https:\/\/dmcsrb.com\/kultura\/svecano-otvaranje-festivala-knjizevnosti-danas-na-trgu-nezavisnosti\/#article\",\"isPartOf\":{\"@id\":\"https:\/\/dmcsrb.com\/kultura\/svecano-otvaranje-festivala-knjizevnosti-danas-na-trgu-nezavisnosti\/\"},\"author\":{\"name\":\"dmcsrbija.com@gmail.com\",\"@id\":\"https:\/\/dmcsrb.com\/#\/schema\/person\/5c39170f12db1b8b457732d0b5c854e2\"},\"headline\":\"Sve\u010dano otvaranje Festivala knji\u017eevnosti danas na Trgu nezavisnosti\",\"datePublished\":\"2025-09-30T05:19:00+00:00\",\"mainEntityOfPage\":{\"@id\":\"https:\/\/dmcsrb.com\/kultura\/svecano-otvaranje-festivala-knjizevnosti-danas-na-trgu-nezavisnosti\/\"},\"wordCount\":217,\"commentCount\":0,\"image\":{\"@id\":\"https:\/\/dmcsrb.com\/kultura\/svecano-otvaranje-festivala-knjizevnosti-danas-na-trgu-nezavisnosti\/#primaryimage\"},\"thumbnailUrl\":\"https:\/\/dmcsrb.com\/wp-content\/uploads\/2026\/01\/festival1.webp\",\"keywords\":[\"fstival\",\"Sve\u010danost\",\"Trg nezavisnosti\"],\"articleSection\":[\"Kultura\"],\"inLanguage\":\"en-GB\",\"potentialAction\":[{\"@type\":\"CommentAction\",\"name\":\"Comment\",\"target\":[\"https:\/\/dmcsrb.com\/kultura\/svecano-otvaranje-festivala-knjizevnosti-danas-na-trgu-nezavisnosti\/#respond\"]}]},{\"@type\":\"WebPage\",\"@id\":\"https:\/\/dmcsrb.com\/kultura\/svecano-otvaranje-festivala-knjizevnosti-danas-na-trgu-nezavisnosti\/\",\"url\":\"https:\/\/dmcsrb.com\/kultura\/svecano-otvaranje-festivala-knjizevnosti-danas-na-trgu-nezavisnosti\/\",\"name\":\"Sve\u010dano otvaranje Festivala knji\u017eevnosti danas na Trgu nezavisnosti - dmcsrb.com\",\"isPartOf\":{\"@id\":\"https:\/\/dmcsrb.com\/#website\"},\"primaryImageOfPage\":{\"@id\":\"https:\/\/dmcsrb.com\/kultura\/svecano-otvaranje-festivala-knjizevnosti-danas-na-trgu-nezavisnosti\/#primaryimage\"},\"image\":{\"@id\":\"https:\/\/dmcsrb.com\/kultura\/svecano-otvaranje-festivala-knjizevnosti-danas-na-trgu-nezavisnosti\/#primaryimage\"},\"thumbnailUrl\":\"https:\/\/dmcsrb.com\/wp-content\/uploads\/2026\/01\/festival1.webp\",\"datePublished\":\"2025-09-30T05:19:00+00:00\",\"author\":{\"@id\":\"https:\/\/dmcsrb.com\/#\/schema\/person\/5c39170f12db1b8b457732d0b5c854e2\"},\"breadcrumb\":{\"@id\":\"https:\/\/dmcsrb.com\/kultura\/svecano-otvaranje-festivala-knjizevnosti-danas-na-trgu-nezavisnosti\/#breadcrumb\"},\"inLanguage\":\"en-GB\",\"potentialAction\":[{\"@type\":\"ReadAction\",\"target\":[\"https:\/\/dmcsrb.com\/kultura\/svecano-otvaranje-festivala-knjizevnosti-danas-na-trgu-nezavisnosti\/\"]}]},{\"@type\":\"ImageObject\",\"inLanguage\":\"en-GB\",\"@id\":\"https:\/\/dmcsrb.com\/kultura\/svecano-otvaranje-festivala-knjizevnosti-danas-na-trgu-nezavisnosti\/#primaryimage\",\"url\":\"https:\/\/dmcsrb.com\/wp-content\/uploads\/2026\/01\/festival1.webp\",\"contentUrl\":\"https:\/\/dmcsrb.com\/wp-content\/uploads\/2026\/01\/festival1.webp\",\"width\":820,\"height\":360},{\"@type\":\"BreadcrumbList\",\"@id\":\"https:\/\/dmcsrb.com\/kultura\/svecano-otvaranje-festivala-knjizevnosti-danas-na-trgu-nezavisnosti\/#breadcrumb\",\"itemListElement\":[{\"@type\":\"ListItem\",\"position\":1,\"name\":\"Home\",\"item\":\"https:\/\/dmcsrb.com\/\"},{\"@type\":\"ListItem\",\"position\":2,\"name\":\"Sve\u010dano otvaranje Festivala knji\u017eevnosti danas na Trgu nezavisnosti\"}]},{\"@type\":\"WebSite\",\"@id\":\"https:\/\/dmcsrb.com\/#website\",\"url\":\"https:\/\/dmcsrb.com\/\",\"name\":\"dmcsrb.com\",\"description\":\"\",\"potentialAction\":[{\"@type\":\"SearchAction\",\"target\":{\"@type\":\"EntryPoint\",\"urlTemplate\":\"https:\/\/dmcsrb.com\/?s={search_term_string}\"},\"query-input\":{\"@type\":\"PropertyValueSpecification\",\"valueRequired\":true,\"valueName\":\"search_term_string\"}}],\"inLanguage\":\"en-GB\"},{\"@type\":\"Person\",\"@id\":\"https:\/\/dmcsrb.com\/#\/schema\/person\/5c39170f12db1b8b457732d0b5c854e2\",\"name\":\"dmcsrbija.com@gmail.com\",\"image\":{\"@type\":\"ImageObject\",\"inLanguage\":\"en-GB\",\"@id\":\"https:\/\/dmcsrb.com\/#\/schema\/person\/image\/\",\"url\":\"https:\/\/secure.gravatar.com\/avatar\/68592660ad6347fad0fb587f8d5d8f1a7b44961362f56e4f2cd524feb87e9069?s=96&d=mm&r=g\",\"contentUrl\":\"https:\/\/secure.gravatar.com\/avatar\/68592660ad6347fad0fb587f8d5d8f1a7b44961362f56e4f2cd524feb87e9069?s=96&d=mm&r=g\",\"caption\":\"dmcsrbija.com@gmail.com\"},\"sameAs\":[\"https:\/\/dmcsrb.com\"],\"url\":\"https:\/\/dmcsrb.com\/en\/author\/dmcsrbija-comgmail-com\/\"}]}<\/script>\n<!-- \/ Yoast SEO plugin. -->","yoast_head_json":{"title":"Sve\u010dano otvaranje Festivala knji\u017eevnosti danas na Trgu nezavisnosti - dmcsrb.com","robots":{"index":"index","follow":"follow","max-snippet":"max-snippet:-1","max-image-preview":"max-image-preview:large","max-video-preview":"max-video-preview:-1"},"canonical":"https:\/\/dmcsrb.com\/en\/kultura\/svecano-otvaranje-festivala-knjizevnosti-danas-na-trgu-nezavisnosti\/","og_locale":"en_GB","og_type":"article","og_title":"Sve\u010dano otvaranje Festivala knji\u017eevnosti danas na Trgu nezavisnosti - dmcsrb.com","og_description":"Dinami\u010dan, bogat i raznovrstan program prvog dana Me\u0111unarodnog festivala knji\u017eevnosti u Podgorici, u utorak 30. septembra, po\u010de\u0107e u 16 \u010dasova, sve\u010danim otvaranjem na Trgu nezavisnosti. Festival \u0107e otvoriti sekretarka Sekretarijata za kulturu Sne\u017eana Tomanovi\u0107. Pored Tomanovi\u0107, prisutnima \u0107e se obratiti predstavnik kompanije Mtel, Generalnog sponzora Festivala i ambasadorka Italije u Crnoj Gori Andreina Marsela.","og_url":"https:\/\/dmcsrb.com\/en\/kultura\/svecano-otvaranje-festivala-knjizevnosti-danas-na-trgu-nezavisnosti\/","og_site_name":"dmcsrb.com","article_published_time":"2025-09-30T05:19:00+00:00","og_image":[{"width":820,"height":360,"url":"https:\/\/dmcsrb.com\/wp-content\/uploads\/2026\/01\/festival1.webp","type":"image\/jpeg"}],"author":"dmcsrbija.com@gmail.com","twitter_card":"summary_large_image","twitter_misc":{"Written by":"dmcsrbija.com@gmail.com","Estimated reading time":"1 minute"},"schema":{"@context":"https:\/\/schema.org","@graph":[{"@type":"Article","@id":"https:\/\/dmcsrb.com\/kultura\/svecano-otvaranje-festivala-knjizevnosti-danas-na-trgu-nezavisnosti\/#article","isPartOf":{"@id":"https:\/\/dmcsrb.com\/kultura\/svecano-otvaranje-festivala-knjizevnosti-danas-na-trgu-nezavisnosti\/"},"author":{"name":"dmcsrbija.com@gmail.com","@id":"https:\/\/dmcsrb.com\/#\/schema\/person\/5c39170f12db1b8b457732d0b5c854e2"},"headline":"Sve\u010dano otvaranje Festivala knji\u017eevnosti danas na Trgu nezavisnosti","datePublished":"2025-09-30T05:19:00+00:00","mainEntityOfPage":{"@id":"https:\/\/dmcsrb.com\/kultura\/svecano-otvaranje-festivala-knjizevnosti-danas-na-trgu-nezavisnosti\/"},"wordCount":217,"commentCount":0,"image":{"@id":"https:\/\/dmcsrb.com\/kultura\/svecano-otvaranje-festivala-knjizevnosti-danas-na-trgu-nezavisnosti\/#primaryimage"},"thumbnailUrl":"https:\/\/dmcsrb.com\/wp-content\/uploads\/2026\/01\/festival1.webp","keywords":["fstival","Sve\u010danost","Trg nezavisnosti"],"articleSection":["Kultura"],"inLanguage":"en-GB","potentialAction":[{"@type":"CommentAction","name":"Comment","target":["https:\/\/dmcsrb.com\/kultura\/svecano-otvaranje-festivala-knjizevnosti-danas-na-trgu-nezavisnosti\/#respond"]}]},{"@type":"WebPage","@id":"https:\/\/dmcsrb.com\/kultura\/svecano-otvaranje-festivala-knjizevnosti-danas-na-trgu-nezavisnosti\/","url":"https:\/\/dmcsrb.com\/kultura\/svecano-otvaranje-festivala-knjizevnosti-danas-na-trgu-nezavisnosti\/","name":"Sve\u010dano otvaranje Festivala knji\u017eevnosti danas na Trgu nezavisnosti - dmcsrb.com","isPartOf":{"@id":"https:\/\/dmcsrb.com\/#website"},"primaryImageOfPage":{"@id":"https:\/\/dmcsrb.com\/kultura\/svecano-otvaranje-festivala-knjizevnosti-danas-na-trgu-nezavisnosti\/#primaryimage"},"image":{"@id":"https:\/\/dmcsrb.com\/kultura\/svecano-otvaranje-festivala-knjizevnosti-danas-na-trgu-nezavisnosti\/#primaryimage"},"thumbnailUrl":"https:\/\/dmcsrb.com\/wp-content\/uploads\/2026\/01\/festival1.webp","datePublished":"2025-09-30T05:19:00+00:00","author":{"@id":"https:\/\/dmcsrb.com\/#\/schema\/person\/5c39170f12db1b8b457732d0b5c854e2"},"breadcrumb":{"@id":"https:\/\/dmcsrb.com\/kultura\/svecano-otvaranje-festivala-knjizevnosti-danas-na-trgu-nezavisnosti\/#breadcrumb"},"inLanguage":"en-GB","potentialAction":[{"@type":"ReadAction","target":["https:\/\/dmcsrb.com\/kultura\/svecano-otvaranje-festivala-knjizevnosti-danas-na-trgu-nezavisnosti\/"]}]},{"@type":"ImageObject","inLanguage":"en-GB","@id":"https:\/\/dmcsrb.com\/kultura\/svecano-otvaranje-festivala-knjizevnosti-danas-na-trgu-nezavisnosti\/#primaryimage","url":"https:\/\/dmcsrb.com\/wp-content\/uploads\/2026\/01\/festival1.webp","contentUrl":"https:\/\/dmcsrb.com\/wp-content\/uploads\/2026\/01\/festival1.webp","width":820,"height":360},{"@type":"BreadcrumbList","@id":"https:\/\/dmcsrb.com\/kultura\/svecano-otvaranje-festivala-knjizevnosti-danas-na-trgu-nezavisnosti\/#breadcrumb","itemListElement":[{"@type":"ListItem","position":1,"name":"Home","item":"https:\/\/dmcsrb.com\/"},{"@type":"ListItem","position":2,"name":"Sve\u010dano otvaranje Festivala knji\u017eevnosti danas na Trgu nezavisnosti"}]},{"@type":"WebSite","@id":"https:\/\/dmcsrb.com\/#website","url":"https:\/\/dmcsrb.com\/","name":"dmcsrb.com","description":"","potentialAction":[{"@type":"SearchAction","target":{"@type":"EntryPoint","urlTemplate":"https:\/\/dmcsrb.com\/?s={search_term_string}"},"query-input":{"@type":"PropertyValueSpecification","valueRequired":true,"valueName":"search_term_string"}}],"inLanguage":"en-GB"},{"@type":"Person","@id":"https:\/\/dmcsrb.com\/#\/schema\/person\/5c39170f12db1b8b457732d0b5c854e2","name":"dmcsrbija.com@gmail.com","image":{"@type":"ImageObject","inLanguage":"en-GB","@id":"https:\/\/dmcsrb.com\/#\/schema\/person\/image\/","url":"https:\/\/secure.gravatar.com\/avatar\/68592660ad6347fad0fb587f8d5d8f1a7b44961362f56e4f2cd524feb87e9069?s=96&d=mm&r=g","contentUrl":"https:\/\/secure.gravatar.com\/avatar\/68592660ad6347fad0fb587f8d5d8f1a7b44961362f56e4f2cd524feb87e9069?s=96&d=mm&r=g","caption":"dmcsrbija.com@gmail.com"},"sameAs":["https:\/\/dmcsrb.com"],"url":"https:\/\/dmcsrb.com\/en\/author\/dmcsrbija-comgmail-com\/"}]}},"_links":{"self":[{"href":"https:\/\/dmcsrb.com\/en\/wp-json\/wp\/v2\/posts\/954783","targetHints":{"allow":["GET"]}}],"collection":[{"href":"https:\/\/dmcsrb.com\/en\/wp-json\/wp\/v2\/posts"}],"about":[{"href":"https:\/\/dmcsrb.com\/en\/wp-json\/wp\/v2\/types\/post"}],"author":[{"embeddable":true,"href":"https:\/\/dmcsrb.com\/en\/wp-json\/wp\/v2\/users\/1"}],"replies":[{"embeddable":true,"href":"https:\/\/dmcsrb.com\/en\/wp-json\/wp\/v2\/comments?post=954783"}],"version-history":[{"count":0,"href":"https:\/\/dmcsrb.com\/en\/wp-json\/wp\/v2\/posts\/954783\/revisions"}],"wp:featuredmedia":[{"embeddable":true,"href":"https:\/\/dmcsrb.com\/en\/wp-json\/wp\/v2\/media\/954784"}],"wp:attachment":[{"href":"https:\/\/dmcsrb.com\/en\/wp-json\/wp\/v2\/media?parent=954783"}],"wp:term":[{"taxonomy":"category","embeddable":true,"href":"https:\/\/dmcsrb.com\/en\/wp-json\/wp\/v2\/categories?post=954783"},{"taxonomy":"post_tag","embeddable":true,"href":"https:\/\/dmcsrb.com\/en\/wp-json\/wp\/v2\/tags?post=954783"},{"taxonomy":"naslovna","embeddable":true,"href":"https:\/\/dmcsrb.com\/en\/wp-json\/wp\/v2\/naslovna?post=954783"}],"curies":[{"name":"wp","href":"https:\/\/api.w.org\/{rel}","templated":true}]}}