{"id":954732,"date":"2025-09-29T18:26:00","date_gmt":"2025-09-29T16:26:00","guid":{"rendered":"https:\/\/dmcsrb.com\/uncategorized\/odrzan-prvi-dan-treceg-festivala-demokratije-tvojih-pet-minuta-u-cast-danijeli-dosljak\/"},"modified":"2025-09-29T18:26:00","modified_gmt":"2025-09-29T16:26:00","slug":"odrzan-prvi-dan-treceg-festivala-demokratije-tvojih-pet-minuta-u-cast-danijeli-dosljak","status":"publish","type":"post","link":"https:\/\/dmcsrb.com\/en\/drustvo\/odrzan-prvi-dan-treceg-festivala-demokratije-tvojih-pet-minuta-u-cast-danijeli-dosljak\/","title":{"rendered":"Odr\u017ean prvi dan tre\u0107eg festivala demokratije &#8220;Tvojih pet minuta&#8221; u \u010dast Danijeli Do\u0161ljak"},"content":{"rendered":"<p><\/p>\n\n\n\n<p>\u201eDoc. dr Predrag Zenovi\u0107, profesor politi\u010dkih nauka na Humanisti\u010dkim studijama UDG i glavni pregovara\u010d Crne Gore sa EU, obratio se prisutnima kao predsjednik komisije nagrade za istaknuti doprinos u razvoju demokratije \u201eDanijela Do\u0161ljak\u201c. On je sa zadovoljstvom saop\u0161tio da je ovogodi\u0161nja nagrada dodeljena Nata\u0161i Anastasov, osniva\u010dici i izvr\u0161noj direktorici \u201eUdru\u017eenja roditelja dece i mladih sa smetnjama u razvoju Pu\u017eeva ku\u0107ica\u201c iz Budve.<\/p>\n\n\n\n<p>Nata\u0161a Anastasov, svojim li\u010dnim iskustvom i neiscrpnom energijom, pokrenula je promjene koje su od presudnog zna\u010daja za unapre\u0111enje prava i polo\u017eaja djece i mladih sa smetnjama u razvoju, kao i njihovih porodica. Umjesto da se povu\u010de pred izazovima, uklju\u010duju\u0107i li\u010dnu diskriminaciju, ona je odlu\u010dila da stvori sigurno i inkluzivno okru\u017eenje koje danas okuplja desetine porodica, pru\u017eaju\u0107i klju\u010dnu podr\u0161ku i za\u0161titu njihovih prava.\u201c<\/p>\n\n\n\n<p>Pod njenim vo\u0111stvom, Pu\u017eeva ku\u0107ica realizovala je vi\u0161e od 45 projekata koji doprinose inkluziji, socijalnoj pravdi i gra\u0111anskom aktivizmu. Nata\u0161in rad pokazuje kako hrabrost, solidarnost i istrajnost mogu doneti stvarne promene u zajednici i inspirisati druge da grade dru\u0161tvo jednakih \u0161ansi za sve, dodaje su u saop\u0161tenju.<\/p>\n\n\n\n<p>\u201eNa osnovu svega navedenog, \u017eiri je jednoglasno odlu\u010dio da Nata\u0161a Anastasov bude laureatkinja nagrade \u201eDanijela Do\u0161ljak\u201c za iskorake u socijalnoj inkluziji i aktivizmu. Nagradu je ispred porodice Do\u0161ljak uru\u010dila njena sestra Dijana Do\u0161ljak.<\/p>\n\n\n\n<p>Nakon ovog sve\u010danog trenutka, prisutnima su se obratili i drugi zna\u010dajni govornici, uklju\u010duju\u0107i Sne\u017eanu Vujovi\u0107, \u0161eficu Grupe za suzbijanje maloljetni\u010dke delinkvencije i nasilja u porodici, Danijelu Pavi\u0107evi\u0107, direktoricu \u201eSlu\u017ebenog lista Crne Gore\u201c, Jelenu \u0106orluku, urednicu i voditeljku \u201eNOVA M\u201c, Marijanu Bo\u017eovi\u0107, menad\u017eerku Op\u0161tine Budva, i Miljanu Radoman, defektolo\u0161kinju i specijalnu pedago\u0161kinju. Oni su govorili o temama od klju\u010dnog zna\u010daja za na\u0161u zajednicu, kao \u0161to su rodna ravnopravnost, participacija u javnom \u017eivotu, borba protiv nasilja i diskriminacije.<\/p>\n\n\n\n<p>Moderatorka susreta bila je Lidija Bojovi\u0107, koja je uspje\u0161no vodila diskusiju i omogu\u0107ila razmjenu ideja me\u0111u u\u010desnicima.<\/p>\n\n\n\n<p>Festival je posve\u0107en se\u0107anju na Danijelu Do\u0161ljak i njen doprinos demokratiji i gra\u0111anskom aktivizmu. Njeno nasle\u0111e \u017eivi kroz hrabre glasove u\u010desnica i u\u010desnika koji veruju da svako zaslu\u017euje svojih \u201epet minuta\u201c da bude saslu\u0161an.\u201c<\/p>\n\n\n\n<p>Hvala svima koji su bili sa nama i podr\u017eali prvi dan festivala. Sjutra nastavljamo sa novim govornicima i jo\u0161 vi\u0161e inspiracije \u2013 zaklju\u010duje se u saop\u0161tenju NVO \u201eGrupa gra\u0111ana BU2\u201c organizatora ovoga festivala.<\/p>\n\n\n\n<p><a href=\"https:\/\/www.facebook.com\/sharer\/sharer.php?u=https%3A%2F%2Fborba.me%2Fodrzan-prvi-dan-treceg-festivala-demokratije-tvojih-pet-minuta-u-cast-danijeli-dosljak%2F\" target=\"_blank\" rel=\"noreferrer noopener\"><\/a><\/p>","protected":false},"excerpt":{"rendered":"<p>Prvi dan Tre\u0107eg festivala demokratije \u201eTvojih pet minuta\u201c protekao je u znaku inspirativnih govora i sna\u017enih poruka. Ovaj zna\u010dajan doga\u0111aj otvorila je putem video-linka ministarka saobra\u0107aja u Vladi Crne Gore Maja Vuki\u0107evi\u0107, koja je naglasila va\u017enost demokratije i gra\u0111anskog aktivizma, navodi se u saop\u0161tenju NVO \u201eGrupa gra\u0111ana BU2&#8243;.<\/p>","protected":false},"author":1,"featured_media":954733,"comment_status":"open","ping_status":"open","sticky":false,"template":"","format":"standard","meta":{"_acf_changed":false,"footnotes":""},"categories":[2],"tags":[9655,4506],"naslovna":[],"class_list":["post-954732","post","type-post","status-publish","format-standard","has-post-thumbnail","hentry","category-drustvo","tag-danijela-dosljak","tag-grupa-gradjana-bu2"],"acf":[],"yoast_head":"<!-- This site is optimized with the Yoast SEO plugin v27.4 - https:\/\/yoast.com\/product\/yoast-seo-wordpress\/ -->\n<title>Odr\u017ean prvi dan tre\u0107eg festivala demokratije &quot;Tvojih pet minuta&quot; u \u010dast Danijeli Do\u0161ljak - dmcsrb.com<\/title>\n<meta name=\"robots\" content=\"index, follow, max-snippet:-1, max-image-preview:large, max-video-preview:-1\" \/>\n<link rel=\"canonical\" href=\"https:\/\/dmcsrb.com\/en\/drustvo\/odrzan-prvi-dan-treceg-festivala-demokratije-tvojih-pet-minuta-u-cast-danijeli-dosljak\/\" \/>\n<meta property=\"og:locale\" content=\"en_GB\" \/>\n<meta property=\"og:type\" content=\"article\" \/>\n<meta property=\"og:title\" content=\"Odr\u017ean prvi dan tre\u0107eg festivala demokratije &quot;Tvojih pet minuta&quot; u \u010dast Danijeli Do\u0161ljak - dmcsrb.com\" \/>\n<meta property=\"og:description\" content=\"Prvi dan Tre\u0107eg festivala demokratije \u201eTvojih pet minuta\u201c protekao je u znaku inspirativnih govora i sna\u017enih poruka. Ovaj zna\u010dajan doga\u0111aj otvorila je putem video-linka ministarka saobra\u0107aja u Vladi Crne Gore Maja Vuki\u0107evi\u0107, koja je naglasila va\u017enost demokratije i gra\u0111anskog aktivizma, navodi se u saop\u0161tenju NVO \u201eGrupa gra\u0111ana BU2&quot;.\" \/>\n<meta property=\"og:url\" content=\"https:\/\/dmcsrb.com\/en\/drustvo\/odrzan-prvi-dan-treceg-festivala-demokratije-tvojih-pet-minuta-u-cast-danijeli-dosljak\/\" \/>\n<meta property=\"og:site_name\" content=\"dmcsrb.com\" \/>\n<meta property=\"article:published_time\" content=\"2025-09-29T16:26:00+00:00\" \/>\n<meta property=\"og:image\" content=\"https:\/\/dmcsrb.com\/wp-content\/uploads\/2026\/01\/1000077768.webp\" \/>\n\t<meta property=\"og:image:width\" content=\"1600\" \/>\n\t<meta property=\"og:image:height\" content=\"711\" \/>\n\t<meta property=\"og:image:type\" content=\"image\/jpeg\" \/>\n<meta name=\"author\" content=\"dmcsrbija.com@gmail.com\" \/>\n<meta name=\"twitter:card\" content=\"summary_large_image\" \/>\n<meta name=\"twitter:label1\" content=\"Written by\" \/>\n\t<meta name=\"twitter:data1\" content=\"dmcsrbija.com@gmail.com\" \/>\n\t<meta name=\"twitter:label2\" content=\"Estimated reading time\" \/>\n\t<meta name=\"twitter:data2\" content=\"2 minutes\" \/>\n<script type=\"application\/ld+json\" class=\"yoast-schema-graph\">{\"@context\":\"https:\\\/\\\/schema.org\",\"@graph\":[{\"@type\":\"Article\",\"@id\":\"https:\\\/\\\/dmcsrb.com\\\/drustvo\\\/odrzan-prvi-dan-treceg-festivala-demokratije-tvojih-pet-minuta-u-cast-danijeli-dosljak\\\/#article\",\"isPartOf\":{\"@id\":\"https:\\\/\\\/dmcsrb.com\\\/drustvo\\\/odrzan-prvi-dan-treceg-festivala-demokratije-tvojih-pet-minuta-u-cast-danijeli-dosljak\\\/\"},\"author\":{\"name\":\"dmcsrbija.com@gmail.com\",\"@id\":\"https:\\\/\\\/dmcsrb.com\\\/#\\\/schema\\\/person\\\/5c39170f12db1b8b457732d0b5c854e2\"},\"headline\":\"Odr\u017ean prvi dan tre\u0107eg festivala demokratije &#8220;Tvojih pet minuta&#8221; u \u010dast Danijeli Do\u0161ljak\",\"datePublished\":\"2025-09-29T16:26:00+00:00\",\"mainEntityOfPage\":{\"@id\":\"https:\\\/\\\/dmcsrb.com\\\/drustvo\\\/odrzan-prvi-dan-treceg-festivala-demokratije-tvojih-pet-minuta-u-cast-danijeli-dosljak\\\/\"},\"wordCount\":453,\"commentCount\":0,\"image\":{\"@id\":\"https:\\\/\\\/dmcsrb.com\\\/drustvo\\\/odrzan-prvi-dan-treceg-festivala-demokratije-tvojih-pet-minuta-u-cast-danijeli-dosljak\\\/#primaryimage\"},\"thumbnailUrl\":\"https:\\\/\\\/dmcsrb.com\\\/wp-content\\\/uploads\\\/2026\\\/01\\\/1000077768.webp\",\"keywords\":[\"Danijela Do\u0161ljak\",\"Grupa gra\u0111ana BU2\"],\"articleSection\":[\"Dru\u0161tvo\"],\"inLanguage\":\"en-GB\",\"potentialAction\":[{\"@type\":\"CommentAction\",\"name\":\"Comment\",\"target\":[\"https:\\\/\\\/dmcsrb.com\\\/drustvo\\\/odrzan-prvi-dan-treceg-festivala-demokratije-tvojih-pet-minuta-u-cast-danijeli-dosljak\\\/#respond\"]}]},{\"@type\":\"WebPage\",\"@id\":\"https:\\\/\\\/dmcsrb.com\\\/drustvo\\\/odrzan-prvi-dan-treceg-festivala-demokratije-tvojih-pet-minuta-u-cast-danijeli-dosljak\\\/\",\"url\":\"https:\\\/\\\/dmcsrb.com\\\/drustvo\\\/odrzan-prvi-dan-treceg-festivala-demokratije-tvojih-pet-minuta-u-cast-danijeli-dosljak\\\/\",\"name\":\"Odr\u017ean prvi dan tre\u0107eg festivala demokratije \\\"Tvojih pet minuta\\\" u \u010dast Danijeli Do\u0161ljak - dmcsrb.com\",\"isPartOf\":{\"@id\":\"https:\\\/\\\/dmcsrb.com\\\/#website\"},\"primaryImageOfPage\":{\"@id\":\"https:\\\/\\\/dmcsrb.com\\\/drustvo\\\/odrzan-prvi-dan-treceg-festivala-demokratije-tvojih-pet-minuta-u-cast-danijeli-dosljak\\\/#primaryimage\"},\"image\":{\"@id\":\"https:\\\/\\\/dmcsrb.com\\\/drustvo\\\/odrzan-prvi-dan-treceg-festivala-demokratije-tvojih-pet-minuta-u-cast-danijeli-dosljak\\\/#primaryimage\"},\"thumbnailUrl\":\"https:\\\/\\\/dmcsrb.com\\\/wp-content\\\/uploads\\\/2026\\\/01\\\/1000077768.webp\",\"datePublished\":\"2025-09-29T16:26:00+00:00\",\"author\":{\"@id\":\"https:\\\/\\\/dmcsrb.com\\\/#\\\/schema\\\/person\\\/5c39170f12db1b8b457732d0b5c854e2\"},\"breadcrumb\":{\"@id\":\"https:\\\/\\\/dmcsrb.com\\\/drustvo\\\/odrzan-prvi-dan-treceg-festivala-demokratije-tvojih-pet-minuta-u-cast-danijeli-dosljak\\\/#breadcrumb\"},\"inLanguage\":\"en-GB\",\"potentialAction\":[{\"@type\":\"ReadAction\",\"target\":[\"https:\\\/\\\/dmcsrb.com\\\/drustvo\\\/odrzan-prvi-dan-treceg-festivala-demokratije-tvojih-pet-minuta-u-cast-danijeli-dosljak\\\/\"]}]},{\"@type\":\"ImageObject\",\"inLanguage\":\"en-GB\",\"@id\":\"https:\\\/\\\/dmcsrb.com\\\/drustvo\\\/odrzan-prvi-dan-treceg-festivala-demokratije-tvojih-pet-minuta-u-cast-danijeli-dosljak\\\/#primaryimage\",\"url\":\"https:\\\/\\\/dmcsrb.com\\\/wp-content\\\/uploads\\\/2026\\\/01\\\/1000077768.webp\",\"contentUrl\":\"https:\\\/\\\/dmcsrb.com\\\/wp-content\\\/uploads\\\/2026\\\/01\\\/1000077768.webp\",\"width\":1600,\"height\":711},{\"@type\":\"BreadcrumbList\",\"@id\":\"https:\\\/\\\/dmcsrb.com\\\/drustvo\\\/odrzan-prvi-dan-treceg-festivala-demokratije-tvojih-pet-minuta-u-cast-danijeli-dosljak\\\/#breadcrumb\",\"itemListElement\":[{\"@type\":\"ListItem\",\"position\":1,\"name\":\"Home\",\"item\":\"https:\\\/\\\/dmcsrb.com\\\/\"},{\"@type\":\"ListItem\",\"position\":2,\"name\":\"Odr\u017ean prvi dan tre\u0107eg festivala demokratije &#8220;Tvojih pet minuta&#8221; u \u010dast Danijeli Do\u0161ljak\"}]},{\"@type\":\"WebSite\",\"@id\":\"https:\\\/\\\/dmcsrb.com\\\/#website\",\"url\":\"https:\\\/\\\/dmcsrb.com\\\/\",\"name\":\"dmcsrb.com\",\"description\":\"\",\"potentialAction\":[{\"@type\":\"SearchAction\",\"target\":{\"@type\":\"EntryPoint\",\"urlTemplate\":\"https:\\\/\\\/dmcsrb.com\\\/?s={search_term_string}\"},\"query-input\":{\"@type\":\"PropertyValueSpecification\",\"valueRequired\":true,\"valueName\":\"search_term_string\"}}],\"inLanguage\":\"en-GB\"},{\"@type\":\"Person\",\"@id\":\"https:\\\/\\\/dmcsrb.com\\\/#\\\/schema\\\/person\\\/5c39170f12db1b8b457732d0b5c854e2\",\"name\":\"dmcsrbija.com@gmail.com\",\"image\":{\"@type\":\"ImageObject\",\"inLanguage\":\"en-GB\",\"@id\":\"https:\\\/\\\/secure.gravatar.com\\\/avatar\\\/68592660ad6347fad0fb587f8d5d8f1a7b44961362f56e4f2cd524feb87e9069?s=96&d=mm&r=g\",\"url\":\"https:\\\/\\\/secure.gravatar.com\\\/avatar\\\/68592660ad6347fad0fb587f8d5d8f1a7b44961362f56e4f2cd524feb87e9069?s=96&d=mm&r=g\",\"contentUrl\":\"https:\\\/\\\/secure.gravatar.com\\\/avatar\\\/68592660ad6347fad0fb587f8d5d8f1a7b44961362f56e4f2cd524feb87e9069?s=96&d=mm&r=g\",\"caption\":\"dmcsrbija.com@gmail.com\"},\"sameAs\":[\"https:\\\/\\\/dmcsrb.com\"],\"url\":\"https:\\\/\\\/dmcsrb.com\\\/en\\\/author\\\/dmcsrbija-comgmail-com\\\/\"}]}<\/script>\n<!-- \/ Yoast SEO plugin. -->","yoast_head_json":{"title":"Odr\u017ean prvi dan tre\u0107eg festivala demokratije \"Tvojih pet minuta\" u \u010dast Danijeli Do\u0161ljak - dmcsrb.com","robots":{"index":"index","follow":"follow","max-snippet":"max-snippet:-1","max-image-preview":"max-image-preview:large","max-video-preview":"max-video-preview:-1"},"canonical":"https:\/\/dmcsrb.com\/en\/drustvo\/odrzan-prvi-dan-treceg-festivala-demokratije-tvojih-pet-minuta-u-cast-danijeli-dosljak\/","og_locale":"en_GB","og_type":"article","og_title":"Odr\u017ean prvi dan tre\u0107eg festivala demokratije \"Tvojih pet minuta\" u \u010dast Danijeli Do\u0161ljak - dmcsrb.com","og_description":"Prvi dan Tre\u0107eg festivala demokratije \u201eTvojih pet minuta\u201c protekao je u znaku inspirativnih govora i sna\u017enih poruka. Ovaj zna\u010dajan doga\u0111aj otvorila je putem video-linka ministarka saobra\u0107aja u Vladi Crne Gore Maja Vuki\u0107evi\u0107, koja je naglasila va\u017enost demokratije i gra\u0111anskog aktivizma, navodi se u saop\u0161tenju NVO \u201eGrupa gra\u0111ana BU2\".","og_url":"https:\/\/dmcsrb.com\/en\/drustvo\/odrzan-prvi-dan-treceg-festivala-demokratije-tvojih-pet-minuta-u-cast-danijeli-dosljak\/","og_site_name":"dmcsrb.com","article_published_time":"2025-09-29T16:26:00+00:00","og_image":[{"width":1600,"height":711,"url":"https:\/\/dmcsrb.com\/wp-content\/uploads\/2026\/01\/1000077768.webp","type":"image\/jpeg"}],"author":"dmcsrbija.com@gmail.com","twitter_card":"summary_large_image","twitter_misc":{"Written by":"dmcsrbija.com@gmail.com","Estimated reading time":"2 minutes"},"schema":{"@context":"https:\/\/schema.org","@graph":[{"@type":"Article","@id":"https:\/\/dmcsrb.com\/drustvo\/odrzan-prvi-dan-treceg-festivala-demokratije-tvojih-pet-minuta-u-cast-danijeli-dosljak\/#article","isPartOf":{"@id":"https:\/\/dmcsrb.com\/drustvo\/odrzan-prvi-dan-treceg-festivala-demokratije-tvojih-pet-minuta-u-cast-danijeli-dosljak\/"},"author":{"name":"dmcsrbija.com@gmail.com","@id":"https:\/\/dmcsrb.com\/#\/schema\/person\/5c39170f12db1b8b457732d0b5c854e2"},"headline":"Odr\u017ean prvi dan tre\u0107eg festivala demokratije &#8220;Tvojih pet minuta&#8221; u \u010dast Danijeli Do\u0161ljak","datePublished":"2025-09-29T16:26:00+00:00","mainEntityOfPage":{"@id":"https:\/\/dmcsrb.com\/drustvo\/odrzan-prvi-dan-treceg-festivala-demokratije-tvojih-pet-minuta-u-cast-danijeli-dosljak\/"},"wordCount":453,"commentCount":0,"image":{"@id":"https:\/\/dmcsrb.com\/drustvo\/odrzan-prvi-dan-treceg-festivala-demokratije-tvojih-pet-minuta-u-cast-danijeli-dosljak\/#primaryimage"},"thumbnailUrl":"https:\/\/dmcsrb.com\/wp-content\/uploads\/2026\/01\/1000077768.webp","keywords":["Danijela Do\u0161ljak","Grupa gra\u0111ana BU2"],"articleSection":["Dru\u0161tvo"],"inLanguage":"en-GB","potentialAction":[{"@type":"CommentAction","name":"Comment","target":["https:\/\/dmcsrb.com\/drustvo\/odrzan-prvi-dan-treceg-festivala-demokratije-tvojih-pet-minuta-u-cast-danijeli-dosljak\/#respond"]}]},{"@type":"WebPage","@id":"https:\/\/dmcsrb.com\/drustvo\/odrzan-prvi-dan-treceg-festivala-demokratije-tvojih-pet-minuta-u-cast-danijeli-dosljak\/","url":"https:\/\/dmcsrb.com\/drustvo\/odrzan-prvi-dan-treceg-festivala-demokratije-tvojih-pet-minuta-u-cast-danijeli-dosljak\/","name":"Odr\u017ean prvi dan tre\u0107eg festivala demokratije \"Tvojih pet minuta\" u \u010dast Danijeli Do\u0161ljak - dmcsrb.com","isPartOf":{"@id":"https:\/\/dmcsrb.com\/#website"},"primaryImageOfPage":{"@id":"https:\/\/dmcsrb.com\/drustvo\/odrzan-prvi-dan-treceg-festivala-demokratije-tvojih-pet-minuta-u-cast-danijeli-dosljak\/#primaryimage"},"image":{"@id":"https:\/\/dmcsrb.com\/drustvo\/odrzan-prvi-dan-treceg-festivala-demokratije-tvojih-pet-minuta-u-cast-danijeli-dosljak\/#primaryimage"},"thumbnailUrl":"https:\/\/dmcsrb.com\/wp-content\/uploads\/2026\/01\/1000077768.webp","datePublished":"2025-09-29T16:26:00+00:00","author":{"@id":"https:\/\/dmcsrb.com\/#\/schema\/person\/5c39170f12db1b8b457732d0b5c854e2"},"breadcrumb":{"@id":"https:\/\/dmcsrb.com\/drustvo\/odrzan-prvi-dan-treceg-festivala-demokratije-tvojih-pet-minuta-u-cast-danijeli-dosljak\/#breadcrumb"},"inLanguage":"en-GB","potentialAction":[{"@type":"ReadAction","target":["https:\/\/dmcsrb.com\/drustvo\/odrzan-prvi-dan-treceg-festivala-demokratije-tvojih-pet-minuta-u-cast-danijeli-dosljak\/"]}]},{"@type":"ImageObject","inLanguage":"en-GB","@id":"https:\/\/dmcsrb.com\/drustvo\/odrzan-prvi-dan-treceg-festivala-demokratije-tvojih-pet-minuta-u-cast-danijeli-dosljak\/#primaryimage","url":"https:\/\/dmcsrb.com\/wp-content\/uploads\/2026\/01\/1000077768.webp","contentUrl":"https:\/\/dmcsrb.com\/wp-content\/uploads\/2026\/01\/1000077768.webp","width":1600,"height":711},{"@type":"BreadcrumbList","@id":"https:\/\/dmcsrb.com\/drustvo\/odrzan-prvi-dan-treceg-festivala-demokratije-tvojih-pet-minuta-u-cast-danijeli-dosljak\/#breadcrumb","itemListElement":[{"@type":"ListItem","position":1,"name":"Home","item":"https:\/\/dmcsrb.com\/"},{"@type":"ListItem","position":2,"name":"Odr\u017ean prvi dan tre\u0107eg festivala demokratije &#8220;Tvojih pet minuta&#8221; u \u010dast Danijeli Do\u0161ljak"}]},{"@type":"WebSite","@id":"https:\/\/dmcsrb.com\/#website","url":"https:\/\/dmcsrb.com\/","name":"dmcsrb.com","description":"","potentialAction":[{"@type":"SearchAction","target":{"@type":"EntryPoint","urlTemplate":"https:\/\/dmcsrb.com\/?s={search_term_string}"},"query-input":{"@type":"PropertyValueSpecification","valueRequired":true,"valueName":"search_term_string"}}],"inLanguage":"en-GB"},{"@type":"Person","@id":"https:\/\/dmcsrb.com\/#\/schema\/person\/5c39170f12db1b8b457732d0b5c854e2","name":"dmcsrbija.com@gmail.com","image":{"@type":"ImageObject","inLanguage":"en-GB","@id":"https:\/\/secure.gravatar.com\/avatar\/68592660ad6347fad0fb587f8d5d8f1a7b44961362f56e4f2cd524feb87e9069?s=96&d=mm&r=g","url":"https:\/\/secure.gravatar.com\/avatar\/68592660ad6347fad0fb587f8d5d8f1a7b44961362f56e4f2cd524feb87e9069?s=96&d=mm&r=g","contentUrl":"https:\/\/secure.gravatar.com\/avatar\/68592660ad6347fad0fb587f8d5d8f1a7b44961362f56e4f2cd524feb87e9069?s=96&d=mm&r=g","caption":"dmcsrbija.com@gmail.com"},"sameAs":["https:\/\/dmcsrb.com"],"url":"https:\/\/dmcsrb.com\/en\/author\/dmcsrbija-comgmail-com\/"}]}},"_links":{"self":[{"href":"https:\/\/dmcsrb.com\/en\/wp-json\/wp\/v2\/posts\/954732","targetHints":{"allow":["GET"]}}],"collection":[{"href":"https:\/\/dmcsrb.com\/en\/wp-json\/wp\/v2\/posts"}],"about":[{"href":"https:\/\/dmcsrb.com\/en\/wp-json\/wp\/v2\/types\/post"}],"author":[{"embeddable":true,"href":"https:\/\/dmcsrb.com\/en\/wp-json\/wp\/v2\/users\/1"}],"replies":[{"embeddable":true,"href":"https:\/\/dmcsrb.com\/en\/wp-json\/wp\/v2\/comments?post=954732"}],"version-history":[{"count":0,"href":"https:\/\/dmcsrb.com\/en\/wp-json\/wp\/v2\/posts\/954732\/revisions"}],"wp:featuredmedia":[{"embeddable":true,"href":"https:\/\/dmcsrb.com\/en\/wp-json\/wp\/v2\/media\/954733"}],"wp:attachment":[{"href":"https:\/\/dmcsrb.com\/en\/wp-json\/wp\/v2\/media?parent=954732"}],"wp:term":[{"taxonomy":"category","embeddable":true,"href":"https:\/\/dmcsrb.com\/en\/wp-json\/wp\/v2\/categories?post=954732"},{"taxonomy":"post_tag","embeddable":true,"href":"https:\/\/dmcsrb.com\/en\/wp-json\/wp\/v2\/tags?post=954732"},{"taxonomy":"naslovna","embeddable":true,"href":"https:\/\/dmcsrb.com\/en\/wp-json\/wp\/v2\/naslovna?post=954732"}],"curies":[{"name":"wp","href":"https:\/\/api.w.org\/{rel}","templated":true}]}}